{"id":3667,"date":"2013-03-03T23:47:28","date_gmt":"2013-03-03T22:47:28","guid":{"rendered":"https:\/\/truckonline.de\/blog\/?p=3667"},"modified":"2013-03-03T23:47:28","modified_gmt":"2013-03-03T22:47:28","slug":"happy-birthday-funf-jahre-geschichten-vom-leben-unterwegs","status":"publish","type":"post","link":"https:\/\/truckonline.de\/blog\/2013\/03\/03\/happy-birthday-funf-jahre-geschichten-vom-leben-unterwegs\/","title":{"rendered":"Happy Birthday &#8211; F\u00fcnf Jahre Geschichten vom Leben unterwegs"},"content":{"rendered":"<p>Still und heimlich habe ich auf den Jubel und die Heiterkeit zum 5-j\u00e4hrigen Jubil\u00e4um dieses Blogs verzichtet. Trotzdem m\u00f6chte ich einige kurze Zeilen schreiben. <\/p>\n<p>Am 28. Februar 2008 erschien der <a href=\"https:\/\/truckonline.wordpress.com\/2008\/02\/28\/uber-mich\/\" target=\"_blank\">erste<\/a> Beitrag. Damals noch <a href=\"https:\/\/truckonline.wordpress.com\/\" target=\"_blank\">direkt<\/a> bei WordPress. In diesem schrieb ich u.a.:<\/p>\n<blockquote><p>Ich werde hier Geschichten von unterwegs schreiben: \u00fcber all das, was mir so auff\u00e4llt \u2013 positives, aber auch negatives\u2026<\/p><\/blockquote>\n<p>Tja, irgendwie mu\u00dfte ich ja anfangen &#8211; und was liegt n\u00e4her, als mit solch einer simplen Einleitung. Wieso ich \u00fcberhaupt mit bloggen begonnen habe, wei\u00df ich nicht mehr. Ehrlich.<br \/>\nEiner der wenigen Weblogs, die ich damals gelesen habe, war der von <a href=\"https:\/\/www.fernfahrerblog.de\/\" target=\"_blank\">Uwe<\/a>. Vielleicht war er der Ausl\u00f6ser. Ich fand es halt interessant, meine Gedanken und Erlebnisse mit anderen zu teilen &#8211; und das tue ich noch heute.<\/p>\n<p>Schon bald entdeckte ich andere Blogs, zun\u00e4chst von Kollegen: So waren <a href=\"https:\/\/www.spacefalcon.net\/\" target=\"_blank\">Tom<\/a>, <a href=\"https:\/\/truckstop24.net\/\" target=\"_blank\">Sven<\/a>, <a href=\"https:\/\/blog.actrophp.de\/\" target=\"_blank\">Actro<\/a> und <a href=\"https:\/\/neun12.de\/\" target=\"_blank\">Ralf<\/a> eine gro\u00dfe Hilfe. Durch Ihre Blogs <em>lernte<\/em> ich, wie man \u00fcber seinen Alltag schreibt.<br \/>\nEin erster H\u00f6hepunkt folgte im Oktober. <a href=\"https:\/\/www.robertbasic.de\/\" target=\"_blank\">Robert Basic<\/a> erw\u00e4hnte in seinem <a href=\"https:\/\/www.basicthinking.de\/blog\/2008\/10\/07\/getruckblogged\/\" target=\"_blank\">damaligen<\/a> Weblog mein noch jungfr\u00e4uliges Erzeugnis. Mein Geschreibe, mit dem ich \u00fcbrigens noch heute nicht immer zufrieden bin, kam also bei einigen an. Schon das war Anspurn genug, weiter zu machen.<\/p>\n<p>Was sich seit dem Beginn nicht ver\u00e4ndert hat, ist mein Theme. Das gef\u00e4llt mir, auf dem f\u00fchle ich mich zu Hause. Selbst Neulinge erkennen auf den ersten Blick, um welches Thema es in meinem Blog geht. Klar habe ich mal \u00fcberlegt, es zu \u00e4ndern. Nur warum? Es passt. Also steht eine \u00c4nderung nicht so schnell bevor.<\/p>\n<p>Nun aber zum wichtigsten: Danke an alle Leserinnen und Leser \u2013 egal ob Ihr hier direkt lest, meinen <a href=\"https:\/\/truckonline.de\/blog\/feed\/\" target=\"_blank\">RSS-Feed<\/a> in Eurem Reader habt oder via Facebook, Twitter und Google hier landet. Ein besonderes Dankesch\u00f6n gilt allen Kommentatoren. Ohne Euch w\u00e4re dieses Blog nur halb so lesenswert. Also auf die n\u00e4chsten f\u00fcnf Jahre. Mindestens&#8230;<\/p>\n","protected":false},"excerpt":{"rendered":"<p>Still und heimlich habe ich auf den Jubel und die Heiterkeit zum 5-j\u00e4hrigen Jubil\u00e4um dieses Blogs verzichtet. Trotzdem m\u00f6chte ich einige kurze Zeilen schreiben. Am&#8230;<\/p>\n<div class=\"more-link-wrapper\"><a class=\"more-link\" href=\"https:\/\/truckonline.de\/blog\/2013\/03\/03\/happy-birthday-funf-jahre-geschichten-vom-leben-unterwegs\/\">Sie haben Ihr Ziel fast erreicht.<span class=\"screen-reader-text\">Happy Birthday &#8211; F\u00fcnf Jahre Geschichten vom Leben unterwegs<\/span><\/a><\/div>\n","protected":false},"author":3,"featured_media":0,"comment_status":"open","ping_status":"open","sticky":false,"template":"","format":"standard","meta":{"iawp_total_views":2,"_metis_text_type":"","_metis_text_length":0,"_post_count":0,"footnotes":""},"categories":[1,185,3],"tags":[4,1670],"class_list":["post-3667","post","type-post","status-publish","format-standard","hentry","category-allgemeines","category-gedanken","category-internes","tag-blog","tag-jubilaum","ratio-2-1","entry"],"yoast_head":"<!-- This site is optimized with the Yoast SEO plugin v27.5 - https:\/\/yoast.com\/product\/yoast-seo-wordpress\/ -->\n<title>Happy Birthday - F\u00fcnf Jahre Geschichten vom Leben unterwegs | TruckOnline.de<\/title>\n<meta name=\"description\" content=\"Still und heimlich habe ich auf den Jubel und die Heiterkeit zum 5-j\u00e4hrigen Jubil\u00e4um dieses Blogs verzichtet. Trotzdem m\u00f6chte ich einige kurze Zeilen\" \/>\n<meta name=\"robots\" content=\"index, follow, max-snippet:-1, max-image-preview:large, max-video-preview:-1\" \/>\n<link rel=\"canonical\" href=\"https:\/\/truckonline.de\/blog\/2013\/03\/03\/happy-birthday-funf-jahre-geschichten-vom-leben-unterwegs\/\" \/>\n<meta property=\"og:locale\" content=\"de_DE\" \/>\n<meta property=\"og:type\" content=\"article\" \/>\n<meta property=\"og:title\" content=\"Happy Birthday - F\u00fcnf Jahre Geschichten vom Leben unterwegs | TruckOnline.de\" \/>\n<meta property=\"og:url\" content=\"https:\/\/truckonline.de\/blog\/2013\/03\/03\/happy-birthday-funf-jahre-geschichten-vom-leben-unterwegs\/\" \/>\n<meta property=\"og:site_name\" content=\"TruckOnline.de\" \/>\n<meta property=\"article:publisher\" content=\"https:\/\/www.facebook.com\/truckblog\" \/>\n<meta property=\"article:author\" content=\"https:\/\/www.facebook.com\/truckblog\" \/>\n<meta property=\"article:published_time\" content=\"2013-03-03T22:47:28+00:00\" \/>\n<meta property=\"og:image\" content=\"https:\/\/truckonline.de\/blog\/wp-content\/uploads\/2019\/12\/IMG_20191229_225424-scaled.jpg\" \/>\n\t<meta property=\"og:image:width\" content=\"2560\" \/>\n\t<meta property=\"og:image:height\" content=\"1920\" \/>\n\t<meta property=\"og:image:type\" content=\"image\/jpeg\" \/>\n<meta name=\"author\" content=\"maik\" \/>\n<meta name=\"twitter:card\" content=\"summary_large_image\" \/>\n<meta name=\"twitter:creator\" content=\"@https:\/\/twitter.com\/truckblog\" \/>\n<meta name=\"twitter:site\" content=\"@truckblog\" \/>\n<meta name=\"twitter:label1\" content=\"Verfasst von\" \/>\n\t<meta name=\"twitter:data1\" content=\"maik\" \/>\n\t<meta name=\"twitter:label2\" content=\"Gesch\u00e4tzte Lesezeit\" \/>\n\t<meta name=\"twitter:data2\" content=\"2\u00a0Minuten\" \/>\n<script type=\"application\/ld+json\" class=\"yoast-schema-graph\">{\"@context\":\"https:\\\/\\\/schema.org\",\"@graph\":[{\"@type\":\"Article\",\"@id\":\"https:\\\/\\\/truckonline.de\\\/blog\\\/2013\\\/03\\\/03\\\/happy-birthday-funf-jahre-geschichten-vom-leben-unterwegs\\\/#article\",\"isPartOf\":{\"@id\":\"https:\\\/\\\/truckonline.de\\\/blog\\\/2013\\\/03\\\/03\\\/happy-birthday-funf-jahre-geschichten-vom-leben-unterwegs\\\/\"},\"author\":{\"name\":\"maik\",\"@id\":\"https:\\\/\\\/truckonline.de\\\/blog\\\/#\\\/schema\\\/person\\\/4cb59b86ffde81f882f56439688fda19\"},\"headline\":\"Happy Birthday &#8211; F\u00fcnf Jahre Geschichten vom Leben unterwegs\",\"datePublished\":\"2013-03-03T22:47:28+00:00\",\"mainEntityOfPage\":{\"@id\":\"https:\\\/\\\/truckonline.de\\\/blog\\\/2013\\\/03\\\/03\\\/happy-birthday-funf-jahre-geschichten-vom-leben-unterwegs\\\/\"},\"wordCount\":335,\"commentCount\":11,\"publisher\":{\"@id\":\"https:\\\/\\\/truckonline.de\\\/blog\\\/#\\\/schema\\\/person\\\/4cb59b86ffde81f882f56439688fda19\"},\"keywords\":[\"Blog\",\"Jubil\u00e4um\"],\"articleSection\":[\"Allgemeines\",\"Gedanken\",\"Internes\"],\"inLanguage\":\"de\",\"potentialAction\":[{\"@type\":\"CommentAction\",\"name\":\"Comment\",\"target\":[\"https:\\\/\\\/truckonline.de\\\/blog\\\/2013\\\/03\\\/03\\\/happy-birthday-funf-jahre-geschichten-vom-leben-unterwegs\\\/#respond\"]}]},{\"@type\":\"WebPage\",\"@id\":\"https:\\\/\\\/truckonline.de\\\/blog\\\/2013\\\/03\\\/03\\\/happy-birthday-funf-jahre-geschichten-vom-leben-unterwegs\\\/\",\"url\":\"https:\\\/\\\/truckonline.de\\\/blog\\\/2013\\\/03\\\/03\\\/happy-birthday-funf-jahre-geschichten-vom-leben-unterwegs\\\/\",\"name\":\"Happy Birthday - F\u00fcnf Jahre Geschichten vom Leben unterwegs | TruckOnline.de\",\"isPartOf\":{\"@id\":\"https:\\\/\\\/truckonline.de\\\/blog\\\/#website\"},\"datePublished\":\"2013-03-03T22:47:28+00:00\",\"description\":\"Still und heimlich habe ich auf den Jubel und die Heiterkeit zum 5-j\u00e4hrigen Jubil\u00e4um dieses Blogs verzichtet. Trotzdem m\u00f6chte ich einige kurze Zeilen\",\"breadcrumb\":{\"@id\":\"https:\\\/\\\/truckonline.de\\\/blog\\\/2013\\\/03\\\/03\\\/happy-birthday-funf-jahre-geschichten-vom-leben-unterwegs\\\/#breadcrumb\"},\"inLanguage\":\"de\",\"potentialAction\":[{\"@type\":\"ReadAction\",\"target\":[\"https:\\\/\\\/truckonline.de\\\/blog\\\/2013\\\/03\\\/03\\\/happy-birthday-funf-jahre-geschichten-vom-leben-unterwegs\\\/\"]}]},{\"@type\":\"BreadcrumbList\",\"@id\":\"https:\\\/\\\/truckonline.de\\\/blog\\\/2013\\\/03\\\/03\\\/happy-birthday-funf-jahre-geschichten-vom-leben-unterwegs\\\/#breadcrumb\",\"itemListElement\":[{\"@type\":\"ListItem\",\"position\":1,\"name\":\"Startseite\",\"item\":\"https:\\\/\\\/truckonline.de\\\/blog\\\/\"},{\"@type\":\"ListItem\",\"position\":2,\"name\":\"Happy Birthday &#8211; F\u00fcnf Jahre Geschichten vom Leben unterwegs\"}]},{\"@type\":\"WebSite\",\"@id\":\"https:\\\/\\\/truckonline.de\\\/blog\\\/#website\",\"url\":\"https:\\\/\\\/truckonline.de\\\/blog\\\/\",\"name\":\"TruckOnline.de\",\"description\":\"\",\"publisher\":{\"@id\":\"https:\\\/\\\/truckonline.de\\\/blog\\\/#\\\/schema\\\/person\\\/4cb59b86ffde81f882f56439688fda19\"},\"potentialAction\":[{\"@type\":\"SearchAction\",\"target\":{\"@type\":\"EntryPoint\",\"urlTemplate\":\"https:\\\/\\\/truckonline.de\\\/blog\\\/?s={search_term_string}\"},\"query-input\":{\"@type\":\"PropertyValueSpecification\",\"valueRequired\":true,\"valueName\":\"search_term_string\"}}],\"inLanguage\":\"de\"},{\"@type\":[\"Person\",\"Organization\"],\"@id\":\"https:\\\/\\\/truckonline.de\\\/blog\\\/#\\\/schema\\\/person\\\/4cb59b86ffde81f882f56439688fda19\",\"name\":\"maik\",\"image\":{\"@type\":\"ImageObject\",\"inLanguage\":\"de\",\"@id\":\"https:\\\/\\\/truckonline.de\\\/blog\\\/wp-content\\\/uploads\\\/2019\\\/12\\\/logoinnenweiss.png\",\"url\":\"https:\\\/\\\/truckonline.de\\\/blog\\\/wp-content\\\/uploads\\\/2019\\\/12\\\/logoinnenweiss.png\",\"contentUrl\":\"https:\\\/\\\/truckonline.de\\\/blog\\\/wp-content\\\/uploads\\\/2019\\\/12\\\/logoinnenweiss.png\",\"width\":733,\"height\":125,\"caption\":\"maik\"},\"logo\":{\"@id\":\"https:\\\/\\\/truckonline.de\\\/blog\\\/wp-content\\\/uploads\\\/2019\\\/12\\\/logoinnenweiss.png\"},\"sameAs\":[\"https:\\\/\\\/www.facebook.com\\\/truckblog\",\"https:\\\/\\\/www.instagram.com\\\/truck_online\\\/\",\"https:\\\/\\\/x.com\\\/https:\\\/\\\/twitter.com\\\/truckblog\",\"https:\\\/\\\/www.youtube.com\\\/user\\\/truckonline\",\"https:\\\/\\\/www.tumblr.com\\\/truckonline\"]}]}<\/script>\n<!-- \/ Yoast SEO plugin. -->","yoast_head_json":{"title":"Happy Birthday - F\u00fcnf Jahre Geschichten vom Leben unterwegs | TruckOnline.de","description":"Still und heimlich habe ich auf den Jubel und die Heiterkeit zum 5-j\u00e4hrigen Jubil\u00e4um dieses Blogs verzichtet. Trotzdem m\u00f6chte ich einige kurze Zeilen","robots":{"index":"index","follow":"follow","max-snippet":"max-snippet:-1","max-image-preview":"max-image-preview:large","max-video-preview":"max-video-preview:-1"},"canonical":"https:\/\/truckonline.de\/blog\/2013\/03\/03\/happy-birthday-funf-jahre-geschichten-vom-leben-unterwegs\/","og_locale":"de_DE","og_type":"article","og_title":"Happy Birthday - F\u00fcnf Jahre Geschichten vom Leben unterwegs | TruckOnline.de","og_url":"https:\/\/truckonline.de\/blog\/2013\/03\/03\/happy-birthday-funf-jahre-geschichten-vom-leben-unterwegs\/","og_site_name":"TruckOnline.de","article_publisher":"https:\/\/www.facebook.com\/truckblog","article_author":"https:\/\/www.facebook.com\/truckblog","article_published_time":"2013-03-03T22:47:28+00:00","og_image":[{"width":2560,"height":1920,"url":"https:\/\/truckonline.de\/blog\/wp-content\/uploads\/2019\/12\/IMG_20191229_225424-scaled.jpg","type":"image\/jpeg"}],"author":"maik","twitter_card":"summary_large_image","twitter_creator":"@https:\/\/twitter.com\/truckblog","twitter_site":"@truckblog","twitter_misc":{"Verfasst von":"maik","Gesch\u00e4tzte Lesezeit":"2\u00a0Minuten"},"schema":{"@context":"https:\/\/schema.org","@graph":[{"@type":"Article","@id":"https:\/\/truckonline.de\/blog\/2013\/03\/03\/happy-birthday-funf-jahre-geschichten-vom-leben-unterwegs\/#article","isPartOf":{"@id":"https:\/\/truckonline.de\/blog\/2013\/03\/03\/happy-birthday-funf-jahre-geschichten-vom-leben-unterwegs\/"},"author":{"name":"maik","@id":"https:\/\/truckonline.de\/blog\/#\/schema\/person\/4cb59b86ffde81f882f56439688fda19"},"headline":"Happy Birthday &#8211; F\u00fcnf Jahre Geschichten vom Leben unterwegs","datePublished":"2013-03-03T22:47:28+00:00","mainEntityOfPage":{"@id":"https:\/\/truckonline.de\/blog\/2013\/03\/03\/happy-birthday-funf-jahre-geschichten-vom-leben-unterwegs\/"},"wordCount":335,"commentCount":11,"publisher":{"@id":"https:\/\/truckonline.de\/blog\/#\/schema\/person\/4cb59b86ffde81f882f56439688fda19"},"keywords":["Blog","Jubil\u00e4um"],"articleSection":["Allgemeines","Gedanken","Internes"],"inLanguage":"de","potentialAction":[{"@type":"CommentAction","name":"Comment","target":["https:\/\/truckonline.de\/blog\/2013\/03\/03\/happy-birthday-funf-jahre-geschichten-vom-leben-unterwegs\/#respond"]}]},{"@type":"WebPage","@id":"https:\/\/truckonline.de\/blog\/2013\/03\/03\/happy-birthday-funf-jahre-geschichten-vom-leben-unterwegs\/","url":"https:\/\/truckonline.de\/blog\/2013\/03\/03\/happy-birthday-funf-jahre-geschichten-vom-leben-unterwegs\/","name":"Happy Birthday - F\u00fcnf Jahre Geschichten vom Leben unterwegs | TruckOnline.de","isPartOf":{"@id":"https:\/\/truckonline.de\/blog\/#website"},"datePublished":"2013-03-03T22:47:28+00:00","description":"Still und heimlich habe ich auf den Jubel und die Heiterkeit zum 5-j\u00e4hrigen Jubil\u00e4um dieses Blogs verzichtet. Trotzdem m\u00f6chte ich einige kurze Zeilen","breadcrumb":{"@id":"https:\/\/truckonline.de\/blog\/2013\/03\/03\/happy-birthday-funf-jahre-geschichten-vom-leben-unterwegs\/#breadcrumb"},"inLanguage":"de","potentialAction":[{"@type":"ReadAction","target":["https:\/\/truckonline.de\/blog\/2013\/03\/03\/happy-birthday-funf-jahre-geschichten-vom-leben-unterwegs\/"]}]},{"@type":"BreadcrumbList","@id":"https:\/\/truckonline.de\/blog\/2013\/03\/03\/happy-birthday-funf-jahre-geschichten-vom-leben-unterwegs\/#breadcrumb","itemListElement":[{"@type":"ListItem","position":1,"name":"Startseite","item":"https:\/\/truckonline.de\/blog\/"},{"@type":"ListItem","position":2,"name":"Happy Birthday &#8211; F\u00fcnf Jahre Geschichten vom Leben unterwegs"}]},{"@type":"WebSite","@id":"https:\/\/truckonline.de\/blog\/#website","url":"https:\/\/truckonline.de\/blog\/","name":"TruckOnline.de","description":"","publisher":{"@id":"https:\/\/truckonline.de\/blog\/#\/schema\/person\/4cb59b86ffde81f882f56439688fda19"},"potentialAction":[{"@type":"SearchAction","target":{"@type":"EntryPoint","urlTemplate":"https:\/\/truckonline.de\/blog\/?s={search_term_string}"},"query-input":{"@type":"PropertyValueSpecification","valueRequired":true,"valueName":"search_term_string"}}],"inLanguage":"de"},{"@type":["Person","Organization"],"@id":"https:\/\/truckonline.de\/blog\/#\/schema\/person\/4cb59b86ffde81f882f56439688fda19","name":"maik","image":{"@type":"ImageObject","inLanguage":"de","@id":"https:\/\/truckonline.de\/blog\/wp-content\/uploads\/2019\/12\/logoinnenweiss.png","url":"https:\/\/truckonline.de\/blog\/wp-content\/uploads\/2019\/12\/logoinnenweiss.png","contentUrl":"https:\/\/truckonline.de\/blog\/wp-content\/uploads\/2019\/12\/logoinnenweiss.png","width":733,"height":125,"caption":"maik"},"logo":{"@id":"https:\/\/truckonline.de\/blog\/wp-content\/uploads\/2019\/12\/logoinnenweiss.png"},"sameAs":["https:\/\/www.facebook.com\/truckblog","https:\/\/www.instagram.com\/truck_online\/","https:\/\/x.com\/https:\/\/twitter.com\/truckblog","https:\/\/www.youtube.com\/user\/truckonline","https:\/\/www.tumblr.com\/truckonline"]}]}},"_links":{"self":[{"href":"https:\/\/truckonline.de\/blog\/wp-json\/wp\/v2\/posts\/3667","targetHints":{"allow":["GET"]}}],"collection":[{"href":"https:\/\/truckonline.de\/blog\/wp-json\/wp\/v2\/posts"}],"about":[{"href":"https:\/\/truckonline.de\/blog\/wp-json\/wp\/v2\/types\/post"}],"author":[{"embeddable":true,"href":"https:\/\/truckonline.de\/blog\/wp-json\/wp\/v2\/users\/3"}],"replies":[{"embeddable":true,"href":"https:\/\/truckonline.de\/blog\/wp-json\/wp\/v2\/comments?post=3667"}],"version-history":[{"count":1,"href":"https:\/\/truckonline.de\/blog\/wp-json\/wp\/v2\/posts\/3667\/revisions"}],"predecessor-version":[{"id":3668,"href":"https:\/\/truckonline.de\/blog\/wp-json\/wp\/v2\/posts\/3667\/revisions\/3668"}],"wp:attachment":[{"href":"https:\/\/truckonline.de\/blog\/wp-json\/wp\/v2\/media?parent=3667"}],"wp:term":[{"taxonomy":"category","embeddable":true,"href":"https:\/\/truckonline.de\/blog\/wp-json\/wp\/v2\/categories?post=3667"},{"taxonomy":"post_tag","embeddable":true,"href":"https:\/\/truckonline.de\/blog\/wp-json\/wp\/v2\/tags?post=3667"}],"curies":[{"name":"wp","href":"https:\/\/api.w.org\/{rel}","templated":true}]}}