{"id":3451,"date":"2013-01-08T01:07:22","date_gmt":"2013-01-08T00:07:22","guid":{"rendered":"https:\/\/truckonline.de\/blog\/?p=3451"},"modified":"2013-01-08T01:07:39","modified_gmt":"2013-01-08T00:07:39","slug":"neues-in-kurze-3","status":"publish","type":"post","link":"https:\/\/truckonline.de\/blog\/2013\/01\/08\/neues-in-kurze-3\/","title":{"rendered":"Neues in K\u00fcrze"},"content":{"rendered":"<p>Bisher habe ich immer gut geschlafen, auch ohne Schlafgas. Aber Spass beiseite: Die <a href=\"https:\/\/www.mopo.de\/nachrichten\/angst-auf-raststaetten-schlafgas-angriff-auf-trucker,5067140,8701940.html\" target=\"_blank\">Hamburger Morgenpost berichtet<\/a>, dass Unbekannte in Niedersachsen sieben Lkw-Fahrer im Schlaf mit Gas bet\u00e4ubt und anschlie\u00dfend ausgeraubt haben. Passiert ist das auf den Autobahnen A2 und A7.<br \/>\nNur die Masche, mit der die T\u00e4ter vorgehen, ist nicht richtig beschrieben. Laut MoPo brechen sie leise die T\u00fcr auf und leiten Gas ins Innere. Das stimmt nicht so ganz. Eher wird ein d\u00fcnnes Rohr durch die T\u00fcrdichtung geschoben und durch dieses wird Schlummergas in die Kabine geleitet.<\/p>\n<p>Aber letztlich ist die Vorgehensweise egal. Ich hoffe, dass diese Kerle mal erwischt werden &#8211; und dann nicht unbedingt von der Polizei&#8230;<\/p>\n<p>Anderes Thema: Das <a href=\"https:\/\/www.umweltbundesamt.de\/\" target=\"_blank\">Umweltbundesamt<\/a> hat eine Liste der St\u00e4dte ver\u00f6ffentlicht, in denen Umweltzonen eingerichtet wurden. In dieser <a href=\"https:\/\/gis.uba.de\/Website\/umweltzonen\/umweltzonen.php\" target=\"_blank\">Aufzeichnung<\/a> ist auch ersichtlich, wo gerade welche Stufe gilt.<\/p>\n<p>Der Deutsche Speditions- und Logistikverband (<a href=\"https:\/\/dslv.org\/de\/site\/index.xml\" target=\"_blank\">DSLV<\/a>) wies darauf hin, dass zum 1. Januar die Mautgeb\u00fchr f\u00fcr kostenpflichtige Autobahnen und Schnellstra\u00dfen in \u00d6sterreich f\u00fcr Fahrzeuge \u00fcber 3,5 Tonnen um durchschnittlich drei Prozent angehoben wurde.<br \/>\nSo auch auf der A12 zwischen der Staatsgrenze bei Kufstein und dem Knoten Innsbruck\/Amras (A13). Hier wurde der Mautzuschlag auf den Grundkilometer um 15 Prozent erh\u00f6ht.<\/p>\n<p>Auch in Italien kostet seit Anfang Januar die Nutzung der mautpflichtigen Autobahnen im Durchschnitt 2,91 Prozent mehr. Die Preissteigerung h\u00e4ngt vom Konzessionsinhaber ab. Sehr hoch ist sie f\u00fcr die Umgehung Mestre mit 13,55 Prozent.<br \/>\nDie Brennerautobahn A22 liegt mit 1,21 Prozent im unteren Bereich. Von der Mauterh\u00f6hung ausgenommen sind die Strecken Turin-Venedig (A4), Turin-Piacenza-Brescia (A21) und Tirrenica (A12).<\/p>\n","protected":false},"excerpt":{"rendered":"<p>Bisher habe ich immer gut geschlafen, auch ohne Schlafgas. Aber Spass beiseite: Die Hamburger Morgenpost berichtet, dass Unbekannte in Niedersachsen sieben Lkw-Fahrer im Schlaf mit&#8230;<\/p>\n<div class=\"more-link-wrapper\"><a class=\"more-link\" href=\"https:\/\/truckonline.de\/blog\/2013\/01\/08\/neues-in-kurze-3\/\">Sie haben Ihr Ziel fast erreicht.<span class=\"screen-reader-text\">Neues in K\u00fcrze<\/span><\/a><\/div>\n","protected":false},"author":3,"featured_media":0,"comment_status":"open","ping_status":"open","sticky":false,"template":"","format":"standard","meta":{"iawp_total_views":1,"_metis_text_type":"","_metis_text_length":0,"_post_count":0,"footnotes":""},"categories":[1,11],"tags":[1651,22],"class_list":["post-3451","post","type-post","status-publish","format-standard","hentry","category-allgemeines","category-lkw","tag-kurz","tag-news","ratio-2-1","entry"],"yoast_head":"<!-- This site is optimized with the Yoast SEO plugin v27.5 - https:\/\/yoast.com\/product\/yoast-seo-wordpress\/ -->\n<title>Neues in K\u00fcrze | TruckOnline.de<\/title>\n<meta name=\"description\" content=\"Bisher habe ich immer gut geschlafen, auch ohne Schlafgas. Aber Spass beiseite: Die Hamburger Morgenpost berichtet, dass Unbekannte in Niedersachsen\" \/>\n<meta name=\"robots\" content=\"index, follow, max-snippet:-1, max-image-preview:large, max-video-preview:-1\" \/>\n<link rel=\"canonical\" href=\"https:\/\/truckonline.de\/blog\/2013\/01\/08\/neues-in-kurze-3\/\" \/>\n<meta property=\"og:locale\" content=\"de_DE\" \/>\n<meta property=\"og:type\" content=\"article\" \/>\n<meta property=\"og:title\" content=\"Neues in K\u00fcrze | TruckOnline.de\" \/>\n<meta property=\"og:url\" content=\"https:\/\/truckonline.de\/blog\/2013\/01\/08\/neues-in-kurze-3\/\" \/>\n<meta property=\"og:site_name\" content=\"TruckOnline.de\" \/>\n<meta property=\"article:publisher\" content=\"https:\/\/www.facebook.com\/truckblog\" \/>\n<meta property=\"article:author\" content=\"https:\/\/www.facebook.com\/truckblog\" \/>\n<meta property=\"article:published_time\" content=\"2013-01-08T00:07:22+00:00\" \/>\n<meta property=\"article:modified_time\" content=\"2013-01-08T00:07:39+00:00\" \/>\n<meta property=\"og:image\" content=\"https:\/\/truckonline.de\/blog\/wp-content\/uploads\/2019\/12\/IMG_20191229_225424-scaled.jpg\" \/>\n\t<meta property=\"og:image:width\" content=\"2560\" \/>\n\t<meta property=\"og:image:height\" content=\"1920\" \/>\n\t<meta property=\"og:image:type\" content=\"image\/jpeg\" \/>\n<meta name=\"author\" content=\"maik\" \/>\n<meta name=\"twitter:card\" content=\"summary_large_image\" \/>\n<meta name=\"twitter:creator\" content=\"@https:\/\/twitter.com\/truckblog\" \/>\n<meta name=\"twitter:site\" content=\"@truckblog\" \/>\n<meta name=\"twitter:label1\" content=\"Verfasst von\" \/>\n\t<meta name=\"twitter:data1\" content=\"maik\" \/>\n\t<meta name=\"twitter:label2\" content=\"Gesch\u00e4tzte Lesezeit\" \/>\n\t<meta name=\"twitter:data2\" content=\"1\u00a0Minute\" \/>\n<script type=\"application\/ld+json\" class=\"yoast-schema-graph\">{\"@context\":\"https:\\\/\\\/schema.org\",\"@graph\":[{\"@type\":\"Article\",\"@id\":\"https:\\\/\\\/truckonline.de\\\/blog\\\/2013\\\/01\\\/08\\\/neues-in-kurze-3\\\/#article\",\"isPartOf\":{\"@id\":\"https:\\\/\\\/truckonline.de\\\/blog\\\/2013\\\/01\\\/08\\\/neues-in-kurze-3\\\/\"},\"author\":{\"name\":\"maik\",\"@id\":\"https:\\\/\\\/truckonline.de\\\/blog\\\/#\\\/schema\\\/person\\\/4cb59b86ffde81f882f56439688fda19\"},\"headline\":\"Neues in K\u00fcrze\",\"datePublished\":\"2013-01-08T00:07:22+00:00\",\"dateModified\":\"2013-01-08T00:07:39+00:00\",\"mainEntityOfPage\":{\"@id\":\"https:\\\/\\\/truckonline.de\\\/blog\\\/2013\\\/01\\\/08\\\/neues-in-kurze-3\\\/\"},\"wordCount\":268,\"commentCount\":5,\"publisher\":{\"@id\":\"https:\\\/\\\/truckonline.de\\\/blog\\\/#\\\/schema\\\/person\\\/4cb59b86ffde81f882f56439688fda19\"},\"keywords\":[\"kurz\",\"News\"],\"articleSection\":[\"Allgemeines\",\"Lkw\"],\"inLanguage\":\"de\",\"potentialAction\":[{\"@type\":\"CommentAction\",\"name\":\"Comment\",\"target\":[\"https:\\\/\\\/truckonline.de\\\/blog\\\/2013\\\/01\\\/08\\\/neues-in-kurze-3\\\/#respond\"]}]},{\"@type\":\"WebPage\",\"@id\":\"https:\\\/\\\/truckonline.de\\\/blog\\\/2013\\\/01\\\/08\\\/neues-in-kurze-3\\\/\",\"url\":\"https:\\\/\\\/truckonline.de\\\/blog\\\/2013\\\/01\\\/08\\\/neues-in-kurze-3\\\/\",\"name\":\"Neues in K\u00fcrze | TruckOnline.de\",\"isPartOf\":{\"@id\":\"https:\\\/\\\/truckonline.de\\\/blog\\\/#website\"},\"datePublished\":\"2013-01-08T00:07:22+00:00\",\"dateModified\":\"2013-01-08T00:07:39+00:00\",\"description\":\"Bisher habe ich immer gut geschlafen, auch ohne Schlafgas. Aber Spass beiseite: Die Hamburger Morgenpost berichtet, dass Unbekannte in Niedersachsen\",\"breadcrumb\":{\"@id\":\"https:\\\/\\\/truckonline.de\\\/blog\\\/2013\\\/01\\\/08\\\/neues-in-kurze-3\\\/#breadcrumb\"},\"inLanguage\":\"de\",\"potentialAction\":[{\"@type\":\"ReadAction\",\"target\":[\"https:\\\/\\\/truckonline.de\\\/blog\\\/2013\\\/01\\\/08\\\/neues-in-kurze-3\\\/\"]}]},{\"@type\":\"BreadcrumbList\",\"@id\":\"https:\\\/\\\/truckonline.de\\\/blog\\\/2013\\\/01\\\/08\\\/neues-in-kurze-3\\\/#breadcrumb\",\"itemListElement\":[{\"@type\":\"ListItem\",\"position\":1,\"name\":\"Startseite\",\"item\":\"https:\\\/\\\/truckonline.de\\\/blog\\\/\"},{\"@type\":\"ListItem\",\"position\":2,\"name\":\"Neues in K\u00fcrze\"}]},{\"@type\":\"WebSite\",\"@id\":\"https:\\\/\\\/truckonline.de\\\/blog\\\/#website\",\"url\":\"https:\\\/\\\/truckonline.de\\\/blog\\\/\",\"name\":\"TruckOnline.de\",\"description\":\"\",\"publisher\":{\"@id\":\"https:\\\/\\\/truckonline.de\\\/blog\\\/#\\\/schema\\\/person\\\/4cb59b86ffde81f882f56439688fda19\"},\"potentialAction\":[{\"@type\":\"SearchAction\",\"target\":{\"@type\":\"EntryPoint\",\"urlTemplate\":\"https:\\\/\\\/truckonline.de\\\/blog\\\/?s={search_term_string}\"},\"query-input\":{\"@type\":\"PropertyValueSpecification\",\"valueRequired\":true,\"valueName\":\"search_term_string\"}}],\"inLanguage\":\"de\"},{\"@type\":[\"Person\",\"Organization\"],\"@id\":\"https:\\\/\\\/truckonline.de\\\/blog\\\/#\\\/schema\\\/person\\\/4cb59b86ffde81f882f56439688fda19\",\"name\":\"maik\",\"image\":{\"@type\":\"ImageObject\",\"inLanguage\":\"de\",\"@id\":\"https:\\\/\\\/truckonline.de\\\/blog\\\/wp-content\\\/uploads\\\/2019\\\/12\\\/logoinnenweiss.png\",\"url\":\"https:\\\/\\\/truckonline.de\\\/blog\\\/wp-content\\\/uploads\\\/2019\\\/12\\\/logoinnenweiss.png\",\"contentUrl\":\"https:\\\/\\\/truckonline.de\\\/blog\\\/wp-content\\\/uploads\\\/2019\\\/12\\\/logoinnenweiss.png\",\"width\":733,\"height\":125,\"caption\":\"maik\"},\"logo\":{\"@id\":\"https:\\\/\\\/truckonline.de\\\/blog\\\/wp-content\\\/uploads\\\/2019\\\/12\\\/logoinnenweiss.png\"},\"sameAs\":[\"https:\\\/\\\/www.facebook.com\\\/truckblog\",\"https:\\\/\\\/www.instagram.com\\\/truck_online\\\/\",\"https:\\\/\\\/x.com\\\/https:\\\/\\\/twitter.com\\\/truckblog\",\"https:\\\/\\\/www.youtube.com\\\/user\\\/truckonline\",\"https:\\\/\\\/www.tumblr.com\\\/truckonline\"]}]}<\/script>\n<!-- \/ Yoast SEO plugin. -->","yoast_head_json":{"title":"Neues in K\u00fcrze | TruckOnline.de","description":"Bisher habe ich immer gut geschlafen, auch ohne Schlafgas. Aber Spass beiseite: Die Hamburger Morgenpost berichtet, dass Unbekannte in Niedersachsen","robots":{"index":"index","follow":"follow","max-snippet":"max-snippet:-1","max-image-preview":"max-image-preview:large","max-video-preview":"max-video-preview:-1"},"canonical":"https:\/\/truckonline.de\/blog\/2013\/01\/08\/neues-in-kurze-3\/","og_locale":"de_DE","og_type":"article","og_title":"Neues in K\u00fcrze | TruckOnline.de","og_url":"https:\/\/truckonline.de\/blog\/2013\/01\/08\/neues-in-kurze-3\/","og_site_name":"TruckOnline.de","article_publisher":"https:\/\/www.facebook.com\/truckblog","article_author":"https:\/\/www.facebook.com\/truckblog","article_published_time":"2013-01-08T00:07:22+00:00","article_modified_time":"2013-01-08T00:07:39+00:00","og_image":[{"width":2560,"height":1920,"url":"https:\/\/truckonline.de\/blog\/wp-content\/uploads\/2019\/12\/IMG_20191229_225424-scaled.jpg","type":"image\/jpeg"}],"author":"maik","twitter_card":"summary_large_image","twitter_creator":"@https:\/\/twitter.com\/truckblog","twitter_site":"@truckblog","twitter_misc":{"Verfasst von":"maik","Gesch\u00e4tzte Lesezeit":"1\u00a0Minute"},"schema":{"@context":"https:\/\/schema.org","@graph":[{"@type":"Article","@id":"https:\/\/truckonline.de\/blog\/2013\/01\/08\/neues-in-kurze-3\/#article","isPartOf":{"@id":"https:\/\/truckonline.de\/blog\/2013\/01\/08\/neues-in-kurze-3\/"},"author":{"name":"maik","@id":"https:\/\/truckonline.de\/blog\/#\/schema\/person\/4cb59b86ffde81f882f56439688fda19"},"headline":"Neues in K\u00fcrze","datePublished":"2013-01-08T00:07:22+00:00","dateModified":"2013-01-08T00:07:39+00:00","mainEntityOfPage":{"@id":"https:\/\/truckonline.de\/blog\/2013\/01\/08\/neues-in-kurze-3\/"},"wordCount":268,"commentCount":5,"publisher":{"@id":"https:\/\/truckonline.de\/blog\/#\/schema\/person\/4cb59b86ffde81f882f56439688fda19"},"keywords":["kurz","News"],"articleSection":["Allgemeines","Lkw"],"inLanguage":"de","potentialAction":[{"@type":"CommentAction","name":"Comment","target":["https:\/\/truckonline.de\/blog\/2013\/01\/08\/neues-in-kurze-3\/#respond"]}]},{"@type":"WebPage","@id":"https:\/\/truckonline.de\/blog\/2013\/01\/08\/neues-in-kurze-3\/","url":"https:\/\/truckonline.de\/blog\/2013\/01\/08\/neues-in-kurze-3\/","name":"Neues in K\u00fcrze | TruckOnline.de","isPartOf":{"@id":"https:\/\/truckonline.de\/blog\/#website"},"datePublished":"2013-01-08T00:07:22+00:00","dateModified":"2013-01-08T00:07:39+00:00","description":"Bisher habe ich immer gut geschlafen, auch ohne Schlafgas. Aber Spass beiseite: Die Hamburger Morgenpost berichtet, dass Unbekannte in Niedersachsen","breadcrumb":{"@id":"https:\/\/truckonline.de\/blog\/2013\/01\/08\/neues-in-kurze-3\/#breadcrumb"},"inLanguage":"de","potentialAction":[{"@type":"ReadAction","target":["https:\/\/truckonline.de\/blog\/2013\/01\/08\/neues-in-kurze-3\/"]}]},{"@type":"BreadcrumbList","@id":"https:\/\/truckonline.de\/blog\/2013\/01\/08\/neues-in-kurze-3\/#breadcrumb","itemListElement":[{"@type":"ListItem","position":1,"name":"Startseite","item":"https:\/\/truckonline.de\/blog\/"},{"@type":"ListItem","position":2,"name":"Neues in K\u00fcrze"}]},{"@type":"WebSite","@id":"https:\/\/truckonline.de\/blog\/#website","url":"https:\/\/truckonline.de\/blog\/","name":"TruckOnline.de","description":"","publisher":{"@id":"https:\/\/truckonline.de\/blog\/#\/schema\/person\/4cb59b86ffde81f882f56439688fda19"},"potentialAction":[{"@type":"SearchAction","target":{"@type":"EntryPoint","urlTemplate":"https:\/\/truckonline.de\/blog\/?s={search_term_string}"},"query-input":{"@type":"PropertyValueSpecification","valueRequired":true,"valueName":"search_term_string"}}],"inLanguage":"de"},{"@type":["Person","Organization"],"@id":"https:\/\/truckonline.de\/blog\/#\/schema\/person\/4cb59b86ffde81f882f56439688fda19","name":"maik","image":{"@type":"ImageObject","inLanguage":"de","@id":"https:\/\/truckonline.de\/blog\/wp-content\/uploads\/2019\/12\/logoinnenweiss.png","url":"https:\/\/truckonline.de\/blog\/wp-content\/uploads\/2019\/12\/logoinnenweiss.png","contentUrl":"https:\/\/truckonline.de\/blog\/wp-content\/uploads\/2019\/12\/logoinnenweiss.png","width":733,"height":125,"caption":"maik"},"logo":{"@id":"https:\/\/truckonline.de\/blog\/wp-content\/uploads\/2019\/12\/logoinnenweiss.png"},"sameAs":["https:\/\/www.facebook.com\/truckblog","https:\/\/www.instagram.com\/truck_online\/","https:\/\/x.com\/https:\/\/twitter.com\/truckblog","https:\/\/www.youtube.com\/user\/truckonline","https:\/\/www.tumblr.com\/truckonline"]}]}},"_links":{"self":[{"href":"https:\/\/truckonline.de\/blog\/wp-json\/wp\/v2\/posts\/3451","targetHints":{"allow":["GET"]}}],"collection":[{"href":"https:\/\/truckonline.de\/blog\/wp-json\/wp\/v2\/posts"}],"about":[{"href":"https:\/\/truckonline.de\/blog\/wp-json\/wp\/v2\/types\/post"}],"author":[{"embeddable":true,"href":"https:\/\/truckonline.de\/blog\/wp-json\/wp\/v2\/users\/3"}],"replies":[{"embeddable":true,"href":"https:\/\/truckonline.de\/blog\/wp-json\/wp\/v2\/comments?post=3451"}],"version-history":[{"count":4,"href":"https:\/\/truckonline.de\/blog\/wp-json\/wp\/v2\/posts\/3451\/revisions"}],"predecessor-version":[{"id":3459,"href":"https:\/\/truckonline.de\/blog\/wp-json\/wp\/v2\/posts\/3451\/revisions\/3459"}],"wp:attachment":[{"href":"https:\/\/truckonline.de\/blog\/wp-json\/wp\/v2\/media?parent=3451"}],"wp:term":[{"taxonomy":"category","embeddable":true,"href":"https:\/\/truckonline.de\/blog\/wp-json\/wp\/v2\/categories?post=3451"},{"taxonomy":"post_tag","embeddable":true,"href":"https:\/\/truckonline.de\/blog\/wp-json\/wp\/v2\/tags?post=3451"}],"curies":[{"name":"wp","href":"https:\/\/api.w.org\/{rel}","templated":true}]}}