{"id":312,"date":"2008-05-12T23:54:28","date_gmt":"2008-05-12T22:54:28","guid":{"rendered":"https:\/\/truckonline.wordpress.com\/?p=223"},"modified":"2008-05-12T23:54:28","modified_gmt":"2008-05-12T22:54:28","slug":"probefahrt-im-neuen-actros","status":"publish","type":"post","link":"https:\/\/truckonline.de\/blog\/2008\/05\/12\/probefahrt-im-neuen-actros\/","title":{"rendered":"Probefahrt im neuen Actros"},"content":{"rendered":"<p>Im <a href=\"https:\/\/blog.daimler.de\/2008\/04\/14\/probefahrt-mit-dem-neuen-actros\/\">Daimlerblog<\/a> habe ich einen Bericht \u00fcber eine Probefahrt im neuen Actros entdeckt. Dazu auch noch von einer Frau (Sabine) beschrieben \ud83d\ude09 .<br \/>\nDie Fahrt f\u00fchrte \u00fcber eine K\u00fcstenstrasse einer Mittelmeerinsel.<\/p>\n<p>Da Sabine aber keinen F\u00fchrerschein hat, f\u00e4hrt Sie als Beifahrerin mit und l\u00e4sst den Fahrer (Thomas) den Lkw beschreiben.<br \/>\nEr ist sehr angetan von der neuen Mercedes &#8211; Schaltung &#8222;PowerShift 2&#8220;.<\/p>\n<p>Aber auch sonst entdeckt er einige n\u00fctzliche Sachen:<\/p>\n<p><strong>\u201c(\u2026) Die zus\u00e4tzlichen Haken sind super, jetzt kann man auch mal ein nasses Handtuch aufh\u00e4ngen und auf dem Klapptisch einen Lieferschein ausf\u00fcllen. Das ging vorher nicht. Auch die orthop\u00e4dische Matratze ist klasse (\u2026)\u201d.<\/strong><\/p>\n","protected":false},"excerpt":{"rendered":"<p>Im Daimlerblog habe ich einen Bericht \u00fcber eine Probefahrt im neuen Actros entdeckt. Dazu auch noch von einer Frau (Sabine) beschrieben \ud83d\ude09 . Die Fahrt&#8230;<\/p>\n<div class=\"more-link-wrapper\"><a class=\"more-link\" href=\"https:\/\/truckonline.de\/blog\/2008\/05\/12\/probefahrt-im-neuen-actros\/\">Sie haben Ihr Ziel fast erreicht.<span class=\"screen-reader-text\">Probefahrt im neuen Actros<\/span><\/a><\/div>\n","protected":false},"author":3,"featured_media":0,"comment_status":"open","ping_status":"open","sticky":false,"template":"","format":"standard","meta":{"iawp_total_views":0,"_metis_text_type":"","_metis_text_length":0,"_post_count":0,"footnotes":""},"categories":[11,20],"tags":[79,402,95],"class_list":["post-312","post","type-post","status-publish","format-standard","hentry","category-lkw","category-world-wide-web","tag-actros","tag-mercedes","tag-mp3","ratio-2-1","entry"],"yoast_head":"<!-- This site is optimized with the Yoast SEO plugin v27.4 - https:\/\/yoast.com\/product\/yoast-seo-wordpress\/ -->\n<title>Probefahrt im neuen Actros | TruckOnline.de<\/title>\n<meta name=\"description\" content=\"Im Daimlerblog habe ich einen Bericht \u00fcber eine Probefahrt im neuen Actros entdeckt. Dazu auch noch von einer Frau (Sabine) beschrieben ;-) . Die Fahrt\" \/>\n<meta name=\"robots\" content=\"index, follow, max-snippet:-1, max-image-preview:large, max-video-preview:-1\" \/>\n<link rel=\"canonical\" href=\"https:\/\/truckonline.de\/blog\/2008\/05\/12\/probefahrt-im-neuen-actros\/\" \/>\n<meta property=\"og:locale\" content=\"de_DE\" \/>\n<meta property=\"og:type\" content=\"article\" \/>\n<meta property=\"og:title\" content=\"Probefahrt im neuen Actros | TruckOnline.de\" \/>\n<meta property=\"og:url\" content=\"https:\/\/truckonline.de\/blog\/2008\/05\/12\/probefahrt-im-neuen-actros\/\" \/>\n<meta property=\"og:site_name\" content=\"TruckOnline.de\" \/>\n<meta property=\"article:publisher\" content=\"https:\/\/www.facebook.com\/truckblog\" \/>\n<meta property=\"article:author\" content=\"https:\/\/www.facebook.com\/truckblog\" \/>\n<meta property=\"article:published_time\" content=\"2008-05-12T22:54:28+00:00\" \/>\n<meta property=\"og:image\" content=\"https:\/\/truckonline.de\/blog\/wp-content\/uploads\/2019\/12\/IMG_20191229_225424-scaled.jpg\" \/>\n\t<meta property=\"og:image:width\" content=\"2560\" \/>\n\t<meta property=\"og:image:height\" content=\"1920\" \/>\n\t<meta property=\"og:image:type\" content=\"image\/jpeg\" \/>\n<meta name=\"author\" content=\"maik\" \/>\n<meta name=\"twitter:card\" content=\"summary_large_image\" \/>\n<meta name=\"twitter:creator\" content=\"@https:\/\/twitter.com\/truckblog\" \/>\n<meta name=\"twitter:site\" content=\"@truckblog\" \/>\n<meta name=\"twitter:label1\" content=\"Verfasst von\" \/>\n\t<meta name=\"twitter:data1\" content=\"maik\" \/>\n\t<meta name=\"twitter:label2\" content=\"Gesch\u00e4tzte Lesezeit\" \/>\n\t<meta name=\"twitter:data2\" content=\"1\u00a0Minute\" \/>\n<script type=\"application\/ld+json\" class=\"yoast-schema-graph\">{\"@context\":\"https:\\\/\\\/schema.org\",\"@graph\":[{\"@type\":\"Article\",\"@id\":\"https:\\\/\\\/truckonline.de\\\/blog\\\/2008\\\/05\\\/12\\\/probefahrt-im-neuen-actros\\\/#article\",\"isPartOf\":{\"@id\":\"https:\\\/\\\/truckonline.de\\\/blog\\\/2008\\\/05\\\/12\\\/probefahrt-im-neuen-actros\\\/\"},\"author\":{\"name\":\"maik\",\"@id\":\"https:\\\/\\\/truckonline.de\\\/blog\\\/#\\\/schema\\\/person\\\/4cb59b86ffde81f882f56439688fda19\"},\"headline\":\"Probefahrt im neuen Actros\",\"datePublished\":\"2008-05-12T22:54:28+00:00\",\"mainEntityOfPage\":{\"@id\":\"https:\\\/\\\/truckonline.de\\\/blog\\\/2008\\\/05\\\/12\\\/probefahrt-im-neuen-actros\\\/\"},\"wordCount\":113,\"commentCount\":0,\"publisher\":{\"@id\":\"https:\\\/\\\/truckonline.de\\\/blog\\\/#\\\/schema\\\/person\\\/4cb59b86ffde81f882f56439688fda19\"},\"keywords\":[\"Actros\",\"Mercedes\",\"MP3\"],\"articleSection\":[\"Lkw\",\"World Wide Web\"],\"inLanguage\":\"de\",\"potentialAction\":[{\"@type\":\"CommentAction\",\"name\":\"Comment\",\"target\":[\"https:\\\/\\\/truckonline.de\\\/blog\\\/2008\\\/05\\\/12\\\/probefahrt-im-neuen-actros\\\/#respond\"]}]},{\"@type\":\"WebPage\",\"@id\":\"https:\\\/\\\/truckonline.de\\\/blog\\\/2008\\\/05\\\/12\\\/probefahrt-im-neuen-actros\\\/\",\"url\":\"https:\\\/\\\/truckonline.de\\\/blog\\\/2008\\\/05\\\/12\\\/probefahrt-im-neuen-actros\\\/\",\"name\":\"Probefahrt im neuen Actros | TruckOnline.de\",\"isPartOf\":{\"@id\":\"https:\\\/\\\/truckonline.de\\\/blog\\\/#website\"},\"datePublished\":\"2008-05-12T22:54:28+00:00\",\"description\":\"Im Daimlerblog habe ich einen Bericht \u00fcber eine Probefahrt im neuen Actros entdeckt. Dazu auch noch von einer Frau (Sabine) beschrieben ;-) . Die Fahrt\",\"breadcrumb\":{\"@id\":\"https:\\\/\\\/truckonline.de\\\/blog\\\/2008\\\/05\\\/12\\\/probefahrt-im-neuen-actros\\\/#breadcrumb\"},\"inLanguage\":\"de\",\"potentialAction\":[{\"@type\":\"ReadAction\",\"target\":[\"https:\\\/\\\/truckonline.de\\\/blog\\\/2008\\\/05\\\/12\\\/probefahrt-im-neuen-actros\\\/\"]}]},{\"@type\":\"BreadcrumbList\",\"@id\":\"https:\\\/\\\/truckonline.de\\\/blog\\\/2008\\\/05\\\/12\\\/probefahrt-im-neuen-actros\\\/#breadcrumb\",\"itemListElement\":[{\"@type\":\"ListItem\",\"position\":1,\"name\":\"Startseite\",\"item\":\"https:\\\/\\\/truckonline.de\\\/blog\\\/\"},{\"@type\":\"ListItem\",\"position\":2,\"name\":\"Probefahrt im neuen Actros\"}]},{\"@type\":\"WebSite\",\"@id\":\"https:\\\/\\\/truckonline.de\\\/blog\\\/#website\",\"url\":\"https:\\\/\\\/truckonline.de\\\/blog\\\/\",\"name\":\"TruckOnline.de\",\"description\":\"\",\"publisher\":{\"@id\":\"https:\\\/\\\/truckonline.de\\\/blog\\\/#\\\/schema\\\/person\\\/4cb59b86ffde81f882f56439688fda19\"},\"potentialAction\":[{\"@type\":\"SearchAction\",\"target\":{\"@type\":\"EntryPoint\",\"urlTemplate\":\"https:\\\/\\\/truckonline.de\\\/blog\\\/?s={search_term_string}\"},\"query-input\":{\"@type\":\"PropertyValueSpecification\",\"valueRequired\":true,\"valueName\":\"search_term_string\"}}],\"inLanguage\":\"de\"},{\"@type\":[\"Person\",\"Organization\"],\"@id\":\"https:\\\/\\\/truckonline.de\\\/blog\\\/#\\\/schema\\\/person\\\/4cb59b86ffde81f882f56439688fda19\",\"name\":\"maik\",\"image\":{\"@type\":\"ImageObject\",\"inLanguage\":\"de\",\"@id\":\"https:\\\/\\\/truckonline.de\\\/blog\\\/wp-content\\\/uploads\\\/2019\\\/12\\\/logoinnenweiss.png\",\"url\":\"https:\\\/\\\/truckonline.de\\\/blog\\\/wp-content\\\/uploads\\\/2019\\\/12\\\/logoinnenweiss.png\",\"contentUrl\":\"https:\\\/\\\/truckonline.de\\\/blog\\\/wp-content\\\/uploads\\\/2019\\\/12\\\/logoinnenweiss.png\",\"width\":733,\"height\":125,\"caption\":\"maik\"},\"logo\":{\"@id\":\"https:\\\/\\\/truckonline.de\\\/blog\\\/wp-content\\\/uploads\\\/2019\\\/12\\\/logoinnenweiss.png\"},\"sameAs\":[\"https:\\\/\\\/www.facebook.com\\\/truckblog\",\"https:\\\/\\\/www.instagram.com\\\/truck_online\\\/\",\"https:\\\/\\\/x.com\\\/https:\\\/\\\/twitter.com\\\/truckblog\",\"https:\\\/\\\/www.youtube.com\\\/user\\\/truckonline\",\"https:\\\/\\\/www.tumblr.com\\\/truckonline\"]}]}<\/script>\n<!-- \/ Yoast SEO plugin. -->","yoast_head_json":{"title":"Probefahrt im neuen Actros | TruckOnline.de","description":"Im Daimlerblog habe ich einen Bericht \u00fcber eine Probefahrt im neuen Actros entdeckt. Dazu auch noch von einer Frau (Sabine) beschrieben ;-) . Die Fahrt","robots":{"index":"index","follow":"follow","max-snippet":"max-snippet:-1","max-image-preview":"max-image-preview:large","max-video-preview":"max-video-preview:-1"},"canonical":"https:\/\/truckonline.de\/blog\/2008\/05\/12\/probefahrt-im-neuen-actros\/","og_locale":"de_DE","og_type":"article","og_title":"Probefahrt im neuen Actros | TruckOnline.de","og_url":"https:\/\/truckonline.de\/blog\/2008\/05\/12\/probefahrt-im-neuen-actros\/","og_site_name":"TruckOnline.de","article_publisher":"https:\/\/www.facebook.com\/truckblog","article_author":"https:\/\/www.facebook.com\/truckblog","article_published_time":"2008-05-12T22:54:28+00:00","og_image":[{"width":2560,"height":1920,"url":"https:\/\/truckonline.de\/blog\/wp-content\/uploads\/2019\/12\/IMG_20191229_225424-scaled.jpg","type":"image\/jpeg"}],"author":"maik","twitter_card":"summary_large_image","twitter_creator":"@https:\/\/twitter.com\/truckblog","twitter_site":"@truckblog","twitter_misc":{"Verfasst von":"maik","Gesch\u00e4tzte Lesezeit":"1\u00a0Minute"},"schema":{"@context":"https:\/\/schema.org","@graph":[{"@type":"Article","@id":"https:\/\/truckonline.de\/blog\/2008\/05\/12\/probefahrt-im-neuen-actros\/#article","isPartOf":{"@id":"https:\/\/truckonline.de\/blog\/2008\/05\/12\/probefahrt-im-neuen-actros\/"},"author":{"name":"maik","@id":"https:\/\/truckonline.de\/blog\/#\/schema\/person\/4cb59b86ffde81f882f56439688fda19"},"headline":"Probefahrt im neuen Actros","datePublished":"2008-05-12T22:54:28+00:00","mainEntityOfPage":{"@id":"https:\/\/truckonline.de\/blog\/2008\/05\/12\/probefahrt-im-neuen-actros\/"},"wordCount":113,"commentCount":0,"publisher":{"@id":"https:\/\/truckonline.de\/blog\/#\/schema\/person\/4cb59b86ffde81f882f56439688fda19"},"keywords":["Actros","Mercedes","MP3"],"articleSection":["Lkw","World Wide Web"],"inLanguage":"de","potentialAction":[{"@type":"CommentAction","name":"Comment","target":["https:\/\/truckonline.de\/blog\/2008\/05\/12\/probefahrt-im-neuen-actros\/#respond"]}]},{"@type":"WebPage","@id":"https:\/\/truckonline.de\/blog\/2008\/05\/12\/probefahrt-im-neuen-actros\/","url":"https:\/\/truckonline.de\/blog\/2008\/05\/12\/probefahrt-im-neuen-actros\/","name":"Probefahrt im neuen Actros | TruckOnline.de","isPartOf":{"@id":"https:\/\/truckonline.de\/blog\/#website"},"datePublished":"2008-05-12T22:54:28+00:00","description":"Im Daimlerblog habe ich einen Bericht \u00fcber eine Probefahrt im neuen Actros entdeckt. Dazu auch noch von einer Frau (Sabine) beschrieben ;-) . Die Fahrt","breadcrumb":{"@id":"https:\/\/truckonline.de\/blog\/2008\/05\/12\/probefahrt-im-neuen-actros\/#breadcrumb"},"inLanguage":"de","potentialAction":[{"@type":"ReadAction","target":["https:\/\/truckonline.de\/blog\/2008\/05\/12\/probefahrt-im-neuen-actros\/"]}]},{"@type":"BreadcrumbList","@id":"https:\/\/truckonline.de\/blog\/2008\/05\/12\/probefahrt-im-neuen-actros\/#breadcrumb","itemListElement":[{"@type":"ListItem","position":1,"name":"Startseite","item":"https:\/\/truckonline.de\/blog\/"},{"@type":"ListItem","position":2,"name":"Probefahrt im neuen Actros"}]},{"@type":"WebSite","@id":"https:\/\/truckonline.de\/blog\/#website","url":"https:\/\/truckonline.de\/blog\/","name":"TruckOnline.de","description":"","publisher":{"@id":"https:\/\/truckonline.de\/blog\/#\/schema\/person\/4cb59b86ffde81f882f56439688fda19"},"potentialAction":[{"@type":"SearchAction","target":{"@type":"EntryPoint","urlTemplate":"https:\/\/truckonline.de\/blog\/?s={search_term_string}"},"query-input":{"@type":"PropertyValueSpecification","valueRequired":true,"valueName":"search_term_string"}}],"inLanguage":"de"},{"@type":["Person","Organization"],"@id":"https:\/\/truckonline.de\/blog\/#\/schema\/person\/4cb59b86ffde81f882f56439688fda19","name":"maik","image":{"@type":"ImageObject","inLanguage":"de","@id":"https:\/\/truckonline.de\/blog\/wp-content\/uploads\/2019\/12\/logoinnenweiss.png","url":"https:\/\/truckonline.de\/blog\/wp-content\/uploads\/2019\/12\/logoinnenweiss.png","contentUrl":"https:\/\/truckonline.de\/blog\/wp-content\/uploads\/2019\/12\/logoinnenweiss.png","width":733,"height":125,"caption":"maik"},"logo":{"@id":"https:\/\/truckonline.de\/blog\/wp-content\/uploads\/2019\/12\/logoinnenweiss.png"},"sameAs":["https:\/\/www.facebook.com\/truckblog","https:\/\/www.instagram.com\/truck_online\/","https:\/\/x.com\/https:\/\/twitter.com\/truckblog","https:\/\/www.youtube.com\/user\/truckonline","https:\/\/www.tumblr.com\/truckonline"]}]}},"_links":{"self":[{"href":"https:\/\/truckonline.de\/blog\/wp-json\/wp\/v2\/posts\/312","targetHints":{"allow":["GET"]}}],"collection":[{"href":"https:\/\/truckonline.de\/blog\/wp-json\/wp\/v2\/posts"}],"about":[{"href":"https:\/\/truckonline.de\/blog\/wp-json\/wp\/v2\/types\/post"}],"author":[{"embeddable":true,"href":"https:\/\/truckonline.de\/blog\/wp-json\/wp\/v2\/users\/3"}],"replies":[{"embeddable":true,"href":"https:\/\/truckonline.de\/blog\/wp-json\/wp\/v2\/comments?post=312"}],"version-history":[{"count":0,"href":"https:\/\/truckonline.de\/blog\/wp-json\/wp\/v2\/posts\/312\/revisions"}],"wp:attachment":[{"href":"https:\/\/truckonline.de\/blog\/wp-json\/wp\/v2\/media?parent=312"}],"wp:term":[{"taxonomy":"category","embeddable":true,"href":"https:\/\/truckonline.de\/blog\/wp-json\/wp\/v2\/categories?post=312"},{"taxonomy":"post_tag","embeddable":true,"href":"https:\/\/truckonline.de\/blog\/wp-json\/wp\/v2\/tags?post=312"}],"curies":[{"name":"wp","href":"https:\/\/api.w.org\/{rel}","templated":true}]}}