{"id":210,"date":"2008-02-28T22:13:28","date_gmt":"2008-02-28T22:13:28","guid":{"rendered":"https:\/\/truckonline.wordpress.com\/2008\/02\/28\/transitforum-austria\/"},"modified":"2008-02-28T22:13:28","modified_gmt":"2008-02-28T22:13:28","slug":"transitforum-austria","status":"publish","type":"post","link":"https:\/\/truckonline.de\/blog\/2008\/02\/28\/transitforum-austria\/","title":{"rendered":"Transitforum Austria"},"content":{"rendered":"<div class=\"entry\">In Tirol gibt es eine Aktionsgruppe, die sich \u201cTransitforum Austria &#8211; Tirol\u201d nennt. Dessen Vorsitzender, ein gewisser Fritz Gurgiser fordert nun ein komplettes Nachtfahrverbot f\u00fcr die Strecke von Rosenheim bis Verona.Nur, wer ist denn f\u00fcr diese angebliche \u201cLkw &#8211; Flut\u201d verantwortlich?<\/div>\n<div class=\"entry\">\nALLE &#8211; auch Personen wie ein Herr Gurgiser! Oder verspeist dieser Mensch etwa nur Nahrungsmittel aus seinem Tirol?Wohl kaum! Auch diese selbsternannten Transitgegner leben sehr gut vom Transitverkehr, auch wenn die es nicht wahrhaben wollen (oder d\u00fcrfen). Eines d\u00fcrfen die nicht vergessen: der Konsument ist es, der immer mehr und das immer mehr immer billiger m\u00f6chte.<\/div>\n<div class=\"entry\">\nAlso beschwert Euch nicht in Eurem Tirol \u00fcber den angeblich so b\u00f6sen Transitverkehr.<\/div>\n","protected":false},"excerpt":{"rendered":"<p>In Tirol gibt es eine Aktionsgruppe, die sich \u201cTransitforum Austria &#8211; Tirol\u201d nennt. Dessen Vorsitzender, ein gewisser Fritz Gurgiser fordert nun ein komplettes Nachtfahrverbot f\u00fcr&#8230;<\/p>\n<div class=\"more-link-wrapper\"><a class=\"more-link\" href=\"https:\/\/truckonline.de\/blog\/2008\/02\/28\/transitforum-austria\/\">Sie haben Ihr Ziel fast erreicht.<span class=\"screen-reader-text\">Transitforum Austria<\/span><\/a><\/div>\n","protected":false},"author":3,"featured_media":0,"comment_status":"open","ping_status":"open","sticky":false,"template":"","format":"standard","meta":{"iawp_total_views":0,"_metis_text_type":"","_metis_text_length":0,"_post_count":0,"footnotes":""},"categories":[593,185],"tags":[218,244,310,594,535,540],"class_list":["post-210","post","type-post","status-publish","format-standard","hentry","category-aergerliches","category-gedanken","tag-austria","tag-billiger","tag-forum","tag-oesterreich","tag-tirol","tag-transit","ratio-2-1","entry"],"yoast_head":"<!-- This site is optimized with the Yoast SEO plugin v27.5 - https:\/\/yoast.com\/product\/yoast-seo-wordpress\/ -->\n<title>Transitforum Austria | TruckOnline.de<\/title>\n<meta name=\"description\" content=\"In Tirol gibt es eine Aktionsgruppe, die sich \u201cTransitforum Austria - Tirol\u201d nennt. Dessen Vorsitzender, ein gewisser Fritz Gurgiser fordert nun ein\" \/>\n<meta name=\"robots\" content=\"index, follow, max-snippet:-1, max-image-preview:large, max-video-preview:-1\" \/>\n<link rel=\"canonical\" href=\"https:\/\/truckonline.de\/blog\/2008\/02\/28\/transitforum-austria\/\" \/>\n<meta property=\"og:locale\" content=\"de_DE\" \/>\n<meta property=\"og:type\" content=\"article\" \/>\n<meta property=\"og:title\" content=\"Transitforum Austria | TruckOnline.de\" \/>\n<meta property=\"og:url\" content=\"https:\/\/truckonline.de\/blog\/2008\/02\/28\/transitforum-austria\/\" \/>\n<meta property=\"og:site_name\" content=\"TruckOnline.de\" \/>\n<meta property=\"article:publisher\" content=\"https:\/\/www.facebook.com\/truckblog\" \/>\n<meta property=\"article:author\" content=\"https:\/\/www.facebook.com\/truckblog\" \/>\n<meta property=\"article:published_time\" content=\"2008-02-28T22:13:28+00:00\" \/>\n<meta property=\"og:image\" content=\"https:\/\/truckonline.de\/blog\/wp-content\/uploads\/2019\/12\/IMG_20191229_225424-scaled.jpg\" \/>\n\t<meta property=\"og:image:width\" content=\"2560\" \/>\n\t<meta property=\"og:image:height\" content=\"1920\" \/>\n\t<meta property=\"og:image:type\" content=\"image\/jpeg\" \/>\n<meta name=\"author\" content=\"maik\" \/>\n<meta name=\"twitter:card\" content=\"summary_large_image\" \/>\n<meta name=\"twitter:creator\" content=\"@https:\/\/twitter.com\/truckblog\" \/>\n<meta name=\"twitter:site\" content=\"@truckblog\" \/>\n<meta name=\"twitter:label1\" content=\"Verfasst von\" \/>\n\t<meta name=\"twitter:data1\" content=\"maik\" \/>\n\t<meta name=\"twitter:label2\" content=\"Gesch\u00e4tzte Lesezeit\" \/>\n\t<meta name=\"twitter:data2\" content=\"1\u00a0Minute\" \/>\n<script type=\"application\/ld+json\" class=\"yoast-schema-graph\">{\"@context\":\"https:\\\/\\\/schema.org\",\"@graph\":[{\"@type\":\"Article\",\"@id\":\"https:\\\/\\\/truckonline.de\\\/blog\\\/2008\\\/02\\\/28\\\/transitforum-austria\\\/#article\",\"isPartOf\":{\"@id\":\"https:\\\/\\\/truckonline.de\\\/blog\\\/2008\\\/02\\\/28\\\/transitforum-austria\\\/\"},\"author\":{\"name\":\"maik\",\"@id\":\"https:\\\/\\\/truckonline.de\\\/blog\\\/#\\\/schema\\\/person\\\/4cb59b86ffde81f882f56439688fda19\"},\"headline\":\"Transitforum Austria\",\"datePublished\":\"2008-02-28T22:13:28+00:00\",\"mainEntityOfPage\":{\"@id\":\"https:\\\/\\\/truckonline.de\\\/blog\\\/2008\\\/02\\\/28\\\/transitforum-austria\\\/\"},\"wordCount\":120,\"commentCount\":0,\"publisher\":{\"@id\":\"https:\\\/\\\/truckonline.de\\\/blog\\\/#\\\/schema\\\/person\\\/4cb59b86ffde81f882f56439688fda19\"},\"keywords\":[\"Austria\",\"billiger\",\"Forum\",\"\u00d6sterreich\",\"Tirol\",\"Transit\"],\"articleSection\":[\"\u00c4rgerliches\",\"Gedanken\"],\"inLanguage\":\"de\",\"potentialAction\":[{\"@type\":\"CommentAction\",\"name\":\"Comment\",\"target\":[\"https:\\\/\\\/truckonline.de\\\/blog\\\/2008\\\/02\\\/28\\\/transitforum-austria\\\/#respond\"]}]},{\"@type\":\"WebPage\",\"@id\":\"https:\\\/\\\/truckonline.de\\\/blog\\\/2008\\\/02\\\/28\\\/transitforum-austria\\\/\",\"url\":\"https:\\\/\\\/truckonline.de\\\/blog\\\/2008\\\/02\\\/28\\\/transitforum-austria\\\/\",\"name\":\"Transitforum Austria | TruckOnline.de\",\"isPartOf\":{\"@id\":\"https:\\\/\\\/truckonline.de\\\/blog\\\/#website\"},\"datePublished\":\"2008-02-28T22:13:28+00:00\",\"description\":\"In Tirol gibt es eine Aktionsgruppe, die sich \u201cTransitforum Austria - Tirol\u201d nennt. Dessen Vorsitzender, ein gewisser Fritz Gurgiser fordert nun ein\",\"breadcrumb\":{\"@id\":\"https:\\\/\\\/truckonline.de\\\/blog\\\/2008\\\/02\\\/28\\\/transitforum-austria\\\/#breadcrumb\"},\"inLanguage\":\"de\",\"potentialAction\":[{\"@type\":\"ReadAction\",\"target\":[\"https:\\\/\\\/truckonline.de\\\/blog\\\/2008\\\/02\\\/28\\\/transitforum-austria\\\/\"]}]},{\"@type\":\"BreadcrumbList\",\"@id\":\"https:\\\/\\\/truckonline.de\\\/blog\\\/2008\\\/02\\\/28\\\/transitforum-austria\\\/#breadcrumb\",\"itemListElement\":[{\"@type\":\"ListItem\",\"position\":1,\"name\":\"Startseite\",\"item\":\"https:\\\/\\\/truckonline.de\\\/blog\\\/\"},{\"@type\":\"ListItem\",\"position\":2,\"name\":\"Transitforum Austria\"}]},{\"@type\":\"WebSite\",\"@id\":\"https:\\\/\\\/truckonline.de\\\/blog\\\/#website\",\"url\":\"https:\\\/\\\/truckonline.de\\\/blog\\\/\",\"name\":\"TruckOnline.de\",\"description\":\"\",\"publisher\":{\"@id\":\"https:\\\/\\\/truckonline.de\\\/blog\\\/#\\\/schema\\\/person\\\/4cb59b86ffde81f882f56439688fda19\"},\"potentialAction\":[{\"@type\":\"SearchAction\",\"target\":{\"@type\":\"EntryPoint\",\"urlTemplate\":\"https:\\\/\\\/truckonline.de\\\/blog\\\/?s={search_term_string}\"},\"query-input\":{\"@type\":\"PropertyValueSpecification\",\"valueRequired\":true,\"valueName\":\"search_term_string\"}}],\"inLanguage\":\"de\"},{\"@type\":[\"Person\",\"Organization\"],\"@id\":\"https:\\\/\\\/truckonline.de\\\/blog\\\/#\\\/schema\\\/person\\\/4cb59b86ffde81f882f56439688fda19\",\"name\":\"maik\",\"image\":{\"@type\":\"ImageObject\",\"inLanguage\":\"de\",\"@id\":\"https:\\\/\\\/truckonline.de\\\/blog\\\/wp-content\\\/uploads\\\/2019\\\/12\\\/logoinnenweiss.png\",\"url\":\"https:\\\/\\\/truckonline.de\\\/blog\\\/wp-content\\\/uploads\\\/2019\\\/12\\\/logoinnenweiss.png\",\"contentUrl\":\"https:\\\/\\\/truckonline.de\\\/blog\\\/wp-content\\\/uploads\\\/2019\\\/12\\\/logoinnenweiss.png\",\"width\":733,\"height\":125,\"caption\":\"maik\"},\"logo\":{\"@id\":\"https:\\\/\\\/truckonline.de\\\/blog\\\/wp-content\\\/uploads\\\/2019\\\/12\\\/logoinnenweiss.png\"},\"sameAs\":[\"https:\\\/\\\/www.facebook.com\\\/truckblog\",\"https:\\\/\\\/www.instagram.com\\\/truck_online\\\/\",\"https:\\\/\\\/x.com\\\/https:\\\/\\\/twitter.com\\\/truckblog\",\"https:\\\/\\\/www.youtube.com\\\/user\\\/truckonline\",\"https:\\\/\\\/www.tumblr.com\\\/truckonline\"]}]}<\/script>\n<!-- \/ Yoast SEO plugin. -->","yoast_head_json":{"title":"Transitforum Austria | TruckOnline.de","description":"In Tirol gibt es eine Aktionsgruppe, die sich \u201cTransitforum Austria - Tirol\u201d nennt. Dessen Vorsitzender, ein gewisser Fritz Gurgiser fordert nun ein","robots":{"index":"index","follow":"follow","max-snippet":"max-snippet:-1","max-image-preview":"max-image-preview:large","max-video-preview":"max-video-preview:-1"},"canonical":"https:\/\/truckonline.de\/blog\/2008\/02\/28\/transitforum-austria\/","og_locale":"de_DE","og_type":"article","og_title":"Transitforum Austria | TruckOnline.de","og_url":"https:\/\/truckonline.de\/blog\/2008\/02\/28\/transitforum-austria\/","og_site_name":"TruckOnline.de","article_publisher":"https:\/\/www.facebook.com\/truckblog","article_author":"https:\/\/www.facebook.com\/truckblog","article_published_time":"2008-02-28T22:13:28+00:00","og_image":[{"width":2560,"height":1920,"url":"https:\/\/truckonline.de\/blog\/wp-content\/uploads\/2019\/12\/IMG_20191229_225424-scaled.jpg","type":"image\/jpeg"}],"author":"maik","twitter_card":"summary_large_image","twitter_creator":"@https:\/\/twitter.com\/truckblog","twitter_site":"@truckblog","twitter_misc":{"Verfasst von":"maik","Gesch\u00e4tzte Lesezeit":"1\u00a0Minute"},"schema":{"@context":"https:\/\/schema.org","@graph":[{"@type":"Article","@id":"https:\/\/truckonline.de\/blog\/2008\/02\/28\/transitforum-austria\/#article","isPartOf":{"@id":"https:\/\/truckonline.de\/blog\/2008\/02\/28\/transitforum-austria\/"},"author":{"name":"maik","@id":"https:\/\/truckonline.de\/blog\/#\/schema\/person\/4cb59b86ffde81f882f56439688fda19"},"headline":"Transitforum Austria","datePublished":"2008-02-28T22:13:28+00:00","mainEntityOfPage":{"@id":"https:\/\/truckonline.de\/blog\/2008\/02\/28\/transitforum-austria\/"},"wordCount":120,"commentCount":0,"publisher":{"@id":"https:\/\/truckonline.de\/blog\/#\/schema\/person\/4cb59b86ffde81f882f56439688fda19"},"keywords":["Austria","billiger","Forum","\u00d6sterreich","Tirol","Transit"],"articleSection":["\u00c4rgerliches","Gedanken"],"inLanguage":"de","potentialAction":[{"@type":"CommentAction","name":"Comment","target":["https:\/\/truckonline.de\/blog\/2008\/02\/28\/transitforum-austria\/#respond"]}]},{"@type":"WebPage","@id":"https:\/\/truckonline.de\/blog\/2008\/02\/28\/transitforum-austria\/","url":"https:\/\/truckonline.de\/blog\/2008\/02\/28\/transitforum-austria\/","name":"Transitforum Austria | TruckOnline.de","isPartOf":{"@id":"https:\/\/truckonline.de\/blog\/#website"},"datePublished":"2008-02-28T22:13:28+00:00","description":"In Tirol gibt es eine Aktionsgruppe, die sich \u201cTransitforum Austria - Tirol\u201d nennt. Dessen Vorsitzender, ein gewisser Fritz Gurgiser fordert nun ein","breadcrumb":{"@id":"https:\/\/truckonline.de\/blog\/2008\/02\/28\/transitforum-austria\/#breadcrumb"},"inLanguage":"de","potentialAction":[{"@type":"ReadAction","target":["https:\/\/truckonline.de\/blog\/2008\/02\/28\/transitforum-austria\/"]}]},{"@type":"BreadcrumbList","@id":"https:\/\/truckonline.de\/blog\/2008\/02\/28\/transitforum-austria\/#breadcrumb","itemListElement":[{"@type":"ListItem","position":1,"name":"Startseite","item":"https:\/\/truckonline.de\/blog\/"},{"@type":"ListItem","position":2,"name":"Transitforum Austria"}]},{"@type":"WebSite","@id":"https:\/\/truckonline.de\/blog\/#website","url":"https:\/\/truckonline.de\/blog\/","name":"TruckOnline.de","description":"","publisher":{"@id":"https:\/\/truckonline.de\/blog\/#\/schema\/person\/4cb59b86ffde81f882f56439688fda19"},"potentialAction":[{"@type":"SearchAction","target":{"@type":"EntryPoint","urlTemplate":"https:\/\/truckonline.de\/blog\/?s={search_term_string}"},"query-input":{"@type":"PropertyValueSpecification","valueRequired":true,"valueName":"search_term_string"}}],"inLanguage":"de"},{"@type":["Person","Organization"],"@id":"https:\/\/truckonline.de\/blog\/#\/schema\/person\/4cb59b86ffde81f882f56439688fda19","name":"maik","image":{"@type":"ImageObject","inLanguage":"de","@id":"https:\/\/truckonline.de\/blog\/wp-content\/uploads\/2019\/12\/logoinnenweiss.png","url":"https:\/\/truckonline.de\/blog\/wp-content\/uploads\/2019\/12\/logoinnenweiss.png","contentUrl":"https:\/\/truckonline.de\/blog\/wp-content\/uploads\/2019\/12\/logoinnenweiss.png","width":733,"height":125,"caption":"maik"},"logo":{"@id":"https:\/\/truckonline.de\/blog\/wp-content\/uploads\/2019\/12\/logoinnenweiss.png"},"sameAs":["https:\/\/www.facebook.com\/truckblog","https:\/\/www.instagram.com\/truck_online\/","https:\/\/x.com\/https:\/\/twitter.com\/truckblog","https:\/\/www.youtube.com\/user\/truckonline","https:\/\/www.tumblr.com\/truckonline"]}]}},"_links":{"self":[{"href":"https:\/\/truckonline.de\/blog\/wp-json\/wp\/v2\/posts\/210","targetHints":{"allow":["GET"]}}],"collection":[{"href":"https:\/\/truckonline.de\/blog\/wp-json\/wp\/v2\/posts"}],"about":[{"href":"https:\/\/truckonline.de\/blog\/wp-json\/wp\/v2\/types\/post"}],"author":[{"embeddable":true,"href":"https:\/\/truckonline.de\/blog\/wp-json\/wp\/v2\/users\/3"}],"replies":[{"embeddable":true,"href":"https:\/\/truckonline.de\/blog\/wp-json\/wp\/v2\/comments?post=210"}],"version-history":[{"count":0,"href":"https:\/\/truckonline.de\/blog\/wp-json\/wp\/v2\/posts\/210\/revisions"}],"wp:attachment":[{"href":"https:\/\/truckonline.de\/blog\/wp-json\/wp\/v2\/media?parent=210"}],"wp:term":[{"taxonomy":"category","embeddable":true,"href":"https:\/\/truckonline.de\/blog\/wp-json\/wp\/v2\/categories?post=210"},{"taxonomy":"post_tag","embeddable":true,"href":"https:\/\/truckonline.de\/blog\/wp-json\/wp\/v2\/tags?post=210"}],"curies":[{"name":"wp","href":"https:\/\/api.w.org\/{rel}","templated":true}]}}