{"id":1800,"date":"2011-05-29T17:34:38","date_gmt":"2011-05-29T15:34:38","guid":{"rendered":"https:\/\/truckonline.de\/blog\/?p=1800"},"modified":"2011-05-29T17:34:38","modified_gmt":"2011-05-29T15:34:38","slug":"die-schoene-welt-der-paketdienste","status":"publish","type":"post","link":"https:\/\/truckonline.de\/blog\/2011\/05\/29\/die-schoene-welt-der-paketdienste\/","title":{"rendered":"Die sch\u00f6ne Welt der Paketdienste"},"content":{"rendered":"<p>Und das ist &#8211; sagen wir mal &#8211; Werner. Werner darf unter keinen Umst\u00e4nden erkannt werden. Er ist einer von 10.000 Zustellern, die im echten Leben f\u00fcr die Hermes Logistik Gruppe Pakete ausfahren. Werner steht f\u00fcr viele Fahrer, die wir bei unseren Recherchen in dieser Branche getroffen haben. Er arbeitet f\u00fcr, aber nicht bei Hermes &#8211; fast wie ein kleiner Unternehmer, auf eigenes Risiko, bezahlt pro Paket.<\/p>\n<p>Weiter <a href=\"https:\/\/www.wdr.de\/tv\/monitor\/sendungen\/2011\/0127\/hermes.php5\">>>><\/a><\/p>\n<p>Weiterer Link: <a href=\"https:\/\/www.ruinierte-subunternehmer.de\/\">Der Otto &#038; Hermes Skandal<\/a><\/p>\n","protected":false},"excerpt":{"rendered":"<p>Und das ist &#8211; sagen wir mal &#8211; Werner. Werner darf unter keinen Umst\u00e4nden erkannt werden. Er ist einer von 10.000 Zustellern, die im echten&#8230;<\/p>\n<div class=\"more-link-wrapper\"><a class=\"more-link\" href=\"https:\/\/truckonline.de\/blog\/2011\/05\/29\/die-schoene-welt-der-paketdienste\/\">Sie haben Ihr Ziel fast erreicht.<span class=\"screen-reader-text\">Die sch\u00f6ne Welt der Paketdienste<\/span><\/a><\/div>\n","protected":false},"author":3,"featured_media":0,"comment_status":"open","ping_status":"open","sticky":false,"template":"","format":"standard","meta":{"iawp_total_views":1,"_metis_text_type":"","_metis_text_length":0,"_post_count":0,"footnotes":""},"categories":[13,21],"tags":[1499,1498],"class_list":["post-1800","post","type-post","status-publish","format-standard","hentry","category-firmen","category-links-world-wide-web","tag-hermes","tag-paketdienst","ratio-2-1","entry"],"yoast_head":"<!-- This site is optimized with the Yoast SEO plugin v27.4 - https:\/\/yoast.com\/product\/yoast-seo-wordpress\/ -->\n<title>Die sch\u00f6ne Welt der Paketdienste | TruckOnline.de<\/title>\n<meta name=\"description\" content=\"Und das ist - sagen wir mal - Werner. Werner darf unter keinen Umst\u00e4nden erkannt werden. Er ist einer von 10.000 Zustellern, die im echten Leben f\u00fcr die\" \/>\n<meta name=\"robots\" content=\"index, follow, max-snippet:-1, max-image-preview:large, max-video-preview:-1\" \/>\n<link rel=\"canonical\" href=\"https:\/\/truckonline.de\/blog\/2011\/05\/29\/die-schoene-welt-der-paketdienste\/\" \/>\n<meta property=\"og:locale\" content=\"de_DE\" \/>\n<meta property=\"og:type\" content=\"article\" \/>\n<meta property=\"og:title\" content=\"Die sch\u00f6ne Welt der Paketdienste | TruckOnline.de\" \/>\n<meta property=\"og:url\" content=\"https:\/\/truckonline.de\/blog\/2011\/05\/29\/die-schoene-welt-der-paketdienste\/\" \/>\n<meta property=\"og:site_name\" content=\"TruckOnline.de\" \/>\n<meta property=\"article:publisher\" content=\"https:\/\/www.facebook.com\/truckblog\" \/>\n<meta property=\"article:author\" content=\"https:\/\/www.facebook.com\/truckblog\" \/>\n<meta property=\"article:published_time\" content=\"2011-05-29T15:34:38+00:00\" \/>\n<meta property=\"og:image\" content=\"https:\/\/truckonline.de\/blog\/wp-content\/uploads\/2019\/12\/IMG_20191229_225424-scaled.jpg\" \/>\n\t<meta property=\"og:image:width\" content=\"2560\" \/>\n\t<meta property=\"og:image:height\" content=\"1920\" \/>\n\t<meta property=\"og:image:type\" content=\"image\/jpeg\" \/>\n<meta name=\"author\" content=\"maik\" \/>\n<meta name=\"twitter:card\" content=\"summary_large_image\" \/>\n<meta name=\"twitter:creator\" content=\"@https:\/\/twitter.com\/truckblog\" \/>\n<meta name=\"twitter:site\" content=\"@truckblog\" \/>\n<meta name=\"twitter:label1\" content=\"Verfasst von\" \/>\n\t<meta name=\"twitter:data1\" content=\"maik\" \/>\n<script type=\"application\/ld+json\" class=\"yoast-schema-graph\">{\"@context\":\"https:\\\/\\\/schema.org\",\"@graph\":[{\"@type\":\"Article\",\"@id\":\"https:\\\/\\\/truckonline.de\\\/blog\\\/2011\\\/05\\\/29\\\/die-schoene-welt-der-paketdienste\\\/#article\",\"isPartOf\":{\"@id\":\"https:\\\/\\\/truckonline.de\\\/blog\\\/2011\\\/05\\\/29\\\/die-schoene-welt-der-paketdienste\\\/\"},\"author\":{\"name\":\"maik\",\"@id\":\"https:\\\/\\\/truckonline.de\\\/blog\\\/#\\\/schema\\\/person\\\/4cb59b86ffde81f882f56439688fda19\"},\"headline\":\"Die sch\u00f6ne Welt der Paketdienste\",\"datePublished\":\"2011-05-29T15:34:38+00:00\",\"mainEntityOfPage\":{\"@id\":\"https:\\\/\\\/truckonline.de\\\/blog\\\/2011\\\/05\\\/29\\\/die-schoene-welt-der-paketdienste\\\/\"},\"wordCount\":83,\"commentCount\":4,\"publisher\":{\"@id\":\"https:\\\/\\\/truckonline.de\\\/blog\\\/#\\\/schema\\\/person\\\/4cb59b86ffde81f882f56439688fda19\"},\"keywords\":[\"Hermes\",\"Paketdienst\"],\"articleSection\":[\"Firmen\",\"Links\"],\"inLanguage\":\"de\",\"potentialAction\":[{\"@type\":\"CommentAction\",\"name\":\"Comment\",\"target\":[\"https:\\\/\\\/truckonline.de\\\/blog\\\/2011\\\/05\\\/29\\\/die-schoene-welt-der-paketdienste\\\/#respond\"]}]},{\"@type\":\"WebPage\",\"@id\":\"https:\\\/\\\/truckonline.de\\\/blog\\\/2011\\\/05\\\/29\\\/die-schoene-welt-der-paketdienste\\\/\",\"url\":\"https:\\\/\\\/truckonline.de\\\/blog\\\/2011\\\/05\\\/29\\\/die-schoene-welt-der-paketdienste\\\/\",\"name\":\"Die sch\u00f6ne Welt der Paketdienste | TruckOnline.de\",\"isPartOf\":{\"@id\":\"https:\\\/\\\/truckonline.de\\\/blog\\\/#website\"},\"datePublished\":\"2011-05-29T15:34:38+00:00\",\"description\":\"Und das ist - sagen wir mal - Werner. Werner darf unter keinen Umst\u00e4nden erkannt werden. Er ist einer von 10.000 Zustellern, die im echten Leben f\u00fcr die\",\"breadcrumb\":{\"@id\":\"https:\\\/\\\/truckonline.de\\\/blog\\\/2011\\\/05\\\/29\\\/die-schoene-welt-der-paketdienste\\\/#breadcrumb\"},\"inLanguage\":\"de\",\"potentialAction\":[{\"@type\":\"ReadAction\",\"target\":[\"https:\\\/\\\/truckonline.de\\\/blog\\\/2011\\\/05\\\/29\\\/die-schoene-welt-der-paketdienste\\\/\"]}]},{\"@type\":\"BreadcrumbList\",\"@id\":\"https:\\\/\\\/truckonline.de\\\/blog\\\/2011\\\/05\\\/29\\\/die-schoene-welt-der-paketdienste\\\/#breadcrumb\",\"itemListElement\":[{\"@type\":\"ListItem\",\"position\":1,\"name\":\"Startseite\",\"item\":\"https:\\\/\\\/truckonline.de\\\/blog\\\/\"},{\"@type\":\"ListItem\",\"position\":2,\"name\":\"Die sch\u00f6ne Welt der Paketdienste\"}]},{\"@type\":\"WebSite\",\"@id\":\"https:\\\/\\\/truckonline.de\\\/blog\\\/#website\",\"url\":\"https:\\\/\\\/truckonline.de\\\/blog\\\/\",\"name\":\"TruckOnline.de\",\"description\":\"\",\"publisher\":{\"@id\":\"https:\\\/\\\/truckonline.de\\\/blog\\\/#\\\/schema\\\/person\\\/4cb59b86ffde81f882f56439688fda19\"},\"potentialAction\":[{\"@type\":\"SearchAction\",\"target\":{\"@type\":\"EntryPoint\",\"urlTemplate\":\"https:\\\/\\\/truckonline.de\\\/blog\\\/?s={search_term_string}\"},\"query-input\":{\"@type\":\"PropertyValueSpecification\",\"valueRequired\":true,\"valueName\":\"search_term_string\"}}],\"inLanguage\":\"de\"},{\"@type\":[\"Person\",\"Organization\"],\"@id\":\"https:\\\/\\\/truckonline.de\\\/blog\\\/#\\\/schema\\\/person\\\/4cb59b86ffde81f882f56439688fda19\",\"name\":\"maik\",\"image\":{\"@type\":\"ImageObject\",\"inLanguage\":\"de\",\"@id\":\"https:\\\/\\\/truckonline.de\\\/blog\\\/wp-content\\\/uploads\\\/2019\\\/12\\\/logoinnenweiss.png\",\"url\":\"https:\\\/\\\/truckonline.de\\\/blog\\\/wp-content\\\/uploads\\\/2019\\\/12\\\/logoinnenweiss.png\",\"contentUrl\":\"https:\\\/\\\/truckonline.de\\\/blog\\\/wp-content\\\/uploads\\\/2019\\\/12\\\/logoinnenweiss.png\",\"width\":733,\"height\":125,\"caption\":\"maik\"},\"logo\":{\"@id\":\"https:\\\/\\\/truckonline.de\\\/blog\\\/wp-content\\\/uploads\\\/2019\\\/12\\\/logoinnenweiss.png\"},\"sameAs\":[\"https:\\\/\\\/www.facebook.com\\\/truckblog\",\"https:\\\/\\\/www.instagram.com\\\/truck_online\\\/\",\"https:\\\/\\\/x.com\\\/https:\\\/\\\/twitter.com\\\/truckblog\",\"https:\\\/\\\/www.youtube.com\\\/user\\\/truckonline\",\"https:\\\/\\\/www.tumblr.com\\\/truckonline\"]}]}<\/script>\n<!-- \/ Yoast SEO plugin. -->","yoast_head_json":{"title":"Die sch\u00f6ne Welt der Paketdienste | TruckOnline.de","description":"Und das ist - sagen wir mal - Werner. Werner darf unter keinen Umst\u00e4nden erkannt werden. Er ist einer von 10.000 Zustellern, die im echten Leben f\u00fcr die","robots":{"index":"index","follow":"follow","max-snippet":"max-snippet:-1","max-image-preview":"max-image-preview:large","max-video-preview":"max-video-preview:-1"},"canonical":"https:\/\/truckonline.de\/blog\/2011\/05\/29\/die-schoene-welt-der-paketdienste\/","og_locale":"de_DE","og_type":"article","og_title":"Die sch\u00f6ne Welt der Paketdienste | TruckOnline.de","og_url":"https:\/\/truckonline.de\/blog\/2011\/05\/29\/die-schoene-welt-der-paketdienste\/","og_site_name":"TruckOnline.de","article_publisher":"https:\/\/www.facebook.com\/truckblog","article_author":"https:\/\/www.facebook.com\/truckblog","article_published_time":"2011-05-29T15:34:38+00:00","og_image":[{"width":2560,"height":1920,"url":"https:\/\/truckonline.de\/blog\/wp-content\/uploads\/2019\/12\/IMG_20191229_225424-scaled.jpg","type":"image\/jpeg"}],"author":"maik","twitter_card":"summary_large_image","twitter_creator":"@https:\/\/twitter.com\/truckblog","twitter_site":"@truckblog","twitter_misc":{"Verfasst von":"maik"},"schema":{"@context":"https:\/\/schema.org","@graph":[{"@type":"Article","@id":"https:\/\/truckonline.de\/blog\/2011\/05\/29\/die-schoene-welt-der-paketdienste\/#article","isPartOf":{"@id":"https:\/\/truckonline.de\/blog\/2011\/05\/29\/die-schoene-welt-der-paketdienste\/"},"author":{"name":"maik","@id":"https:\/\/truckonline.de\/blog\/#\/schema\/person\/4cb59b86ffde81f882f56439688fda19"},"headline":"Die sch\u00f6ne Welt der Paketdienste","datePublished":"2011-05-29T15:34:38+00:00","mainEntityOfPage":{"@id":"https:\/\/truckonline.de\/blog\/2011\/05\/29\/die-schoene-welt-der-paketdienste\/"},"wordCount":83,"commentCount":4,"publisher":{"@id":"https:\/\/truckonline.de\/blog\/#\/schema\/person\/4cb59b86ffde81f882f56439688fda19"},"keywords":["Hermes","Paketdienst"],"articleSection":["Firmen","Links"],"inLanguage":"de","potentialAction":[{"@type":"CommentAction","name":"Comment","target":["https:\/\/truckonline.de\/blog\/2011\/05\/29\/die-schoene-welt-der-paketdienste\/#respond"]}]},{"@type":"WebPage","@id":"https:\/\/truckonline.de\/blog\/2011\/05\/29\/die-schoene-welt-der-paketdienste\/","url":"https:\/\/truckonline.de\/blog\/2011\/05\/29\/die-schoene-welt-der-paketdienste\/","name":"Die sch\u00f6ne Welt der Paketdienste | TruckOnline.de","isPartOf":{"@id":"https:\/\/truckonline.de\/blog\/#website"},"datePublished":"2011-05-29T15:34:38+00:00","description":"Und das ist - sagen wir mal - Werner. Werner darf unter keinen Umst\u00e4nden erkannt werden. Er ist einer von 10.000 Zustellern, die im echten Leben f\u00fcr die","breadcrumb":{"@id":"https:\/\/truckonline.de\/blog\/2011\/05\/29\/die-schoene-welt-der-paketdienste\/#breadcrumb"},"inLanguage":"de","potentialAction":[{"@type":"ReadAction","target":["https:\/\/truckonline.de\/blog\/2011\/05\/29\/die-schoene-welt-der-paketdienste\/"]}]},{"@type":"BreadcrumbList","@id":"https:\/\/truckonline.de\/blog\/2011\/05\/29\/die-schoene-welt-der-paketdienste\/#breadcrumb","itemListElement":[{"@type":"ListItem","position":1,"name":"Startseite","item":"https:\/\/truckonline.de\/blog\/"},{"@type":"ListItem","position":2,"name":"Die sch\u00f6ne Welt der Paketdienste"}]},{"@type":"WebSite","@id":"https:\/\/truckonline.de\/blog\/#website","url":"https:\/\/truckonline.de\/blog\/","name":"TruckOnline.de","description":"","publisher":{"@id":"https:\/\/truckonline.de\/blog\/#\/schema\/person\/4cb59b86ffde81f882f56439688fda19"},"potentialAction":[{"@type":"SearchAction","target":{"@type":"EntryPoint","urlTemplate":"https:\/\/truckonline.de\/blog\/?s={search_term_string}"},"query-input":{"@type":"PropertyValueSpecification","valueRequired":true,"valueName":"search_term_string"}}],"inLanguage":"de"},{"@type":["Person","Organization"],"@id":"https:\/\/truckonline.de\/blog\/#\/schema\/person\/4cb59b86ffde81f882f56439688fda19","name":"maik","image":{"@type":"ImageObject","inLanguage":"de","@id":"https:\/\/truckonline.de\/blog\/wp-content\/uploads\/2019\/12\/logoinnenweiss.png","url":"https:\/\/truckonline.de\/blog\/wp-content\/uploads\/2019\/12\/logoinnenweiss.png","contentUrl":"https:\/\/truckonline.de\/blog\/wp-content\/uploads\/2019\/12\/logoinnenweiss.png","width":733,"height":125,"caption":"maik"},"logo":{"@id":"https:\/\/truckonline.de\/blog\/wp-content\/uploads\/2019\/12\/logoinnenweiss.png"},"sameAs":["https:\/\/www.facebook.com\/truckblog","https:\/\/www.instagram.com\/truck_online\/","https:\/\/x.com\/https:\/\/twitter.com\/truckblog","https:\/\/www.youtube.com\/user\/truckonline","https:\/\/www.tumblr.com\/truckonline"]}]}},"_links":{"self":[{"href":"https:\/\/truckonline.de\/blog\/wp-json\/wp\/v2\/posts\/1800","targetHints":{"allow":["GET"]}}],"collection":[{"href":"https:\/\/truckonline.de\/blog\/wp-json\/wp\/v2\/posts"}],"about":[{"href":"https:\/\/truckonline.de\/blog\/wp-json\/wp\/v2\/types\/post"}],"author":[{"embeddable":true,"href":"https:\/\/truckonline.de\/blog\/wp-json\/wp\/v2\/users\/3"}],"replies":[{"embeddable":true,"href":"https:\/\/truckonline.de\/blog\/wp-json\/wp\/v2\/comments?post=1800"}],"version-history":[{"count":0,"href":"https:\/\/truckonline.de\/blog\/wp-json\/wp\/v2\/posts\/1800\/revisions"}],"wp:attachment":[{"href":"https:\/\/truckonline.de\/blog\/wp-json\/wp\/v2\/media?parent=1800"}],"wp:term":[{"taxonomy":"category","embeddable":true,"href":"https:\/\/truckonline.de\/blog\/wp-json\/wp\/v2\/categories?post=1800"},{"taxonomy":"post_tag","embeddable":true,"href":"https:\/\/truckonline.de\/blog\/wp-json\/wp\/v2\/tags?post=1800"}],"curies":[{"name":"wp","href":"https:\/\/api.w.org\/{rel}","templated":true}]}}