{"id":1723,"date":"2011-03-14T02:10:42","date_gmt":"2011-03-14T01:10:42","guid":{"rendered":"https:\/\/truckonline.de\/blog\/?p=1723"},"modified":"2011-03-14T11:49:57","modified_gmt":"2011-03-14T10:49:57","slug":"immer-schoen-sachlich-bleiben","status":"publish","type":"post","link":"https:\/\/truckonline.de\/blog\/2011\/03\/14\/immer-schoen-sachlich-bleiben\/","title":{"rendered":"Immer sch\u00f6n sachlich bleiben"},"content":{"rendered":"<p>Von einigen Ausnahmen abgesehen, kommentiere ich in anderen Blogs relativ selten. Wenn ich etwas mitteilen m\u00f6chte, bin ich eh meist zu sp\u00e4t. So haben andere meine Meinung bereits oft zu der Ihrigen  gemacht und sind mir zuvor gekommen. Warum also soll ich mich dann wiederholen.<br \/>\nDazu kommt: Besonders bei vielen Kommentaren beginnen Diskussionen, die mit dem eigentlichen Thema des Beitrages nichts mehr zu tun haben. Auch das <em>schreckt<\/em> mich ab.<\/p>\n<p>Wenn ich aber schon mal <a href=\"https:\/\/alex-kempe.de\/allgemein\/ich-wurde-oft-gefragt\/#comment-1493\">irgendwo<\/a> einen Kommentar hinterlasse, kann dieser auch mal etwas grantiger ausfallen. Warum auch nicht. Wer nicht auf meiner Linie bloggt, bekommt Gegenwind. Daf\u00fcr sind Antworten doch gedacht. Oder?<br \/>\nWer das nicht will, soll diese Kommentarfunktion abstellen. Das geht ganz einfach &#8211; zwei Klicks gen\u00fcgen. Kommentare aber einfach abw\u00fcrgen und den Schreiber als unqualifiziert zu beschimpfen, gef\u00e4llt mir nicht.<\/p>\n<p><img decoding=\"async\" src=\"https:\/\/www.truckonline.de\/bilder\/schoenwetterblogkl.jpg\" alt=\"Ein Schoenwetterblog\" \/><\/p>\n<p>Klar. Dummheit findet immer wieder statt. Bei jedem von uns. Dieses &#8222;Wer im Glashaus sitzt&#8230;&#8220; schenke ich mir jetzt. Nur wer &#8211; wie <a href=\"https:\/\/alex-kempe.de\/category\/blog\/\">der<\/a> hier &#8211; einen &#8222;kleinen Knigge f\u00fcr Kommentatoren&#8220; <a href=\"https:\/\/alex-kempe.de\/blog\/kleiner-knigge-fur-kommentatoren\/\">erstellt<\/a> und selber wie die Sau durch&#8217;s Gew\u00e4chshaus <a href=\"https:\/\/alex-kempe.de\/allgemein\/ich-wurde-oft-gefragt\/\">jagt<\/a>, macht sich unglaubw\u00fcrdig.<\/p>\n<p>Jeder darf in seinem Blog denken, toben, l\u00e4stern. Das mache ich ja auch. Und es soll auch jeder Publikum sperren d\u00fcrfen, welches p\u00f6belt und sich verbal erleichtert. Nur dann aber mit ehrlichen Argumenten. <\/p>\n","protected":false},"excerpt":{"rendered":"<p>Von einigen Ausnahmen abgesehen, kommentiere ich in anderen Blogs relativ selten. Wenn ich etwas mitteilen m\u00f6chte, bin ich eh meist zu sp\u00e4t. So haben andere&#8230;<\/p>\n<div class=\"more-link-wrapper\"><a class=\"more-link\" href=\"https:\/\/truckonline.de\/blog\/2011\/03\/14\/immer-schoen-sachlich-bleiben\/\">Sie haben Ihr Ziel fast erreicht.<span class=\"screen-reader-text\">Immer sch\u00f6n sachlich bleiben<\/span><\/a><\/div>\n","protected":false},"author":3,"featured_media":0,"comment_status":"open","ping_status":"open","sticky":false,"template":"","format":"standard","meta":{"iawp_total_views":0,"_metis_text_type":"","_metis_text_length":0,"_post_count":0,"footnotes":""},"categories":[593,3,20],"tags":[1208,1280],"class_list":["post-1723","post","type-post","status-publish","format-standard","hentry","category-aergerliches","category-internes","category-world-wide-web","tag-blogs","tag-kommentare","ratio-2-1","entry"],"yoast_head":"<!-- This site is optimized with the Yoast SEO plugin v27.4 - https:\/\/yoast.com\/product\/yoast-seo-wordpress\/ -->\n<title>Immer sch\u00f6n sachlich bleiben | TruckOnline.de<\/title>\n<meta name=\"description\" content=\"Von einigen Ausnahmen abgesehen, kommentiere ich in anderen Blogs relativ selten. Wenn ich etwas mitteilen m\u00f6chte, bin ich eh meist zu sp\u00e4t. So haben\" \/>\n<meta name=\"robots\" content=\"index, follow, max-snippet:-1, max-image-preview:large, max-video-preview:-1\" \/>\n<link rel=\"canonical\" href=\"https:\/\/truckonline.de\/blog\/2011\/03\/14\/immer-schoen-sachlich-bleiben\/\" \/>\n<meta property=\"og:locale\" content=\"de_DE\" \/>\n<meta property=\"og:type\" content=\"article\" \/>\n<meta property=\"og:title\" content=\"Immer sch\u00f6n sachlich bleiben | TruckOnline.de\" \/>\n<meta property=\"og:url\" content=\"https:\/\/truckonline.de\/blog\/2011\/03\/14\/immer-schoen-sachlich-bleiben\/\" \/>\n<meta property=\"og:site_name\" content=\"TruckOnline.de\" \/>\n<meta property=\"article:publisher\" content=\"https:\/\/www.facebook.com\/truckblog\" \/>\n<meta property=\"article:author\" content=\"https:\/\/www.facebook.com\/truckblog\" \/>\n<meta property=\"article:published_time\" content=\"2011-03-14T01:10:42+00:00\" \/>\n<meta property=\"article:modified_time\" content=\"2011-03-14T10:49:57+00:00\" \/>\n<meta property=\"og:image\" content=\"https:\/\/www.truckonline.de\/bilder\/schoenwetterblogkl.jpg\" \/>\n<meta name=\"author\" content=\"maik\" \/>\n<meta name=\"twitter:card\" content=\"summary_large_image\" \/>\n<meta name=\"twitter:creator\" content=\"@https:\/\/twitter.com\/truckblog\" \/>\n<meta name=\"twitter:site\" content=\"@truckblog\" \/>\n<meta name=\"twitter:label1\" content=\"Verfasst von\" \/>\n\t<meta name=\"twitter:data1\" content=\"maik\" \/>\n\t<meta name=\"twitter:label2\" content=\"Gesch\u00e4tzte Lesezeit\" \/>\n\t<meta name=\"twitter:data2\" content=\"1\u00a0Minute\" \/>\n<script type=\"application\/ld+json\" class=\"yoast-schema-graph\">{\"@context\":\"https:\\\/\\\/schema.org\",\"@graph\":[{\"@type\":\"Article\",\"@id\":\"https:\\\/\\\/truckonline.de\\\/blog\\\/2011\\\/03\\\/14\\\/immer-schoen-sachlich-bleiben\\\/#article\",\"isPartOf\":{\"@id\":\"https:\\\/\\\/truckonline.de\\\/blog\\\/2011\\\/03\\\/14\\\/immer-schoen-sachlich-bleiben\\\/\"},\"author\":{\"name\":\"maik\",\"@id\":\"https:\\\/\\\/truckonline.de\\\/blog\\\/#\\\/schema\\\/person\\\/4cb59b86ffde81f882f56439688fda19\"},\"headline\":\"Immer sch\u00f6n sachlich bleiben\",\"datePublished\":\"2011-03-14T01:10:42+00:00\",\"dateModified\":\"2011-03-14T10:49:57+00:00\",\"mainEntityOfPage\":{\"@id\":\"https:\\\/\\\/truckonline.de\\\/blog\\\/2011\\\/03\\\/14\\\/immer-schoen-sachlich-bleiben\\\/\"},\"wordCount\":227,\"commentCount\":27,\"publisher\":{\"@id\":\"https:\\\/\\\/truckonline.de\\\/blog\\\/#\\\/schema\\\/person\\\/4cb59b86ffde81f882f56439688fda19\"},\"image\":{\"@id\":\"https:\\\/\\\/truckonline.de\\\/blog\\\/2011\\\/03\\\/14\\\/immer-schoen-sachlich-bleiben\\\/#primaryimage\"},\"thumbnailUrl\":\"https:\\\/\\\/www.truckonline.de\\\/bilder\\\/schoenwetterblogkl.jpg\",\"keywords\":[\"Blogs\",\"Kommentare\"],\"articleSection\":[\"\u00c4rgerliches\",\"Internes\",\"World Wide Web\"],\"inLanguage\":\"de\",\"potentialAction\":[{\"@type\":\"CommentAction\",\"name\":\"Comment\",\"target\":[\"https:\\\/\\\/truckonline.de\\\/blog\\\/2011\\\/03\\\/14\\\/immer-schoen-sachlich-bleiben\\\/#respond\"]}]},{\"@type\":\"WebPage\",\"@id\":\"https:\\\/\\\/truckonline.de\\\/blog\\\/2011\\\/03\\\/14\\\/immer-schoen-sachlich-bleiben\\\/\",\"url\":\"https:\\\/\\\/truckonline.de\\\/blog\\\/2011\\\/03\\\/14\\\/immer-schoen-sachlich-bleiben\\\/\",\"name\":\"Immer sch\u00f6n sachlich bleiben | TruckOnline.de\",\"isPartOf\":{\"@id\":\"https:\\\/\\\/truckonline.de\\\/blog\\\/#website\"},\"primaryImageOfPage\":{\"@id\":\"https:\\\/\\\/truckonline.de\\\/blog\\\/2011\\\/03\\\/14\\\/immer-schoen-sachlich-bleiben\\\/#primaryimage\"},\"image\":{\"@id\":\"https:\\\/\\\/truckonline.de\\\/blog\\\/2011\\\/03\\\/14\\\/immer-schoen-sachlich-bleiben\\\/#primaryimage\"},\"thumbnailUrl\":\"https:\\\/\\\/www.truckonline.de\\\/bilder\\\/schoenwetterblogkl.jpg\",\"datePublished\":\"2011-03-14T01:10:42+00:00\",\"dateModified\":\"2011-03-14T10:49:57+00:00\",\"description\":\"Von einigen Ausnahmen abgesehen, kommentiere ich in anderen Blogs relativ selten. Wenn ich etwas mitteilen m\u00f6chte, bin ich eh meist zu sp\u00e4t. So haben\",\"breadcrumb\":{\"@id\":\"https:\\\/\\\/truckonline.de\\\/blog\\\/2011\\\/03\\\/14\\\/immer-schoen-sachlich-bleiben\\\/#breadcrumb\"},\"inLanguage\":\"de\",\"potentialAction\":[{\"@type\":\"ReadAction\",\"target\":[\"https:\\\/\\\/truckonline.de\\\/blog\\\/2011\\\/03\\\/14\\\/immer-schoen-sachlich-bleiben\\\/\"]}]},{\"@type\":\"ImageObject\",\"inLanguage\":\"de\",\"@id\":\"https:\\\/\\\/truckonline.de\\\/blog\\\/2011\\\/03\\\/14\\\/immer-schoen-sachlich-bleiben\\\/#primaryimage\",\"url\":\"https:\\\/\\\/www.truckonline.de\\\/bilder\\\/schoenwetterblogkl.jpg\",\"contentUrl\":\"https:\\\/\\\/www.truckonline.de\\\/bilder\\\/schoenwetterblogkl.jpg\"},{\"@type\":\"BreadcrumbList\",\"@id\":\"https:\\\/\\\/truckonline.de\\\/blog\\\/2011\\\/03\\\/14\\\/immer-schoen-sachlich-bleiben\\\/#breadcrumb\",\"itemListElement\":[{\"@type\":\"ListItem\",\"position\":1,\"name\":\"Startseite\",\"item\":\"https:\\\/\\\/truckonline.de\\\/blog\\\/\"},{\"@type\":\"ListItem\",\"position\":2,\"name\":\"Immer sch\u00f6n sachlich bleiben\"}]},{\"@type\":\"WebSite\",\"@id\":\"https:\\\/\\\/truckonline.de\\\/blog\\\/#website\",\"url\":\"https:\\\/\\\/truckonline.de\\\/blog\\\/\",\"name\":\"TruckOnline.de\",\"description\":\"\",\"publisher\":{\"@id\":\"https:\\\/\\\/truckonline.de\\\/blog\\\/#\\\/schema\\\/person\\\/4cb59b86ffde81f882f56439688fda19\"},\"potentialAction\":[{\"@type\":\"SearchAction\",\"target\":{\"@type\":\"EntryPoint\",\"urlTemplate\":\"https:\\\/\\\/truckonline.de\\\/blog\\\/?s={search_term_string}\"},\"query-input\":{\"@type\":\"PropertyValueSpecification\",\"valueRequired\":true,\"valueName\":\"search_term_string\"}}],\"inLanguage\":\"de\"},{\"@type\":[\"Person\",\"Organization\"],\"@id\":\"https:\\\/\\\/truckonline.de\\\/blog\\\/#\\\/schema\\\/person\\\/4cb59b86ffde81f882f56439688fda19\",\"name\":\"maik\",\"image\":{\"@type\":\"ImageObject\",\"inLanguage\":\"de\",\"@id\":\"https:\\\/\\\/truckonline.de\\\/blog\\\/wp-content\\\/uploads\\\/2019\\\/12\\\/logoinnenweiss.png\",\"url\":\"https:\\\/\\\/truckonline.de\\\/blog\\\/wp-content\\\/uploads\\\/2019\\\/12\\\/logoinnenweiss.png\",\"contentUrl\":\"https:\\\/\\\/truckonline.de\\\/blog\\\/wp-content\\\/uploads\\\/2019\\\/12\\\/logoinnenweiss.png\",\"width\":733,\"height\":125,\"caption\":\"maik\"},\"logo\":{\"@id\":\"https:\\\/\\\/truckonline.de\\\/blog\\\/wp-content\\\/uploads\\\/2019\\\/12\\\/logoinnenweiss.png\"},\"sameAs\":[\"https:\\\/\\\/www.facebook.com\\\/truckblog\",\"https:\\\/\\\/www.instagram.com\\\/truck_online\\\/\",\"https:\\\/\\\/x.com\\\/https:\\\/\\\/twitter.com\\\/truckblog\",\"https:\\\/\\\/www.youtube.com\\\/user\\\/truckonline\",\"https:\\\/\\\/www.tumblr.com\\\/truckonline\"]}]}<\/script>\n<!-- \/ Yoast SEO plugin. -->","yoast_head_json":{"title":"Immer sch\u00f6n sachlich bleiben | TruckOnline.de","description":"Von einigen Ausnahmen abgesehen, kommentiere ich in anderen Blogs relativ selten. Wenn ich etwas mitteilen m\u00f6chte, bin ich eh meist zu sp\u00e4t. So haben","robots":{"index":"index","follow":"follow","max-snippet":"max-snippet:-1","max-image-preview":"max-image-preview:large","max-video-preview":"max-video-preview:-1"},"canonical":"https:\/\/truckonline.de\/blog\/2011\/03\/14\/immer-schoen-sachlich-bleiben\/","og_locale":"de_DE","og_type":"article","og_title":"Immer sch\u00f6n sachlich bleiben | TruckOnline.de","og_url":"https:\/\/truckonline.de\/blog\/2011\/03\/14\/immer-schoen-sachlich-bleiben\/","og_site_name":"TruckOnline.de","article_publisher":"https:\/\/www.facebook.com\/truckblog","article_author":"https:\/\/www.facebook.com\/truckblog","article_published_time":"2011-03-14T01:10:42+00:00","article_modified_time":"2011-03-14T10:49:57+00:00","og_image":[{"url":"https:\/\/www.truckonline.de\/bilder\/schoenwetterblogkl.jpg","type":"","width":"","height":""}],"author":"maik","twitter_card":"summary_large_image","twitter_creator":"@https:\/\/twitter.com\/truckblog","twitter_site":"@truckblog","twitter_misc":{"Verfasst von":"maik","Gesch\u00e4tzte Lesezeit":"1\u00a0Minute"},"schema":{"@context":"https:\/\/schema.org","@graph":[{"@type":"Article","@id":"https:\/\/truckonline.de\/blog\/2011\/03\/14\/immer-schoen-sachlich-bleiben\/#article","isPartOf":{"@id":"https:\/\/truckonline.de\/blog\/2011\/03\/14\/immer-schoen-sachlich-bleiben\/"},"author":{"name":"maik","@id":"https:\/\/truckonline.de\/blog\/#\/schema\/person\/4cb59b86ffde81f882f56439688fda19"},"headline":"Immer sch\u00f6n sachlich bleiben","datePublished":"2011-03-14T01:10:42+00:00","dateModified":"2011-03-14T10:49:57+00:00","mainEntityOfPage":{"@id":"https:\/\/truckonline.de\/blog\/2011\/03\/14\/immer-schoen-sachlich-bleiben\/"},"wordCount":227,"commentCount":27,"publisher":{"@id":"https:\/\/truckonline.de\/blog\/#\/schema\/person\/4cb59b86ffde81f882f56439688fda19"},"image":{"@id":"https:\/\/truckonline.de\/blog\/2011\/03\/14\/immer-schoen-sachlich-bleiben\/#primaryimage"},"thumbnailUrl":"https:\/\/www.truckonline.de\/bilder\/schoenwetterblogkl.jpg","keywords":["Blogs","Kommentare"],"articleSection":["\u00c4rgerliches","Internes","World Wide Web"],"inLanguage":"de","potentialAction":[{"@type":"CommentAction","name":"Comment","target":["https:\/\/truckonline.de\/blog\/2011\/03\/14\/immer-schoen-sachlich-bleiben\/#respond"]}]},{"@type":"WebPage","@id":"https:\/\/truckonline.de\/blog\/2011\/03\/14\/immer-schoen-sachlich-bleiben\/","url":"https:\/\/truckonline.de\/blog\/2011\/03\/14\/immer-schoen-sachlich-bleiben\/","name":"Immer sch\u00f6n sachlich bleiben | TruckOnline.de","isPartOf":{"@id":"https:\/\/truckonline.de\/blog\/#website"},"primaryImageOfPage":{"@id":"https:\/\/truckonline.de\/blog\/2011\/03\/14\/immer-schoen-sachlich-bleiben\/#primaryimage"},"image":{"@id":"https:\/\/truckonline.de\/blog\/2011\/03\/14\/immer-schoen-sachlich-bleiben\/#primaryimage"},"thumbnailUrl":"https:\/\/www.truckonline.de\/bilder\/schoenwetterblogkl.jpg","datePublished":"2011-03-14T01:10:42+00:00","dateModified":"2011-03-14T10:49:57+00:00","description":"Von einigen Ausnahmen abgesehen, kommentiere ich in anderen Blogs relativ selten. Wenn ich etwas mitteilen m\u00f6chte, bin ich eh meist zu sp\u00e4t. So haben","breadcrumb":{"@id":"https:\/\/truckonline.de\/blog\/2011\/03\/14\/immer-schoen-sachlich-bleiben\/#breadcrumb"},"inLanguage":"de","potentialAction":[{"@type":"ReadAction","target":["https:\/\/truckonline.de\/blog\/2011\/03\/14\/immer-schoen-sachlich-bleiben\/"]}]},{"@type":"ImageObject","inLanguage":"de","@id":"https:\/\/truckonline.de\/blog\/2011\/03\/14\/immer-schoen-sachlich-bleiben\/#primaryimage","url":"https:\/\/www.truckonline.de\/bilder\/schoenwetterblogkl.jpg","contentUrl":"https:\/\/www.truckonline.de\/bilder\/schoenwetterblogkl.jpg"},{"@type":"BreadcrumbList","@id":"https:\/\/truckonline.de\/blog\/2011\/03\/14\/immer-schoen-sachlich-bleiben\/#breadcrumb","itemListElement":[{"@type":"ListItem","position":1,"name":"Startseite","item":"https:\/\/truckonline.de\/blog\/"},{"@type":"ListItem","position":2,"name":"Immer sch\u00f6n sachlich bleiben"}]},{"@type":"WebSite","@id":"https:\/\/truckonline.de\/blog\/#website","url":"https:\/\/truckonline.de\/blog\/","name":"TruckOnline.de","description":"","publisher":{"@id":"https:\/\/truckonline.de\/blog\/#\/schema\/person\/4cb59b86ffde81f882f56439688fda19"},"potentialAction":[{"@type":"SearchAction","target":{"@type":"EntryPoint","urlTemplate":"https:\/\/truckonline.de\/blog\/?s={search_term_string}"},"query-input":{"@type":"PropertyValueSpecification","valueRequired":true,"valueName":"search_term_string"}}],"inLanguage":"de"},{"@type":["Person","Organization"],"@id":"https:\/\/truckonline.de\/blog\/#\/schema\/person\/4cb59b86ffde81f882f56439688fda19","name":"maik","image":{"@type":"ImageObject","inLanguage":"de","@id":"https:\/\/truckonline.de\/blog\/wp-content\/uploads\/2019\/12\/logoinnenweiss.png","url":"https:\/\/truckonline.de\/blog\/wp-content\/uploads\/2019\/12\/logoinnenweiss.png","contentUrl":"https:\/\/truckonline.de\/blog\/wp-content\/uploads\/2019\/12\/logoinnenweiss.png","width":733,"height":125,"caption":"maik"},"logo":{"@id":"https:\/\/truckonline.de\/blog\/wp-content\/uploads\/2019\/12\/logoinnenweiss.png"},"sameAs":["https:\/\/www.facebook.com\/truckblog","https:\/\/www.instagram.com\/truck_online\/","https:\/\/x.com\/https:\/\/twitter.com\/truckblog","https:\/\/www.youtube.com\/user\/truckonline","https:\/\/www.tumblr.com\/truckonline"]}]}},"_links":{"self":[{"href":"https:\/\/truckonline.de\/blog\/wp-json\/wp\/v2\/posts\/1723","targetHints":{"allow":["GET"]}}],"collection":[{"href":"https:\/\/truckonline.de\/blog\/wp-json\/wp\/v2\/posts"}],"about":[{"href":"https:\/\/truckonline.de\/blog\/wp-json\/wp\/v2\/types\/post"}],"author":[{"embeddable":true,"href":"https:\/\/truckonline.de\/blog\/wp-json\/wp\/v2\/users\/3"}],"replies":[{"embeddable":true,"href":"https:\/\/truckonline.de\/blog\/wp-json\/wp\/v2\/comments?post=1723"}],"version-history":[{"count":0,"href":"https:\/\/truckonline.de\/blog\/wp-json\/wp\/v2\/posts\/1723\/revisions"}],"wp:attachment":[{"href":"https:\/\/truckonline.de\/blog\/wp-json\/wp\/v2\/media?parent=1723"}],"wp:term":[{"taxonomy":"category","embeddable":true,"href":"https:\/\/truckonline.de\/blog\/wp-json\/wp\/v2\/categories?post=1723"},{"taxonomy":"post_tag","embeddable":true,"href":"https:\/\/truckonline.de\/blog\/wp-json\/wp\/v2\/tags?post=1723"}],"curies":[{"name":"wp","href":"https:\/\/api.w.org\/{rel}","templated":true}]}}