{"id":1655,"date":"2011-01-12T04:34:40","date_gmt":"2011-01-12T03:34:40","guid":{"rendered":"https:\/\/truckonline.de\/blog\/?p=1655"},"modified":"2011-01-11T23:14:57","modified_gmt":"2011-01-11T22:14:57","slug":"zwischen-entspannung-und-amok","status":"publish","type":"post","link":"https:\/\/truckonline.de\/blog\/2011\/01\/12\/zwischen-entspannung-und-amok\/","title":{"rendered":"Zwischen Entspannung und Amok"},"content":{"rendered":"<p>Die A 5 zwischen Frankfurt und Basel ist eigentlich eine sch\u00f6ne Autobahn. Kerzengerade schl\u00e4ngelt sich diese Strasse zum gro\u00dfen Teil am Rhein entlang. Es gibt keine Berge, nicht einmal H\u00fcgel &#8211; somit ideal geeignet f\u00fcr den Tempomat.<br \/>\nDas Teil einmal eingestellt, rollt man wunderbar dahin. Aus dem Radio blubbert Wohlf\u00fchlmusik, die Gedanken schweifen ab.<\/p>\n<p>F\u00e4hrt man auf einem langsameren <em>Verkehrsteilnehmer<\/em> auf, wird die Geschwindigkeit etwas zur\u00fcck gedreht. Auf Teilst\u00fccken, wo ich \u00fcberholen darf, wage ich es auch. Logisch. Es ist ja erlaubt. Und doch gibt es Situationen, in denen meine Gedanken Amok laufen&#8230;<\/p>\n<p>Gestern fahre ich mit gem\u00fctlichen 87 Sachen gen S\u00fcden &#8211; die rechte Spur sprichw\u00f6rtlich frei bis zum Horizont. Ich lasse Bruchsal hinter mir, Karlsruhe und schlie\u00dflich Baden &#8211; Baden. Dann passiert das unbegreifliche: Kaum verbietet man mir das \u00fcberholen, f\u00e4hrt ein <a href=\"https:\/\/www.markgraefler-land.com\/\">markgr\u00e4fler<\/a> Rumpelsack vor mir.<br \/>\nDas f\u00fcr sich alleine ist ja nicht schlimm. Da fahre ich halt hinterher.<\/p>\n<p>\u00dcbel wird es aber, wenn dieser Vordermann einen nerv\u00f6sen Fu\u00df hat. Von neunzig Sachen geht es runter auf f\u00fcnfundsiebzig. Dann wieder rauf auf etwas \u00fcber achtzig. Dann ist auch das zu schnell, also wird wieder gebremst.<br \/>\nEin entspanntes Fahren ist da nicht m\u00f6glich. Schlie\u00dflich ist man selber nur am Gasgeben und Bremsen. Selbst der Abstand passt regelm\u00e4\u00dfig nicht.<\/p>\n<p><img decoding=\"async\" src=\"https:\/\/www.truckonline.de\/bilder\/wenneinerkeinefestegeschwindigkeitfahrenkann.jpg\" alt=\"Nerv\u00f6ser Fuss\" \/><\/p>\n<p>Ja. Solche Leute regen mich auf. Vor jedem Rasthof hoffe ich, dass die abfahren. Aber Fehlanzeige. Gestern bin ich dann runter von der Bahn &#8211; zwei Minuten gewartet und schon war mein innerer Frieden wieder hergestellt. Na ja. Zumindest einigermassen.<\/p>\n","protected":false},"excerpt":{"rendered":"<p>Die A 5 zwischen Frankfurt und Basel ist eigentlich eine sch\u00f6ne Autobahn. Kerzengerade schl\u00e4ngelt sich diese Strasse zum gro\u00dfen Teil am Rhein entlang. Es gibt&#8230;<\/p>\n<div class=\"more-link-wrapper\"><a class=\"more-link\" href=\"https:\/\/truckonline.de\/blog\/2011\/01\/12\/zwischen-entspannung-und-amok\/\">Sie haben Ihr Ziel fast erreicht.<span class=\"screen-reader-text\">Zwischen Entspannung und Amok<\/span><\/a><\/div>\n","protected":false},"author":3,"featured_media":0,"comment_status":"open","ping_status":"open","sticky":false,"template":"","format":"standard","meta":{"iawp_total_views":1,"_metis_text_type":"","_metis_text_length":0,"_post_count":0,"footnotes":""},"categories":[593,37,24],"tags":[19,903],"class_list":["post-1655","post","type-post","status-publish","format-standard","hentry","category-aergerliches","category-strassen","category-unterwegs","tag-autobahn","tag-ueberholen","ratio-2-1","entry"],"yoast_head":"<!-- This site is optimized with the Yoast SEO plugin v27.5 - https:\/\/yoast.com\/product\/yoast-seo-wordpress\/ -->\n<title>Zwischen Entspannung und Amok | TruckOnline.de<\/title>\n<meta name=\"description\" content=\"Die A 5 zwischen Frankfurt und Basel ist eigentlich eine sch\u00f6ne Autobahn. Kerzengerade schl\u00e4ngelt sich diese Strasse zum gro\u00dfen Teil am Rhein entlang. Es\" \/>\n<meta name=\"robots\" content=\"index, follow, max-snippet:-1, max-image-preview:large, max-video-preview:-1\" \/>\n<link rel=\"canonical\" href=\"https:\/\/truckonline.de\/blog\/2011\/01\/12\/zwischen-entspannung-und-amok\/\" \/>\n<meta property=\"og:locale\" content=\"de_DE\" \/>\n<meta property=\"og:type\" content=\"article\" \/>\n<meta property=\"og:title\" content=\"Zwischen Entspannung und Amok | TruckOnline.de\" \/>\n<meta property=\"og:url\" content=\"https:\/\/truckonline.de\/blog\/2011\/01\/12\/zwischen-entspannung-und-amok\/\" \/>\n<meta property=\"og:site_name\" content=\"TruckOnline.de\" \/>\n<meta property=\"article:publisher\" content=\"https:\/\/www.facebook.com\/truckblog\" \/>\n<meta property=\"article:author\" content=\"https:\/\/www.facebook.com\/truckblog\" \/>\n<meta property=\"article:published_time\" content=\"2011-01-12T03:34:40+00:00\" \/>\n<meta property=\"og:image\" content=\"https:\/\/www.truckonline.de\/bilder\/wenneinerkeinefestegeschwindigkeitfahrenkann.jpg\" \/>\n<meta name=\"author\" content=\"maik\" \/>\n<meta name=\"twitter:card\" content=\"summary_large_image\" \/>\n<meta name=\"twitter:creator\" content=\"@https:\/\/twitter.com\/truckblog\" \/>\n<meta name=\"twitter:site\" content=\"@truckblog\" \/>\n<meta name=\"twitter:label1\" content=\"Verfasst von\" \/>\n\t<meta name=\"twitter:data1\" content=\"maik\" \/>\n\t<meta name=\"twitter:label2\" content=\"Gesch\u00e4tzte Lesezeit\" \/>\n\t<meta name=\"twitter:data2\" content=\"1\u00a0Minute\" \/>\n<script type=\"application\/ld+json\" class=\"yoast-schema-graph\">{\"@context\":\"https:\\\/\\\/schema.org\",\"@graph\":[{\"@type\":\"Article\",\"@id\":\"https:\\\/\\\/truckonline.de\\\/blog\\\/2011\\\/01\\\/12\\\/zwischen-entspannung-und-amok\\\/#article\",\"isPartOf\":{\"@id\":\"https:\\\/\\\/truckonline.de\\\/blog\\\/2011\\\/01\\\/12\\\/zwischen-entspannung-und-amok\\\/\"},\"author\":{\"name\":\"maik\",\"@id\":\"https:\\\/\\\/truckonline.de\\\/blog\\\/#\\\/schema\\\/person\\\/4cb59b86ffde81f882f56439688fda19\"},\"headline\":\"Zwischen Entspannung und Amok\",\"datePublished\":\"2011-01-12T03:34:40+00:00\",\"mainEntityOfPage\":{\"@id\":\"https:\\\/\\\/truckonline.de\\\/blog\\\/2011\\\/01\\\/12\\\/zwischen-entspannung-und-amok\\\/\"},\"wordCount\":272,\"commentCount\":9,\"publisher\":{\"@id\":\"https:\\\/\\\/truckonline.de\\\/blog\\\/#\\\/schema\\\/person\\\/4cb59b86ffde81f882f56439688fda19\"},\"image\":{\"@id\":\"https:\\\/\\\/truckonline.de\\\/blog\\\/2011\\\/01\\\/12\\\/zwischen-entspannung-und-amok\\\/#primaryimage\"},\"thumbnailUrl\":\"https:\\\/\\\/www.truckonline.de\\\/bilder\\\/wenneinerkeinefestegeschwindigkeitfahrenkann.jpg\",\"keywords\":[\"Autobahn\",\"\u00dcberholen\"],\"articleSection\":[\"\u00c4rgerliches\",\"Strassen\",\"Unterwegs\"],\"inLanguage\":\"de\",\"potentialAction\":[{\"@type\":\"CommentAction\",\"name\":\"Comment\",\"target\":[\"https:\\\/\\\/truckonline.de\\\/blog\\\/2011\\\/01\\\/12\\\/zwischen-entspannung-und-amok\\\/#respond\"]}]},{\"@type\":\"WebPage\",\"@id\":\"https:\\\/\\\/truckonline.de\\\/blog\\\/2011\\\/01\\\/12\\\/zwischen-entspannung-und-amok\\\/\",\"url\":\"https:\\\/\\\/truckonline.de\\\/blog\\\/2011\\\/01\\\/12\\\/zwischen-entspannung-und-amok\\\/\",\"name\":\"Zwischen Entspannung und Amok | TruckOnline.de\",\"isPartOf\":{\"@id\":\"https:\\\/\\\/truckonline.de\\\/blog\\\/#website\"},\"primaryImageOfPage\":{\"@id\":\"https:\\\/\\\/truckonline.de\\\/blog\\\/2011\\\/01\\\/12\\\/zwischen-entspannung-und-amok\\\/#primaryimage\"},\"image\":{\"@id\":\"https:\\\/\\\/truckonline.de\\\/blog\\\/2011\\\/01\\\/12\\\/zwischen-entspannung-und-amok\\\/#primaryimage\"},\"thumbnailUrl\":\"https:\\\/\\\/www.truckonline.de\\\/bilder\\\/wenneinerkeinefestegeschwindigkeitfahrenkann.jpg\",\"datePublished\":\"2011-01-12T03:34:40+00:00\",\"description\":\"Die A 5 zwischen Frankfurt und Basel ist eigentlich eine sch\u00f6ne Autobahn. Kerzengerade schl\u00e4ngelt sich diese Strasse zum gro\u00dfen Teil am Rhein entlang. Es\",\"breadcrumb\":{\"@id\":\"https:\\\/\\\/truckonline.de\\\/blog\\\/2011\\\/01\\\/12\\\/zwischen-entspannung-und-amok\\\/#breadcrumb\"},\"inLanguage\":\"de\",\"potentialAction\":[{\"@type\":\"ReadAction\",\"target\":[\"https:\\\/\\\/truckonline.de\\\/blog\\\/2011\\\/01\\\/12\\\/zwischen-entspannung-und-amok\\\/\"]}]},{\"@type\":\"ImageObject\",\"inLanguage\":\"de\",\"@id\":\"https:\\\/\\\/truckonline.de\\\/blog\\\/2011\\\/01\\\/12\\\/zwischen-entspannung-und-amok\\\/#primaryimage\",\"url\":\"https:\\\/\\\/www.truckonline.de\\\/bilder\\\/wenneinerkeinefestegeschwindigkeitfahrenkann.jpg\",\"contentUrl\":\"https:\\\/\\\/www.truckonline.de\\\/bilder\\\/wenneinerkeinefestegeschwindigkeitfahrenkann.jpg\"},{\"@type\":\"BreadcrumbList\",\"@id\":\"https:\\\/\\\/truckonline.de\\\/blog\\\/2011\\\/01\\\/12\\\/zwischen-entspannung-und-amok\\\/#breadcrumb\",\"itemListElement\":[{\"@type\":\"ListItem\",\"position\":1,\"name\":\"Startseite\",\"item\":\"https:\\\/\\\/truckonline.de\\\/blog\\\/\"},{\"@type\":\"ListItem\",\"position\":2,\"name\":\"Zwischen Entspannung und Amok\"}]},{\"@type\":\"WebSite\",\"@id\":\"https:\\\/\\\/truckonline.de\\\/blog\\\/#website\",\"url\":\"https:\\\/\\\/truckonline.de\\\/blog\\\/\",\"name\":\"TruckOnline.de\",\"description\":\"\",\"publisher\":{\"@id\":\"https:\\\/\\\/truckonline.de\\\/blog\\\/#\\\/schema\\\/person\\\/4cb59b86ffde81f882f56439688fda19\"},\"potentialAction\":[{\"@type\":\"SearchAction\",\"target\":{\"@type\":\"EntryPoint\",\"urlTemplate\":\"https:\\\/\\\/truckonline.de\\\/blog\\\/?s={search_term_string}\"},\"query-input\":{\"@type\":\"PropertyValueSpecification\",\"valueRequired\":true,\"valueName\":\"search_term_string\"}}],\"inLanguage\":\"de\"},{\"@type\":[\"Person\",\"Organization\"],\"@id\":\"https:\\\/\\\/truckonline.de\\\/blog\\\/#\\\/schema\\\/person\\\/4cb59b86ffde81f882f56439688fda19\",\"name\":\"maik\",\"image\":{\"@type\":\"ImageObject\",\"inLanguage\":\"de\",\"@id\":\"https:\\\/\\\/truckonline.de\\\/blog\\\/wp-content\\\/uploads\\\/2019\\\/12\\\/logoinnenweiss.png\",\"url\":\"https:\\\/\\\/truckonline.de\\\/blog\\\/wp-content\\\/uploads\\\/2019\\\/12\\\/logoinnenweiss.png\",\"contentUrl\":\"https:\\\/\\\/truckonline.de\\\/blog\\\/wp-content\\\/uploads\\\/2019\\\/12\\\/logoinnenweiss.png\",\"width\":733,\"height\":125,\"caption\":\"maik\"},\"logo\":{\"@id\":\"https:\\\/\\\/truckonline.de\\\/blog\\\/wp-content\\\/uploads\\\/2019\\\/12\\\/logoinnenweiss.png\"},\"sameAs\":[\"https:\\\/\\\/www.facebook.com\\\/truckblog\",\"https:\\\/\\\/www.instagram.com\\\/truck_online\\\/\",\"https:\\\/\\\/x.com\\\/https:\\\/\\\/twitter.com\\\/truckblog\",\"https:\\\/\\\/www.youtube.com\\\/user\\\/truckonline\",\"https:\\\/\\\/www.tumblr.com\\\/truckonline\"]}]}<\/script>\n<!-- \/ Yoast SEO plugin. -->","yoast_head_json":{"title":"Zwischen Entspannung und Amok | TruckOnline.de","description":"Die A 5 zwischen Frankfurt und Basel ist eigentlich eine sch\u00f6ne Autobahn. Kerzengerade schl\u00e4ngelt sich diese Strasse zum gro\u00dfen Teil am Rhein entlang. Es","robots":{"index":"index","follow":"follow","max-snippet":"max-snippet:-1","max-image-preview":"max-image-preview:large","max-video-preview":"max-video-preview:-1"},"canonical":"https:\/\/truckonline.de\/blog\/2011\/01\/12\/zwischen-entspannung-und-amok\/","og_locale":"de_DE","og_type":"article","og_title":"Zwischen Entspannung und Amok | TruckOnline.de","og_url":"https:\/\/truckonline.de\/blog\/2011\/01\/12\/zwischen-entspannung-und-amok\/","og_site_name":"TruckOnline.de","article_publisher":"https:\/\/www.facebook.com\/truckblog","article_author":"https:\/\/www.facebook.com\/truckblog","article_published_time":"2011-01-12T03:34:40+00:00","og_image":[{"url":"https:\/\/www.truckonline.de\/bilder\/wenneinerkeinefestegeschwindigkeitfahrenkann.jpg","type":"","width":"","height":""}],"author":"maik","twitter_card":"summary_large_image","twitter_creator":"@https:\/\/twitter.com\/truckblog","twitter_site":"@truckblog","twitter_misc":{"Verfasst von":"maik","Gesch\u00e4tzte Lesezeit":"1\u00a0Minute"},"schema":{"@context":"https:\/\/schema.org","@graph":[{"@type":"Article","@id":"https:\/\/truckonline.de\/blog\/2011\/01\/12\/zwischen-entspannung-und-amok\/#article","isPartOf":{"@id":"https:\/\/truckonline.de\/blog\/2011\/01\/12\/zwischen-entspannung-und-amok\/"},"author":{"name":"maik","@id":"https:\/\/truckonline.de\/blog\/#\/schema\/person\/4cb59b86ffde81f882f56439688fda19"},"headline":"Zwischen Entspannung und Amok","datePublished":"2011-01-12T03:34:40+00:00","mainEntityOfPage":{"@id":"https:\/\/truckonline.de\/blog\/2011\/01\/12\/zwischen-entspannung-und-amok\/"},"wordCount":272,"commentCount":9,"publisher":{"@id":"https:\/\/truckonline.de\/blog\/#\/schema\/person\/4cb59b86ffde81f882f56439688fda19"},"image":{"@id":"https:\/\/truckonline.de\/blog\/2011\/01\/12\/zwischen-entspannung-und-amok\/#primaryimage"},"thumbnailUrl":"https:\/\/www.truckonline.de\/bilder\/wenneinerkeinefestegeschwindigkeitfahrenkann.jpg","keywords":["Autobahn","\u00dcberholen"],"articleSection":["\u00c4rgerliches","Strassen","Unterwegs"],"inLanguage":"de","potentialAction":[{"@type":"CommentAction","name":"Comment","target":["https:\/\/truckonline.de\/blog\/2011\/01\/12\/zwischen-entspannung-und-amok\/#respond"]}]},{"@type":"WebPage","@id":"https:\/\/truckonline.de\/blog\/2011\/01\/12\/zwischen-entspannung-und-amok\/","url":"https:\/\/truckonline.de\/blog\/2011\/01\/12\/zwischen-entspannung-und-amok\/","name":"Zwischen Entspannung und Amok | TruckOnline.de","isPartOf":{"@id":"https:\/\/truckonline.de\/blog\/#website"},"primaryImageOfPage":{"@id":"https:\/\/truckonline.de\/blog\/2011\/01\/12\/zwischen-entspannung-und-amok\/#primaryimage"},"image":{"@id":"https:\/\/truckonline.de\/blog\/2011\/01\/12\/zwischen-entspannung-und-amok\/#primaryimage"},"thumbnailUrl":"https:\/\/www.truckonline.de\/bilder\/wenneinerkeinefestegeschwindigkeitfahrenkann.jpg","datePublished":"2011-01-12T03:34:40+00:00","description":"Die A 5 zwischen Frankfurt und Basel ist eigentlich eine sch\u00f6ne Autobahn. Kerzengerade schl\u00e4ngelt sich diese Strasse zum gro\u00dfen Teil am Rhein entlang. Es","breadcrumb":{"@id":"https:\/\/truckonline.de\/blog\/2011\/01\/12\/zwischen-entspannung-und-amok\/#breadcrumb"},"inLanguage":"de","potentialAction":[{"@type":"ReadAction","target":["https:\/\/truckonline.de\/blog\/2011\/01\/12\/zwischen-entspannung-und-amok\/"]}]},{"@type":"ImageObject","inLanguage":"de","@id":"https:\/\/truckonline.de\/blog\/2011\/01\/12\/zwischen-entspannung-und-amok\/#primaryimage","url":"https:\/\/www.truckonline.de\/bilder\/wenneinerkeinefestegeschwindigkeitfahrenkann.jpg","contentUrl":"https:\/\/www.truckonline.de\/bilder\/wenneinerkeinefestegeschwindigkeitfahrenkann.jpg"},{"@type":"BreadcrumbList","@id":"https:\/\/truckonline.de\/blog\/2011\/01\/12\/zwischen-entspannung-und-amok\/#breadcrumb","itemListElement":[{"@type":"ListItem","position":1,"name":"Startseite","item":"https:\/\/truckonline.de\/blog\/"},{"@type":"ListItem","position":2,"name":"Zwischen Entspannung und Amok"}]},{"@type":"WebSite","@id":"https:\/\/truckonline.de\/blog\/#website","url":"https:\/\/truckonline.de\/blog\/","name":"TruckOnline.de","description":"","publisher":{"@id":"https:\/\/truckonline.de\/blog\/#\/schema\/person\/4cb59b86ffde81f882f56439688fda19"},"potentialAction":[{"@type":"SearchAction","target":{"@type":"EntryPoint","urlTemplate":"https:\/\/truckonline.de\/blog\/?s={search_term_string}"},"query-input":{"@type":"PropertyValueSpecification","valueRequired":true,"valueName":"search_term_string"}}],"inLanguage":"de"},{"@type":["Person","Organization"],"@id":"https:\/\/truckonline.de\/blog\/#\/schema\/person\/4cb59b86ffde81f882f56439688fda19","name":"maik","image":{"@type":"ImageObject","inLanguage":"de","@id":"https:\/\/truckonline.de\/blog\/wp-content\/uploads\/2019\/12\/logoinnenweiss.png","url":"https:\/\/truckonline.de\/blog\/wp-content\/uploads\/2019\/12\/logoinnenweiss.png","contentUrl":"https:\/\/truckonline.de\/blog\/wp-content\/uploads\/2019\/12\/logoinnenweiss.png","width":733,"height":125,"caption":"maik"},"logo":{"@id":"https:\/\/truckonline.de\/blog\/wp-content\/uploads\/2019\/12\/logoinnenweiss.png"},"sameAs":["https:\/\/www.facebook.com\/truckblog","https:\/\/www.instagram.com\/truck_online\/","https:\/\/x.com\/https:\/\/twitter.com\/truckblog","https:\/\/www.youtube.com\/user\/truckonline","https:\/\/www.tumblr.com\/truckonline"]}]}},"_links":{"self":[{"href":"https:\/\/truckonline.de\/blog\/wp-json\/wp\/v2\/posts\/1655","targetHints":{"allow":["GET"]}}],"collection":[{"href":"https:\/\/truckonline.de\/blog\/wp-json\/wp\/v2\/posts"}],"about":[{"href":"https:\/\/truckonline.de\/blog\/wp-json\/wp\/v2\/types\/post"}],"author":[{"embeddable":true,"href":"https:\/\/truckonline.de\/blog\/wp-json\/wp\/v2\/users\/3"}],"replies":[{"embeddable":true,"href":"https:\/\/truckonline.de\/blog\/wp-json\/wp\/v2\/comments?post=1655"}],"version-history":[{"count":0,"href":"https:\/\/truckonline.de\/blog\/wp-json\/wp\/v2\/posts\/1655\/revisions"}],"wp:attachment":[{"href":"https:\/\/truckonline.de\/blog\/wp-json\/wp\/v2\/media?parent=1655"}],"wp:term":[{"taxonomy":"category","embeddable":true,"href":"https:\/\/truckonline.de\/blog\/wp-json\/wp\/v2\/categories?post=1655"},{"taxonomy":"post_tag","embeddable":true,"href":"https:\/\/truckonline.de\/blog\/wp-json\/wp\/v2\/tags?post=1655"}],"curies":[{"name":"wp","href":"https:\/\/api.w.org\/{rel}","templated":true}]}}