{"id":1611,"date":"2010-12-15T00:02:18","date_gmt":"2010-12-14T23:02:18","guid":{"rendered":"https:\/\/truckonline.de\/blog\/?p=1611"},"modified":"2010-12-11T23:25:08","modified_gmt":"2010-12-11T22:25:08","slug":"etwas-zu-nachdenken-in-zweierlei-hinsicht","status":"publish","type":"post","link":"https:\/\/truckonline.de\/blog\/2010\/12\/15\/etwas-zu-nachdenken-in-zweierlei-hinsicht\/","title":{"rendered":"Etwas zum nachdenken &#8211; in zweierlei Hinsicht"},"content":{"rendered":"<p>Letzte Woche rief mich ein Bekannter an und erz\u00e4hlte mir, dass einer seiner Kollegen einen schweren Unfall <a href=\"https:\/\/feuerwehr-weissenfels.de\/index.php?option=com_content&#038;task=view&#038;id=776&#038;Itemid=57\">verursacht<\/a> hatte und dabei um&#8217;s Leben kam. Warum kann sich noch heute keiner erkl\u00e4ren &#8211; der Mann war ruhig, gewissenhaft und hatte Zeit.<br \/>\nSolch ein Unfall ist grausam und ver\u00e4ndert f\u00fcr die Hinterbliebenen alles. Nicht nur der Mann, Vater und Sohn fehlt, sondern auch der Hauptern\u00e4hrer der Familie.<\/p>\n<p>Dazu kommt, dass die b\u00fcrokratischen M\u00fchlen in Deutschland langam mahlen. Bis das soziale Netz mit seiner Renten- und  Unfallversicherung zum tragen kommt, kann es schnell zu noch mehr pers\u00f6nlicher Not, Verzweiflung und finanziellen Bankrott kommen.<\/p>\n<p>In solchen Situationen springt der <a href=\"https:\/\/www.fahrer-helfen-fahrern.de\/\">Hilfsfonds<\/a> \u201eTrucker\u2019s World \u2013 Fahrer helfen Fahrern e.V\u201c ein: Mit <a href=\"https:\/\/www.fahrer-helfen-fahrern.de\/donate.html\">finanziellen<\/a> Soforthilfen unterst\u00fctzt dieser gemeinn\u00fctzige Verein in Not geratene Fahrer und ihre Familien. Eine tolle Sache, finde ich.<\/p>\n<p>Toll ist auch der <a href=\"https:\/\/adventadvent.einlichtleinbrennt.de\/\">Adventskalender<\/a>, den <a href=\"https:\/\/blog.funkygog.de\/\">Gorden<\/a> wieder pr\u00e4sentiert. Heute ist Tag 15 an der Reihe. Es wird ein Bild gesucht, welches sich in den weiten des Internets versteckt. Aber mit den Tipps, die sich hinter jedem der T\u00fcrchen verbergen, d\u00fcrfte das finden dieses Fotos kein Problem sein.<\/p>\n<p>Der heutige Hinweis lautet:<\/p>\n<blockquote><p>Auf dem Foto sieht man Kabelsalat mit Weste<\/p><\/blockquote>\n<p>Und? Hat Euch diese Zeile der L\u00f6sung etwas n\u00e4her gebracht? Wenn nicht, schaut morgen bei Lucas <a href=\"https:\/\/l-bloggt.de\/\">vorbei<\/a>. Er pr\u00e4sentiert den n\u00e4chsten Hinweis. Viel Spass!<\/p>\n","protected":false},"excerpt":{"rendered":"<p>Letzte Woche rief mich ein Bekannter an und erz\u00e4hlte mir, dass einer seiner Kollegen einen schweren Unfall verursacht hatte und dabei um&#8217;s Leben kam. Warum&#8230;<\/p>\n<div class=\"more-link-wrapper\"><a class=\"more-link\" href=\"https:\/\/truckonline.de\/blog\/2010\/12\/15\/etwas-zu-nachdenken-in-zweierlei-hinsicht\/\">Sie haben Ihr Ziel fast erreicht.<span class=\"screen-reader-text\">Etwas zum nachdenken &#8211; in zweierlei Hinsicht<\/span><\/a><\/div>\n","protected":false},"author":3,"featured_media":0,"comment_status":"open","ping_status":"open","sticky":false,"template":"","format":"standard","meta":{"iawp_total_views":1,"_metis_text_type":"","_metis_text_length":0,"_post_count":0,"footnotes":""},"categories":[52,20],"tags":[1230,1208],"class_list":["post-1611","post","type-post","status-publish","format-standard","hentry","category-unfall","category-world-wide-web","tag-advent","tag-blogs","ratio-2-1","entry"],"yoast_head":"<!-- This site is optimized with the Yoast SEO plugin v27.5 - https:\/\/yoast.com\/product\/yoast-seo-wordpress\/ -->\n<title>Etwas zum nachdenken - in zweierlei Hinsicht | TruckOnline.de<\/title>\n<meta name=\"description\" content=\"Letzte Woche rief mich ein Bekannter an und erz\u00e4hlte mir, dass einer seiner Kollegen einen schweren Unfall verursacht hatte und dabei um&#039;s Leben kam.\" \/>\n<meta name=\"robots\" content=\"index, follow, max-snippet:-1, max-image-preview:large, max-video-preview:-1\" \/>\n<link rel=\"canonical\" href=\"https:\/\/truckonline.de\/blog\/2010\/12\/15\/etwas-zu-nachdenken-in-zweierlei-hinsicht\/\" \/>\n<meta property=\"og:locale\" content=\"de_DE\" \/>\n<meta property=\"og:type\" content=\"article\" \/>\n<meta property=\"og:title\" content=\"Etwas zum nachdenken - in zweierlei Hinsicht | TruckOnline.de\" \/>\n<meta property=\"og:url\" content=\"https:\/\/truckonline.de\/blog\/2010\/12\/15\/etwas-zu-nachdenken-in-zweierlei-hinsicht\/\" \/>\n<meta property=\"og:site_name\" content=\"TruckOnline.de\" \/>\n<meta property=\"article:publisher\" content=\"https:\/\/www.facebook.com\/truckblog\" \/>\n<meta property=\"article:author\" content=\"https:\/\/www.facebook.com\/truckblog\" \/>\n<meta property=\"article:published_time\" content=\"2010-12-14T23:02:18+00:00\" \/>\n<meta property=\"og:image\" content=\"https:\/\/truckonline.de\/blog\/wp-content\/uploads\/2019\/12\/IMG_20191229_225424-scaled.jpg\" \/>\n\t<meta property=\"og:image:width\" content=\"2560\" \/>\n\t<meta property=\"og:image:height\" content=\"1920\" \/>\n\t<meta property=\"og:image:type\" content=\"image\/jpeg\" \/>\n<meta name=\"author\" content=\"maik\" \/>\n<meta name=\"twitter:card\" content=\"summary_large_image\" \/>\n<meta name=\"twitter:creator\" content=\"@https:\/\/twitter.com\/truckblog\" \/>\n<meta name=\"twitter:site\" content=\"@truckblog\" \/>\n<meta name=\"twitter:label1\" content=\"Verfasst von\" \/>\n\t<meta name=\"twitter:data1\" content=\"maik\" \/>\n\t<meta name=\"twitter:label2\" content=\"Gesch\u00e4tzte Lesezeit\" \/>\n\t<meta name=\"twitter:data2\" content=\"1\u00a0Minute\" \/>\n<script type=\"application\/ld+json\" class=\"yoast-schema-graph\">{\"@context\":\"https:\\\/\\\/schema.org\",\"@graph\":[{\"@type\":\"Article\",\"@id\":\"https:\\\/\\\/truckonline.de\\\/blog\\\/2010\\\/12\\\/15\\\/etwas-zu-nachdenken-in-zweierlei-hinsicht\\\/#article\",\"isPartOf\":{\"@id\":\"https:\\\/\\\/truckonline.de\\\/blog\\\/2010\\\/12\\\/15\\\/etwas-zu-nachdenken-in-zweierlei-hinsicht\\\/\"},\"author\":{\"name\":\"maik\",\"@id\":\"https:\\\/\\\/truckonline.de\\\/blog\\\/#\\\/schema\\\/person\\\/4cb59b86ffde81f882f56439688fda19\"},\"headline\":\"Etwas zum nachdenken &#8211; in zweierlei Hinsicht\",\"datePublished\":\"2010-12-14T23:02:18+00:00\",\"mainEntityOfPage\":{\"@id\":\"https:\\\/\\\/truckonline.de\\\/blog\\\/2010\\\/12\\\/15\\\/etwas-zu-nachdenken-in-zweierlei-hinsicht\\\/\"},\"wordCount\":242,\"commentCount\":3,\"publisher\":{\"@id\":\"https:\\\/\\\/truckonline.de\\\/blog\\\/#\\\/schema\\\/person\\\/4cb59b86ffde81f882f56439688fda19\"},\"keywords\":[\"Advent\",\"Blogs\"],\"articleSection\":[\"Unfall\",\"World Wide Web\"],\"inLanguage\":\"de\",\"potentialAction\":[{\"@type\":\"CommentAction\",\"name\":\"Comment\",\"target\":[\"https:\\\/\\\/truckonline.de\\\/blog\\\/2010\\\/12\\\/15\\\/etwas-zu-nachdenken-in-zweierlei-hinsicht\\\/#respond\"]}]},{\"@type\":\"WebPage\",\"@id\":\"https:\\\/\\\/truckonline.de\\\/blog\\\/2010\\\/12\\\/15\\\/etwas-zu-nachdenken-in-zweierlei-hinsicht\\\/\",\"url\":\"https:\\\/\\\/truckonline.de\\\/blog\\\/2010\\\/12\\\/15\\\/etwas-zu-nachdenken-in-zweierlei-hinsicht\\\/\",\"name\":\"Etwas zum nachdenken - in zweierlei Hinsicht | TruckOnline.de\",\"isPartOf\":{\"@id\":\"https:\\\/\\\/truckonline.de\\\/blog\\\/#website\"},\"datePublished\":\"2010-12-14T23:02:18+00:00\",\"description\":\"Letzte Woche rief mich ein Bekannter an und erz\u00e4hlte mir, dass einer seiner Kollegen einen schweren Unfall verursacht hatte und dabei um's Leben kam.\",\"breadcrumb\":{\"@id\":\"https:\\\/\\\/truckonline.de\\\/blog\\\/2010\\\/12\\\/15\\\/etwas-zu-nachdenken-in-zweierlei-hinsicht\\\/#breadcrumb\"},\"inLanguage\":\"de\",\"potentialAction\":[{\"@type\":\"ReadAction\",\"target\":[\"https:\\\/\\\/truckonline.de\\\/blog\\\/2010\\\/12\\\/15\\\/etwas-zu-nachdenken-in-zweierlei-hinsicht\\\/\"]}]},{\"@type\":\"BreadcrumbList\",\"@id\":\"https:\\\/\\\/truckonline.de\\\/blog\\\/2010\\\/12\\\/15\\\/etwas-zu-nachdenken-in-zweierlei-hinsicht\\\/#breadcrumb\",\"itemListElement\":[{\"@type\":\"ListItem\",\"position\":1,\"name\":\"Startseite\",\"item\":\"https:\\\/\\\/truckonline.de\\\/blog\\\/\"},{\"@type\":\"ListItem\",\"position\":2,\"name\":\"Etwas zum nachdenken &#8211; in zweierlei Hinsicht\"}]},{\"@type\":\"WebSite\",\"@id\":\"https:\\\/\\\/truckonline.de\\\/blog\\\/#website\",\"url\":\"https:\\\/\\\/truckonline.de\\\/blog\\\/\",\"name\":\"TruckOnline.de\",\"description\":\"\",\"publisher\":{\"@id\":\"https:\\\/\\\/truckonline.de\\\/blog\\\/#\\\/schema\\\/person\\\/4cb59b86ffde81f882f56439688fda19\"},\"potentialAction\":[{\"@type\":\"SearchAction\",\"target\":{\"@type\":\"EntryPoint\",\"urlTemplate\":\"https:\\\/\\\/truckonline.de\\\/blog\\\/?s={search_term_string}\"},\"query-input\":{\"@type\":\"PropertyValueSpecification\",\"valueRequired\":true,\"valueName\":\"search_term_string\"}}],\"inLanguage\":\"de\"},{\"@type\":[\"Person\",\"Organization\"],\"@id\":\"https:\\\/\\\/truckonline.de\\\/blog\\\/#\\\/schema\\\/person\\\/4cb59b86ffde81f882f56439688fda19\",\"name\":\"maik\",\"image\":{\"@type\":\"ImageObject\",\"inLanguage\":\"de\",\"@id\":\"https:\\\/\\\/truckonline.de\\\/blog\\\/wp-content\\\/uploads\\\/2019\\\/12\\\/logoinnenweiss.png\",\"url\":\"https:\\\/\\\/truckonline.de\\\/blog\\\/wp-content\\\/uploads\\\/2019\\\/12\\\/logoinnenweiss.png\",\"contentUrl\":\"https:\\\/\\\/truckonline.de\\\/blog\\\/wp-content\\\/uploads\\\/2019\\\/12\\\/logoinnenweiss.png\",\"width\":733,\"height\":125,\"caption\":\"maik\"},\"logo\":{\"@id\":\"https:\\\/\\\/truckonline.de\\\/blog\\\/wp-content\\\/uploads\\\/2019\\\/12\\\/logoinnenweiss.png\"},\"sameAs\":[\"https:\\\/\\\/www.facebook.com\\\/truckblog\",\"https:\\\/\\\/www.instagram.com\\\/truck_online\\\/\",\"https:\\\/\\\/x.com\\\/https:\\\/\\\/twitter.com\\\/truckblog\",\"https:\\\/\\\/www.youtube.com\\\/user\\\/truckonline\",\"https:\\\/\\\/www.tumblr.com\\\/truckonline\"]}]}<\/script>\n<!-- \/ Yoast SEO plugin. -->","yoast_head_json":{"title":"Etwas zum nachdenken - in zweierlei Hinsicht | TruckOnline.de","description":"Letzte Woche rief mich ein Bekannter an und erz\u00e4hlte mir, dass einer seiner Kollegen einen schweren Unfall verursacht hatte und dabei um's Leben kam.","robots":{"index":"index","follow":"follow","max-snippet":"max-snippet:-1","max-image-preview":"max-image-preview:large","max-video-preview":"max-video-preview:-1"},"canonical":"https:\/\/truckonline.de\/blog\/2010\/12\/15\/etwas-zu-nachdenken-in-zweierlei-hinsicht\/","og_locale":"de_DE","og_type":"article","og_title":"Etwas zum nachdenken - in zweierlei Hinsicht | TruckOnline.de","og_url":"https:\/\/truckonline.de\/blog\/2010\/12\/15\/etwas-zu-nachdenken-in-zweierlei-hinsicht\/","og_site_name":"TruckOnline.de","article_publisher":"https:\/\/www.facebook.com\/truckblog","article_author":"https:\/\/www.facebook.com\/truckblog","article_published_time":"2010-12-14T23:02:18+00:00","og_image":[{"width":2560,"height":1920,"url":"https:\/\/truckonline.de\/blog\/wp-content\/uploads\/2019\/12\/IMG_20191229_225424-scaled.jpg","type":"image\/jpeg"}],"author":"maik","twitter_card":"summary_large_image","twitter_creator":"@https:\/\/twitter.com\/truckblog","twitter_site":"@truckblog","twitter_misc":{"Verfasst von":"maik","Gesch\u00e4tzte Lesezeit":"1\u00a0Minute"},"schema":{"@context":"https:\/\/schema.org","@graph":[{"@type":"Article","@id":"https:\/\/truckonline.de\/blog\/2010\/12\/15\/etwas-zu-nachdenken-in-zweierlei-hinsicht\/#article","isPartOf":{"@id":"https:\/\/truckonline.de\/blog\/2010\/12\/15\/etwas-zu-nachdenken-in-zweierlei-hinsicht\/"},"author":{"name":"maik","@id":"https:\/\/truckonline.de\/blog\/#\/schema\/person\/4cb59b86ffde81f882f56439688fda19"},"headline":"Etwas zum nachdenken &#8211; in zweierlei Hinsicht","datePublished":"2010-12-14T23:02:18+00:00","mainEntityOfPage":{"@id":"https:\/\/truckonline.de\/blog\/2010\/12\/15\/etwas-zu-nachdenken-in-zweierlei-hinsicht\/"},"wordCount":242,"commentCount":3,"publisher":{"@id":"https:\/\/truckonline.de\/blog\/#\/schema\/person\/4cb59b86ffde81f882f56439688fda19"},"keywords":["Advent","Blogs"],"articleSection":["Unfall","World Wide Web"],"inLanguage":"de","potentialAction":[{"@type":"CommentAction","name":"Comment","target":["https:\/\/truckonline.de\/blog\/2010\/12\/15\/etwas-zu-nachdenken-in-zweierlei-hinsicht\/#respond"]}]},{"@type":"WebPage","@id":"https:\/\/truckonline.de\/blog\/2010\/12\/15\/etwas-zu-nachdenken-in-zweierlei-hinsicht\/","url":"https:\/\/truckonline.de\/blog\/2010\/12\/15\/etwas-zu-nachdenken-in-zweierlei-hinsicht\/","name":"Etwas zum nachdenken - in zweierlei Hinsicht | TruckOnline.de","isPartOf":{"@id":"https:\/\/truckonline.de\/blog\/#website"},"datePublished":"2010-12-14T23:02:18+00:00","description":"Letzte Woche rief mich ein Bekannter an und erz\u00e4hlte mir, dass einer seiner Kollegen einen schweren Unfall verursacht hatte und dabei um's Leben kam.","breadcrumb":{"@id":"https:\/\/truckonline.de\/blog\/2010\/12\/15\/etwas-zu-nachdenken-in-zweierlei-hinsicht\/#breadcrumb"},"inLanguage":"de","potentialAction":[{"@type":"ReadAction","target":["https:\/\/truckonline.de\/blog\/2010\/12\/15\/etwas-zu-nachdenken-in-zweierlei-hinsicht\/"]}]},{"@type":"BreadcrumbList","@id":"https:\/\/truckonline.de\/blog\/2010\/12\/15\/etwas-zu-nachdenken-in-zweierlei-hinsicht\/#breadcrumb","itemListElement":[{"@type":"ListItem","position":1,"name":"Startseite","item":"https:\/\/truckonline.de\/blog\/"},{"@type":"ListItem","position":2,"name":"Etwas zum nachdenken &#8211; in zweierlei Hinsicht"}]},{"@type":"WebSite","@id":"https:\/\/truckonline.de\/blog\/#website","url":"https:\/\/truckonline.de\/blog\/","name":"TruckOnline.de","description":"","publisher":{"@id":"https:\/\/truckonline.de\/blog\/#\/schema\/person\/4cb59b86ffde81f882f56439688fda19"},"potentialAction":[{"@type":"SearchAction","target":{"@type":"EntryPoint","urlTemplate":"https:\/\/truckonline.de\/blog\/?s={search_term_string}"},"query-input":{"@type":"PropertyValueSpecification","valueRequired":true,"valueName":"search_term_string"}}],"inLanguage":"de"},{"@type":["Person","Organization"],"@id":"https:\/\/truckonline.de\/blog\/#\/schema\/person\/4cb59b86ffde81f882f56439688fda19","name":"maik","image":{"@type":"ImageObject","inLanguage":"de","@id":"https:\/\/truckonline.de\/blog\/wp-content\/uploads\/2019\/12\/logoinnenweiss.png","url":"https:\/\/truckonline.de\/blog\/wp-content\/uploads\/2019\/12\/logoinnenweiss.png","contentUrl":"https:\/\/truckonline.de\/blog\/wp-content\/uploads\/2019\/12\/logoinnenweiss.png","width":733,"height":125,"caption":"maik"},"logo":{"@id":"https:\/\/truckonline.de\/blog\/wp-content\/uploads\/2019\/12\/logoinnenweiss.png"},"sameAs":["https:\/\/www.facebook.com\/truckblog","https:\/\/www.instagram.com\/truck_online\/","https:\/\/x.com\/https:\/\/twitter.com\/truckblog","https:\/\/www.youtube.com\/user\/truckonline","https:\/\/www.tumblr.com\/truckonline"]}]}},"_links":{"self":[{"href":"https:\/\/truckonline.de\/blog\/wp-json\/wp\/v2\/posts\/1611","targetHints":{"allow":["GET"]}}],"collection":[{"href":"https:\/\/truckonline.de\/blog\/wp-json\/wp\/v2\/posts"}],"about":[{"href":"https:\/\/truckonline.de\/blog\/wp-json\/wp\/v2\/types\/post"}],"author":[{"embeddable":true,"href":"https:\/\/truckonline.de\/blog\/wp-json\/wp\/v2\/users\/3"}],"replies":[{"embeddable":true,"href":"https:\/\/truckonline.de\/blog\/wp-json\/wp\/v2\/comments?post=1611"}],"version-history":[{"count":0,"href":"https:\/\/truckonline.de\/blog\/wp-json\/wp\/v2\/posts\/1611\/revisions"}],"wp:attachment":[{"href":"https:\/\/truckonline.de\/blog\/wp-json\/wp\/v2\/media?parent=1611"}],"wp:term":[{"taxonomy":"category","embeddable":true,"href":"https:\/\/truckonline.de\/blog\/wp-json\/wp\/v2\/categories?post=1611"},{"taxonomy":"post_tag","embeddable":true,"href":"https:\/\/truckonline.de\/blog\/wp-json\/wp\/v2\/tags?post=1611"}],"curies":[{"name":"wp","href":"https:\/\/api.w.org\/{rel}","templated":true}]}}