{"id":15040,"date":"2026-09-04T10:44:14","date_gmt":"2026-09-04T08:44:14","guid":{"rendered":"https:\/\/truckonline.de\/blog\/?p=15040"},"modified":"2026-03-14T11:10:09","modified_gmt":"2026-03-14T10:10:09","slug":"heute-ist-der-inoffizielle-tag-der-currywurst","status":"publish","type":"post","link":"https:\/\/truckonline.de\/blog\/2026\/09\/04\/heute-ist-der-inoffizielle-tag-der-currywurst\/","title":{"rendered":"Heute ist der inoffizielle Tag der Currywurst"},"content":{"rendered":"\n<p class=\"wp-block-paragraph\">Na ja, eigentlich gibt es sogar zwei verschiedene Termine, an denen der\u00a0Tag der Currywurst\u00a0gefeiert wird. Einmal der 4. September in Berlin und zum anderen der 22. September im Ruhrgebiet (insbesondere Duisburg).<\/p>\n\n\n\n<p class=\"wp-block-paragraph\">In Berlin, weil am 4. September 1949 eine Frau Namens Herta Heuwer in Charlottenburg erstmals Tomatenmark, Currypulver und andere Gew\u00fcrze gemischt und \u00fcber eine Br\u00fchwurst gegossen haben.<\/p>\n\n\n\n<p class=\"wp-block-paragraph\">In Duisburg dagegen wird der 22. September als &#8222;Tag der Currywurst&#8220; proklamiert. Er erinnert an den Geburtstag des Duisburger Gastronomen\u00a0Johann Peter Hildebrand, der die Wurst laut lokaler \u00dcberzeugung bereits vor Heuwer kreiert haben soll.<\/p>\n\n\n\n<figure class=\"wp-block-image size-large is-resized\"><img loading=\"lazy\" decoding=\"async\" width=\"697\" height=\"525\" src=\"https:\/\/truckonline.de\/blog\/wp-content\/uploads\/2026\/03\/rettetdiecurrywurst-697x525.jpg\" alt=\"heute ist der tag der currywurst. das bild zeigt einen imbiss, in dem currywurst verkauft wird\" class=\"wp-image-15041\" style=\"width:713px\" srcset=\"https:\/\/truckonline.de\/blog\/wp-content\/uploads\/2026\/03\/rettetdiecurrywurst-697x525.jpg 697w, https:\/\/truckonline.de\/blog\/wp-content\/uploads\/2026\/03\/rettetdiecurrywurst.jpg 700w\" sizes=\"auto, (max-width: 697px) 100vw, 697px\" \/><\/figure>\n\n\n\n<p class=\"wp-block-paragraph\">Der wichtigste Unterschied zwischen Berliner- und Ruhrpottwurst liegt \u00fcbrigens in der Basis. W\u00e4hrend in Berlin die Br\u00fchwurst (\u00e4hnlich einer Bockwurst oder feinen Fleischwurst) dominiert und oft im \u00d6lbad frittiert wird, ist im Pott die Bratwurst gang und gebe. <br>Diese ist meist gr\u00f6ber, kr\u00e4ftig gew\u00fcrzt, hat immer einen Darm und wird klassisch auf dem Rost gegrillt, bis sie eine sch\u00f6ne Br\u00e4unung hat.<\/p>\n\n\n\n<p class=\"wp-block-paragraph\">Das die Currywurst eine der Klassiker schlechthin bei Lkw-Fahrern ist, hat \u00fcbrigens ganz praktische und psychologische Gr\u00fcnde:<\/p>\n\n\n\n<ul class=\"wp-block-list\">\n<li><strong>Schnelle Verf\u00fcgbarkeit:<\/strong>\u00a0Da Fahrer oft unter Zeitdruck stehen (Stichwort: Lenk- und Ruhezeiten), muss das Essen schnell gehen. Eine Currywurst ist in wenigen Minuten fertig zubereitet.<\/li>\n\n\n\n<li><strong>Deftige S\u00e4ttigung:<\/strong>\u00a0Fernfahrer bezeichnen sie oft als &#8222;Kraftriegel&#8220;. Sie liefert viel Energie (Fett und Eiwei\u00df) und macht lange satt, was bei langen Sitzphasen hinterm Steuer oft gew\u00fcnscht ist.<\/li>\n\n\n\n<li><strong>Konstante Qualit\u00e4t:<\/strong>\u00a0Ob in Berlin, im Ruhrpott oder an irgendeiner Rastst\u00e4tte. Man wei\u00df bei einer Currywurst fast immer, was man bekommt. Es gibt kaum b\u00f6se \u00dcberraschungen beim Geschmack.<\/li>\n\n\n\n<li><strong>Gute Logistik beim Essen:<\/strong>\u00a0Die kleingeschnittene Wurst l\u00e4sst sich (auch auf einem unebenen Parkplatz oder mit Plastikgabel) unkomplizierter essen als ein ganzes Schnitzel oder ein kompliziertes Gericht mit Messer und Gabel.<\/li>\n\n\n\n<li><strong>Soziale Tradition:<\/strong>\u00a0Der Imbiss ist ein Treffpunkt. Beim Warten auf die Wurst an einer Imbissbude\u00a0kommt man schnell mit Kollegen ins Gespr\u00e4ch.<\/li>\n<\/ul>\n","protected":false},"excerpt":{"rendered":"<p>Na ja, eigentlich gibt es sogar zwei verschiedene Termine, an denen der\u00a0Tag der Currywurst\u00a0gefeiert wird. Einmal der 4. September in Berlin und zum anderen der&#8230;<\/p>\n<div class=\"more-link-wrapper\"><a class=\"more-link\" href=\"https:\/\/truckonline.de\/blog\/2026\/09\/04\/heute-ist-der-inoffizielle-tag-der-currywurst\/\">Sie haben Ihr Ziel fast erreicht.<span class=\"screen-reader-text\">Heute ist der inoffizielle Tag der Currywurst<\/span><\/a><\/div>\n","protected":false},"author":3,"featured_media":0,"comment_status":"open","ping_status":"open","sticky":false,"template":"","format":"standard","meta":{"iawp_total_views":6,"_metis_text_type":"standard","_metis_text_length":2116,"_post_count":0,"footnotes":""},"categories":[17,24],"tags":[2395,2396],"class_list":["post-15040","post","type-post","status-publish","format-standard","hentry","category-raststatten","category-unterwegs","tag-currywurst","tag-imbiss","ratio-2-1","entry"],"yoast_head":"<!-- This site is optimized with the Yoast SEO plugin v28.4 - https:\/\/yoast.com\/product\/yoast-seo-wordpress\/ -->\n<title>Heute ist der inoffizielle Tag der Currywurst | TruckOnline.de<\/title>\n<meta name=\"description\" content=\"Na ja, eigentlich gibt es sogar zwei verschiedene Termine, an denen der\u00a0Tag der Currywurst\u00a0gefeiert wird. Einmal der 4. September in Berlin und zum\" \/>\n<meta name=\"robots\" content=\"index, follow, max-snippet:-1, max-image-preview:large, max-video-preview:-1\" \/>\n<link rel=\"canonical\" href=\"https:\/\/truckonline.de\/blog\/2026\/09\/04\/heute-ist-der-inoffizielle-tag-der-currywurst\/\" \/>\n<meta property=\"og:locale\" content=\"de_DE\" \/>\n<meta property=\"og:type\" content=\"article\" \/>\n<meta property=\"og:title\" content=\"Heute ist der inoffizielle Tag der Currywurst | TruckOnline.de\" \/>\n<meta property=\"og:url\" content=\"https:\/\/truckonline.de\/blog\/2026\/09\/04\/heute-ist-der-inoffizielle-tag-der-currywurst\/\" \/>\n<meta property=\"og:site_name\" content=\"TruckOnline.de\" \/>\n<meta property=\"article:publisher\" content=\"https:\/\/www.facebook.com\/truckblog\" \/>\n<meta property=\"article:author\" content=\"https:\/\/www.facebook.com\/truckblog\" \/>\n<meta property=\"article:published_time\" content=\"2026-09-04T08:44:14+00:00\" \/>\n<meta property=\"og:image\" content=\"https:\/\/truckonline.de\/blog\/wp-content\/uploads\/2026\/03\/rettetdiecurrywurst.jpg\" \/>\n\t<meta property=\"og:image:width\" content=\"700\" \/>\n\t<meta property=\"og:image:height\" content=\"527\" \/>\n\t<meta property=\"og:image:type\" content=\"image\/jpeg\" \/>\n<meta name=\"author\" content=\"maik\" \/>\n<meta name=\"twitter:card\" content=\"summary_large_image\" \/>\n<meta name=\"twitter:creator\" content=\"@https:\/\/twitter.com\/truckblog\" \/>\n<meta name=\"twitter:site\" content=\"@truckblog\" \/>\n<meta name=\"twitter:label1\" content=\"Verfasst von\" \/>\n\t<meta name=\"twitter:data1\" content=\"maik\" \/>\n\t<meta name=\"twitter:label2\" content=\"Gesch\u00e4tzte Lesezeit\" \/>\n\t<meta name=\"twitter:data2\" content=\"2\u00a0Minuten\" \/>\n<script type=\"application\/ld+json\" class=\"yoast-schema-graph\">{\"@context\":\"https:\\\/\\\/schema.org\",\"@graph\":[{\"@type\":\"Article\",\"@id\":\"https:\\\/\\\/truckonline.de\\\/blog\\\/2026\\\/09\\\/04\\\/heute-ist-der-inoffizielle-tag-der-currywurst\\\/#article\",\"isPartOf\":{\"@id\":\"https:\\\/\\\/truckonline.de\\\/blog\\\/2026\\\/09\\\/04\\\/heute-ist-der-inoffizielle-tag-der-currywurst\\\/\"},\"author\":{\"name\":\"maik\",\"@id\":\"https:\\\/\\\/truckonline.de\\\/blog\\\/#\\\/schema\\\/person\\\/4cb59b86ffde81f882f56439688fda19\"},\"headline\":\"Heute ist der inoffizielle Tag der Currywurst\",\"datePublished\":\"2026-09-04T08:44:14+00:00\",\"mainEntityOfPage\":{\"@id\":\"https:\\\/\\\/truckonline.de\\\/blog\\\/2026\\\/09\\\/04\\\/heute-ist-der-inoffizielle-tag-der-currywurst\\\/\"},\"wordCount\":327,\"commentCount\":0,\"publisher\":{\"@id\":\"https:\\\/\\\/truckonline.de\\\/blog\\\/#\\\/schema\\\/person\\\/4cb59b86ffde81f882f56439688fda19\"},\"image\":{\"@id\":\"https:\\\/\\\/truckonline.de\\\/blog\\\/2026\\\/09\\\/04\\\/heute-ist-der-inoffizielle-tag-der-currywurst\\\/#primaryimage\"},\"thumbnailUrl\":\"https:\\\/\\\/truckonline.de\\\/blog\\\/wp-content\\\/uploads\\\/2026\\\/03\\\/rettetdiecurrywurst-697x525.jpg\",\"keywords\":[\"Currywurst\",\"Imbiss\"],\"articleSection\":[\"Rastst\u00e4tten\",\"Unterwegs\"],\"inLanguage\":\"de\",\"potentialAction\":[{\"@type\":\"CommentAction\",\"name\":\"Comment\",\"target\":[\"https:\\\/\\\/truckonline.de\\\/blog\\\/2026\\\/09\\\/04\\\/heute-ist-der-inoffizielle-tag-der-currywurst\\\/#respond\"]}]},{\"@type\":\"WebPage\",\"@id\":\"https:\\\/\\\/truckonline.de\\\/blog\\\/2026\\\/09\\\/04\\\/heute-ist-der-inoffizielle-tag-der-currywurst\\\/\",\"url\":\"https:\\\/\\\/truckonline.de\\\/blog\\\/2026\\\/09\\\/04\\\/heute-ist-der-inoffizielle-tag-der-currywurst\\\/\",\"name\":\"Heute ist der inoffizielle Tag der Currywurst | TruckOnline.de\",\"isPartOf\":{\"@id\":\"https:\\\/\\\/truckonline.de\\\/blog\\\/#website\"},\"primaryImageOfPage\":{\"@id\":\"https:\\\/\\\/truckonline.de\\\/blog\\\/2026\\\/09\\\/04\\\/heute-ist-der-inoffizielle-tag-der-currywurst\\\/#primaryimage\"},\"image\":{\"@id\":\"https:\\\/\\\/truckonline.de\\\/blog\\\/2026\\\/09\\\/04\\\/heute-ist-der-inoffizielle-tag-der-currywurst\\\/#primaryimage\"},\"thumbnailUrl\":\"https:\\\/\\\/truckonline.de\\\/blog\\\/wp-content\\\/uploads\\\/2026\\\/03\\\/rettetdiecurrywurst-697x525.jpg\",\"datePublished\":\"2026-09-04T08:44:14+00:00\",\"description\":\"Na ja, eigentlich gibt es sogar zwei verschiedene Termine, an denen der\u00a0Tag der Currywurst\u00a0gefeiert wird. Einmal der 4. September in Berlin und zum\",\"breadcrumb\":{\"@id\":\"https:\\\/\\\/truckonline.de\\\/blog\\\/2026\\\/09\\\/04\\\/heute-ist-der-inoffizielle-tag-der-currywurst\\\/#breadcrumb\"},\"inLanguage\":\"de\",\"potentialAction\":[{\"@type\":\"ReadAction\",\"target\":[\"https:\\\/\\\/truckonline.de\\\/blog\\\/2026\\\/09\\\/04\\\/heute-ist-der-inoffizielle-tag-der-currywurst\\\/\"]}]},{\"@type\":\"ImageObject\",\"inLanguage\":\"de\",\"@id\":\"https:\\\/\\\/truckonline.de\\\/blog\\\/2026\\\/09\\\/04\\\/heute-ist-der-inoffizielle-tag-der-currywurst\\\/#primaryimage\",\"url\":\"https:\\\/\\\/truckonline.de\\\/blog\\\/wp-content\\\/uploads\\\/2026\\\/03\\\/rettetdiecurrywurst.jpg\",\"contentUrl\":\"https:\\\/\\\/truckonline.de\\\/blog\\\/wp-content\\\/uploads\\\/2026\\\/03\\\/rettetdiecurrywurst.jpg\",\"width\":700,\"height\":527},{\"@type\":\"BreadcrumbList\",\"@id\":\"https:\\\/\\\/truckonline.de\\\/blog\\\/2026\\\/09\\\/04\\\/heute-ist-der-inoffizielle-tag-der-currywurst\\\/#breadcrumb\",\"itemListElement\":[{\"@type\":\"ListItem\",\"position\":1,\"name\":\"Startseite\",\"item\":\"https:\\\/\\\/truckonline.de\\\/blog\\\/\"},{\"@type\":\"ListItem\",\"position\":2,\"name\":\"Heute ist der inoffizielle Tag der Currywurst\"}]},{\"@type\":\"WebSite\",\"@id\":\"https:\\\/\\\/truckonline.de\\\/blog\\\/#website\",\"url\":\"https:\\\/\\\/truckonline.de\\\/blog\\\/\",\"name\":\"TruckOnline.de\",\"description\":\"\",\"publisher\":{\"@id\":\"https:\\\/\\\/truckonline.de\\\/blog\\\/#\\\/schema\\\/person\\\/4cb59b86ffde81f882f56439688fda19\"},\"potentialAction\":[{\"@type\":\"SearchAction\",\"target\":{\"@type\":\"EntryPoint\",\"urlTemplate\":\"https:\\\/\\\/truckonline.de\\\/blog\\\/?s={search_term_string}\"},\"query-input\":{\"@type\":\"PropertyValueSpecification\",\"valueRequired\":true,\"valueName\":\"search_term_string\"}}],\"inLanguage\":\"de\"},{\"@type\":[\"Person\",\"Organization\"],\"@id\":\"https:\\\/\\\/truckonline.de\\\/blog\\\/#\\\/schema\\\/person\\\/4cb59b86ffde81f882f56439688fda19\",\"name\":\"maik\",\"image\":{\"@type\":\"ImageObject\",\"inLanguage\":\"de\",\"@id\":\"https:\\\/\\\/truckonline.de\\\/blog\\\/wp-content\\\/uploads\\\/2019\\\/12\\\/logoinnenweiss.png\",\"url\":\"https:\\\/\\\/truckonline.de\\\/blog\\\/wp-content\\\/uploads\\\/2019\\\/12\\\/logoinnenweiss.png\",\"contentUrl\":\"https:\\\/\\\/truckonline.de\\\/blog\\\/wp-content\\\/uploads\\\/2019\\\/12\\\/logoinnenweiss.png\",\"width\":733,\"height\":125,\"caption\":\"maik\"},\"logo\":{\"@id\":\"https:\\\/\\\/truckonline.de\\\/blog\\\/wp-content\\\/uploads\\\/2019\\\/12\\\/logoinnenweiss.png\"},\"sameAs\":[\"https:\\\/\\\/www.facebook.com\\\/truckblog\",\"https:\\\/\\\/www.instagram.com\\\/truck_online\\\/\",\"https:\\\/\\\/x.com\\\/https:\\\/\\\/twitter.com\\\/truckblog\",\"https:\\\/\\\/www.youtube.com\\\/user\\\/truckonline\",\"https:\\\/\\\/www.tumblr.com\\\/truckonline\"]}]}<\/script>\n<!-- \/ Yoast SEO plugin. -->","yoast_head_json":{"title":"Heute ist der inoffizielle Tag der Currywurst | TruckOnline.de","description":"Na ja, eigentlich gibt es sogar zwei verschiedene Termine, an denen der\u00a0Tag der Currywurst\u00a0gefeiert wird. Einmal der 4. September in Berlin und zum","robots":{"index":"index","follow":"follow","max-snippet":"max-snippet:-1","max-image-preview":"max-image-preview:large","max-video-preview":"max-video-preview:-1"},"canonical":"https:\/\/truckonline.de\/blog\/2026\/09\/04\/heute-ist-der-inoffizielle-tag-der-currywurst\/","og_locale":"de_DE","og_type":"article","og_title":"Heute ist der inoffizielle Tag der Currywurst | TruckOnline.de","og_url":"https:\/\/truckonline.de\/blog\/2026\/09\/04\/heute-ist-der-inoffizielle-tag-der-currywurst\/","og_site_name":"TruckOnline.de","article_publisher":"https:\/\/www.facebook.com\/truckblog","article_author":"https:\/\/www.facebook.com\/truckblog","article_published_time":"2026-09-04T08:44:14+00:00","og_image":[{"width":700,"height":527,"url":"https:\/\/truckonline.de\/blog\/wp-content\/uploads\/2026\/03\/rettetdiecurrywurst.jpg","type":"image\/jpeg"}],"author":"maik","twitter_card":"summary_large_image","twitter_creator":"@https:\/\/twitter.com\/truckblog","twitter_site":"@truckblog","twitter_misc":{"Verfasst von":"maik","Gesch\u00e4tzte Lesezeit":"2\u00a0Minuten"},"schema":{"@context":"https:\/\/schema.org","@graph":[{"@type":"Article","@id":"https:\/\/truckonline.de\/blog\/2026\/09\/04\/heute-ist-der-inoffizielle-tag-der-currywurst\/#article","isPartOf":{"@id":"https:\/\/truckonline.de\/blog\/2026\/09\/04\/heute-ist-der-inoffizielle-tag-der-currywurst\/"},"author":{"name":"maik","@id":"https:\/\/truckonline.de\/blog\/#\/schema\/person\/4cb59b86ffde81f882f56439688fda19"},"headline":"Heute ist der inoffizielle Tag der Currywurst","datePublished":"2026-09-04T08:44:14+00:00","mainEntityOfPage":{"@id":"https:\/\/truckonline.de\/blog\/2026\/09\/04\/heute-ist-der-inoffizielle-tag-der-currywurst\/"},"wordCount":327,"commentCount":0,"publisher":{"@id":"https:\/\/truckonline.de\/blog\/#\/schema\/person\/4cb59b86ffde81f882f56439688fda19"},"image":{"@id":"https:\/\/truckonline.de\/blog\/2026\/09\/04\/heute-ist-der-inoffizielle-tag-der-currywurst\/#primaryimage"},"thumbnailUrl":"https:\/\/truckonline.de\/blog\/wp-content\/uploads\/2026\/03\/rettetdiecurrywurst-697x525.jpg","keywords":["Currywurst","Imbiss"],"articleSection":["Rastst\u00e4tten","Unterwegs"],"inLanguage":"de","potentialAction":[{"@type":"CommentAction","name":"Comment","target":["https:\/\/truckonline.de\/blog\/2026\/09\/04\/heute-ist-der-inoffizielle-tag-der-currywurst\/#respond"]}]},{"@type":"WebPage","@id":"https:\/\/truckonline.de\/blog\/2026\/09\/04\/heute-ist-der-inoffizielle-tag-der-currywurst\/","url":"https:\/\/truckonline.de\/blog\/2026\/09\/04\/heute-ist-der-inoffizielle-tag-der-currywurst\/","name":"Heute ist der inoffizielle Tag der Currywurst | TruckOnline.de","isPartOf":{"@id":"https:\/\/truckonline.de\/blog\/#website"},"primaryImageOfPage":{"@id":"https:\/\/truckonline.de\/blog\/2026\/09\/04\/heute-ist-der-inoffizielle-tag-der-currywurst\/#primaryimage"},"image":{"@id":"https:\/\/truckonline.de\/blog\/2026\/09\/04\/heute-ist-der-inoffizielle-tag-der-currywurst\/#primaryimage"},"thumbnailUrl":"https:\/\/truckonline.de\/blog\/wp-content\/uploads\/2026\/03\/rettetdiecurrywurst-697x525.jpg","datePublished":"2026-09-04T08:44:14+00:00","description":"Na ja, eigentlich gibt es sogar zwei verschiedene Termine, an denen der\u00a0Tag der Currywurst\u00a0gefeiert wird. Einmal der 4. September in Berlin und zum","breadcrumb":{"@id":"https:\/\/truckonline.de\/blog\/2026\/09\/04\/heute-ist-der-inoffizielle-tag-der-currywurst\/#breadcrumb"},"inLanguage":"de","potentialAction":[{"@type":"ReadAction","target":["https:\/\/truckonline.de\/blog\/2026\/09\/04\/heute-ist-der-inoffizielle-tag-der-currywurst\/"]}]},{"@type":"ImageObject","inLanguage":"de","@id":"https:\/\/truckonline.de\/blog\/2026\/09\/04\/heute-ist-der-inoffizielle-tag-der-currywurst\/#primaryimage","url":"https:\/\/truckonline.de\/blog\/wp-content\/uploads\/2026\/03\/rettetdiecurrywurst.jpg","contentUrl":"https:\/\/truckonline.de\/blog\/wp-content\/uploads\/2026\/03\/rettetdiecurrywurst.jpg","width":700,"height":527},{"@type":"BreadcrumbList","@id":"https:\/\/truckonline.de\/blog\/2026\/09\/04\/heute-ist-der-inoffizielle-tag-der-currywurst\/#breadcrumb","itemListElement":[{"@type":"ListItem","position":1,"name":"Startseite","item":"https:\/\/truckonline.de\/blog\/"},{"@type":"ListItem","position":2,"name":"Heute ist der inoffizielle Tag der Currywurst"}]},{"@type":"WebSite","@id":"https:\/\/truckonline.de\/blog\/#website","url":"https:\/\/truckonline.de\/blog\/","name":"TruckOnline.de","description":"","publisher":{"@id":"https:\/\/truckonline.de\/blog\/#\/schema\/person\/4cb59b86ffde81f882f56439688fda19"},"potentialAction":[{"@type":"SearchAction","target":{"@type":"EntryPoint","urlTemplate":"https:\/\/truckonline.de\/blog\/?s={search_term_string}"},"query-input":{"@type":"PropertyValueSpecification","valueRequired":true,"valueName":"search_term_string"}}],"inLanguage":"de"},{"@type":["Person","Organization"],"@id":"https:\/\/truckonline.de\/blog\/#\/schema\/person\/4cb59b86ffde81f882f56439688fda19","name":"maik","image":{"@type":"ImageObject","inLanguage":"de","@id":"https:\/\/truckonline.de\/blog\/wp-content\/uploads\/2019\/12\/logoinnenweiss.png","url":"https:\/\/truckonline.de\/blog\/wp-content\/uploads\/2019\/12\/logoinnenweiss.png","contentUrl":"https:\/\/truckonline.de\/blog\/wp-content\/uploads\/2019\/12\/logoinnenweiss.png","width":733,"height":125,"caption":"maik"},"logo":{"@id":"https:\/\/truckonline.de\/blog\/wp-content\/uploads\/2019\/12\/logoinnenweiss.png"},"sameAs":["https:\/\/www.facebook.com\/truckblog","https:\/\/www.instagram.com\/truck_online\/","https:\/\/x.com\/https:\/\/twitter.com\/truckblog","https:\/\/www.youtube.com\/user\/truckonline","https:\/\/www.tumblr.com\/truckonline"]}]}},"public_identification_id":"c2650b459e2a49a8bd6473b9651cf659","private_identification_id":"df4fbad93cfe41688796c2907588ebdb","_links":{"self":[{"href":"https:\/\/truckonline.de\/blog\/wp-json\/wp\/v2\/posts\/15040","targetHints":{"allow":["GET"]}}],"collection":[{"href":"https:\/\/truckonline.de\/blog\/wp-json\/wp\/v2\/posts"}],"about":[{"href":"https:\/\/truckonline.de\/blog\/wp-json\/wp\/v2\/types\/post"}],"author":[{"embeddable":true,"href":"https:\/\/truckonline.de\/blog\/wp-json\/wp\/v2\/users\/3"}],"replies":[{"embeddable":true,"href":"https:\/\/truckonline.de\/blog\/wp-json\/wp\/v2\/comments?post=15040"}],"version-history":[{"count":1,"href":"https:\/\/truckonline.de\/blog\/wp-json\/wp\/v2\/posts\/15040\/revisions"}],"predecessor-version":[{"id":15042,"href":"https:\/\/truckonline.de\/blog\/wp-json\/wp\/v2\/posts\/15040\/revisions\/15042"}],"wp:attachment":[{"href":"https:\/\/truckonline.de\/blog\/wp-json\/wp\/v2\/media?parent=15040"}],"wp:term":[{"taxonomy":"category","embeddable":true,"href":"https:\/\/truckonline.de\/blog\/wp-json\/wp\/v2\/categories?post=15040"},{"taxonomy":"post_tag","embeddable":true,"href":"https:\/\/truckonline.de\/blog\/wp-json\/wp\/v2\/tags?post=15040"}],"curies":[{"name":"wp","href":"https:\/\/api.w.org\/{rel}","templated":true}]}}