{"id":14914,"date":"2026-02-16T11:49:13","date_gmt":"2026-02-16T10:49:13","guid":{"rendered":"https:\/\/truckonline.de\/blog\/?p=14914"},"modified":"2026-02-15T18:07:52","modified_gmt":"2026-02-15T17:07:52","slug":"das-duemmste-was-ich-dieses-jahr-getan-habe-bisher","status":"publish","type":"post","link":"https:\/\/truckonline.de\/blog\/2026\/02\/16\/das-duemmste-was-ich-dieses-jahr-getan-habe-bisher\/","title":{"rendered":"Das d\u00fcmmste, was ich dieses Jahr getan habe (bisher)"},"content":{"rendered":"\n<p>Bei mir in der Firma, also in dem Betrieb, f\u00fcr welchen ich fahre, gibt es jedes Jahr einen Gutschein von einem Arbeitsmittelausstatter. Meistens liegt der Coupon bei etwa 200 oder 250 Euro. <br>Davon kann ich Pullover, Shirts, eine Warnjacke oder auch Arbeitsschuhe kaufen. Also vieles, was ich f\u00fcr die Arbeit brauche.<\/p>\n\n\n\n<p>Ein Laden von denen ist in der N\u00e4he meiner Arbeitsst\u00e4tte. Dort habe ich Ende November letzten Jahres vom verbliebenen Rest noch ein Paar Schuhe gekauft. <br>Ich glaube, die waren von Haix, ich wei\u00df aber nicht mehr genau, was sie gekostet haben. Ich meine, es waren so um die 120 Euro.<\/p>\n\n\n\n<p>Gestern Abend wollte ich die mitnehmen, weil meine alten langsam kaputtgehen. Der Karton mit den neuen stand im Keller. Ich habe ihn am Abend geholt, bevor ich zum Lkw musste.<br>Da hatte ich aber schon so viel zu tragen, dass ich dachte, ich nehme die Schuhe aus dem Karton und lege sie erst einmal oben auf den M\u00fcllbeutel.<\/p>\n\n\n\n<p>Auf dem Weg zu den Tonnen habe ich noch kurz mit einem Nachbarn gesprochen, der gerade mit seinem Hund drau\u00dfen war. Danach bin ich weiter zu den M\u00fcllbeh\u00e4ltern gegangen und habe den Abfall entsorgt.<\/p>\n\n\n\n<p>Vielleicht anderthalb Stunden sp\u00e4ter, als ich schon unterwegs war, dachte ich pl\u00f6tzlich: \u201e<em>Schei\u00dfe, wo sind eigentlich die neuen Schuhe?<\/em>\u201c <br>Da habe ich v\u00f6llig vergessen, dass ich die halb auf den M\u00fcllbeutel gelegt hatte. Und jetzt liegen sie in der Abfalltonne. Ich bin manchmal echt ein simpler Dussel.<\/p>\n","protected":false},"excerpt":{"rendered":"<p>Bei mir in der Firma, also in dem Betrieb, f\u00fcr welchen ich fahre, gibt es jedes Jahr einen Gutschein von einem Arbeitsmittelausstatter. Meistens liegt der&#8230;<\/p>\n<div class=\"more-link-wrapper\"><a class=\"more-link\" href=\"https:\/\/truckonline.de\/blog\/2026\/02\/16\/das-duemmste-was-ich-dieses-jahr-getan-habe-bisher\/\">Sie haben Ihr Ziel fast erreicht.<span class=\"screen-reader-text\">Das d\u00fcmmste, was ich dieses Jahr getan habe (bisher)<\/span><\/a><\/div>\n","protected":false},"author":3,"featured_media":0,"comment_status":"open","ping_status":"open","sticky":false,"template":"","format":"standard","meta":{"iawp_total_views":59,"_metis_text_type":"standard","_metis_text_length":1415,"_post_count":0,"footnotes":""},"categories":[593],"tags":[2388,398],"class_list":["post-14914","post","type-post","status-publish","format-standard","hentry","category-aergerliches","tag-arbeitsschuhe","tag-mull","ratio-2-1","entry"],"yoast_head":"<!-- This site is optimized with the Yoast SEO plugin v27.4 - https:\/\/yoast.com\/product\/yoast-seo-wordpress\/ -->\n<title>Das d\u00fcmmste, was ich dieses Jahr getan habe (bisher) | TruckOnline.de<\/title>\n<meta name=\"description\" content=\"Bei mir in der Firma, also in dem Betrieb, f\u00fcr welchen ich fahre, gibt es jedes Jahr einen Gutschein von einem Arbeitsmittelausstatter. Meistens liegt der\" \/>\n<meta name=\"robots\" content=\"index, follow, max-snippet:-1, max-image-preview:large, max-video-preview:-1\" \/>\n<link rel=\"canonical\" href=\"https:\/\/truckonline.de\/blog\/2026\/02\/16\/das-duemmste-was-ich-dieses-jahr-getan-habe-bisher\/\" \/>\n<meta property=\"og:locale\" content=\"de_DE\" \/>\n<meta property=\"og:type\" content=\"article\" \/>\n<meta property=\"og:title\" content=\"Das d\u00fcmmste, was ich dieses Jahr getan habe (bisher) | TruckOnline.de\" \/>\n<meta property=\"og:url\" content=\"https:\/\/truckonline.de\/blog\/2026\/02\/16\/das-duemmste-was-ich-dieses-jahr-getan-habe-bisher\/\" \/>\n<meta property=\"og:site_name\" content=\"TruckOnline.de\" \/>\n<meta property=\"article:publisher\" content=\"https:\/\/www.facebook.com\/truckblog\" \/>\n<meta property=\"article:author\" content=\"https:\/\/www.facebook.com\/truckblog\" \/>\n<meta property=\"article:published_time\" content=\"2026-02-16T10:49:13+00:00\" \/>\n<meta property=\"og:image\" content=\"https:\/\/truckonline.de\/blog\/wp-content\/uploads\/2019\/12\/IMG_20191229_225424-scaled.jpg\" \/>\n\t<meta property=\"og:image:width\" content=\"2560\" \/>\n\t<meta property=\"og:image:height\" content=\"1920\" \/>\n\t<meta property=\"og:image:type\" content=\"image\/jpeg\" \/>\n<meta name=\"author\" content=\"maik\" \/>\n<meta name=\"twitter:card\" content=\"summary_large_image\" \/>\n<meta name=\"twitter:creator\" content=\"@https:\/\/twitter.com\/truckblog\" \/>\n<meta name=\"twitter:site\" content=\"@truckblog\" \/>\n<meta name=\"twitter:label1\" content=\"Verfasst von\" \/>\n\t<meta name=\"twitter:data1\" content=\"maik\" \/>\n\t<meta name=\"twitter:label2\" content=\"Gesch\u00e4tzte Lesezeit\" \/>\n\t<meta name=\"twitter:data2\" content=\"2\u00a0Minuten\" \/>\n<script type=\"application\/ld+json\" class=\"yoast-schema-graph\">{\"@context\":\"https:\\\/\\\/schema.org\",\"@graph\":[{\"@type\":\"Article\",\"@id\":\"https:\\\/\\\/truckonline.de\\\/blog\\\/2026\\\/02\\\/16\\\/das-duemmste-was-ich-dieses-jahr-getan-habe-bisher\\\/#article\",\"isPartOf\":{\"@id\":\"https:\\\/\\\/truckonline.de\\\/blog\\\/2026\\\/02\\\/16\\\/das-duemmste-was-ich-dieses-jahr-getan-habe-bisher\\\/\"},\"author\":{\"name\":\"maik\",\"@id\":\"https:\\\/\\\/truckonline.de\\\/blog\\\/#\\\/schema\\\/person\\\/4cb59b86ffde81f882f56439688fda19\"},\"headline\":\"Das d\u00fcmmste, was ich dieses Jahr getan habe (bisher)\",\"datePublished\":\"2026-02-16T10:49:13+00:00\",\"mainEntityOfPage\":{\"@id\":\"https:\\\/\\\/truckonline.de\\\/blog\\\/2026\\\/02\\\/16\\\/das-duemmste-was-ich-dieses-jahr-getan-habe-bisher\\\/\"},\"wordCount\":260,\"commentCount\":3,\"publisher\":{\"@id\":\"https:\\\/\\\/truckonline.de\\\/blog\\\/#\\\/schema\\\/person\\\/4cb59b86ffde81f882f56439688fda19\"},\"keywords\":[\"Arbeitsschuhe\",\"M\u00fcll\"],\"articleSection\":[\"\u00c4rgerliches\"],\"inLanguage\":\"de\",\"potentialAction\":[{\"@type\":\"CommentAction\",\"name\":\"Comment\",\"target\":[\"https:\\\/\\\/truckonline.de\\\/blog\\\/2026\\\/02\\\/16\\\/das-duemmste-was-ich-dieses-jahr-getan-habe-bisher\\\/#respond\"]}]},{\"@type\":\"WebPage\",\"@id\":\"https:\\\/\\\/truckonline.de\\\/blog\\\/2026\\\/02\\\/16\\\/das-duemmste-was-ich-dieses-jahr-getan-habe-bisher\\\/\",\"url\":\"https:\\\/\\\/truckonline.de\\\/blog\\\/2026\\\/02\\\/16\\\/das-duemmste-was-ich-dieses-jahr-getan-habe-bisher\\\/\",\"name\":\"Das d\u00fcmmste, was ich dieses Jahr getan habe (bisher) | TruckOnline.de\",\"isPartOf\":{\"@id\":\"https:\\\/\\\/truckonline.de\\\/blog\\\/#website\"},\"datePublished\":\"2026-02-16T10:49:13+00:00\",\"description\":\"Bei mir in der Firma, also in dem Betrieb, f\u00fcr welchen ich fahre, gibt es jedes Jahr einen Gutschein von einem Arbeitsmittelausstatter. Meistens liegt der\",\"breadcrumb\":{\"@id\":\"https:\\\/\\\/truckonline.de\\\/blog\\\/2026\\\/02\\\/16\\\/das-duemmste-was-ich-dieses-jahr-getan-habe-bisher\\\/#breadcrumb\"},\"inLanguage\":\"de\",\"potentialAction\":[{\"@type\":\"ReadAction\",\"target\":[\"https:\\\/\\\/truckonline.de\\\/blog\\\/2026\\\/02\\\/16\\\/das-duemmste-was-ich-dieses-jahr-getan-habe-bisher\\\/\"]}]},{\"@type\":\"BreadcrumbList\",\"@id\":\"https:\\\/\\\/truckonline.de\\\/blog\\\/2026\\\/02\\\/16\\\/das-duemmste-was-ich-dieses-jahr-getan-habe-bisher\\\/#breadcrumb\",\"itemListElement\":[{\"@type\":\"ListItem\",\"position\":1,\"name\":\"Startseite\",\"item\":\"https:\\\/\\\/truckonline.de\\\/blog\\\/\"},{\"@type\":\"ListItem\",\"position\":2,\"name\":\"Das d\u00fcmmste, was ich dieses Jahr getan habe (bisher)\"}]},{\"@type\":\"WebSite\",\"@id\":\"https:\\\/\\\/truckonline.de\\\/blog\\\/#website\",\"url\":\"https:\\\/\\\/truckonline.de\\\/blog\\\/\",\"name\":\"TruckOnline.de\",\"description\":\"\",\"publisher\":{\"@id\":\"https:\\\/\\\/truckonline.de\\\/blog\\\/#\\\/schema\\\/person\\\/4cb59b86ffde81f882f56439688fda19\"},\"potentialAction\":[{\"@type\":\"SearchAction\",\"target\":{\"@type\":\"EntryPoint\",\"urlTemplate\":\"https:\\\/\\\/truckonline.de\\\/blog\\\/?s={search_term_string}\"},\"query-input\":{\"@type\":\"PropertyValueSpecification\",\"valueRequired\":true,\"valueName\":\"search_term_string\"}}],\"inLanguage\":\"de\"},{\"@type\":[\"Person\",\"Organization\"],\"@id\":\"https:\\\/\\\/truckonline.de\\\/blog\\\/#\\\/schema\\\/person\\\/4cb59b86ffde81f882f56439688fda19\",\"name\":\"maik\",\"image\":{\"@type\":\"ImageObject\",\"inLanguage\":\"de\",\"@id\":\"https:\\\/\\\/truckonline.de\\\/blog\\\/wp-content\\\/uploads\\\/2019\\\/12\\\/logoinnenweiss.png\",\"url\":\"https:\\\/\\\/truckonline.de\\\/blog\\\/wp-content\\\/uploads\\\/2019\\\/12\\\/logoinnenweiss.png\",\"contentUrl\":\"https:\\\/\\\/truckonline.de\\\/blog\\\/wp-content\\\/uploads\\\/2019\\\/12\\\/logoinnenweiss.png\",\"width\":733,\"height\":125,\"caption\":\"maik\"},\"logo\":{\"@id\":\"https:\\\/\\\/truckonline.de\\\/blog\\\/wp-content\\\/uploads\\\/2019\\\/12\\\/logoinnenweiss.png\"},\"sameAs\":[\"https:\\\/\\\/www.facebook.com\\\/truckblog\",\"https:\\\/\\\/www.instagram.com\\\/truck_online\\\/\",\"https:\\\/\\\/x.com\\\/https:\\\/\\\/twitter.com\\\/truckblog\",\"https:\\\/\\\/www.youtube.com\\\/user\\\/truckonline\",\"https:\\\/\\\/www.tumblr.com\\\/truckonline\"]}]}<\/script>\n<!-- \/ Yoast SEO plugin. -->","yoast_head_json":{"title":"Das d\u00fcmmste, was ich dieses Jahr getan habe (bisher) | TruckOnline.de","description":"Bei mir in der Firma, also in dem Betrieb, f\u00fcr welchen ich fahre, gibt es jedes Jahr einen Gutschein von einem Arbeitsmittelausstatter. Meistens liegt der","robots":{"index":"index","follow":"follow","max-snippet":"max-snippet:-1","max-image-preview":"max-image-preview:large","max-video-preview":"max-video-preview:-1"},"canonical":"https:\/\/truckonline.de\/blog\/2026\/02\/16\/das-duemmste-was-ich-dieses-jahr-getan-habe-bisher\/","og_locale":"de_DE","og_type":"article","og_title":"Das d\u00fcmmste, was ich dieses Jahr getan habe (bisher) | TruckOnline.de","og_url":"https:\/\/truckonline.de\/blog\/2026\/02\/16\/das-duemmste-was-ich-dieses-jahr-getan-habe-bisher\/","og_site_name":"TruckOnline.de","article_publisher":"https:\/\/www.facebook.com\/truckblog","article_author":"https:\/\/www.facebook.com\/truckblog","article_published_time":"2026-02-16T10:49:13+00:00","og_image":[{"width":2560,"height":1920,"url":"https:\/\/truckonline.de\/blog\/wp-content\/uploads\/2019\/12\/IMG_20191229_225424-scaled.jpg","type":"image\/jpeg"}],"author":"maik","twitter_card":"summary_large_image","twitter_creator":"@https:\/\/twitter.com\/truckblog","twitter_site":"@truckblog","twitter_misc":{"Verfasst von":"maik","Gesch\u00e4tzte Lesezeit":"2\u00a0Minuten"},"schema":{"@context":"https:\/\/schema.org","@graph":[{"@type":"Article","@id":"https:\/\/truckonline.de\/blog\/2026\/02\/16\/das-duemmste-was-ich-dieses-jahr-getan-habe-bisher\/#article","isPartOf":{"@id":"https:\/\/truckonline.de\/blog\/2026\/02\/16\/das-duemmste-was-ich-dieses-jahr-getan-habe-bisher\/"},"author":{"name":"maik","@id":"https:\/\/truckonline.de\/blog\/#\/schema\/person\/4cb59b86ffde81f882f56439688fda19"},"headline":"Das d\u00fcmmste, was ich dieses Jahr getan habe (bisher)","datePublished":"2026-02-16T10:49:13+00:00","mainEntityOfPage":{"@id":"https:\/\/truckonline.de\/blog\/2026\/02\/16\/das-duemmste-was-ich-dieses-jahr-getan-habe-bisher\/"},"wordCount":260,"commentCount":3,"publisher":{"@id":"https:\/\/truckonline.de\/blog\/#\/schema\/person\/4cb59b86ffde81f882f56439688fda19"},"keywords":["Arbeitsschuhe","M\u00fcll"],"articleSection":["\u00c4rgerliches"],"inLanguage":"de","potentialAction":[{"@type":"CommentAction","name":"Comment","target":["https:\/\/truckonline.de\/blog\/2026\/02\/16\/das-duemmste-was-ich-dieses-jahr-getan-habe-bisher\/#respond"]}]},{"@type":"WebPage","@id":"https:\/\/truckonline.de\/blog\/2026\/02\/16\/das-duemmste-was-ich-dieses-jahr-getan-habe-bisher\/","url":"https:\/\/truckonline.de\/blog\/2026\/02\/16\/das-duemmste-was-ich-dieses-jahr-getan-habe-bisher\/","name":"Das d\u00fcmmste, was ich dieses Jahr getan habe (bisher) | TruckOnline.de","isPartOf":{"@id":"https:\/\/truckonline.de\/blog\/#website"},"datePublished":"2026-02-16T10:49:13+00:00","description":"Bei mir in der Firma, also in dem Betrieb, f\u00fcr welchen ich fahre, gibt es jedes Jahr einen Gutschein von einem Arbeitsmittelausstatter. Meistens liegt der","breadcrumb":{"@id":"https:\/\/truckonline.de\/blog\/2026\/02\/16\/das-duemmste-was-ich-dieses-jahr-getan-habe-bisher\/#breadcrumb"},"inLanguage":"de","potentialAction":[{"@type":"ReadAction","target":["https:\/\/truckonline.de\/blog\/2026\/02\/16\/das-duemmste-was-ich-dieses-jahr-getan-habe-bisher\/"]}]},{"@type":"BreadcrumbList","@id":"https:\/\/truckonline.de\/blog\/2026\/02\/16\/das-duemmste-was-ich-dieses-jahr-getan-habe-bisher\/#breadcrumb","itemListElement":[{"@type":"ListItem","position":1,"name":"Startseite","item":"https:\/\/truckonline.de\/blog\/"},{"@type":"ListItem","position":2,"name":"Das d\u00fcmmste, was ich dieses Jahr getan habe (bisher)"}]},{"@type":"WebSite","@id":"https:\/\/truckonline.de\/blog\/#website","url":"https:\/\/truckonline.de\/blog\/","name":"TruckOnline.de","description":"","publisher":{"@id":"https:\/\/truckonline.de\/blog\/#\/schema\/person\/4cb59b86ffde81f882f56439688fda19"},"potentialAction":[{"@type":"SearchAction","target":{"@type":"EntryPoint","urlTemplate":"https:\/\/truckonline.de\/blog\/?s={search_term_string}"},"query-input":{"@type":"PropertyValueSpecification","valueRequired":true,"valueName":"search_term_string"}}],"inLanguage":"de"},{"@type":["Person","Organization"],"@id":"https:\/\/truckonline.de\/blog\/#\/schema\/person\/4cb59b86ffde81f882f56439688fda19","name":"maik","image":{"@type":"ImageObject","inLanguage":"de","@id":"https:\/\/truckonline.de\/blog\/wp-content\/uploads\/2019\/12\/logoinnenweiss.png","url":"https:\/\/truckonline.de\/blog\/wp-content\/uploads\/2019\/12\/logoinnenweiss.png","contentUrl":"https:\/\/truckonline.de\/blog\/wp-content\/uploads\/2019\/12\/logoinnenweiss.png","width":733,"height":125,"caption":"maik"},"logo":{"@id":"https:\/\/truckonline.de\/blog\/wp-content\/uploads\/2019\/12\/logoinnenweiss.png"},"sameAs":["https:\/\/www.facebook.com\/truckblog","https:\/\/www.instagram.com\/truck_online\/","https:\/\/x.com\/https:\/\/twitter.com\/truckblog","https:\/\/www.youtube.com\/user\/truckonline","https:\/\/www.tumblr.com\/truckonline"]}]}},"public_identification_id":"7c6700b34fe541c5adfb085b40b6afb7","private_identification_id":"62d6059a59e845499720d6ef5552c3c6","_links":{"self":[{"href":"https:\/\/truckonline.de\/blog\/wp-json\/wp\/v2\/posts\/14914","targetHints":{"allow":["GET"]}}],"collection":[{"href":"https:\/\/truckonline.de\/blog\/wp-json\/wp\/v2\/posts"}],"about":[{"href":"https:\/\/truckonline.de\/blog\/wp-json\/wp\/v2\/types\/post"}],"author":[{"embeddable":true,"href":"https:\/\/truckonline.de\/blog\/wp-json\/wp\/v2\/users\/3"}],"replies":[{"embeddable":true,"href":"https:\/\/truckonline.de\/blog\/wp-json\/wp\/v2\/comments?post=14914"}],"version-history":[{"count":3,"href":"https:\/\/truckonline.de\/blog\/wp-json\/wp\/v2\/posts\/14914\/revisions"}],"predecessor-version":[{"id":14918,"href":"https:\/\/truckonline.de\/blog\/wp-json\/wp\/v2\/posts\/14914\/revisions\/14918"}],"wp:attachment":[{"href":"https:\/\/truckonline.de\/blog\/wp-json\/wp\/v2\/media?parent=14914"}],"wp:term":[{"taxonomy":"category","embeddable":true,"href":"https:\/\/truckonline.de\/blog\/wp-json\/wp\/v2\/categories?post=14914"},{"taxonomy":"post_tag","embeddable":true,"href":"https:\/\/truckonline.de\/blog\/wp-json\/wp\/v2\/tags?post=14914"}],"curies":[{"name":"wp","href":"https:\/\/api.w.org\/{rel}","templated":true}]}}