{"id":1487,"date":"2010-08-30T22:12:54","date_gmt":"2010-08-30T20:12:54","guid":{"rendered":"https:\/\/truckonline.de\/blog\/?p=1487"},"modified":"2010-08-30T22:12:54","modified_gmt":"2010-08-30T20:12:54","slug":"mir-ist-ein-wenig-mulmig-zumute","status":"publish","type":"post","link":"https:\/\/truckonline.de\/blog\/2010\/08\/30\/mir-ist-ein-wenig-mulmig-zumute\/","title":{"rendered":"Mir ist ein wenig mulmig zumute"},"content":{"rendered":"<blockquote><p>Maik, wie ist\u2019s mit einer Ersatz-Zugmaschine?<\/p><\/blockquote>\n<p>schreibt Hajo als <a href=\"https:\/\/truckonline.de\/blog\/2010\/08\/30\/die-woche-faengt-toll-an\/#comment-4213\">Antwort<\/a> auf diesen <a href=\"https:\/\/truckonline.de\/blog\/2010\/08\/30\/die-woche-faengt-toll-an\/\">Artikel<\/a>. <\/p>\n<p>Nix da. Das w\u00e4re wie ein mittelm\u00e4\u00dfiger Umzug und somit unzumutbar f\u00fcr mich. Auch wenn das ein <s>Kollege<\/s> Disponent mit Namen Torsten etwas anders sieht.<\/p>\n<p>Was ich nat\u00fcrlich zugeben mu\u00df ist, dass mein Standplatz in dieser Nacht nicht so toll ist. Eingeschlossen und ganz allein in einer Werkstatt, ist nicht so ganz mein Ding. Immer wieder knirscht es irgendwo und im Hinterkopf hofft man, dass sich eventuelle Einbrecher diese Nacht eine andere Firma in diesem Industriegebiet aussuchen.<\/p>\n<p><img decoding=\"async\" src=\"https:\/\/www.truckonline.de\/bilder\/blicknachvornausderwerkstatt.jpg\" alt=\"Blick nach vorn aus der Werkstatt\" \/><\/p>\n","protected":false},"excerpt":{"rendered":"<p>Maik, wie ist\u2019s mit einer Ersatz-Zugmaschine? schreibt Hajo als Antwort auf diesen Artikel. Nix da. Das w\u00e4re wie ein mittelm\u00e4\u00dfiger Umzug und somit unzumutbar f\u00fcr&#8230;<\/p>\n<div class=\"more-link-wrapper\"><a class=\"more-link\" href=\"https:\/\/truckonline.de\/blog\/2010\/08\/30\/mir-ist-ein-wenig-mulmig-zumute\/\">Sie haben Ihr Ziel fast erreicht.<span class=\"screen-reader-text\">Mir ist ein wenig mulmig zumute<\/span><\/a><\/div>\n","protected":false},"author":3,"featured_media":0,"comment_status":"open","ping_status":"open","sticky":false,"template":"","format":"standard","meta":{"iawp_total_views":1,"_metis_text_type":"","_metis_text_length":0,"_post_count":0,"footnotes":""},"categories":[185,3],"tags":[1881,909],"class_list":["post-1487","post","type-post","status-publish","format-standard","hentry","category-gedanken","category-internes","tag-lkw","tag-werkstatt","ratio-2-1","entry"],"yoast_head":"<!-- This site is optimized with the Yoast SEO plugin v27.5 - https:\/\/yoast.com\/product\/yoast-seo-wordpress\/ -->\n<title>Mir ist ein wenig mulmig zumute | TruckOnline.de<\/title>\n<meta name=\"description\" content=\"Maik, wie ist\u2019s mit einer Ersatz-Zugmaschine? schreibt Hajo als Antwort auf diesen Artikel. Nix da. Das w\u00e4re wie ein mittelm\u00e4\u00dfiger Umzug und somit\" \/>\n<meta name=\"robots\" content=\"index, follow, max-snippet:-1, max-image-preview:large, max-video-preview:-1\" \/>\n<link rel=\"canonical\" href=\"https:\/\/truckonline.de\/blog\/2010\/08\/30\/mir-ist-ein-wenig-mulmig-zumute\/\" \/>\n<meta property=\"og:locale\" content=\"de_DE\" \/>\n<meta property=\"og:type\" content=\"article\" \/>\n<meta property=\"og:title\" content=\"Mir ist ein wenig mulmig zumute | TruckOnline.de\" \/>\n<meta property=\"og:url\" content=\"https:\/\/truckonline.de\/blog\/2010\/08\/30\/mir-ist-ein-wenig-mulmig-zumute\/\" \/>\n<meta property=\"og:site_name\" content=\"TruckOnline.de\" \/>\n<meta property=\"article:publisher\" content=\"https:\/\/www.facebook.com\/truckblog\" \/>\n<meta property=\"article:author\" content=\"https:\/\/www.facebook.com\/truckblog\" \/>\n<meta property=\"article:published_time\" content=\"2010-08-30T20:12:54+00:00\" \/>\n<meta property=\"og:image\" content=\"https:\/\/www.truckonline.de\/bilder\/blicknachvornausderwerkstatt.jpg\" \/>\n<meta name=\"author\" content=\"maik\" \/>\n<meta name=\"twitter:card\" content=\"summary_large_image\" \/>\n<meta name=\"twitter:creator\" content=\"@https:\/\/twitter.com\/truckblog\" \/>\n<meta name=\"twitter:site\" content=\"@truckblog\" \/>\n<meta name=\"twitter:label1\" content=\"Verfasst von\" \/>\n\t<meta name=\"twitter:data1\" content=\"maik\" \/>\n<script type=\"application\/ld+json\" class=\"yoast-schema-graph\">{\"@context\":\"https:\\\/\\\/schema.org\",\"@graph\":[{\"@type\":\"Article\",\"@id\":\"https:\\\/\\\/truckonline.de\\\/blog\\\/2010\\\/08\\\/30\\\/mir-ist-ein-wenig-mulmig-zumute\\\/#article\",\"isPartOf\":{\"@id\":\"https:\\\/\\\/truckonline.de\\\/blog\\\/2010\\\/08\\\/30\\\/mir-ist-ein-wenig-mulmig-zumute\\\/\"},\"author\":{\"name\":\"maik\",\"@id\":\"https:\\\/\\\/truckonline.de\\\/blog\\\/#\\\/schema\\\/person\\\/4cb59b86ffde81f882f56439688fda19\"},\"headline\":\"Mir ist ein wenig mulmig zumute\",\"datePublished\":\"2010-08-30T20:12:54+00:00\",\"mainEntityOfPage\":{\"@id\":\"https:\\\/\\\/truckonline.de\\\/blog\\\/2010\\\/08\\\/30\\\/mir-ist-ein-wenig-mulmig-zumute\\\/\"},\"wordCount\":101,\"commentCount\":6,\"publisher\":{\"@id\":\"https:\\\/\\\/truckonline.de\\\/blog\\\/#\\\/schema\\\/person\\\/4cb59b86ffde81f882f56439688fda19\"},\"image\":{\"@id\":\"https:\\\/\\\/truckonline.de\\\/blog\\\/2010\\\/08\\\/30\\\/mir-ist-ein-wenig-mulmig-zumute\\\/#primaryimage\"},\"thumbnailUrl\":\"https:\\\/\\\/www.truckonline.de\\\/bilder\\\/blicknachvornausderwerkstatt.jpg\",\"keywords\":[\"Lkw\",\"Werkstatt\"],\"articleSection\":[\"Gedanken\",\"Internes\"],\"inLanguage\":\"de\",\"potentialAction\":[{\"@type\":\"CommentAction\",\"name\":\"Comment\",\"target\":[\"https:\\\/\\\/truckonline.de\\\/blog\\\/2010\\\/08\\\/30\\\/mir-ist-ein-wenig-mulmig-zumute\\\/#respond\"]}]},{\"@type\":\"WebPage\",\"@id\":\"https:\\\/\\\/truckonline.de\\\/blog\\\/2010\\\/08\\\/30\\\/mir-ist-ein-wenig-mulmig-zumute\\\/\",\"url\":\"https:\\\/\\\/truckonline.de\\\/blog\\\/2010\\\/08\\\/30\\\/mir-ist-ein-wenig-mulmig-zumute\\\/\",\"name\":\"Mir ist ein wenig mulmig zumute | TruckOnline.de\",\"isPartOf\":{\"@id\":\"https:\\\/\\\/truckonline.de\\\/blog\\\/#website\"},\"primaryImageOfPage\":{\"@id\":\"https:\\\/\\\/truckonline.de\\\/blog\\\/2010\\\/08\\\/30\\\/mir-ist-ein-wenig-mulmig-zumute\\\/#primaryimage\"},\"image\":{\"@id\":\"https:\\\/\\\/truckonline.de\\\/blog\\\/2010\\\/08\\\/30\\\/mir-ist-ein-wenig-mulmig-zumute\\\/#primaryimage\"},\"thumbnailUrl\":\"https:\\\/\\\/www.truckonline.de\\\/bilder\\\/blicknachvornausderwerkstatt.jpg\",\"datePublished\":\"2010-08-30T20:12:54+00:00\",\"description\":\"Maik, wie ist\u2019s mit einer Ersatz-Zugmaschine? schreibt Hajo als Antwort auf diesen Artikel. Nix da. Das w\u00e4re wie ein mittelm\u00e4\u00dfiger Umzug und somit\",\"breadcrumb\":{\"@id\":\"https:\\\/\\\/truckonline.de\\\/blog\\\/2010\\\/08\\\/30\\\/mir-ist-ein-wenig-mulmig-zumute\\\/#breadcrumb\"},\"inLanguage\":\"de\",\"potentialAction\":[{\"@type\":\"ReadAction\",\"target\":[\"https:\\\/\\\/truckonline.de\\\/blog\\\/2010\\\/08\\\/30\\\/mir-ist-ein-wenig-mulmig-zumute\\\/\"]}]},{\"@type\":\"ImageObject\",\"inLanguage\":\"de\",\"@id\":\"https:\\\/\\\/truckonline.de\\\/blog\\\/2010\\\/08\\\/30\\\/mir-ist-ein-wenig-mulmig-zumute\\\/#primaryimage\",\"url\":\"https:\\\/\\\/www.truckonline.de\\\/bilder\\\/blicknachvornausderwerkstatt.jpg\",\"contentUrl\":\"https:\\\/\\\/www.truckonline.de\\\/bilder\\\/blicknachvornausderwerkstatt.jpg\"},{\"@type\":\"BreadcrumbList\",\"@id\":\"https:\\\/\\\/truckonline.de\\\/blog\\\/2010\\\/08\\\/30\\\/mir-ist-ein-wenig-mulmig-zumute\\\/#breadcrumb\",\"itemListElement\":[{\"@type\":\"ListItem\",\"position\":1,\"name\":\"Startseite\",\"item\":\"https:\\\/\\\/truckonline.de\\\/blog\\\/\"},{\"@type\":\"ListItem\",\"position\":2,\"name\":\"Mir ist ein wenig mulmig zumute\"}]},{\"@type\":\"WebSite\",\"@id\":\"https:\\\/\\\/truckonline.de\\\/blog\\\/#website\",\"url\":\"https:\\\/\\\/truckonline.de\\\/blog\\\/\",\"name\":\"TruckOnline.de\",\"description\":\"\",\"publisher\":{\"@id\":\"https:\\\/\\\/truckonline.de\\\/blog\\\/#\\\/schema\\\/person\\\/4cb59b86ffde81f882f56439688fda19\"},\"potentialAction\":[{\"@type\":\"SearchAction\",\"target\":{\"@type\":\"EntryPoint\",\"urlTemplate\":\"https:\\\/\\\/truckonline.de\\\/blog\\\/?s={search_term_string}\"},\"query-input\":{\"@type\":\"PropertyValueSpecification\",\"valueRequired\":true,\"valueName\":\"search_term_string\"}}],\"inLanguage\":\"de\"},{\"@type\":[\"Person\",\"Organization\"],\"@id\":\"https:\\\/\\\/truckonline.de\\\/blog\\\/#\\\/schema\\\/person\\\/4cb59b86ffde81f882f56439688fda19\",\"name\":\"maik\",\"image\":{\"@type\":\"ImageObject\",\"inLanguage\":\"de\",\"@id\":\"https:\\\/\\\/truckonline.de\\\/blog\\\/wp-content\\\/uploads\\\/2019\\\/12\\\/logoinnenweiss.png\",\"url\":\"https:\\\/\\\/truckonline.de\\\/blog\\\/wp-content\\\/uploads\\\/2019\\\/12\\\/logoinnenweiss.png\",\"contentUrl\":\"https:\\\/\\\/truckonline.de\\\/blog\\\/wp-content\\\/uploads\\\/2019\\\/12\\\/logoinnenweiss.png\",\"width\":733,\"height\":125,\"caption\":\"maik\"},\"logo\":{\"@id\":\"https:\\\/\\\/truckonline.de\\\/blog\\\/wp-content\\\/uploads\\\/2019\\\/12\\\/logoinnenweiss.png\"},\"sameAs\":[\"https:\\\/\\\/www.facebook.com\\\/truckblog\",\"https:\\\/\\\/www.instagram.com\\\/truck_online\\\/\",\"https:\\\/\\\/x.com\\\/https:\\\/\\\/twitter.com\\\/truckblog\",\"https:\\\/\\\/www.youtube.com\\\/user\\\/truckonline\",\"https:\\\/\\\/www.tumblr.com\\\/truckonline\"]}]}<\/script>\n<!-- \/ Yoast SEO plugin. -->","yoast_head_json":{"title":"Mir ist ein wenig mulmig zumute | TruckOnline.de","description":"Maik, wie ist\u2019s mit einer Ersatz-Zugmaschine? schreibt Hajo als Antwort auf diesen Artikel. Nix da. Das w\u00e4re wie ein mittelm\u00e4\u00dfiger Umzug und somit","robots":{"index":"index","follow":"follow","max-snippet":"max-snippet:-1","max-image-preview":"max-image-preview:large","max-video-preview":"max-video-preview:-1"},"canonical":"https:\/\/truckonline.de\/blog\/2010\/08\/30\/mir-ist-ein-wenig-mulmig-zumute\/","og_locale":"de_DE","og_type":"article","og_title":"Mir ist ein wenig mulmig zumute | TruckOnline.de","og_url":"https:\/\/truckonline.de\/blog\/2010\/08\/30\/mir-ist-ein-wenig-mulmig-zumute\/","og_site_name":"TruckOnline.de","article_publisher":"https:\/\/www.facebook.com\/truckblog","article_author":"https:\/\/www.facebook.com\/truckblog","article_published_time":"2010-08-30T20:12:54+00:00","og_image":[{"url":"https:\/\/www.truckonline.de\/bilder\/blicknachvornausderwerkstatt.jpg","type":"","width":"","height":""}],"author":"maik","twitter_card":"summary_large_image","twitter_creator":"@https:\/\/twitter.com\/truckblog","twitter_site":"@truckblog","twitter_misc":{"Verfasst von":"maik"},"schema":{"@context":"https:\/\/schema.org","@graph":[{"@type":"Article","@id":"https:\/\/truckonline.de\/blog\/2010\/08\/30\/mir-ist-ein-wenig-mulmig-zumute\/#article","isPartOf":{"@id":"https:\/\/truckonline.de\/blog\/2010\/08\/30\/mir-ist-ein-wenig-mulmig-zumute\/"},"author":{"name":"maik","@id":"https:\/\/truckonline.de\/blog\/#\/schema\/person\/4cb59b86ffde81f882f56439688fda19"},"headline":"Mir ist ein wenig mulmig zumute","datePublished":"2010-08-30T20:12:54+00:00","mainEntityOfPage":{"@id":"https:\/\/truckonline.de\/blog\/2010\/08\/30\/mir-ist-ein-wenig-mulmig-zumute\/"},"wordCount":101,"commentCount":6,"publisher":{"@id":"https:\/\/truckonline.de\/blog\/#\/schema\/person\/4cb59b86ffde81f882f56439688fda19"},"image":{"@id":"https:\/\/truckonline.de\/blog\/2010\/08\/30\/mir-ist-ein-wenig-mulmig-zumute\/#primaryimage"},"thumbnailUrl":"https:\/\/www.truckonline.de\/bilder\/blicknachvornausderwerkstatt.jpg","keywords":["Lkw","Werkstatt"],"articleSection":["Gedanken","Internes"],"inLanguage":"de","potentialAction":[{"@type":"CommentAction","name":"Comment","target":["https:\/\/truckonline.de\/blog\/2010\/08\/30\/mir-ist-ein-wenig-mulmig-zumute\/#respond"]}]},{"@type":"WebPage","@id":"https:\/\/truckonline.de\/blog\/2010\/08\/30\/mir-ist-ein-wenig-mulmig-zumute\/","url":"https:\/\/truckonline.de\/blog\/2010\/08\/30\/mir-ist-ein-wenig-mulmig-zumute\/","name":"Mir ist ein wenig mulmig zumute | TruckOnline.de","isPartOf":{"@id":"https:\/\/truckonline.de\/blog\/#website"},"primaryImageOfPage":{"@id":"https:\/\/truckonline.de\/blog\/2010\/08\/30\/mir-ist-ein-wenig-mulmig-zumute\/#primaryimage"},"image":{"@id":"https:\/\/truckonline.de\/blog\/2010\/08\/30\/mir-ist-ein-wenig-mulmig-zumute\/#primaryimage"},"thumbnailUrl":"https:\/\/www.truckonline.de\/bilder\/blicknachvornausderwerkstatt.jpg","datePublished":"2010-08-30T20:12:54+00:00","description":"Maik, wie ist\u2019s mit einer Ersatz-Zugmaschine? schreibt Hajo als Antwort auf diesen Artikel. Nix da. Das w\u00e4re wie ein mittelm\u00e4\u00dfiger Umzug und somit","breadcrumb":{"@id":"https:\/\/truckonline.de\/blog\/2010\/08\/30\/mir-ist-ein-wenig-mulmig-zumute\/#breadcrumb"},"inLanguage":"de","potentialAction":[{"@type":"ReadAction","target":["https:\/\/truckonline.de\/blog\/2010\/08\/30\/mir-ist-ein-wenig-mulmig-zumute\/"]}]},{"@type":"ImageObject","inLanguage":"de","@id":"https:\/\/truckonline.de\/blog\/2010\/08\/30\/mir-ist-ein-wenig-mulmig-zumute\/#primaryimage","url":"https:\/\/www.truckonline.de\/bilder\/blicknachvornausderwerkstatt.jpg","contentUrl":"https:\/\/www.truckonline.de\/bilder\/blicknachvornausderwerkstatt.jpg"},{"@type":"BreadcrumbList","@id":"https:\/\/truckonline.de\/blog\/2010\/08\/30\/mir-ist-ein-wenig-mulmig-zumute\/#breadcrumb","itemListElement":[{"@type":"ListItem","position":1,"name":"Startseite","item":"https:\/\/truckonline.de\/blog\/"},{"@type":"ListItem","position":2,"name":"Mir ist ein wenig mulmig zumute"}]},{"@type":"WebSite","@id":"https:\/\/truckonline.de\/blog\/#website","url":"https:\/\/truckonline.de\/blog\/","name":"TruckOnline.de","description":"","publisher":{"@id":"https:\/\/truckonline.de\/blog\/#\/schema\/person\/4cb59b86ffde81f882f56439688fda19"},"potentialAction":[{"@type":"SearchAction","target":{"@type":"EntryPoint","urlTemplate":"https:\/\/truckonline.de\/blog\/?s={search_term_string}"},"query-input":{"@type":"PropertyValueSpecification","valueRequired":true,"valueName":"search_term_string"}}],"inLanguage":"de"},{"@type":["Person","Organization"],"@id":"https:\/\/truckonline.de\/blog\/#\/schema\/person\/4cb59b86ffde81f882f56439688fda19","name":"maik","image":{"@type":"ImageObject","inLanguage":"de","@id":"https:\/\/truckonline.de\/blog\/wp-content\/uploads\/2019\/12\/logoinnenweiss.png","url":"https:\/\/truckonline.de\/blog\/wp-content\/uploads\/2019\/12\/logoinnenweiss.png","contentUrl":"https:\/\/truckonline.de\/blog\/wp-content\/uploads\/2019\/12\/logoinnenweiss.png","width":733,"height":125,"caption":"maik"},"logo":{"@id":"https:\/\/truckonline.de\/blog\/wp-content\/uploads\/2019\/12\/logoinnenweiss.png"},"sameAs":["https:\/\/www.facebook.com\/truckblog","https:\/\/www.instagram.com\/truck_online\/","https:\/\/x.com\/https:\/\/twitter.com\/truckblog","https:\/\/www.youtube.com\/user\/truckonline","https:\/\/www.tumblr.com\/truckonline"]}]}},"_links":{"self":[{"href":"https:\/\/truckonline.de\/blog\/wp-json\/wp\/v2\/posts\/1487","targetHints":{"allow":["GET"]}}],"collection":[{"href":"https:\/\/truckonline.de\/blog\/wp-json\/wp\/v2\/posts"}],"about":[{"href":"https:\/\/truckonline.de\/blog\/wp-json\/wp\/v2\/types\/post"}],"author":[{"embeddable":true,"href":"https:\/\/truckonline.de\/blog\/wp-json\/wp\/v2\/users\/3"}],"replies":[{"embeddable":true,"href":"https:\/\/truckonline.de\/blog\/wp-json\/wp\/v2\/comments?post=1487"}],"version-history":[{"count":0,"href":"https:\/\/truckonline.de\/blog\/wp-json\/wp\/v2\/posts\/1487\/revisions"}],"wp:attachment":[{"href":"https:\/\/truckonline.de\/blog\/wp-json\/wp\/v2\/media?parent=1487"}],"wp:term":[{"taxonomy":"category","embeddable":true,"href":"https:\/\/truckonline.de\/blog\/wp-json\/wp\/v2\/categories?post=1487"},{"taxonomy":"post_tag","embeddable":true,"href":"https:\/\/truckonline.de\/blog\/wp-json\/wp\/v2\/tags?post=1487"}],"curies":[{"name":"wp","href":"https:\/\/api.w.org\/{rel}","templated":true}]}}