{"id":1468,"date":"2010-08-11T10:29:38","date_gmt":"2010-08-11T08:29:38","guid":{"rendered":"https:\/\/truckonline.de\/blog\/?p=1468"},"modified":"2010-08-10T23:35:53","modified_gmt":"2010-08-10T21:35:53","slug":"wir-haben-einen-aufschwung-nur-kommt-der-nicht-ueberall-an","status":"publish","type":"post","link":"https:\/\/truckonline.de\/blog\/2010\/08\/11\/wir-haben-einen-aufschwung-nur-kommt-der-nicht-ueberall-an\/","title":{"rendered":"Wir haben einen Aufschwung! Nur kommt der nicht \u00fcberall an!"},"content":{"rendered":"<p><a href=\"https:\/\/www.bodo-ramelow.de\/\">Bodo Ramelow<\/a>, seines Zeichens Fraktionsvorsitzender der Fraktion DIE LINKE im Th\u00fcringer Landtag, war letzte Woche auf einer <a href=\"https:\/\/www.bodo-ramelow.de\/tagebuch\/tour_durch_erfurt\/\">Tour<\/a> durch <a href=\"https:\/\/www.erfurt.de\">Erfurt<\/a>. Eingeladen dazu hatte Th\u00fcringens Ministerpr\u00e4sidentin <a href=\"https:\/\/www.lieberknecht2009.de\/\">Christine Lieberknecht<\/a> (CDU). Zwischenziele waren verschiedene Betriebe der Provinzhauptstadt.<\/p>\n<p>Angesprochen wurde auf dieser Reise auch das Lohnniveau in diesem <a href=\"https:\/\/www.thueringen.de\">Freistaat<\/a>. So liest man bei Herrn Ramelow u.a. folgendes:<\/p>\n<blockquote><p>&#8230;dass Billiglohn keine Strategie mehr sein kann, die der hiesigen Wirtschaft weiterhilft. <\/p><\/blockquote>\n<p>Das klingt toll. Dann kann ich mir ja in naher Zukunft einen Arbeitgeber suchen, der in meinem <a href=\"https:\/\/www.muehlhausen.de\">Heimatort<\/a> angesiedelt ist &#8211; und nicht 250 Kilometer <a href=\"https:\/\/de.wikipedia.org\/wiki\/Mittelhessen\">entfernt<\/a>.<br \/>\nAber ich bleibe in der Realit\u00e4t: Ein Bekannter von mir f\u00e4hrt f\u00fcr eine Spedition, mit Sitz in einem Ort im th\u00fcringischen <a href=\"https:\/\/de.wikipedia.org\/wiki\/Landkreis_Eichsfeld\">Eichsfeld<\/a>. Sein Bruttoverdienst liegt bei 1 800 Euro. Netto sind das bei Steuerklasse 1 rund 1 220 Euro. Dazu kommen Spesen, die aber nicht mit zum regul\u00e4ren Lohn z\u00e4hlen.  <\/p>\n<p>1 220 Euro monatlich in der Lohnt\u00fcte. Und das bei einer durchschnittlichen Arbeitszeit von 240 &#8211; 260 Stunden im Monat. Da braucht man wirklich eine Menge Enthusiasmus. Oder was n\u00e4her liegt: Man denkt besser nicht dar\u00fcber nach.<\/p>\n<p>In der &#8222;<a href=\"https:\/\/www.thueringer-allgemeine.de\/\">Th\u00fcringer Allgemeinen<\/a>&#8220; konnte man vor einigen Tagen ein <a href=\"https:\/\/www.thueringer-allgemeine.de\/startseite\/detail\/-\/specific\/Chef-des-Wirtschaftsverbandes-In-den-Firmen-brummt-es-wieder-1445676250\">Interview<\/a> mit dem Pr\u00e4sidenten des Th\u00fcringer Arbeitgeberverbandes, Wolfgang Zahn, bewundern. Voller Stolz berichtete er auf die Frage, wie es der Th\u00fcringer Wirtschaft geht, folgendes:<\/p>\n<blockquote><p>Es brummt. Vor allem die Autobranche, Zulieferer, Kunststoffhersteller und jetzt auch der Maschinenbau laufen nach der Krise wieder auf vollen Touren.<\/p><\/blockquote>\n<p>Nat\u00fcrlich kam in diesem Interview auch das Thema Billiglohn und Leiharbeit zur Sprache. Als Antwort kamen S\u00e4tze wie &#8222;<em>Da wird vieles \u00fcbertrieben<\/em>&#8222;, oder &#8222;<em>Die im Arbeitgeberverband organisierten Firmen zahlen alle Tarifl\u00f6hne, was ein grundsolides Auskommen bedeutet<\/em>.&#8220;<br \/>\nWie viel Prozent der Th\u00fcringer Unternehmen tats\u00e4chlich den offiziellen Tarif zahlen, kann oder will aber auch der Chef eines Wirtschaftsverbandes nicht sagen. Bei dieser Frage verliert er sich in diffusen Sch\u00e4tzungen.<\/p>\n<p>In der Kunststoffindustrie brummt es also. Komisch, dass ein Arbeitnehmer davon nichts merkt. Ausser vielleicht durch eine erh\u00f6hte Arbeitsbelastung.<br \/>\nEin weiterer Bekannter von mir arbeitet bei einem Zulieferer der Automobilindustrie. Dort, in <a href=\"https:\/\/www.eisenach.de\">Eisenach<\/a>,  werden diverse Kunstoffteile hergestellt. Selbst in der zur\u00fcckliegenden Wirtschaftskrise gab es keine Entlassungen und auch keine Kurzarbeit. Trotzdem ist eine Lohnerh\u00f6hung f\u00fcr die dortigen Mitarbeiter Utopie.<br \/>\nSelbst der erw\u00e4hnte Bekannte verdient als Vorarbeiter im 2 &#8211; Schichtsystem gerade einmal 1 400 Euro. Brutto nat\u00fcrlich. Wenn der S\u00e4tze h\u00f6rt, in denen es hei\u00dft, er h\u00e4tte ein &#8222;grundsolides Auskommen&#8220;, wird er still. Ob vor Scham, seiner Familie kein grundsolides Auskommen bieten zu k\u00f6nnen oder einfach nur, weil Ihm die Worte fehlen, weiss ich nicht.<\/p>\n<p>Aber ein wenig Hoffnung bleibt. Immerhin <a href=\"https:\/\/www.christoph-matschie.de\/blog\/thueringen-braucht-hoehere-loehne\/\">forderte<\/a> der heutige <a href=\"https:\/\/www.thueringen.de\/de\/tmbwk\/ministerium\/minister\/\">stellvertretende Ministerpr\u00e4sident<\/a>, Christoph Matschie, im letzten Wahlkampf folgendes:<\/p>\n<blockquote><p>Eine SPD-Landesregierung mit Christoph Matschie an der Spitze wird f\u00fcr h\u00f6here L\u00f6hne in Th\u00fcringen k\u00e4mpfen<\/p><\/blockquote>\n<p>F\u00fcr ganz nach oben hat es f\u00fcr Matschie bekannterma\u00dfen nicht gereicht. Als Ausrede kann das aber nicht gelten. Ansonsten ist er bald wieder in der Opposition &#8211; und der Ministerpr\u00e4sident hei\u00dft Ramelow. Der ist bekanntlich f\u00fcr einen Mindestlohn.<\/p>\n","protected":false},"excerpt":{"rendered":"<p>Bodo Ramelow, seines Zeichens Fraktionsvorsitzender der Fraktion DIE LINKE im Th\u00fcringer Landtag, war letzte Woche auf einer Tour durch Erfurt. Eingeladen dazu hatte Th\u00fcringens Ministerpr\u00e4sidentin&#8230;<\/p>\n<div class=\"more-link-wrapper\"><a class=\"more-link\" href=\"https:\/\/truckonline.de\/blog\/2010\/08\/11\/wir-haben-einen-aufschwung-nur-kommt-der-nicht-ueberall-an\/\">Sie haben Ihr Ziel fast erreicht.<span class=\"screen-reader-text\">Wir haben einen Aufschwung! Nur kommt der nicht \u00fcberall an!<\/span><\/a><\/div>\n","protected":false},"author":3,"featured_media":0,"comment_status":"open","ping_status":"open","sticky":false,"template":"","format":"standard","meta":{"iawp_total_views":0,"_metis_text_type":"","_metis_text_length":0,"_post_count":0,"footnotes":""},"categories":[13,185],"tags":[1377,405],"class_list":["post-1468","post","type-post","status-publish","format-standard","hentry","category-firmen","category-gedanken","tag-bruttolohn","tag-mindestlohn","ratio-2-1","entry"],"yoast_head":"<!-- This site is optimized with the Yoast SEO plugin v27.4 - https:\/\/yoast.com\/product\/yoast-seo-wordpress\/ -->\n<title>Wir haben einen Aufschwung! Nur kommt der nicht \u00fcberall an! | TruckOnline.de<\/title>\n<meta name=\"description\" content=\"Bodo Ramelow, seines Zeichens Fraktionsvorsitzender der Fraktion DIE LINKE im Th\u00fcringer Landtag, war letzte Woche auf einer Tour durch Erfurt. Eingeladen\" \/>\n<meta name=\"robots\" content=\"index, follow, max-snippet:-1, max-image-preview:large, max-video-preview:-1\" \/>\n<link rel=\"canonical\" href=\"https:\/\/truckonline.de\/blog\/2010\/08\/11\/wir-haben-einen-aufschwung-nur-kommt-der-nicht-ueberall-an\/\" \/>\n<meta property=\"og:locale\" content=\"de_DE\" \/>\n<meta property=\"og:type\" content=\"article\" \/>\n<meta property=\"og:title\" content=\"Wir haben einen Aufschwung! Nur kommt der nicht \u00fcberall an! | TruckOnline.de\" \/>\n<meta property=\"og:url\" content=\"https:\/\/truckonline.de\/blog\/2010\/08\/11\/wir-haben-einen-aufschwung-nur-kommt-der-nicht-ueberall-an\/\" \/>\n<meta property=\"og:site_name\" content=\"TruckOnline.de\" \/>\n<meta property=\"article:publisher\" content=\"https:\/\/www.facebook.com\/truckblog\" \/>\n<meta property=\"article:author\" content=\"https:\/\/www.facebook.com\/truckblog\" \/>\n<meta property=\"article:published_time\" content=\"2010-08-11T08:29:38+00:00\" \/>\n<meta property=\"og:image\" content=\"https:\/\/truckonline.de\/blog\/wp-content\/uploads\/2019\/12\/IMG_20191229_225424-scaled.jpg\" \/>\n\t<meta property=\"og:image:width\" content=\"2560\" \/>\n\t<meta property=\"og:image:height\" content=\"1920\" \/>\n\t<meta property=\"og:image:type\" content=\"image\/jpeg\" \/>\n<meta name=\"author\" content=\"maik\" \/>\n<meta name=\"twitter:card\" content=\"summary_large_image\" \/>\n<meta name=\"twitter:creator\" content=\"@https:\/\/twitter.com\/truckblog\" \/>\n<meta name=\"twitter:site\" content=\"@truckblog\" \/>\n<meta name=\"twitter:label1\" content=\"Verfasst von\" \/>\n\t<meta name=\"twitter:data1\" content=\"maik\" \/>\n\t<meta name=\"twitter:label2\" content=\"Gesch\u00e4tzte Lesezeit\" \/>\n\t<meta name=\"twitter:data2\" content=\"3\u00a0Minuten\" \/>\n<script type=\"application\/ld+json\" class=\"yoast-schema-graph\">{\"@context\":\"https:\\\/\\\/schema.org\",\"@graph\":[{\"@type\":\"Article\",\"@id\":\"https:\\\/\\\/truckonline.de\\\/blog\\\/2010\\\/08\\\/11\\\/wir-haben-einen-aufschwung-nur-kommt-der-nicht-ueberall-an\\\/#article\",\"isPartOf\":{\"@id\":\"https:\\\/\\\/truckonline.de\\\/blog\\\/2010\\\/08\\\/11\\\/wir-haben-einen-aufschwung-nur-kommt-der-nicht-ueberall-an\\\/\"},\"author\":{\"name\":\"maik\",\"@id\":\"https:\\\/\\\/truckonline.de\\\/blog\\\/#\\\/schema\\\/person\\\/4cb59b86ffde81f882f56439688fda19\"},\"headline\":\"Wir haben einen Aufschwung! Nur kommt der nicht \u00fcberall an!\",\"datePublished\":\"2010-08-11T08:29:38+00:00\",\"mainEntityOfPage\":{\"@id\":\"https:\\\/\\\/truckonline.de\\\/blog\\\/2010\\\/08\\\/11\\\/wir-haben-einen-aufschwung-nur-kommt-der-nicht-ueberall-an\\\/\"},\"wordCount\":528,\"commentCount\":5,\"publisher\":{\"@id\":\"https:\\\/\\\/truckonline.de\\\/blog\\\/#\\\/schema\\\/person\\\/4cb59b86ffde81f882f56439688fda19\"},\"keywords\":[\"Bruttolohn\",\"Mindestlohn\"],\"articleSection\":[\"Firmen\",\"Gedanken\"],\"inLanguage\":\"de\",\"potentialAction\":[{\"@type\":\"CommentAction\",\"name\":\"Comment\",\"target\":[\"https:\\\/\\\/truckonline.de\\\/blog\\\/2010\\\/08\\\/11\\\/wir-haben-einen-aufschwung-nur-kommt-der-nicht-ueberall-an\\\/#respond\"]}]},{\"@type\":\"WebPage\",\"@id\":\"https:\\\/\\\/truckonline.de\\\/blog\\\/2010\\\/08\\\/11\\\/wir-haben-einen-aufschwung-nur-kommt-der-nicht-ueberall-an\\\/\",\"url\":\"https:\\\/\\\/truckonline.de\\\/blog\\\/2010\\\/08\\\/11\\\/wir-haben-einen-aufschwung-nur-kommt-der-nicht-ueberall-an\\\/\",\"name\":\"Wir haben einen Aufschwung! Nur kommt der nicht \u00fcberall an! | TruckOnline.de\",\"isPartOf\":{\"@id\":\"https:\\\/\\\/truckonline.de\\\/blog\\\/#website\"},\"datePublished\":\"2010-08-11T08:29:38+00:00\",\"description\":\"Bodo Ramelow, seines Zeichens Fraktionsvorsitzender der Fraktion DIE LINKE im Th\u00fcringer Landtag, war letzte Woche auf einer Tour durch Erfurt. Eingeladen\",\"breadcrumb\":{\"@id\":\"https:\\\/\\\/truckonline.de\\\/blog\\\/2010\\\/08\\\/11\\\/wir-haben-einen-aufschwung-nur-kommt-der-nicht-ueberall-an\\\/#breadcrumb\"},\"inLanguage\":\"de\",\"potentialAction\":[{\"@type\":\"ReadAction\",\"target\":[\"https:\\\/\\\/truckonline.de\\\/blog\\\/2010\\\/08\\\/11\\\/wir-haben-einen-aufschwung-nur-kommt-der-nicht-ueberall-an\\\/\"]}]},{\"@type\":\"BreadcrumbList\",\"@id\":\"https:\\\/\\\/truckonline.de\\\/blog\\\/2010\\\/08\\\/11\\\/wir-haben-einen-aufschwung-nur-kommt-der-nicht-ueberall-an\\\/#breadcrumb\",\"itemListElement\":[{\"@type\":\"ListItem\",\"position\":1,\"name\":\"Startseite\",\"item\":\"https:\\\/\\\/truckonline.de\\\/blog\\\/\"},{\"@type\":\"ListItem\",\"position\":2,\"name\":\"Wir haben einen Aufschwung! Nur kommt der nicht \u00fcberall an!\"}]},{\"@type\":\"WebSite\",\"@id\":\"https:\\\/\\\/truckonline.de\\\/blog\\\/#website\",\"url\":\"https:\\\/\\\/truckonline.de\\\/blog\\\/\",\"name\":\"TruckOnline.de\",\"description\":\"\",\"publisher\":{\"@id\":\"https:\\\/\\\/truckonline.de\\\/blog\\\/#\\\/schema\\\/person\\\/4cb59b86ffde81f882f56439688fda19\"},\"potentialAction\":[{\"@type\":\"SearchAction\",\"target\":{\"@type\":\"EntryPoint\",\"urlTemplate\":\"https:\\\/\\\/truckonline.de\\\/blog\\\/?s={search_term_string}\"},\"query-input\":{\"@type\":\"PropertyValueSpecification\",\"valueRequired\":true,\"valueName\":\"search_term_string\"}}],\"inLanguage\":\"de\"},{\"@type\":[\"Person\",\"Organization\"],\"@id\":\"https:\\\/\\\/truckonline.de\\\/blog\\\/#\\\/schema\\\/person\\\/4cb59b86ffde81f882f56439688fda19\",\"name\":\"maik\",\"image\":{\"@type\":\"ImageObject\",\"inLanguage\":\"de\",\"@id\":\"https:\\\/\\\/truckonline.de\\\/blog\\\/wp-content\\\/uploads\\\/2019\\\/12\\\/logoinnenweiss.png\",\"url\":\"https:\\\/\\\/truckonline.de\\\/blog\\\/wp-content\\\/uploads\\\/2019\\\/12\\\/logoinnenweiss.png\",\"contentUrl\":\"https:\\\/\\\/truckonline.de\\\/blog\\\/wp-content\\\/uploads\\\/2019\\\/12\\\/logoinnenweiss.png\",\"width\":733,\"height\":125,\"caption\":\"maik\"},\"logo\":{\"@id\":\"https:\\\/\\\/truckonline.de\\\/blog\\\/wp-content\\\/uploads\\\/2019\\\/12\\\/logoinnenweiss.png\"},\"sameAs\":[\"https:\\\/\\\/www.facebook.com\\\/truckblog\",\"https:\\\/\\\/www.instagram.com\\\/truck_online\\\/\",\"https:\\\/\\\/x.com\\\/https:\\\/\\\/twitter.com\\\/truckblog\",\"https:\\\/\\\/www.youtube.com\\\/user\\\/truckonline\",\"https:\\\/\\\/www.tumblr.com\\\/truckonline\"]}]}<\/script>\n<!-- \/ Yoast SEO plugin. -->","yoast_head_json":{"title":"Wir haben einen Aufschwung! Nur kommt der nicht \u00fcberall an! | TruckOnline.de","description":"Bodo Ramelow, seines Zeichens Fraktionsvorsitzender der Fraktion DIE LINKE im Th\u00fcringer Landtag, war letzte Woche auf einer Tour durch Erfurt. Eingeladen","robots":{"index":"index","follow":"follow","max-snippet":"max-snippet:-1","max-image-preview":"max-image-preview:large","max-video-preview":"max-video-preview:-1"},"canonical":"https:\/\/truckonline.de\/blog\/2010\/08\/11\/wir-haben-einen-aufschwung-nur-kommt-der-nicht-ueberall-an\/","og_locale":"de_DE","og_type":"article","og_title":"Wir haben einen Aufschwung! Nur kommt der nicht \u00fcberall an! | TruckOnline.de","og_url":"https:\/\/truckonline.de\/blog\/2010\/08\/11\/wir-haben-einen-aufschwung-nur-kommt-der-nicht-ueberall-an\/","og_site_name":"TruckOnline.de","article_publisher":"https:\/\/www.facebook.com\/truckblog","article_author":"https:\/\/www.facebook.com\/truckblog","article_published_time":"2010-08-11T08:29:38+00:00","og_image":[{"width":2560,"height":1920,"url":"https:\/\/truckonline.de\/blog\/wp-content\/uploads\/2019\/12\/IMG_20191229_225424-scaled.jpg","type":"image\/jpeg"}],"author":"maik","twitter_card":"summary_large_image","twitter_creator":"@https:\/\/twitter.com\/truckblog","twitter_site":"@truckblog","twitter_misc":{"Verfasst von":"maik","Gesch\u00e4tzte Lesezeit":"3\u00a0Minuten"},"schema":{"@context":"https:\/\/schema.org","@graph":[{"@type":"Article","@id":"https:\/\/truckonline.de\/blog\/2010\/08\/11\/wir-haben-einen-aufschwung-nur-kommt-der-nicht-ueberall-an\/#article","isPartOf":{"@id":"https:\/\/truckonline.de\/blog\/2010\/08\/11\/wir-haben-einen-aufschwung-nur-kommt-der-nicht-ueberall-an\/"},"author":{"name":"maik","@id":"https:\/\/truckonline.de\/blog\/#\/schema\/person\/4cb59b86ffde81f882f56439688fda19"},"headline":"Wir haben einen Aufschwung! Nur kommt der nicht \u00fcberall an!","datePublished":"2010-08-11T08:29:38+00:00","mainEntityOfPage":{"@id":"https:\/\/truckonline.de\/blog\/2010\/08\/11\/wir-haben-einen-aufschwung-nur-kommt-der-nicht-ueberall-an\/"},"wordCount":528,"commentCount":5,"publisher":{"@id":"https:\/\/truckonline.de\/blog\/#\/schema\/person\/4cb59b86ffde81f882f56439688fda19"},"keywords":["Bruttolohn","Mindestlohn"],"articleSection":["Firmen","Gedanken"],"inLanguage":"de","potentialAction":[{"@type":"CommentAction","name":"Comment","target":["https:\/\/truckonline.de\/blog\/2010\/08\/11\/wir-haben-einen-aufschwung-nur-kommt-der-nicht-ueberall-an\/#respond"]}]},{"@type":"WebPage","@id":"https:\/\/truckonline.de\/blog\/2010\/08\/11\/wir-haben-einen-aufschwung-nur-kommt-der-nicht-ueberall-an\/","url":"https:\/\/truckonline.de\/blog\/2010\/08\/11\/wir-haben-einen-aufschwung-nur-kommt-der-nicht-ueberall-an\/","name":"Wir haben einen Aufschwung! Nur kommt der nicht \u00fcberall an! | TruckOnline.de","isPartOf":{"@id":"https:\/\/truckonline.de\/blog\/#website"},"datePublished":"2010-08-11T08:29:38+00:00","description":"Bodo Ramelow, seines Zeichens Fraktionsvorsitzender der Fraktion DIE LINKE im Th\u00fcringer Landtag, war letzte Woche auf einer Tour durch Erfurt. Eingeladen","breadcrumb":{"@id":"https:\/\/truckonline.de\/blog\/2010\/08\/11\/wir-haben-einen-aufschwung-nur-kommt-der-nicht-ueberall-an\/#breadcrumb"},"inLanguage":"de","potentialAction":[{"@type":"ReadAction","target":["https:\/\/truckonline.de\/blog\/2010\/08\/11\/wir-haben-einen-aufschwung-nur-kommt-der-nicht-ueberall-an\/"]}]},{"@type":"BreadcrumbList","@id":"https:\/\/truckonline.de\/blog\/2010\/08\/11\/wir-haben-einen-aufschwung-nur-kommt-der-nicht-ueberall-an\/#breadcrumb","itemListElement":[{"@type":"ListItem","position":1,"name":"Startseite","item":"https:\/\/truckonline.de\/blog\/"},{"@type":"ListItem","position":2,"name":"Wir haben einen Aufschwung! Nur kommt der nicht \u00fcberall an!"}]},{"@type":"WebSite","@id":"https:\/\/truckonline.de\/blog\/#website","url":"https:\/\/truckonline.de\/blog\/","name":"TruckOnline.de","description":"","publisher":{"@id":"https:\/\/truckonline.de\/blog\/#\/schema\/person\/4cb59b86ffde81f882f56439688fda19"},"potentialAction":[{"@type":"SearchAction","target":{"@type":"EntryPoint","urlTemplate":"https:\/\/truckonline.de\/blog\/?s={search_term_string}"},"query-input":{"@type":"PropertyValueSpecification","valueRequired":true,"valueName":"search_term_string"}}],"inLanguage":"de"},{"@type":["Person","Organization"],"@id":"https:\/\/truckonline.de\/blog\/#\/schema\/person\/4cb59b86ffde81f882f56439688fda19","name":"maik","image":{"@type":"ImageObject","inLanguage":"de","@id":"https:\/\/truckonline.de\/blog\/wp-content\/uploads\/2019\/12\/logoinnenweiss.png","url":"https:\/\/truckonline.de\/blog\/wp-content\/uploads\/2019\/12\/logoinnenweiss.png","contentUrl":"https:\/\/truckonline.de\/blog\/wp-content\/uploads\/2019\/12\/logoinnenweiss.png","width":733,"height":125,"caption":"maik"},"logo":{"@id":"https:\/\/truckonline.de\/blog\/wp-content\/uploads\/2019\/12\/logoinnenweiss.png"},"sameAs":["https:\/\/www.facebook.com\/truckblog","https:\/\/www.instagram.com\/truck_online\/","https:\/\/x.com\/https:\/\/twitter.com\/truckblog","https:\/\/www.youtube.com\/user\/truckonline","https:\/\/www.tumblr.com\/truckonline"]}]}},"_links":{"self":[{"href":"https:\/\/truckonline.de\/blog\/wp-json\/wp\/v2\/posts\/1468","targetHints":{"allow":["GET"]}}],"collection":[{"href":"https:\/\/truckonline.de\/blog\/wp-json\/wp\/v2\/posts"}],"about":[{"href":"https:\/\/truckonline.de\/blog\/wp-json\/wp\/v2\/types\/post"}],"author":[{"embeddable":true,"href":"https:\/\/truckonline.de\/blog\/wp-json\/wp\/v2\/users\/3"}],"replies":[{"embeddable":true,"href":"https:\/\/truckonline.de\/blog\/wp-json\/wp\/v2\/comments?post=1468"}],"version-history":[{"count":0,"href":"https:\/\/truckonline.de\/blog\/wp-json\/wp\/v2\/posts\/1468\/revisions"}],"wp:attachment":[{"href":"https:\/\/truckonline.de\/blog\/wp-json\/wp\/v2\/media?parent=1468"}],"wp:term":[{"taxonomy":"category","embeddable":true,"href":"https:\/\/truckonline.de\/blog\/wp-json\/wp\/v2\/categories?post=1468"},{"taxonomy":"post_tag","embeddable":true,"href":"https:\/\/truckonline.de\/blog\/wp-json\/wp\/v2\/tags?post=1468"}],"curies":[{"name":"wp","href":"https:\/\/api.w.org\/{rel}","templated":true}]}}