{"id":14419,"date":"2025-08-23T22:30:00","date_gmt":"2025-08-23T20:30:00","guid":{"rendered":"https:\/\/truckonline.de\/blog\/?p=14419"},"modified":"2025-08-24T02:48:14","modified_gmt":"2025-08-24T00:48:14","slug":"die-usa-stellen-die-visavergabe-fuer-gewerbliche-lkw-fahrer-mit-sofortiger-wirkung-ein","status":"publish","type":"post","link":"https:\/\/truckonline.de\/blog\/2025\/08\/23\/die-usa-stellen-die-visavergabe-fuer-gewerbliche-lkw-fahrer-mit-sofortiger-wirkung-ein\/","title":{"rendered":"Die USA stellen die Visavergabe f\u00fcr gewerbliche Lkw-Fahrer mit sofortiger Wirkung ein"},"content":{"rendered":"\n<p>Nach Angaben der US-Bundesbeh\u00f6rden werden in den USA keine Arbeitsvisa mehr f\u00fcr gewerbliche Lkw-Fahrer ausgestellt. Grund daf\u00fcr ist die landesweite Untersuchung eines t\u00f6dlichen Unfalls in Florida, an dem ein Lkw-Fahrer ohne US-Staatsb\u00fcrgerschaft beteiligt war.<\/p>\n\n\n\n <div class=\"brlbs-cmpnt-container brlbs-cmpnt-content-blocker brlbs-cmpnt-with-individual-styles\" data-borlabs-cookie-content-blocker-id=\"default\" data-borlabs-cookie-content=\"PGlmcmFtZSB3aWR0aD0iNjgwIiBoZWlnaHQ9IjM4MyIgc3JjPSJodHRwczovL3d3dy55b3V0dWJlLW5vY29va2llLmNvbS9lbWJlZC9QTDdCcEJjOEdxUT9zaT0xQXNlMVM3N0VNdFptNEZSIiB0aXRsZT0iWW91VHViZSB2aWRlbyBwbGF5ZXIiIGZyYW1lYm9yZGVyPSIwIiBhbGxvdz0iYWNjZWxlcm9tZXRlcjsgYXV0b3BsYXk7IGNsaXBib2FyZC13cml0ZTsgZW5jcnlwdGVkLW1lZGlhOyBneXJvc2NvcGU7IHBpY3R1cmUtaW4tcGljdHVyZTsgd2ViLXNoYXJlIiByZWZlcnJlcnBvbGljeT0ic3RyaWN0LW9yaWdpbi13aGVuLWNyb3NzLW9yaWdpbiIgYWxsb3dmdWxsc2NyZWVuPjwvaWZyYW1lPg==\"><div class=\"brlbs-cmpnt-cb-preset-a\"> <p class=\"brlbs-cmpnt-cb-description\">Sie sehen gerade einen Platzhalterinhalt von <strong>Standard<\/strong>. Um auf den eigentlichen Inhalt zuzugreifen, klicken Sie auf den Button unten. Bitte beachten Sie, dass dabei Daten an Drittanbieter weitergegeben werden.<\/p> <div class=\"brlbs-cmpnt-cb-buttons\"> <a class=\"brlbs-cmpnt-cb-btn\" href=\"#\" data-borlabs-cookie-unblock role=\"button\">Inhalt entsperren<\/a> <a class=\"brlbs-cmpnt-cb-btn\" href=\"#\" data-borlabs-cookie-accept-service role=\"button\" style=\"display: none\">Erforderlichen Service akzeptieren und Inhalte entsperren<\/a> <\/div> <a class=\"brlbs-cmpnt-cb-provider-toggle\" href=\"#\" data-borlabs-cookie-show-provider-information role=\"button\">Weitere Informationen<\/a> <\/div><\/div>\n\n\n\n<p>Am 21. August 2025 k\u00fcndigte <a href=\"https:\/\/www.tagesschau.de\/thema\/rubio\">der Au\u00dfenminister<\/a> der Trump-Administration, Marco Rubio, sofortige Ma\u00dfnahmen bez\u00fcglich Arbeitsvisa f\u00fcr Fahrer von Nutzfahrzeugen an:<\/p>\n\n\n\n<blockquote class=\"wp-block-quote is-layout-flow wp-block-quote-is-layout-flow\">\n<p><em>Mit sofortiger Wirkung setzen wir die Ausstellung von Arbeitsvisa f\u00fcr gewerbliche Lkw-Fahrer aus. Die steigende Zahl ausl\u00e4ndischer Fahrer, die gro\u00dfe Sattelschlepper auf US-Stra\u00dfen fahren, gef\u00e4hrdet das Leben amerikanischer Menschen und untergr\u00e4bt deren Lebensgrundlage.<\/em><\/p>\n<\/blockquote>\n\n\n\n<p>Rubio machte keine Angaben dazu, wie lange die Aussetzung der Erteilung neuer Arbeitsvisa dauern k\u00f6nnte.<\/p>\n\n\n\n<p>Das\u00a0<a href=\"https:\/\/www.dhs.gov\/\">US-Heimatschutzministerium<\/a> hat au\u00dferdem zugesagt, Ma\u00dfnahmen zu ergreifen<a href=\"https:\/\/cdllife.com\/2025\/homeland-security-teases-partnership-with-usdot-to-stop-unqualified-drivers-from-obtaining-cdls-from-sanctuary-states\/\">,<\/a>\u00a0um Fahrern ohne US-Staatsb\u00fcrgerschaft den Erwerb eines gewerblichen F\u00fchrerscheins zu untersagen.<\/p>\n\n\n\n<p>Der Schritt, die Visaerteilung f\u00fcr Lkw-Fahrer einzustellen, erfolgte vor dem Hintergrund der Aufregung \u00fcber einen Unfall am 12. August auf dem Florida Turnpike. <br>Ein Fahrer aus Indien <a href=\"https:\/\/www.dhs.gov\/news\/2025\/08\/18\/criminal-illegal-alien-recklessly-driving-18-wheeler-kills-three-florida\">hatte angeblich ein illegales Wendeman\u00f6ver<\/a> vollzogen, bei der es zu einem Zusammensto\u00df kam. Dabei starben drei Menschen. Ihm wurde dreifache fahrl\u00e4ssige T\u00f6tung vorgeworfen.<\/p>\n\n\n\n<p>Seit dem Unfall untersuchen das <a href=\"https:\/\/www.transportation.gov\/\">US-Verkehrsministerium<\/a> (USDOT) und die Federal Motor Carrier Safety Administration (FMCSA), wie der Inder einen F\u00fchrerschein ohne g\u00fcltige Staatsb\u00fcrgerschaft erhalten konnte. <br>Die Beh\u00f6rden machen den Bundesstaat Washington und New Mexico daf\u00fcr verantwortlich, die FMCSA-Regeln im Fall Singh nicht eingehalten zu haben.<\/p>\n\n\n\n<p>Das US-Verkehrsministerium berichtete, dass der Fahrer einen nach dem Unfall durchgef\u00fchrten Englisch-Sprachtest <a href=\"https:\/\/www.fmcsa.dot.gov\/\">der FMCSA<\/a> nicht bestanden habe.<\/p>\n\n\n\n<p>Der Trucker wurde wenige Tage nach dem Unfall in Kalifornien festgenommen. Die Beh\u00f6rden in Florida haben ihn inzwischen in Gewahrsam genommen.<\/p>\n","protected":false},"excerpt":{"rendered":"<p>Nach Angaben der US-Bundesbeh\u00f6rden werden in den USA keine Arbeitsvisa mehr f\u00fcr gewerbliche Lkw-Fahrer ausgestellt. Grund daf\u00fcr ist die landesweite Untersuchung eines t\u00f6dlichen Unfalls in&#8230;<\/p>\n<div class=\"more-link-wrapper\"><a class=\"more-link\" href=\"https:\/\/truckonline.de\/blog\/2025\/08\/23\/die-usa-stellen-die-visavergabe-fuer-gewerbliche-lkw-fahrer-mit-sofortiger-wirkung-ein\/\">Sie haben Ihr Ziel fast erreicht.<span class=\"screen-reader-text\">Die USA stellen die Visavergabe f\u00fcr gewerbliche Lkw-Fahrer mit sofortiger Wirkung ein<\/span><\/a><\/div>\n","protected":false},"author":3,"featured_media":0,"comment_status":"open","ping_status":"open","sticky":false,"template":"","format":"standard","meta":{"iawp_total_views":4,"_metis_text_type":"standard","_metis_text_length":1963,"_post_count":0,"footnotes":""},"categories":[593,11,52],"tags":[53,564],"class_list":["post-14419","post","type-post","status-publish","format-standard","hentry","category-aergerliches","category-lkw","category-unfall","tag-crash","tag-usa","ratio-2-1","entry"],"yoast_head":"<!-- This site is optimized with the Yoast SEO plugin v27.4 - https:\/\/yoast.com\/product\/yoast-seo-wordpress\/ -->\n<title>Die USA stellen die Visavergabe f\u00fcr gewerbliche Lkw-Fahrer mit sofortiger Wirkung ein | TruckOnline.de<\/title>\n<meta name=\"description\" content=\"Nach Angaben der US-Bundesbeh\u00f6rden werden in den USA keine Arbeitsvisa mehr f\u00fcr gewerbliche Lkw-Fahrer ausgestellt. Grund daf\u00fcr ist die landesweite\" \/>\n<meta name=\"robots\" content=\"index, follow, max-snippet:-1, max-image-preview:large, max-video-preview:-1\" \/>\n<link rel=\"canonical\" href=\"https:\/\/truckonline.de\/blog\/2025\/08\/23\/die-usa-stellen-die-visavergabe-fuer-gewerbliche-lkw-fahrer-mit-sofortiger-wirkung-ein\/\" \/>\n<meta property=\"og:locale\" content=\"de_DE\" \/>\n<meta property=\"og:type\" content=\"article\" \/>\n<meta property=\"og:title\" content=\"Die USA stellen die Visavergabe f\u00fcr gewerbliche Lkw-Fahrer mit sofortiger Wirkung ein | TruckOnline.de\" \/>\n<meta property=\"og:url\" content=\"https:\/\/truckonline.de\/blog\/2025\/08\/23\/die-usa-stellen-die-visavergabe-fuer-gewerbliche-lkw-fahrer-mit-sofortiger-wirkung-ein\/\" \/>\n<meta property=\"og:site_name\" content=\"TruckOnline.de\" \/>\n<meta property=\"article:publisher\" content=\"https:\/\/www.facebook.com\/truckblog\" \/>\n<meta property=\"article:author\" content=\"https:\/\/www.facebook.com\/truckblog\" \/>\n<meta property=\"article:published_time\" content=\"2025-08-23T20:30:00+00:00\" \/>\n<meta property=\"article:modified_time\" content=\"2025-08-24T00:48:14+00:00\" \/>\n<meta property=\"og:image\" content=\"https:\/\/truckonline.de\/blog\/wp-content\/uploads\/2019\/12\/IMG_20191229_225424-scaled.jpg\" \/>\n\t<meta property=\"og:image:width\" content=\"2560\" \/>\n\t<meta property=\"og:image:height\" content=\"1920\" \/>\n\t<meta property=\"og:image:type\" content=\"image\/jpeg\" \/>\n<meta name=\"author\" content=\"maik\" \/>\n<meta name=\"twitter:card\" content=\"summary_large_image\" \/>\n<meta name=\"twitter:creator\" content=\"@https:\/\/twitter.com\/truckblog\" \/>\n<meta name=\"twitter:site\" content=\"@truckblog\" \/>\n<meta name=\"twitter:label1\" content=\"Verfasst von\" \/>\n\t<meta name=\"twitter:data1\" content=\"maik\" \/>\n\t<meta name=\"twitter:label2\" content=\"Gesch\u00e4tzte Lesezeit\" \/>\n\t<meta name=\"twitter:data2\" content=\"2\u00a0Minuten\" \/>\n<script type=\"application\/ld+json\" class=\"yoast-schema-graph\">{\"@context\":\"https:\\\/\\\/schema.org\",\"@graph\":[{\"@type\":\"Article\",\"@id\":\"https:\\\/\\\/truckonline.de\\\/blog\\\/2025\\\/08\\\/23\\\/die-usa-stellen-die-visavergabe-fuer-gewerbliche-lkw-fahrer-mit-sofortiger-wirkung-ein\\\/#article\",\"isPartOf\":{\"@id\":\"https:\\\/\\\/truckonline.de\\\/blog\\\/2025\\\/08\\\/23\\\/die-usa-stellen-die-visavergabe-fuer-gewerbliche-lkw-fahrer-mit-sofortiger-wirkung-ein\\\/\"},\"author\":{\"name\":\"maik\",\"@id\":\"https:\\\/\\\/truckonline.de\\\/blog\\\/#\\\/schema\\\/person\\\/4cb59b86ffde81f882f56439688fda19\"},\"headline\":\"Die USA stellen die Visavergabe f\u00fcr gewerbliche Lkw-Fahrer mit sofortiger Wirkung ein\",\"datePublished\":\"2025-08-23T20:30:00+00:00\",\"dateModified\":\"2025-08-24T00:48:14+00:00\",\"mainEntityOfPage\":{\"@id\":\"https:\\\/\\\/truckonline.de\\\/blog\\\/2025\\\/08\\\/23\\\/die-usa-stellen-die-visavergabe-fuer-gewerbliche-lkw-fahrer-mit-sofortiger-wirkung-ein\\\/\"},\"wordCount\":296,\"commentCount\":0,\"publisher\":{\"@id\":\"https:\\\/\\\/truckonline.de\\\/blog\\\/#\\\/schema\\\/person\\\/4cb59b86ffde81f882f56439688fda19\"},\"keywords\":[\"Crash\",\"USA\"],\"articleSection\":[\"\u00c4rgerliches\",\"Lkw\",\"Unfall\"],\"inLanguage\":\"de\",\"potentialAction\":[{\"@type\":\"CommentAction\",\"name\":\"Comment\",\"target\":[\"https:\\\/\\\/truckonline.de\\\/blog\\\/2025\\\/08\\\/23\\\/die-usa-stellen-die-visavergabe-fuer-gewerbliche-lkw-fahrer-mit-sofortiger-wirkung-ein\\\/#respond\"]}]},{\"@type\":\"WebPage\",\"@id\":\"https:\\\/\\\/truckonline.de\\\/blog\\\/2025\\\/08\\\/23\\\/die-usa-stellen-die-visavergabe-fuer-gewerbliche-lkw-fahrer-mit-sofortiger-wirkung-ein\\\/\",\"url\":\"https:\\\/\\\/truckonline.de\\\/blog\\\/2025\\\/08\\\/23\\\/die-usa-stellen-die-visavergabe-fuer-gewerbliche-lkw-fahrer-mit-sofortiger-wirkung-ein\\\/\",\"name\":\"Die USA stellen die Visavergabe f\u00fcr gewerbliche Lkw-Fahrer mit sofortiger Wirkung ein | TruckOnline.de\",\"isPartOf\":{\"@id\":\"https:\\\/\\\/truckonline.de\\\/blog\\\/#website\"},\"datePublished\":\"2025-08-23T20:30:00+00:00\",\"dateModified\":\"2025-08-24T00:48:14+00:00\",\"description\":\"Nach Angaben der US-Bundesbeh\u00f6rden werden in den USA keine Arbeitsvisa mehr f\u00fcr gewerbliche Lkw-Fahrer ausgestellt. Grund daf\u00fcr ist die landesweite\",\"breadcrumb\":{\"@id\":\"https:\\\/\\\/truckonline.de\\\/blog\\\/2025\\\/08\\\/23\\\/die-usa-stellen-die-visavergabe-fuer-gewerbliche-lkw-fahrer-mit-sofortiger-wirkung-ein\\\/#breadcrumb\"},\"inLanguage\":\"de\",\"potentialAction\":[{\"@type\":\"ReadAction\",\"target\":[\"https:\\\/\\\/truckonline.de\\\/blog\\\/2025\\\/08\\\/23\\\/die-usa-stellen-die-visavergabe-fuer-gewerbliche-lkw-fahrer-mit-sofortiger-wirkung-ein\\\/\"]}]},{\"@type\":\"BreadcrumbList\",\"@id\":\"https:\\\/\\\/truckonline.de\\\/blog\\\/2025\\\/08\\\/23\\\/die-usa-stellen-die-visavergabe-fuer-gewerbliche-lkw-fahrer-mit-sofortiger-wirkung-ein\\\/#breadcrumb\",\"itemListElement\":[{\"@type\":\"ListItem\",\"position\":1,\"name\":\"Startseite\",\"item\":\"https:\\\/\\\/truckonline.de\\\/blog\\\/\"},{\"@type\":\"ListItem\",\"position\":2,\"name\":\"Die USA stellen die Visavergabe f\u00fcr gewerbliche Lkw-Fahrer mit sofortiger Wirkung ein\"}]},{\"@type\":\"WebSite\",\"@id\":\"https:\\\/\\\/truckonline.de\\\/blog\\\/#website\",\"url\":\"https:\\\/\\\/truckonline.de\\\/blog\\\/\",\"name\":\"TruckOnline.de\",\"description\":\"\",\"publisher\":{\"@id\":\"https:\\\/\\\/truckonline.de\\\/blog\\\/#\\\/schema\\\/person\\\/4cb59b86ffde81f882f56439688fda19\"},\"potentialAction\":[{\"@type\":\"SearchAction\",\"target\":{\"@type\":\"EntryPoint\",\"urlTemplate\":\"https:\\\/\\\/truckonline.de\\\/blog\\\/?s={search_term_string}\"},\"query-input\":{\"@type\":\"PropertyValueSpecification\",\"valueRequired\":true,\"valueName\":\"search_term_string\"}}],\"inLanguage\":\"de\"},{\"@type\":[\"Person\",\"Organization\"],\"@id\":\"https:\\\/\\\/truckonline.de\\\/blog\\\/#\\\/schema\\\/person\\\/4cb59b86ffde81f882f56439688fda19\",\"name\":\"maik\",\"image\":{\"@type\":\"ImageObject\",\"inLanguage\":\"de\",\"@id\":\"https:\\\/\\\/truckonline.de\\\/blog\\\/wp-content\\\/uploads\\\/2019\\\/12\\\/logoinnenweiss.png\",\"url\":\"https:\\\/\\\/truckonline.de\\\/blog\\\/wp-content\\\/uploads\\\/2019\\\/12\\\/logoinnenweiss.png\",\"contentUrl\":\"https:\\\/\\\/truckonline.de\\\/blog\\\/wp-content\\\/uploads\\\/2019\\\/12\\\/logoinnenweiss.png\",\"width\":733,\"height\":125,\"caption\":\"maik\"},\"logo\":{\"@id\":\"https:\\\/\\\/truckonline.de\\\/blog\\\/wp-content\\\/uploads\\\/2019\\\/12\\\/logoinnenweiss.png\"},\"sameAs\":[\"https:\\\/\\\/www.facebook.com\\\/truckblog\",\"https:\\\/\\\/www.instagram.com\\\/truck_online\\\/\",\"https:\\\/\\\/x.com\\\/https:\\\/\\\/twitter.com\\\/truckblog\",\"https:\\\/\\\/www.youtube.com\\\/user\\\/truckonline\",\"https:\\\/\\\/www.tumblr.com\\\/truckonline\"]}]}<\/script>\n<!-- \/ Yoast SEO plugin. -->","yoast_head_json":{"title":"Die USA stellen die Visavergabe f\u00fcr gewerbliche Lkw-Fahrer mit sofortiger Wirkung ein | TruckOnline.de","description":"Nach Angaben der US-Bundesbeh\u00f6rden werden in den USA keine Arbeitsvisa mehr f\u00fcr gewerbliche Lkw-Fahrer ausgestellt. Grund daf\u00fcr ist die landesweite","robots":{"index":"index","follow":"follow","max-snippet":"max-snippet:-1","max-image-preview":"max-image-preview:large","max-video-preview":"max-video-preview:-1"},"canonical":"https:\/\/truckonline.de\/blog\/2025\/08\/23\/die-usa-stellen-die-visavergabe-fuer-gewerbliche-lkw-fahrer-mit-sofortiger-wirkung-ein\/","og_locale":"de_DE","og_type":"article","og_title":"Die USA stellen die Visavergabe f\u00fcr gewerbliche Lkw-Fahrer mit sofortiger Wirkung ein | TruckOnline.de","og_url":"https:\/\/truckonline.de\/blog\/2025\/08\/23\/die-usa-stellen-die-visavergabe-fuer-gewerbliche-lkw-fahrer-mit-sofortiger-wirkung-ein\/","og_site_name":"TruckOnline.de","article_publisher":"https:\/\/www.facebook.com\/truckblog","article_author":"https:\/\/www.facebook.com\/truckblog","article_published_time":"2025-08-23T20:30:00+00:00","article_modified_time":"2025-08-24T00:48:14+00:00","og_image":[{"width":2560,"height":1920,"url":"https:\/\/truckonline.de\/blog\/wp-content\/uploads\/2019\/12\/IMG_20191229_225424-scaled.jpg","type":"image\/jpeg"}],"author":"maik","twitter_card":"summary_large_image","twitter_creator":"@https:\/\/twitter.com\/truckblog","twitter_site":"@truckblog","twitter_misc":{"Verfasst von":"maik","Gesch\u00e4tzte Lesezeit":"2\u00a0Minuten"},"schema":{"@context":"https:\/\/schema.org","@graph":[{"@type":"Article","@id":"https:\/\/truckonline.de\/blog\/2025\/08\/23\/die-usa-stellen-die-visavergabe-fuer-gewerbliche-lkw-fahrer-mit-sofortiger-wirkung-ein\/#article","isPartOf":{"@id":"https:\/\/truckonline.de\/blog\/2025\/08\/23\/die-usa-stellen-die-visavergabe-fuer-gewerbliche-lkw-fahrer-mit-sofortiger-wirkung-ein\/"},"author":{"name":"maik","@id":"https:\/\/truckonline.de\/blog\/#\/schema\/person\/4cb59b86ffde81f882f56439688fda19"},"headline":"Die USA stellen die Visavergabe f\u00fcr gewerbliche Lkw-Fahrer mit sofortiger Wirkung ein","datePublished":"2025-08-23T20:30:00+00:00","dateModified":"2025-08-24T00:48:14+00:00","mainEntityOfPage":{"@id":"https:\/\/truckonline.de\/blog\/2025\/08\/23\/die-usa-stellen-die-visavergabe-fuer-gewerbliche-lkw-fahrer-mit-sofortiger-wirkung-ein\/"},"wordCount":296,"commentCount":0,"publisher":{"@id":"https:\/\/truckonline.de\/blog\/#\/schema\/person\/4cb59b86ffde81f882f56439688fda19"},"keywords":["Crash","USA"],"articleSection":["\u00c4rgerliches","Lkw","Unfall"],"inLanguage":"de","potentialAction":[{"@type":"CommentAction","name":"Comment","target":["https:\/\/truckonline.de\/blog\/2025\/08\/23\/die-usa-stellen-die-visavergabe-fuer-gewerbliche-lkw-fahrer-mit-sofortiger-wirkung-ein\/#respond"]}]},{"@type":"WebPage","@id":"https:\/\/truckonline.de\/blog\/2025\/08\/23\/die-usa-stellen-die-visavergabe-fuer-gewerbliche-lkw-fahrer-mit-sofortiger-wirkung-ein\/","url":"https:\/\/truckonline.de\/blog\/2025\/08\/23\/die-usa-stellen-die-visavergabe-fuer-gewerbliche-lkw-fahrer-mit-sofortiger-wirkung-ein\/","name":"Die USA stellen die Visavergabe f\u00fcr gewerbliche Lkw-Fahrer mit sofortiger Wirkung ein | TruckOnline.de","isPartOf":{"@id":"https:\/\/truckonline.de\/blog\/#website"},"datePublished":"2025-08-23T20:30:00+00:00","dateModified":"2025-08-24T00:48:14+00:00","description":"Nach Angaben der US-Bundesbeh\u00f6rden werden in den USA keine Arbeitsvisa mehr f\u00fcr gewerbliche Lkw-Fahrer ausgestellt. Grund daf\u00fcr ist die landesweite","breadcrumb":{"@id":"https:\/\/truckonline.de\/blog\/2025\/08\/23\/die-usa-stellen-die-visavergabe-fuer-gewerbliche-lkw-fahrer-mit-sofortiger-wirkung-ein\/#breadcrumb"},"inLanguage":"de","potentialAction":[{"@type":"ReadAction","target":["https:\/\/truckonline.de\/blog\/2025\/08\/23\/die-usa-stellen-die-visavergabe-fuer-gewerbliche-lkw-fahrer-mit-sofortiger-wirkung-ein\/"]}]},{"@type":"BreadcrumbList","@id":"https:\/\/truckonline.de\/blog\/2025\/08\/23\/die-usa-stellen-die-visavergabe-fuer-gewerbliche-lkw-fahrer-mit-sofortiger-wirkung-ein\/#breadcrumb","itemListElement":[{"@type":"ListItem","position":1,"name":"Startseite","item":"https:\/\/truckonline.de\/blog\/"},{"@type":"ListItem","position":2,"name":"Die USA stellen die Visavergabe f\u00fcr gewerbliche Lkw-Fahrer mit sofortiger Wirkung ein"}]},{"@type":"WebSite","@id":"https:\/\/truckonline.de\/blog\/#website","url":"https:\/\/truckonline.de\/blog\/","name":"TruckOnline.de","description":"","publisher":{"@id":"https:\/\/truckonline.de\/blog\/#\/schema\/person\/4cb59b86ffde81f882f56439688fda19"},"potentialAction":[{"@type":"SearchAction","target":{"@type":"EntryPoint","urlTemplate":"https:\/\/truckonline.de\/blog\/?s={search_term_string}"},"query-input":{"@type":"PropertyValueSpecification","valueRequired":true,"valueName":"search_term_string"}}],"inLanguage":"de"},{"@type":["Person","Organization"],"@id":"https:\/\/truckonline.de\/blog\/#\/schema\/person\/4cb59b86ffde81f882f56439688fda19","name":"maik","image":{"@type":"ImageObject","inLanguage":"de","@id":"https:\/\/truckonline.de\/blog\/wp-content\/uploads\/2019\/12\/logoinnenweiss.png","url":"https:\/\/truckonline.de\/blog\/wp-content\/uploads\/2019\/12\/logoinnenweiss.png","contentUrl":"https:\/\/truckonline.de\/blog\/wp-content\/uploads\/2019\/12\/logoinnenweiss.png","width":733,"height":125,"caption":"maik"},"logo":{"@id":"https:\/\/truckonline.de\/blog\/wp-content\/uploads\/2019\/12\/logoinnenweiss.png"},"sameAs":["https:\/\/www.facebook.com\/truckblog","https:\/\/www.instagram.com\/truck_online\/","https:\/\/x.com\/https:\/\/twitter.com\/truckblog","https:\/\/www.youtube.com\/user\/truckonline","https:\/\/www.tumblr.com\/truckonline"]}]}},"public_identification_id":"1c161f2722ae419386afd6dfaa3a53f3","private_identification_id":"41119b4f294f4fd4847385b728663355","_links":{"self":[{"href":"https:\/\/truckonline.de\/blog\/wp-json\/wp\/v2\/posts\/14419","targetHints":{"allow":["GET"]}}],"collection":[{"href":"https:\/\/truckonline.de\/blog\/wp-json\/wp\/v2\/posts"}],"about":[{"href":"https:\/\/truckonline.de\/blog\/wp-json\/wp\/v2\/types\/post"}],"author":[{"embeddable":true,"href":"https:\/\/truckonline.de\/blog\/wp-json\/wp\/v2\/users\/3"}],"replies":[{"embeddable":true,"href":"https:\/\/truckonline.de\/blog\/wp-json\/wp\/v2\/comments?post=14419"}],"version-history":[{"count":2,"href":"https:\/\/truckonline.de\/blog\/wp-json\/wp\/v2\/posts\/14419\/revisions"}],"predecessor-version":[{"id":14421,"href":"https:\/\/truckonline.de\/blog\/wp-json\/wp\/v2\/posts\/14419\/revisions\/14421"}],"wp:attachment":[{"href":"https:\/\/truckonline.de\/blog\/wp-json\/wp\/v2\/media?parent=14419"}],"wp:term":[{"taxonomy":"category","embeddable":true,"href":"https:\/\/truckonline.de\/blog\/wp-json\/wp\/v2\/categories?post=14419"},{"taxonomy":"post_tag","embeddable":true,"href":"https:\/\/truckonline.de\/blog\/wp-json\/wp\/v2\/tags?post=14419"}],"curies":[{"name":"wp","href":"https:\/\/api.w.org\/{rel}","templated":true}]}}