{"id":14303,"date":"2025-07-15T21:15:07","date_gmt":"2025-07-15T19:15:07","guid":{"rendered":"https:\/\/truckonline.de\/blog\/?p=14303"},"modified":"2025-07-16T22:57:37","modified_gmt":"2025-07-16T20:57:37","slug":"mindestlohn-als-suendenbock","status":"publish","type":"post","link":"https:\/\/truckonline.de\/blog\/2025\/07\/15\/mindestlohn-als-suendenbock\/","title":{"rendered":"Mindestlohn als S\u00fcndenbock?"},"content":{"rendered":"\n<p class=\"has-text-align-right has-small-font-size\">Von Udo Skoppeck <\/p>\n\n\n\n<p>Nein \u2013 das eigentliche Problem liegt tiefer. Der neue Mindestlohn bedroht keine Arbeitspl\u00e4tze.<br>Die wahre Bedrohung ist das jahrzehntelange Wegschauen von Politik, Kontrollbeh\u00f6rden und Justiz. Sie haben durch Unt\u00e4tigkeit einen rechtsfreien Raum geschaffen, in dem Dumpingunternehmen aus dem Ausland ungehindert agieren konnten \u2013 zum Nachteil aller ehrlichen Betriebe in Deutschland.<\/p>\n\n\n\n<p>Wer <a href=\"https:\/\/truckonline.de\/blog\/2023\/07\/26\/wilder-streik-von-auslaendischen-fahrern-mit-scheinselbststaendigkeit-in-deutschland\/\">zwei Mal Protest in Gr\u00e4fenhausen<\/a> braucht, um aufzuwachen, hat l\u00e4ngst versagt. Ich pers\u00f6nlich habe mehrfach Hinweise an Beh\u00f6rden \u00fcbermittelt. <br>Und was kam zur\u00fcck? Gar nichts. Keine R\u00fcckfragen. Keine Konsequenzen. Kein Wille, etwas zu ver\u00e4ndern.<\/p>\n\n\n\n<p>Die sogenannte &#8222;schwarze Liste&#8220;, die die EU 2016 forderte \u2013 nie umgesetzt. Vermutlich liegt sie noch irgendwo im Ministerium, zwischen Wahlversprechen und Lobbyeinladungen.<\/p>\n\n\n\n<h2 class=\"wp-block-heading\">L\u00f6hne als Ausrede \u2013 oder als Spiegel der Realit\u00e4t?<\/h2>\n\n\n\n<p>Es gibt heute Speditionen, die 3.000 Euro brutto und mehr zahlen k\u00f6nnen \u2013 ohne Verband, ohne Tarifbindung. Zweihundert Stunden im Monat sind 15 \u20ac\/h \u2013 freiwillig gezahlt.<br>Das zeigt doch ganz klar: Wer wirklich will, kann auch fair bezahlen.<\/p>\n\n\n\n<p>Der Mindestlohn ist keine Bedrohung, sondern ein Mindestma\u00df an Anstand. Der <a href=\"https:\/\/truckonline.de\/blog\/2021\/10\/29\/keiner-will-mehr-lastwagen-bewegen\/\">angebliche Fachkr\u00e4ftemangel<\/a> ist in Wahrheit ein Gerechtigkeitsmangel.<\/p>\n\n\n\n<h2 class=\"wp-block-heading\">L\u00f6sung? Ganz einfach:<\/h2>\n\n\n\n<p>1. Ordentlichen Lohn f\u00fcr alle, die arbeiten \u2013 oder<br>2. Steuern &amp; Abgaben runter, damit am Monatsende auch was \u00fcbrig bleibt.<\/p>\n\n\n\n<p>Aber immer nur auf dem R\u00fccken der Fahrer zu sparen, untergr\u00e4bt die Menschenw\u00fcrde. Das ist keine soziale Marktwirtschaft \u2013 das ist organisierte Ausbeutung mit staatlichem Siegel. <\/p>\n\n\n\n<p>Und Herr Prof. Dr. Engelhardt? Wer wirklich etwas f\u00fcr seine Unternehmen tun will, sollte<a href=\"https:\/\/www.bgl-ev.de\/unabhaengigkeit-der-mindestlohnkommission-muss-bewahrt-werden\/\"> nicht gegen den Mindestlohn argumentieren<\/a>, sondern ehrlich sein: Macht aus Pr\u00e4mien ein echtes Grundgehalt.<br>H\u00f6rt auf, zu jammern \u2013 fangt an, Verantwortung zu \u00fcbernehmen.<\/p>\n\n\n\n<p>Die einzig wirkliche L\u00f6sung: Ein Europaweit g\u00fcltiger, gesetzlich bindender Mindestfrachtpreis \u2013 ohne Ausnahmen. <\/p>\n\n\n\n<figure class=\"wp-block-image size-full\"><img loading=\"lazy\" decoding=\"async\" width=\"700\" height=\"525\" src=\"https:\/\/truckonline.de\/blog\/wp-content\/uploads\/2025\/07\/1000073773.jpg\" alt=\"Ein blauer Volvo Lkw aus Kroatien steht auf einem Parkplatz. Auch f\u00fcr diese Fahrer sollte es einen Europaweit g\u00fcltiger, gesetzlich bindender Mindestlohn geben. \" class=\"wp-image-14310\"\/><\/figure>\n\n\n\n<p>Wer systematisch dagegen verst\u00f6\u00dft: Lizenzentzug und Haftung mit dem Privatverm\u00f6gen. <br>Denn wer Menschen ausbeutet, sollte nicht nur wirtschaftlich belangt werden, sondern auch moralisch und rechtlich. Denn derjenige hat das Recht am freien Markt teilzunehmen, verwirkt.<\/p>\n","protected":false},"excerpt":{"rendered":"<p>Von Udo Skoppeck Nein \u2013 das eigentliche Problem liegt tiefer. Der neue Mindestlohn bedroht keine Arbeitspl\u00e4tze.Die wahre Bedrohung ist das jahrzehntelange Wegschauen von Politik, Kontrollbeh\u00f6rden&#8230;<\/p>\n<div class=\"more-link-wrapper\"><a class=\"more-link\" href=\"https:\/\/truckonline.de\/blog\/2025\/07\/15\/mindestlohn-als-suendenbock\/\">Sie haben Ihr Ziel fast erreicht.<span class=\"screen-reader-text\">Mindestlohn als S\u00fcndenbock?<\/span><\/a><\/div>\n","protected":false},"author":3,"featured_media":0,"comment_status":"open","ping_status":"open","sticky":false,"template":"","format":"standard","meta":{"iawp_total_views":4,"_metis_text_type":"standard","_metis_text_length":2228,"_post_count":0,"footnotes":""},"categories":[1],"tags":[405,39],"class_list":["post-14303","post","type-post","status-publish","format-standard","hentry","category-allgemeines","tag-mindestlohn","tag-politik","ratio-2-1","entry"],"yoast_head":"<!-- This site is optimized with the Yoast SEO plugin v27.5 - https:\/\/yoast.com\/product\/yoast-seo-wordpress\/ -->\n<title>Mindestlohn als S\u00fcndenbock? | TruckOnline.de<\/title>\n<meta name=\"description\" content=\"Von Udo Skoppeck Nein \u2013 das eigentliche Problem liegt tiefer. Der neue Mindestlohn bedroht keine Arbeitspl\u00e4tze.Die wahre Bedrohung ist das jahrzehntelange\" \/>\n<meta name=\"robots\" content=\"index, follow, max-snippet:-1, max-image-preview:large, max-video-preview:-1\" \/>\n<link rel=\"canonical\" href=\"https:\/\/truckonline.de\/blog\/2025\/07\/15\/mindestlohn-als-suendenbock\/\" \/>\n<meta property=\"og:locale\" content=\"de_DE\" \/>\n<meta property=\"og:type\" content=\"article\" \/>\n<meta property=\"og:title\" content=\"Mindestlohn als S\u00fcndenbock? | TruckOnline.de\" \/>\n<meta property=\"og:url\" content=\"https:\/\/truckonline.de\/blog\/2025\/07\/15\/mindestlohn-als-suendenbock\/\" \/>\n<meta property=\"og:site_name\" content=\"TruckOnline.de\" \/>\n<meta property=\"article:publisher\" content=\"https:\/\/www.facebook.com\/truckblog\" \/>\n<meta property=\"article:author\" content=\"https:\/\/www.facebook.com\/truckblog\" \/>\n<meta property=\"article:published_time\" content=\"2025-07-15T19:15:07+00:00\" \/>\n<meta property=\"article:modified_time\" content=\"2025-07-16T20:57:37+00:00\" \/>\n<meta property=\"og:image\" content=\"https:\/\/truckonline.de\/blog\/wp-content\/uploads\/2025\/07\/1000073773.jpg\" \/>\n\t<meta property=\"og:image:width\" content=\"700\" \/>\n\t<meta property=\"og:image:height\" content=\"525\" \/>\n\t<meta property=\"og:image:type\" content=\"image\/jpeg\" \/>\n<meta name=\"author\" content=\"maik\" \/>\n<meta name=\"twitter:card\" content=\"summary_large_image\" \/>\n<meta name=\"twitter:creator\" content=\"@https:\/\/twitter.com\/truckblog\" \/>\n<meta name=\"twitter:site\" content=\"@truckblog\" \/>\n<meta name=\"twitter:label1\" content=\"Verfasst von\" \/>\n\t<meta name=\"twitter:data1\" content=\"maik\" \/>\n\t<meta name=\"twitter:label2\" content=\"Gesch\u00e4tzte Lesezeit\" \/>\n\t<meta name=\"twitter:data2\" content=\"2\u00a0Minuten\" \/>\n<script type=\"application\/ld+json\" class=\"yoast-schema-graph\">{\"@context\":\"https:\\\/\\\/schema.org\",\"@graph\":[{\"@type\":\"Article\",\"@id\":\"https:\\\/\\\/truckonline.de\\\/blog\\\/2025\\\/07\\\/15\\\/mindestlohn-als-suendenbock\\\/#article\",\"isPartOf\":{\"@id\":\"https:\\\/\\\/truckonline.de\\\/blog\\\/2025\\\/07\\\/15\\\/mindestlohn-als-suendenbock\\\/\"},\"author\":{\"name\":\"maik\",\"@id\":\"https:\\\/\\\/truckonline.de\\\/blog\\\/#\\\/schema\\\/person\\\/4cb59b86ffde81f882f56439688fda19\"},\"headline\":\"Mindestlohn als S\u00fcndenbock?\",\"datePublished\":\"2025-07-15T19:15:07+00:00\",\"dateModified\":\"2025-07-16T20:57:37+00:00\",\"mainEntityOfPage\":{\"@id\":\"https:\\\/\\\/truckonline.de\\\/blog\\\/2025\\\/07\\\/15\\\/mindestlohn-als-suendenbock\\\/\"},\"wordCount\":328,\"commentCount\":6,\"publisher\":{\"@id\":\"https:\\\/\\\/truckonline.de\\\/blog\\\/#\\\/schema\\\/person\\\/4cb59b86ffde81f882f56439688fda19\"},\"image\":{\"@id\":\"https:\\\/\\\/truckonline.de\\\/blog\\\/2025\\\/07\\\/15\\\/mindestlohn-als-suendenbock\\\/#primaryimage\"},\"thumbnailUrl\":\"https:\\\/\\\/truckonline.de\\\/blog\\\/wp-content\\\/uploads\\\/2025\\\/07\\\/1000073773.jpg\",\"keywords\":[\"Mindestlohn\",\"Politik\"],\"articleSection\":[\"Allgemeines\"],\"inLanguage\":\"de\",\"potentialAction\":[{\"@type\":\"CommentAction\",\"name\":\"Comment\",\"target\":[\"https:\\\/\\\/truckonline.de\\\/blog\\\/2025\\\/07\\\/15\\\/mindestlohn-als-suendenbock\\\/#respond\"]}]},{\"@type\":\"WebPage\",\"@id\":\"https:\\\/\\\/truckonline.de\\\/blog\\\/2025\\\/07\\\/15\\\/mindestlohn-als-suendenbock\\\/\",\"url\":\"https:\\\/\\\/truckonline.de\\\/blog\\\/2025\\\/07\\\/15\\\/mindestlohn-als-suendenbock\\\/\",\"name\":\"Mindestlohn als S\u00fcndenbock? | TruckOnline.de\",\"isPartOf\":{\"@id\":\"https:\\\/\\\/truckonline.de\\\/blog\\\/#website\"},\"primaryImageOfPage\":{\"@id\":\"https:\\\/\\\/truckonline.de\\\/blog\\\/2025\\\/07\\\/15\\\/mindestlohn-als-suendenbock\\\/#primaryimage\"},\"image\":{\"@id\":\"https:\\\/\\\/truckonline.de\\\/blog\\\/2025\\\/07\\\/15\\\/mindestlohn-als-suendenbock\\\/#primaryimage\"},\"thumbnailUrl\":\"https:\\\/\\\/truckonline.de\\\/blog\\\/wp-content\\\/uploads\\\/2025\\\/07\\\/1000073773.jpg\",\"datePublished\":\"2025-07-15T19:15:07+00:00\",\"dateModified\":\"2025-07-16T20:57:37+00:00\",\"description\":\"Von Udo Skoppeck Nein \u2013 das eigentliche Problem liegt tiefer. Der neue Mindestlohn bedroht keine Arbeitspl\u00e4tze.Die wahre Bedrohung ist das jahrzehntelange\",\"breadcrumb\":{\"@id\":\"https:\\\/\\\/truckonline.de\\\/blog\\\/2025\\\/07\\\/15\\\/mindestlohn-als-suendenbock\\\/#breadcrumb\"},\"inLanguage\":\"de\",\"potentialAction\":[{\"@type\":\"ReadAction\",\"target\":[\"https:\\\/\\\/truckonline.de\\\/blog\\\/2025\\\/07\\\/15\\\/mindestlohn-als-suendenbock\\\/\"]}]},{\"@type\":\"ImageObject\",\"inLanguage\":\"de\",\"@id\":\"https:\\\/\\\/truckonline.de\\\/blog\\\/2025\\\/07\\\/15\\\/mindestlohn-als-suendenbock\\\/#primaryimage\",\"url\":\"https:\\\/\\\/truckonline.de\\\/blog\\\/wp-content\\\/uploads\\\/2025\\\/07\\\/1000073773.jpg\",\"contentUrl\":\"https:\\\/\\\/truckonline.de\\\/blog\\\/wp-content\\\/uploads\\\/2025\\\/07\\\/1000073773.jpg\",\"width\":700,\"height\":525},{\"@type\":\"BreadcrumbList\",\"@id\":\"https:\\\/\\\/truckonline.de\\\/blog\\\/2025\\\/07\\\/15\\\/mindestlohn-als-suendenbock\\\/#breadcrumb\",\"itemListElement\":[{\"@type\":\"ListItem\",\"position\":1,\"name\":\"Startseite\",\"item\":\"https:\\\/\\\/truckonline.de\\\/blog\\\/\"},{\"@type\":\"ListItem\",\"position\":2,\"name\":\"Mindestlohn als S\u00fcndenbock?\"}]},{\"@type\":\"WebSite\",\"@id\":\"https:\\\/\\\/truckonline.de\\\/blog\\\/#website\",\"url\":\"https:\\\/\\\/truckonline.de\\\/blog\\\/\",\"name\":\"TruckOnline.de\",\"description\":\"\",\"publisher\":{\"@id\":\"https:\\\/\\\/truckonline.de\\\/blog\\\/#\\\/schema\\\/person\\\/4cb59b86ffde81f882f56439688fda19\"},\"potentialAction\":[{\"@type\":\"SearchAction\",\"target\":{\"@type\":\"EntryPoint\",\"urlTemplate\":\"https:\\\/\\\/truckonline.de\\\/blog\\\/?s={search_term_string}\"},\"query-input\":{\"@type\":\"PropertyValueSpecification\",\"valueRequired\":true,\"valueName\":\"search_term_string\"}}],\"inLanguage\":\"de\"},{\"@type\":[\"Person\",\"Organization\"],\"@id\":\"https:\\\/\\\/truckonline.de\\\/blog\\\/#\\\/schema\\\/person\\\/4cb59b86ffde81f882f56439688fda19\",\"name\":\"maik\",\"image\":{\"@type\":\"ImageObject\",\"inLanguage\":\"de\",\"@id\":\"https:\\\/\\\/truckonline.de\\\/blog\\\/wp-content\\\/uploads\\\/2019\\\/12\\\/logoinnenweiss.png\",\"url\":\"https:\\\/\\\/truckonline.de\\\/blog\\\/wp-content\\\/uploads\\\/2019\\\/12\\\/logoinnenweiss.png\",\"contentUrl\":\"https:\\\/\\\/truckonline.de\\\/blog\\\/wp-content\\\/uploads\\\/2019\\\/12\\\/logoinnenweiss.png\",\"width\":733,\"height\":125,\"caption\":\"maik\"},\"logo\":{\"@id\":\"https:\\\/\\\/truckonline.de\\\/blog\\\/wp-content\\\/uploads\\\/2019\\\/12\\\/logoinnenweiss.png\"},\"sameAs\":[\"https:\\\/\\\/www.facebook.com\\\/truckblog\",\"https:\\\/\\\/www.instagram.com\\\/truck_online\\\/\",\"https:\\\/\\\/x.com\\\/https:\\\/\\\/twitter.com\\\/truckblog\",\"https:\\\/\\\/www.youtube.com\\\/user\\\/truckonline\",\"https:\\\/\\\/www.tumblr.com\\\/truckonline\"]}]}<\/script>\n<!-- \/ Yoast SEO plugin. -->","yoast_head_json":{"title":"Mindestlohn als S\u00fcndenbock? | TruckOnline.de","description":"Von Udo Skoppeck Nein \u2013 das eigentliche Problem liegt tiefer. Der neue Mindestlohn bedroht keine Arbeitspl\u00e4tze.Die wahre Bedrohung ist das jahrzehntelange","robots":{"index":"index","follow":"follow","max-snippet":"max-snippet:-1","max-image-preview":"max-image-preview:large","max-video-preview":"max-video-preview:-1"},"canonical":"https:\/\/truckonline.de\/blog\/2025\/07\/15\/mindestlohn-als-suendenbock\/","og_locale":"de_DE","og_type":"article","og_title":"Mindestlohn als S\u00fcndenbock? | TruckOnline.de","og_url":"https:\/\/truckonline.de\/blog\/2025\/07\/15\/mindestlohn-als-suendenbock\/","og_site_name":"TruckOnline.de","article_publisher":"https:\/\/www.facebook.com\/truckblog","article_author":"https:\/\/www.facebook.com\/truckblog","article_published_time":"2025-07-15T19:15:07+00:00","article_modified_time":"2025-07-16T20:57:37+00:00","og_image":[{"width":700,"height":525,"url":"https:\/\/truckonline.de\/blog\/wp-content\/uploads\/2025\/07\/1000073773.jpg","type":"image\/jpeg"}],"author":"maik","twitter_card":"summary_large_image","twitter_creator":"@https:\/\/twitter.com\/truckblog","twitter_site":"@truckblog","twitter_misc":{"Verfasst von":"maik","Gesch\u00e4tzte Lesezeit":"2\u00a0Minuten"},"schema":{"@context":"https:\/\/schema.org","@graph":[{"@type":"Article","@id":"https:\/\/truckonline.de\/blog\/2025\/07\/15\/mindestlohn-als-suendenbock\/#article","isPartOf":{"@id":"https:\/\/truckonline.de\/blog\/2025\/07\/15\/mindestlohn-als-suendenbock\/"},"author":{"name":"maik","@id":"https:\/\/truckonline.de\/blog\/#\/schema\/person\/4cb59b86ffde81f882f56439688fda19"},"headline":"Mindestlohn als S\u00fcndenbock?","datePublished":"2025-07-15T19:15:07+00:00","dateModified":"2025-07-16T20:57:37+00:00","mainEntityOfPage":{"@id":"https:\/\/truckonline.de\/blog\/2025\/07\/15\/mindestlohn-als-suendenbock\/"},"wordCount":328,"commentCount":6,"publisher":{"@id":"https:\/\/truckonline.de\/blog\/#\/schema\/person\/4cb59b86ffde81f882f56439688fda19"},"image":{"@id":"https:\/\/truckonline.de\/blog\/2025\/07\/15\/mindestlohn-als-suendenbock\/#primaryimage"},"thumbnailUrl":"https:\/\/truckonline.de\/blog\/wp-content\/uploads\/2025\/07\/1000073773.jpg","keywords":["Mindestlohn","Politik"],"articleSection":["Allgemeines"],"inLanguage":"de","potentialAction":[{"@type":"CommentAction","name":"Comment","target":["https:\/\/truckonline.de\/blog\/2025\/07\/15\/mindestlohn-als-suendenbock\/#respond"]}]},{"@type":"WebPage","@id":"https:\/\/truckonline.de\/blog\/2025\/07\/15\/mindestlohn-als-suendenbock\/","url":"https:\/\/truckonline.de\/blog\/2025\/07\/15\/mindestlohn-als-suendenbock\/","name":"Mindestlohn als S\u00fcndenbock? | TruckOnline.de","isPartOf":{"@id":"https:\/\/truckonline.de\/blog\/#website"},"primaryImageOfPage":{"@id":"https:\/\/truckonline.de\/blog\/2025\/07\/15\/mindestlohn-als-suendenbock\/#primaryimage"},"image":{"@id":"https:\/\/truckonline.de\/blog\/2025\/07\/15\/mindestlohn-als-suendenbock\/#primaryimage"},"thumbnailUrl":"https:\/\/truckonline.de\/blog\/wp-content\/uploads\/2025\/07\/1000073773.jpg","datePublished":"2025-07-15T19:15:07+00:00","dateModified":"2025-07-16T20:57:37+00:00","description":"Von Udo Skoppeck Nein \u2013 das eigentliche Problem liegt tiefer. Der neue Mindestlohn bedroht keine Arbeitspl\u00e4tze.Die wahre Bedrohung ist das jahrzehntelange","breadcrumb":{"@id":"https:\/\/truckonline.de\/blog\/2025\/07\/15\/mindestlohn-als-suendenbock\/#breadcrumb"},"inLanguage":"de","potentialAction":[{"@type":"ReadAction","target":["https:\/\/truckonline.de\/blog\/2025\/07\/15\/mindestlohn-als-suendenbock\/"]}]},{"@type":"ImageObject","inLanguage":"de","@id":"https:\/\/truckonline.de\/blog\/2025\/07\/15\/mindestlohn-als-suendenbock\/#primaryimage","url":"https:\/\/truckonline.de\/blog\/wp-content\/uploads\/2025\/07\/1000073773.jpg","contentUrl":"https:\/\/truckonline.de\/blog\/wp-content\/uploads\/2025\/07\/1000073773.jpg","width":700,"height":525},{"@type":"BreadcrumbList","@id":"https:\/\/truckonline.de\/blog\/2025\/07\/15\/mindestlohn-als-suendenbock\/#breadcrumb","itemListElement":[{"@type":"ListItem","position":1,"name":"Startseite","item":"https:\/\/truckonline.de\/blog\/"},{"@type":"ListItem","position":2,"name":"Mindestlohn als S\u00fcndenbock?"}]},{"@type":"WebSite","@id":"https:\/\/truckonline.de\/blog\/#website","url":"https:\/\/truckonline.de\/blog\/","name":"TruckOnline.de","description":"","publisher":{"@id":"https:\/\/truckonline.de\/blog\/#\/schema\/person\/4cb59b86ffde81f882f56439688fda19"},"potentialAction":[{"@type":"SearchAction","target":{"@type":"EntryPoint","urlTemplate":"https:\/\/truckonline.de\/blog\/?s={search_term_string}"},"query-input":{"@type":"PropertyValueSpecification","valueRequired":true,"valueName":"search_term_string"}}],"inLanguage":"de"},{"@type":["Person","Organization"],"@id":"https:\/\/truckonline.de\/blog\/#\/schema\/person\/4cb59b86ffde81f882f56439688fda19","name":"maik","image":{"@type":"ImageObject","inLanguage":"de","@id":"https:\/\/truckonline.de\/blog\/wp-content\/uploads\/2019\/12\/logoinnenweiss.png","url":"https:\/\/truckonline.de\/blog\/wp-content\/uploads\/2019\/12\/logoinnenweiss.png","contentUrl":"https:\/\/truckonline.de\/blog\/wp-content\/uploads\/2019\/12\/logoinnenweiss.png","width":733,"height":125,"caption":"maik"},"logo":{"@id":"https:\/\/truckonline.de\/blog\/wp-content\/uploads\/2019\/12\/logoinnenweiss.png"},"sameAs":["https:\/\/www.facebook.com\/truckblog","https:\/\/www.instagram.com\/truck_online\/","https:\/\/x.com\/https:\/\/twitter.com\/truckblog","https:\/\/www.youtube.com\/user\/truckonline","https:\/\/www.tumblr.com\/truckonline"]}]}},"public_identification_id":"5a0e24397d61474383dbc8756e088e22","private_identification_id":"c7c0e9978dee49f68bfe9d7921f5e06c","_links":{"self":[{"href":"https:\/\/truckonline.de\/blog\/wp-json\/wp\/v2\/posts\/14303","targetHints":{"allow":["GET"]}}],"collection":[{"href":"https:\/\/truckonline.de\/blog\/wp-json\/wp\/v2\/posts"}],"about":[{"href":"https:\/\/truckonline.de\/blog\/wp-json\/wp\/v2\/types\/post"}],"author":[{"embeddable":true,"href":"https:\/\/truckonline.de\/blog\/wp-json\/wp\/v2\/users\/3"}],"replies":[{"embeddable":true,"href":"https:\/\/truckonline.de\/blog\/wp-json\/wp\/v2\/comments?post=14303"}],"version-history":[{"count":6,"href":"https:\/\/truckonline.de\/blog\/wp-json\/wp\/v2\/posts\/14303\/revisions"}],"predecessor-version":[{"id":14314,"href":"https:\/\/truckonline.de\/blog\/wp-json\/wp\/v2\/posts\/14303\/revisions\/14314"}],"wp:attachment":[{"href":"https:\/\/truckonline.de\/blog\/wp-json\/wp\/v2\/media?parent=14303"}],"wp:term":[{"taxonomy":"category","embeddable":true,"href":"https:\/\/truckonline.de\/blog\/wp-json\/wp\/v2\/categories?post=14303"},{"taxonomy":"post_tag","embeddable":true,"href":"https:\/\/truckonline.de\/blog\/wp-json\/wp\/v2\/tags?post=14303"}],"curies":[{"name":"wp","href":"https:\/\/api.w.org\/{rel}","templated":true}]}}