{"id":14192,"date":"2025-05-26T23:24:45","date_gmt":"2025-05-26T21:24:45","guid":{"rendered":"https:\/\/truckonline.de\/blog\/?p=14192"},"modified":"2025-05-27T10:32:03","modified_gmt":"2025-05-27T08:32:03","slug":"eu-kommission-gegen-frankreich-droht-jetzt-endgueltig-das-ende-von-menschlichkeit-auf-europas-rastplaetzen","status":"publish","type":"post","link":"https:\/\/truckonline.de\/blog\/2025\/05\/26\/eu-kommission-gegen-frankreich-droht-jetzt-endgueltig-das-ende-von-menschlichkeit-auf-europas-rastplaetzen\/","title":{"rendered":"EU-Kommission gegen Frankreich: Droht jetzt endg\u00fcltig das Ende von Menschlichkeit auf Europas Rastpl\u00e4tzen?"},"content":{"rendered":"\n<p class=\"has-text-align-right has-small-font-size\">Von Udo Skoppeck<\/p>\n\n\n\n<p><strong>Die EU-Kommission hat Frankreich offiziell mit einer Klage vor dem Europ\u00e4ischen Gerichtshof gedroht \u2013 weil das Land es verbietet, dass Fahrer von kommerziell betriebenen Lieferwagen, im Volksmund Polensprinter genannt, in ihren Fahrzeugen \u00fcbernachten. <\/strong><\/p>\n\n\n\n<p>Ein nationales Gesetz, dass dem Schutz der Fahrer dient, soll nun fallen. Frankreich <a href=\"https:\/\/trans.info\/de\/dachschlafkabinen-und-zelte-sind-nicht-erlaubt-203114\">sagt klar, niemand soll gezwungen sein, die Nacht im Laderaum eines Kastenwagens zu verbringen<\/a> \u2013 ohne Heizung, ohne Toilette, ohne Sicherheit.<\/p>\n\n\n\n<figure class=\"wp-block-image size-full\"><img loading=\"lazy\" decoding=\"async\" width=\"700\" height=\"469\" src=\"https:\/\/truckonline.de\/blog\/wp-content\/uploads\/2025\/05\/transportereichelborn700.jpg\" alt=\"ein transporter, im volksmund polensprinter genannt, parkt auf dem rasthof eichelborn an der a4 bei erfurt. aufgenommen im oktober 2018.\" class=\"wp-image-14194\"\/><\/figure>\n\n\n\n<p>Die EU-Kommission ist der Meinung, dass w\u00e4re Wettbewerbsverzerrung. Man k\u00f6nne nicht hinnehmen, dass Frankreich strengere Vorschriften anwendet als andere L\u00e4nder. <br>Aber mal ehrlich: Was sagt das \u00fcber unsere Werte in Europa aus, wenn das Grundrecht auf w\u00fcrdige Ruhezeiten als \u201eWettbewerbsnachteil\u201c gilt?<\/p>\n\n\n\n<h2 class=\"wp-block-heading\">Was kommt als N\u00e4chstes? <\/h2>\n\n\n\n<p>Der Transportsektor l\u00e4uft l\u00e4ngst am Limit und statt soziale Mindeststandards zu st\u00e4rken, wird nun ein Land verklagt, das genau das versucht? <br>W\u00e4hrenddessen werden die Fahrer in ihren Fahrzeugen gehalten wie Tiere in einem K\u00e4fig. Teilweise monatelang unterwegs ohne Unterkunft, ohne Perspektive, f\u00fcr ein paar Kr\u00f6ten.<\/p>\n\n\n\n<p>Der Begriff \u201e<em>Polensprinter<\/em>\u201c ist l\u00e4ngst nur noch ein Deckmantel, denn gefahren wird von Bulgaren, Ukrainern, Rum\u00e4nen. Billig, ausgebeutet, rechtlich kaum gesch\u00fctzt.<\/p>\n\n\n\n<h2 class=\"wp-block-heading\">Und wir? Wir dulden das alles seit Jahren. <\/h2>\n\n\n\n<p>Wer tr\u00e4gt die Verantwortung? Der Auftraggeber, der ausbeutet? Oder das Land, welches es zul\u00e4sst? Vielleicht sollten wir alle mal kurz innehalten und dar\u00fcber nachdenken. <br>Denn auch die Polizisten, die das t\u00e4glich sehen, sind oft machtlos, die Entscheider sitzen weiter oben. <\/p>\n\n\n\n<p>Das sind Gesch\u00e4ftsmodelle, wo der Mensch auf der Strecke bleibt. Es geht um W\u00fcrde, um Menschlichkeit, um Verantwortung.<\/p>\n","protected":false},"excerpt":{"rendered":"<p>Von Udo Skoppeck Die EU-Kommission hat Frankreich offiziell mit einer Klage vor dem Europ\u00e4ischen Gerichtshof gedroht \u2013 weil das Land es verbietet, dass Fahrer von&#8230;<\/p>\n<div class=\"more-link-wrapper\"><a class=\"more-link\" href=\"https:\/\/truckonline.de\/blog\/2025\/05\/26\/eu-kommission-gegen-frankreich-droht-jetzt-endgueltig-das-ende-von-menschlichkeit-auf-europas-rastplaetzen\/\">Sie haben Ihr Ziel fast erreicht.<span class=\"screen-reader-text\">EU-Kommission gegen Frankreich: Droht jetzt endg\u00fcltig das Ende von Menschlichkeit auf Europas Rastpl\u00e4tzen?<\/span><\/a><\/div>\n","protected":false},"author":3,"featured_media":0,"comment_status":"open","ping_status":"open","sticky":false,"template":"","format":"standard","meta":{"iawp_total_views":4,"_metis_text_type":"","_metis_text_length":0,"_post_count":0,"footnotes":""},"categories":[593],"tags":[314,2351],"class_list":["post-14192","post","type-post","status-publish","format-standard","hentry","category-aergerliches","tag-frankreich","tag-polensprinter","ratio-2-1","entry"],"yoast_head":"<!-- This site is optimized with the Yoast SEO plugin v27.5 - https:\/\/yoast.com\/product\/yoast-seo-wordpress\/ -->\n<title>EU-Kommission gegen Frankreich: Droht jetzt endg\u00fcltig das Ende von Menschlichkeit auf Europas Rastpl\u00e4tzen? | TruckOnline.de<\/title>\n<meta name=\"description\" content=\"Von Udo Skoppeck Die EU-Kommission hat Frankreich offiziell mit einer Klage vor dem Europ\u00e4ischen Gerichtshof gedroht \u2013 weil das Land es verbietet, dass\" \/>\n<meta name=\"robots\" content=\"index, follow, max-snippet:-1, max-image-preview:large, max-video-preview:-1\" \/>\n<link rel=\"canonical\" href=\"https:\/\/truckonline.de\/blog\/2025\/05\/26\/eu-kommission-gegen-frankreich-droht-jetzt-endgueltig-das-ende-von-menschlichkeit-auf-europas-rastplaetzen\/\" \/>\n<meta property=\"og:locale\" content=\"de_DE\" \/>\n<meta property=\"og:type\" content=\"article\" \/>\n<meta property=\"og:title\" content=\"EU-Kommission gegen Frankreich: Droht jetzt endg\u00fcltig das Ende von Menschlichkeit auf Europas Rastpl\u00e4tzen? | TruckOnline.de\" \/>\n<meta property=\"og:url\" content=\"https:\/\/truckonline.de\/blog\/2025\/05\/26\/eu-kommission-gegen-frankreich-droht-jetzt-endgueltig-das-ende-von-menschlichkeit-auf-europas-rastplaetzen\/\" \/>\n<meta property=\"og:site_name\" content=\"TruckOnline.de\" \/>\n<meta property=\"article:publisher\" content=\"https:\/\/www.facebook.com\/truckblog\" \/>\n<meta property=\"article:author\" content=\"https:\/\/www.facebook.com\/truckblog\" \/>\n<meta property=\"article:published_time\" content=\"2025-05-26T21:24:45+00:00\" \/>\n<meta property=\"article:modified_time\" content=\"2025-05-27T08:32:03+00:00\" \/>\n<meta property=\"og:image\" content=\"https:\/\/truckonline.de\/blog\/wp-content\/uploads\/2025\/05\/transportereichelborn700.jpg\" \/>\n\t<meta property=\"og:image:width\" content=\"700\" \/>\n\t<meta property=\"og:image:height\" content=\"469\" \/>\n\t<meta property=\"og:image:type\" content=\"image\/jpeg\" \/>\n<meta name=\"author\" content=\"maik\" \/>\n<meta name=\"twitter:card\" content=\"summary_large_image\" \/>\n<meta name=\"twitter:creator\" content=\"@https:\/\/twitter.com\/truckblog\" \/>\n<meta name=\"twitter:site\" content=\"@truckblog\" \/>\n<meta name=\"twitter:label1\" content=\"Verfasst von\" \/>\n\t<meta name=\"twitter:data1\" content=\"maik\" \/>\n\t<meta name=\"twitter:label2\" content=\"Gesch\u00e4tzte Lesezeit\" \/>\n\t<meta name=\"twitter:data2\" content=\"2\u00a0Minuten\" \/>\n<script type=\"application\/ld+json\" class=\"yoast-schema-graph\">{\"@context\":\"https:\\\/\\\/schema.org\",\"@graph\":[{\"@type\":\"Article\",\"@id\":\"https:\\\/\\\/truckonline.de\\\/blog\\\/2025\\\/05\\\/26\\\/eu-kommission-gegen-frankreich-droht-jetzt-endgueltig-das-ende-von-menschlichkeit-auf-europas-rastplaetzen\\\/#article\",\"isPartOf\":{\"@id\":\"https:\\\/\\\/truckonline.de\\\/blog\\\/2025\\\/05\\\/26\\\/eu-kommission-gegen-frankreich-droht-jetzt-endgueltig-das-ende-von-menschlichkeit-auf-europas-rastplaetzen\\\/\"},\"author\":{\"name\":\"maik\",\"@id\":\"https:\\\/\\\/truckonline.de\\\/blog\\\/#\\\/schema\\\/person\\\/4cb59b86ffde81f882f56439688fda19\"},\"headline\":\"EU-Kommission gegen Frankreich: Droht jetzt endg\u00fcltig das Ende von Menschlichkeit auf Europas Rastpl\u00e4tzen?\",\"datePublished\":\"2025-05-26T21:24:45+00:00\",\"dateModified\":\"2025-05-27T08:32:03+00:00\",\"mainEntityOfPage\":{\"@id\":\"https:\\\/\\\/truckonline.de\\\/blog\\\/2025\\\/05\\\/26\\\/eu-kommission-gegen-frankreich-droht-jetzt-endgueltig-das-ende-von-menschlichkeit-auf-europas-rastplaetzen\\\/\"},\"wordCount\":282,\"commentCount\":6,\"publisher\":{\"@id\":\"https:\\\/\\\/truckonline.de\\\/blog\\\/#\\\/schema\\\/person\\\/4cb59b86ffde81f882f56439688fda19\"},\"image\":{\"@id\":\"https:\\\/\\\/truckonline.de\\\/blog\\\/2025\\\/05\\\/26\\\/eu-kommission-gegen-frankreich-droht-jetzt-endgueltig-das-ende-von-menschlichkeit-auf-europas-rastplaetzen\\\/#primaryimage\"},\"thumbnailUrl\":\"https:\\\/\\\/truckonline.de\\\/blog\\\/wp-content\\\/uploads\\\/2025\\\/05\\\/transportereichelborn700.jpg\",\"keywords\":[\"Frankreich\",\"Polensprinter\"],\"articleSection\":[\"\u00c4rgerliches\"],\"inLanguage\":\"de\",\"potentialAction\":[{\"@type\":\"CommentAction\",\"name\":\"Comment\",\"target\":[\"https:\\\/\\\/truckonline.de\\\/blog\\\/2025\\\/05\\\/26\\\/eu-kommission-gegen-frankreich-droht-jetzt-endgueltig-das-ende-von-menschlichkeit-auf-europas-rastplaetzen\\\/#respond\"]}]},{\"@type\":\"WebPage\",\"@id\":\"https:\\\/\\\/truckonline.de\\\/blog\\\/2025\\\/05\\\/26\\\/eu-kommission-gegen-frankreich-droht-jetzt-endgueltig-das-ende-von-menschlichkeit-auf-europas-rastplaetzen\\\/\",\"url\":\"https:\\\/\\\/truckonline.de\\\/blog\\\/2025\\\/05\\\/26\\\/eu-kommission-gegen-frankreich-droht-jetzt-endgueltig-das-ende-von-menschlichkeit-auf-europas-rastplaetzen\\\/\",\"name\":\"EU-Kommission gegen Frankreich: Droht jetzt endg\u00fcltig das Ende von Menschlichkeit auf Europas Rastpl\u00e4tzen? | TruckOnline.de\",\"isPartOf\":{\"@id\":\"https:\\\/\\\/truckonline.de\\\/blog\\\/#website\"},\"primaryImageOfPage\":{\"@id\":\"https:\\\/\\\/truckonline.de\\\/blog\\\/2025\\\/05\\\/26\\\/eu-kommission-gegen-frankreich-droht-jetzt-endgueltig-das-ende-von-menschlichkeit-auf-europas-rastplaetzen\\\/#primaryimage\"},\"image\":{\"@id\":\"https:\\\/\\\/truckonline.de\\\/blog\\\/2025\\\/05\\\/26\\\/eu-kommission-gegen-frankreich-droht-jetzt-endgueltig-das-ende-von-menschlichkeit-auf-europas-rastplaetzen\\\/#primaryimage\"},\"thumbnailUrl\":\"https:\\\/\\\/truckonline.de\\\/blog\\\/wp-content\\\/uploads\\\/2025\\\/05\\\/transportereichelborn700.jpg\",\"datePublished\":\"2025-05-26T21:24:45+00:00\",\"dateModified\":\"2025-05-27T08:32:03+00:00\",\"description\":\"Von Udo Skoppeck Die EU-Kommission hat Frankreich offiziell mit einer Klage vor dem Europ\u00e4ischen Gerichtshof gedroht \u2013 weil das Land es verbietet, dass\",\"breadcrumb\":{\"@id\":\"https:\\\/\\\/truckonline.de\\\/blog\\\/2025\\\/05\\\/26\\\/eu-kommission-gegen-frankreich-droht-jetzt-endgueltig-das-ende-von-menschlichkeit-auf-europas-rastplaetzen\\\/#breadcrumb\"},\"inLanguage\":\"de\",\"potentialAction\":[{\"@type\":\"ReadAction\",\"target\":[\"https:\\\/\\\/truckonline.de\\\/blog\\\/2025\\\/05\\\/26\\\/eu-kommission-gegen-frankreich-droht-jetzt-endgueltig-das-ende-von-menschlichkeit-auf-europas-rastplaetzen\\\/\"]}]},{\"@type\":\"ImageObject\",\"inLanguage\":\"de\",\"@id\":\"https:\\\/\\\/truckonline.de\\\/blog\\\/2025\\\/05\\\/26\\\/eu-kommission-gegen-frankreich-droht-jetzt-endgueltig-das-ende-von-menschlichkeit-auf-europas-rastplaetzen\\\/#primaryimage\",\"url\":\"https:\\\/\\\/truckonline.de\\\/blog\\\/wp-content\\\/uploads\\\/2025\\\/05\\\/transportereichelborn700.jpg\",\"contentUrl\":\"https:\\\/\\\/truckonline.de\\\/blog\\\/wp-content\\\/uploads\\\/2025\\\/05\\\/transportereichelborn700.jpg\",\"width\":700,\"height\":469},{\"@type\":\"BreadcrumbList\",\"@id\":\"https:\\\/\\\/truckonline.de\\\/blog\\\/2025\\\/05\\\/26\\\/eu-kommission-gegen-frankreich-droht-jetzt-endgueltig-das-ende-von-menschlichkeit-auf-europas-rastplaetzen\\\/#breadcrumb\",\"itemListElement\":[{\"@type\":\"ListItem\",\"position\":1,\"name\":\"Startseite\",\"item\":\"https:\\\/\\\/truckonline.de\\\/blog\\\/\"},{\"@type\":\"ListItem\",\"position\":2,\"name\":\"EU-Kommission gegen Frankreich: Droht jetzt endg\u00fcltig das Ende von Menschlichkeit auf Europas Rastpl\u00e4tzen?\"}]},{\"@type\":\"WebSite\",\"@id\":\"https:\\\/\\\/truckonline.de\\\/blog\\\/#website\",\"url\":\"https:\\\/\\\/truckonline.de\\\/blog\\\/\",\"name\":\"TruckOnline.de\",\"description\":\"\",\"publisher\":{\"@id\":\"https:\\\/\\\/truckonline.de\\\/blog\\\/#\\\/schema\\\/person\\\/4cb59b86ffde81f882f56439688fda19\"},\"potentialAction\":[{\"@type\":\"SearchAction\",\"target\":{\"@type\":\"EntryPoint\",\"urlTemplate\":\"https:\\\/\\\/truckonline.de\\\/blog\\\/?s={search_term_string}\"},\"query-input\":{\"@type\":\"PropertyValueSpecification\",\"valueRequired\":true,\"valueName\":\"search_term_string\"}}],\"inLanguage\":\"de\"},{\"@type\":[\"Person\",\"Organization\"],\"@id\":\"https:\\\/\\\/truckonline.de\\\/blog\\\/#\\\/schema\\\/person\\\/4cb59b86ffde81f882f56439688fda19\",\"name\":\"maik\",\"image\":{\"@type\":\"ImageObject\",\"inLanguage\":\"de\",\"@id\":\"https:\\\/\\\/truckonline.de\\\/blog\\\/wp-content\\\/uploads\\\/2019\\\/12\\\/logoinnenweiss.png\",\"url\":\"https:\\\/\\\/truckonline.de\\\/blog\\\/wp-content\\\/uploads\\\/2019\\\/12\\\/logoinnenweiss.png\",\"contentUrl\":\"https:\\\/\\\/truckonline.de\\\/blog\\\/wp-content\\\/uploads\\\/2019\\\/12\\\/logoinnenweiss.png\",\"width\":733,\"height\":125,\"caption\":\"maik\"},\"logo\":{\"@id\":\"https:\\\/\\\/truckonline.de\\\/blog\\\/wp-content\\\/uploads\\\/2019\\\/12\\\/logoinnenweiss.png\"},\"sameAs\":[\"https:\\\/\\\/www.facebook.com\\\/truckblog\",\"https:\\\/\\\/www.instagram.com\\\/truck_online\\\/\",\"https:\\\/\\\/x.com\\\/https:\\\/\\\/twitter.com\\\/truckblog\",\"https:\\\/\\\/www.youtube.com\\\/user\\\/truckonline\",\"https:\\\/\\\/www.tumblr.com\\\/truckonline\"]}]}<\/script>\n<!-- \/ Yoast SEO plugin. -->","yoast_head_json":{"title":"EU-Kommission gegen Frankreich: Droht jetzt endg\u00fcltig das Ende von Menschlichkeit auf Europas Rastpl\u00e4tzen? | TruckOnline.de","description":"Von Udo Skoppeck Die EU-Kommission hat Frankreich offiziell mit einer Klage vor dem Europ\u00e4ischen Gerichtshof gedroht \u2013 weil das Land es verbietet, dass","robots":{"index":"index","follow":"follow","max-snippet":"max-snippet:-1","max-image-preview":"max-image-preview:large","max-video-preview":"max-video-preview:-1"},"canonical":"https:\/\/truckonline.de\/blog\/2025\/05\/26\/eu-kommission-gegen-frankreich-droht-jetzt-endgueltig-das-ende-von-menschlichkeit-auf-europas-rastplaetzen\/","og_locale":"de_DE","og_type":"article","og_title":"EU-Kommission gegen Frankreich: Droht jetzt endg\u00fcltig das Ende von Menschlichkeit auf Europas Rastpl\u00e4tzen? | TruckOnline.de","og_url":"https:\/\/truckonline.de\/blog\/2025\/05\/26\/eu-kommission-gegen-frankreich-droht-jetzt-endgueltig-das-ende-von-menschlichkeit-auf-europas-rastplaetzen\/","og_site_name":"TruckOnline.de","article_publisher":"https:\/\/www.facebook.com\/truckblog","article_author":"https:\/\/www.facebook.com\/truckblog","article_published_time":"2025-05-26T21:24:45+00:00","article_modified_time":"2025-05-27T08:32:03+00:00","og_image":[{"width":700,"height":469,"url":"https:\/\/truckonline.de\/blog\/wp-content\/uploads\/2025\/05\/transportereichelborn700.jpg","type":"image\/jpeg"}],"author":"maik","twitter_card":"summary_large_image","twitter_creator":"@https:\/\/twitter.com\/truckblog","twitter_site":"@truckblog","twitter_misc":{"Verfasst von":"maik","Gesch\u00e4tzte Lesezeit":"2\u00a0Minuten"},"schema":{"@context":"https:\/\/schema.org","@graph":[{"@type":"Article","@id":"https:\/\/truckonline.de\/blog\/2025\/05\/26\/eu-kommission-gegen-frankreich-droht-jetzt-endgueltig-das-ende-von-menschlichkeit-auf-europas-rastplaetzen\/#article","isPartOf":{"@id":"https:\/\/truckonline.de\/blog\/2025\/05\/26\/eu-kommission-gegen-frankreich-droht-jetzt-endgueltig-das-ende-von-menschlichkeit-auf-europas-rastplaetzen\/"},"author":{"name":"maik","@id":"https:\/\/truckonline.de\/blog\/#\/schema\/person\/4cb59b86ffde81f882f56439688fda19"},"headline":"EU-Kommission gegen Frankreich: Droht jetzt endg\u00fcltig das Ende von Menschlichkeit auf Europas Rastpl\u00e4tzen?","datePublished":"2025-05-26T21:24:45+00:00","dateModified":"2025-05-27T08:32:03+00:00","mainEntityOfPage":{"@id":"https:\/\/truckonline.de\/blog\/2025\/05\/26\/eu-kommission-gegen-frankreich-droht-jetzt-endgueltig-das-ende-von-menschlichkeit-auf-europas-rastplaetzen\/"},"wordCount":282,"commentCount":6,"publisher":{"@id":"https:\/\/truckonline.de\/blog\/#\/schema\/person\/4cb59b86ffde81f882f56439688fda19"},"image":{"@id":"https:\/\/truckonline.de\/blog\/2025\/05\/26\/eu-kommission-gegen-frankreich-droht-jetzt-endgueltig-das-ende-von-menschlichkeit-auf-europas-rastplaetzen\/#primaryimage"},"thumbnailUrl":"https:\/\/truckonline.de\/blog\/wp-content\/uploads\/2025\/05\/transportereichelborn700.jpg","keywords":["Frankreich","Polensprinter"],"articleSection":["\u00c4rgerliches"],"inLanguage":"de","potentialAction":[{"@type":"CommentAction","name":"Comment","target":["https:\/\/truckonline.de\/blog\/2025\/05\/26\/eu-kommission-gegen-frankreich-droht-jetzt-endgueltig-das-ende-von-menschlichkeit-auf-europas-rastplaetzen\/#respond"]}]},{"@type":"WebPage","@id":"https:\/\/truckonline.de\/blog\/2025\/05\/26\/eu-kommission-gegen-frankreich-droht-jetzt-endgueltig-das-ende-von-menschlichkeit-auf-europas-rastplaetzen\/","url":"https:\/\/truckonline.de\/blog\/2025\/05\/26\/eu-kommission-gegen-frankreich-droht-jetzt-endgueltig-das-ende-von-menschlichkeit-auf-europas-rastplaetzen\/","name":"EU-Kommission gegen Frankreich: Droht jetzt endg\u00fcltig das Ende von Menschlichkeit auf Europas Rastpl\u00e4tzen? | TruckOnline.de","isPartOf":{"@id":"https:\/\/truckonline.de\/blog\/#website"},"primaryImageOfPage":{"@id":"https:\/\/truckonline.de\/blog\/2025\/05\/26\/eu-kommission-gegen-frankreich-droht-jetzt-endgueltig-das-ende-von-menschlichkeit-auf-europas-rastplaetzen\/#primaryimage"},"image":{"@id":"https:\/\/truckonline.de\/blog\/2025\/05\/26\/eu-kommission-gegen-frankreich-droht-jetzt-endgueltig-das-ende-von-menschlichkeit-auf-europas-rastplaetzen\/#primaryimage"},"thumbnailUrl":"https:\/\/truckonline.de\/blog\/wp-content\/uploads\/2025\/05\/transportereichelborn700.jpg","datePublished":"2025-05-26T21:24:45+00:00","dateModified":"2025-05-27T08:32:03+00:00","description":"Von Udo Skoppeck Die EU-Kommission hat Frankreich offiziell mit einer Klage vor dem Europ\u00e4ischen Gerichtshof gedroht \u2013 weil das Land es verbietet, dass","breadcrumb":{"@id":"https:\/\/truckonline.de\/blog\/2025\/05\/26\/eu-kommission-gegen-frankreich-droht-jetzt-endgueltig-das-ende-von-menschlichkeit-auf-europas-rastplaetzen\/#breadcrumb"},"inLanguage":"de","potentialAction":[{"@type":"ReadAction","target":["https:\/\/truckonline.de\/blog\/2025\/05\/26\/eu-kommission-gegen-frankreich-droht-jetzt-endgueltig-das-ende-von-menschlichkeit-auf-europas-rastplaetzen\/"]}]},{"@type":"ImageObject","inLanguage":"de","@id":"https:\/\/truckonline.de\/blog\/2025\/05\/26\/eu-kommission-gegen-frankreich-droht-jetzt-endgueltig-das-ende-von-menschlichkeit-auf-europas-rastplaetzen\/#primaryimage","url":"https:\/\/truckonline.de\/blog\/wp-content\/uploads\/2025\/05\/transportereichelborn700.jpg","contentUrl":"https:\/\/truckonline.de\/blog\/wp-content\/uploads\/2025\/05\/transportereichelborn700.jpg","width":700,"height":469},{"@type":"BreadcrumbList","@id":"https:\/\/truckonline.de\/blog\/2025\/05\/26\/eu-kommission-gegen-frankreich-droht-jetzt-endgueltig-das-ende-von-menschlichkeit-auf-europas-rastplaetzen\/#breadcrumb","itemListElement":[{"@type":"ListItem","position":1,"name":"Startseite","item":"https:\/\/truckonline.de\/blog\/"},{"@type":"ListItem","position":2,"name":"EU-Kommission gegen Frankreich: Droht jetzt endg\u00fcltig das Ende von Menschlichkeit auf Europas Rastpl\u00e4tzen?"}]},{"@type":"WebSite","@id":"https:\/\/truckonline.de\/blog\/#website","url":"https:\/\/truckonline.de\/blog\/","name":"TruckOnline.de","description":"","publisher":{"@id":"https:\/\/truckonline.de\/blog\/#\/schema\/person\/4cb59b86ffde81f882f56439688fda19"},"potentialAction":[{"@type":"SearchAction","target":{"@type":"EntryPoint","urlTemplate":"https:\/\/truckonline.de\/blog\/?s={search_term_string}"},"query-input":{"@type":"PropertyValueSpecification","valueRequired":true,"valueName":"search_term_string"}}],"inLanguage":"de"},{"@type":["Person","Organization"],"@id":"https:\/\/truckonline.de\/blog\/#\/schema\/person\/4cb59b86ffde81f882f56439688fda19","name":"maik","image":{"@type":"ImageObject","inLanguage":"de","@id":"https:\/\/truckonline.de\/blog\/wp-content\/uploads\/2019\/12\/logoinnenweiss.png","url":"https:\/\/truckonline.de\/blog\/wp-content\/uploads\/2019\/12\/logoinnenweiss.png","contentUrl":"https:\/\/truckonline.de\/blog\/wp-content\/uploads\/2019\/12\/logoinnenweiss.png","width":733,"height":125,"caption":"maik"},"logo":{"@id":"https:\/\/truckonline.de\/blog\/wp-content\/uploads\/2019\/12\/logoinnenweiss.png"},"sameAs":["https:\/\/www.facebook.com\/truckblog","https:\/\/www.instagram.com\/truck_online\/","https:\/\/x.com\/https:\/\/twitter.com\/truckblog","https:\/\/www.youtube.com\/user\/truckonline","https:\/\/www.tumblr.com\/truckonline"]}]}},"_links":{"self":[{"href":"https:\/\/truckonline.de\/blog\/wp-json\/wp\/v2\/posts\/14192","targetHints":{"allow":["GET"]}}],"collection":[{"href":"https:\/\/truckonline.de\/blog\/wp-json\/wp\/v2\/posts"}],"about":[{"href":"https:\/\/truckonline.de\/blog\/wp-json\/wp\/v2\/types\/post"}],"author":[{"embeddable":true,"href":"https:\/\/truckonline.de\/blog\/wp-json\/wp\/v2\/users\/3"}],"replies":[{"embeddable":true,"href":"https:\/\/truckonline.de\/blog\/wp-json\/wp\/v2\/comments?post=14192"}],"version-history":[{"count":2,"href":"https:\/\/truckonline.de\/blog\/wp-json\/wp\/v2\/posts\/14192\/revisions"}],"predecessor-version":[{"id":14195,"href":"https:\/\/truckonline.de\/blog\/wp-json\/wp\/v2\/posts\/14192\/revisions\/14195"}],"wp:attachment":[{"href":"https:\/\/truckonline.de\/blog\/wp-json\/wp\/v2\/media?parent=14192"}],"wp:term":[{"taxonomy":"category","embeddable":true,"href":"https:\/\/truckonline.de\/blog\/wp-json\/wp\/v2\/categories?post=14192"},{"taxonomy":"post_tag","embeddable":true,"href":"https:\/\/truckonline.de\/blog\/wp-json\/wp\/v2\/tags?post=14192"}],"curies":[{"name":"wp","href":"https:\/\/api.w.org\/{rel}","templated":true}]}}