{"id":14140,"date":"2025-04-26T01:20:31","date_gmt":"2025-04-25T23:20:31","guid":{"rendered":"https:\/\/truckonline.de\/blog\/?p=14140"},"modified":"2025-04-26T01:28:12","modified_gmt":"2025-04-25T23:28:12","slug":"brandbrief-an-die-bundesregierung","status":"publish","type":"post","link":"https:\/\/truckonline.de\/blog\/2025\/04\/26\/brandbrief-an-die-bundesregierung\/","title":{"rendered":"Brandbrief an die Bundesregierung&#8230;"},"content":{"rendered":"\n<p>&#8230;im Namen derer, die Europa Tag f\u00fcr Tag am Laufen halten.<\/p>\n\n\n\n<p class=\"has-text-align-right has-small-font-size\">Von Udo Skoppeck<\/p>\n\n\n\n<p>Sehr geehrte Damen und Herren,<\/p>\n\n\n\n<p>mein Name ist Udo Skoppeck. Ich fahre seit 1980 Lkw, habe die Branche durchlebt, getragen, gelitten \u2013 und seit vielen Jahren versuche ich aufzukl\u00e4ren, zu verbinden und zu k\u00e4mpfen. <br>F\u00fcr bessere Bedingungen, f\u00fcr Gerechtigkeit, f\u00fcr W\u00fcrde. Nicht f\u00fcr mich \u2013 sondern f\u00fcr all jene, die t\u00e4glich unterwegs sind und ohne die unser aller Alltag schlicht nicht funktionieren w\u00fcrde.<\/p>\n\n\n\n<p>Am Donnerstag vor Ostern 2025 fand eine Aktion von <a href=\"https:\/\/www.faire-mobilitaet.de\/ihre-rechte\/branchen\/internationaler-strassentransport\/\">Faire Mobilit\u00e4t\u00a0Stuttgart<\/a> statt, gemeinsam mit der katholischen Betriebsseelsorge und dem Dekanat \u2013 an den Rastpl\u00e4tzen Wunnenstein und Sindelfinger Wald.<\/p>\n\n\n\n<p>Dort sprachen sie mit rund sechzig Fahrern aus Europa und Asien: Deutschland, der Slowakei, den Niederlanden, Belgien, Polen, Rum\u00e4nien, Litauen, Ungarn, Usbekistan, Tadschikistan, Spanien, Serbien, Wei\u00dfrussland, Bosnien-Herzegowina sowie Portugal.<\/p>\n\n\n\n<p>Was die Fahrer zu erz\u00e4hlen haben ist ersch\u00fctternd. Was sie sagen, ist nicht neu. Es ist das, was ich seit Jahrzehnten beobachte und gleicherma\u00dfen anprangere. <br>Was jeder wei\u00df. Was trotzdem kaum jemand \u00e4ndern will.<\/p>\n\n\n\n<p>Ein deutscher Fahrer sagte: \u201e<em>Ich fahre nur noch nachts. Tags\u00fcber ist es Chaos. Kein \u00dcberholverbot wird mehr beachtet, kein Respekt \u2013 und viel zu viel Raserei<\/em>.\u201c<\/p>\n\n\n\n<p>Ein anderer berichtete von Belgien, <a href=\"https:\/\/www.eurotransport.de\/fahrer\/bkf-news\/belgische-polizei-kontrolliert-lkw-fahrer-an-ostern-bussgelder-wegen-verstoessen-gegen-lenk-und-ruhezeit\/\">wo Arbeitgeber l\u00e4ngst wissen<\/a>: Wer betr\u00fcgt, wird kontrolliert. Wer trickst, wird sanktioniert. Da finden echte Kontrollen statt. In Deutschland? Fehlanzeige.<\/p>\n\n\n\n<p>Ein Wei\u00dfrusse, unterwegs im polnischen Lkw, ist f\u00fcnf Monate am St\u00fcck auf Tour. Rum\u00e4nen schlafen seit Wochen in ihren Kabinen, verdienen zwischen 70 und 85 Euro am Tag \u2013 brutto, versteht sich. <br>Einer sagte: \u201e<em>Meine Firma hat in Frankreich eine Strafe kassiert \u2013 aber sie hat es geschafft, drumherum zu kommen<\/em>.\u201c<br>So l\u00e4uft das. Jeden Tag.<\/p>\n\n\n<div class=\"wp-block-image\">\n<figure class=\"alignleft size-full is-resized\"><img loading=\"lazy\" decoding=\"async\" width=\"700\" height=\"373\" src=\"https:\/\/truckonline.de\/blog\/wp-content\/uploads\/2025\/04\/truckromania.jpg\" alt=\"lkw aus rum\u00e4nien stehen auf einem parkplatz\" class=\"wp-image-14141\" style=\"width:711px;height:auto\"\/><figcaption class=\"wp-element-caption\">Zwei Lkw einer rum\u00e4nischen Spedition stehen auf einem Rasthof<\/figcaption><\/figure>\n<\/div>\n\n\n<p>Ein Fahrer aus Bosnien nennt das Beratungsangebot eine \u201eFata Morgana\u201c \u2013 weil er l\u00e4ngst nicht mehr glaubt, dass sich noch irgendwer ernsthaft f\u00fcr ihn interessiert. Und er hat recht.<br>Er sagte auch: \u201e<em>Wenn ich nicht fahre, verdiene ich nichts.<\/em>\u201c<br>Kein Urlaubsgeld, keine Lohnfortzahlung, keine Absicherung \u2013 und jetzt kommen Fahrer aus Nepal nach Slowenien, die noch weniger bekommen. Das ist der Wettbewerb in Europa. Auf dem R\u00fccken der Menschen.<\/p>\n\n\n\n<p>Ich frage Sie: Wie viele Beweise brauchen Sie noch?<br>Wie viele Anh\u00f6rungen im Verkehrsausschuss, Gespr\u00e4che, Reportagen, Studien, Petitionen?<br>Wie lange schauen Sie noch weg?<\/p>\n\n\n\n<p>Sie wissen, dass diese Branche seit Jahren ausgeh\u00f6hlt wird \u2013 von Dumping, von Subunternehmerketten, von gesetzlichem Stillstand.<br>Sie wissen, dass Sozialdumping auf Europas Autobahnen l\u00e4ngst ein System ist.<br>Sie wissen, dass Menschenw\u00fcrde nicht nur im Grundgesetz steht, sondern auch auf Rastpl\u00e4tzen gelten muss.<\/p>\n\n\n\n<p>Und Sie wissen, dass all das nicht erst seit gestern passiert.<br>Die Bundesregierung kann nicht mehr sagen: \u201eDas war uns nicht bekannt.\u201c<\/p>\n\n\n\n<p>Ich fordere Sie auf, Verantwortung zu \u00fcbernehmen. Die Gesetze dazu sind l\u00e4ngst geschaffen. Nicht irgendwann. Nicht auf EU-Ebene. Nicht, wenn es ihnen passt. Sondern jetzt.<\/p>\n\n\n\n<p>Handeln Sie: Setzen Sie effektive und unangek\u00fcndigte Kontrollen auf deutschen Stra\u00dfen durch \u2013 bei Auftraggebern, bei Firmen, bei Subunternehmen.<\/p>\n\n\n\n<p>Schaffen Sie gesetzliche Mindeststandards f\u00fcr Arbeitszeit, Unterkunft und Bezahlung \u2013 durchsetzbar und fl\u00e4chendeckend.<\/p>\n\n\n\n<p>Sorgen Sie f\u00fcr faire L\u00f6hne und soziale Absicherung \u2013 unabh\u00e4ngig vom Herkunftsland.<\/p>\n\n\n\n<p>Verhindern Sie, dass Menschen wie Verschlei\u00dfteile behandelt werden.<\/p>\n\n\n\n<p>Ich schreibe diesen Brief nicht, weil ich naiv bin. Ich schreibe ihn, weil ich w\u00fctend bin. Weil ich das Elend seit Jahrzehnten sehe. Und weil ich wei\u00df, dass politischer Wille genau das ist, was fehlt.<\/p>\n\n\n\n<p>Reden Sie nicht l\u00e4nger von Verkehrswende, wenn die, die sie t\u00e4glich stemmen, ignoriert und ausgebeutet werden.<br>Reden Sie nicht von Gerechtigkeit, wenn der Transport von Billigstanbietern den Vorrang bekommt \u2013 auf Kosten von Mensch und Moral.<\/p>\n\n\n\n<p>Sie haben die Macht, das zu \u00e4ndern. Und wenn Sie das nicht tun \u2013 dann sind Sie mitverantwortlich.<\/p>\n\n\n\n<p>In diesem Sinne:<br>Im Namen derer, die keine Stimme haben \u2013<br>und im Auftrag meines Gewissens,<\/p>\n\n\n\n<p>Udo Skoppeck<br>Berufskraftfahrer seit 1980<br>Initiator, Aktivist, Vorsitzender von AidT e. V.<br>und einer von vielen, die nicht mehr schweigen.<\/p>\n\n\n\n<p><\/p>\n","protected":false},"excerpt":{"rendered":"<p>&#8230;im Namen derer, die Europa Tag f\u00fcr Tag am Laufen halten. Von Udo Skoppeck Sehr geehrte Damen und Herren, mein Name ist Udo Skoppeck. Ich&#8230;<\/p>\n<div class=\"more-link-wrapper\"><a class=\"more-link\" href=\"https:\/\/truckonline.de\/blog\/2025\/04\/26\/brandbrief-an-die-bundesregierung\/\">Sie haben Ihr Ziel fast erreicht.<span class=\"screen-reader-text\">Brandbrief an die Bundesregierung&#8230;<\/span><\/a><\/div>\n","protected":false},"author":3,"featured_media":0,"comment_status":"open","ping_status":"open","sticky":false,"template":"","format":"standard","meta":{"iawp_total_views":2,"_metis_text_type":"","_metis_text_length":0,"_post_count":0,"footnotes":""},"categories":[593,185],"tags":[2125,2344],"class_list":["post-14140","post","type-post","status-publish","format-standard","hentry","category-aergerliches","category-gedanken","tag-ausbeutung","tag-poltik","ratio-2-1","entry"],"yoast_head":"<!-- This site is optimized with the Yoast SEO plugin v27.4 - https:\/\/yoast.com\/product\/yoast-seo-wordpress\/ -->\n<title>Brandbrief an die Bundesregierung... | TruckOnline.de<\/title>\n<meta name=\"description\" content=\"...im Namen derer, die Europa Tag f\u00fcr Tag am Laufen halten. Von Udo Skoppeck Sehr geehrte Damen und Herren, mein Name ist Udo Skoppeck. Ich fahre seit\" \/>\n<meta name=\"robots\" content=\"index, follow, max-snippet:-1, max-image-preview:large, max-video-preview:-1\" \/>\n<link rel=\"canonical\" href=\"https:\/\/truckonline.de\/blog\/2025\/04\/26\/brandbrief-an-die-bundesregierung\/\" \/>\n<meta property=\"og:locale\" content=\"de_DE\" \/>\n<meta property=\"og:type\" content=\"article\" \/>\n<meta property=\"og:title\" content=\"Brandbrief an die Bundesregierung... | TruckOnline.de\" \/>\n<meta property=\"og:url\" content=\"https:\/\/truckonline.de\/blog\/2025\/04\/26\/brandbrief-an-die-bundesregierung\/\" \/>\n<meta property=\"og:site_name\" content=\"TruckOnline.de\" \/>\n<meta property=\"article:publisher\" content=\"https:\/\/www.facebook.com\/truckblog\" \/>\n<meta property=\"article:author\" content=\"https:\/\/www.facebook.com\/truckblog\" \/>\n<meta property=\"article:published_time\" content=\"2025-04-25T23:20:31+00:00\" \/>\n<meta property=\"article:modified_time\" content=\"2025-04-25T23:28:12+00:00\" \/>\n<meta property=\"og:image\" content=\"https:\/\/truckonline.de\/blog\/wp-content\/uploads\/2025\/04\/truckromania.jpg\" \/>\n\t<meta property=\"og:image:width\" content=\"700\" \/>\n\t<meta property=\"og:image:height\" content=\"373\" \/>\n\t<meta property=\"og:image:type\" content=\"image\/jpeg\" \/>\n<meta name=\"author\" content=\"maik\" \/>\n<meta name=\"twitter:card\" content=\"summary_large_image\" \/>\n<meta name=\"twitter:creator\" content=\"@https:\/\/twitter.com\/truckblog\" \/>\n<meta name=\"twitter:site\" content=\"@truckblog\" \/>\n<meta name=\"twitter:label1\" content=\"Verfasst von\" \/>\n\t<meta name=\"twitter:data1\" content=\"maik\" \/>\n\t<meta name=\"twitter:label2\" content=\"Gesch\u00e4tzte Lesezeit\" \/>\n\t<meta name=\"twitter:data2\" content=\"4\u00a0Minuten\" \/>\n<script type=\"application\/ld+json\" class=\"yoast-schema-graph\">{\"@context\":\"https:\\\/\\\/schema.org\",\"@graph\":[{\"@type\":\"Article\",\"@id\":\"https:\\\/\\\/truckonline.de\\\/blog\\\/2025\\\/04\\\/26\\\/brandbrief-an-die-bundesregierung\\\/#article\",\"isPartOf\":{\"@id\":\"https:\\\/\\\/truckonline.de\\\/blog\\\/2025\\\/04\\\/26\\\/brandbrief-an-die-bundesregierung\\\/\"},\"author\":{\"name\":\"maik\",\"@id\":\"https:\\\/\\\/truckonline.de\\\/blog\\\/#\\\/schema\\\/person\\\/4cb59b86ffde81f882f56439688fda19\"},\"headline\":\"Brandbrief an die Bundesregierung&#8230;\",\"datePublished\":\"2025-04-25T23:20:31+00:00\",\"dateModified\":\"2025-04-25T23:28:12+00:00\",\"mainEntityOfPage\":{\"@id\":\"https:\\\/\\\/truckonline.de\\\/blog\\\/2025\\\/04\\\/26\\\/brandbrief-an-die-bundesregierung\\\/\"},\"wordCount\":676,\"commentCount\":3,\"publisher\":{\"@id\":\"https:\\\/\\\/truckonline.de\\\/blog\\\/#\\\/schema\\\/person\\\/4cb59b86ffde81f882f56439688fda19\"},\"image\":{\"@id\":\"https:\\\/\\\/truckonline.de\\\/blog\\\/2025\\\/04\\\/26\\\/brandbrief-an-die-bundesregierung\\\/#primaryimage\"},\"thumbnailUrl\":\"https:\\\/\\\/truckonline.de\\\/blog\\\/wp-content\\\/uploads\\\/2025\\\/04\\\/truckromania.jpg\",\"keywords\":[\"Ausbeutung\",\"Poltik\"],\"articleSection\":[\"\u00c4rgerliches\",\"Gedanken\"],\"inLanguage\":\"de\",\"potentialAction\":[{\"@type\":\"CommentAction\",\"name\":\"Comment\",\"target\":[\"https:\\\/\\\/truckonline.de\\\/blog\\\/2025\\\/04\\\/26\\\/brandbrief-an-die-bundesregierung\\\/#respond\"]}]},{\"@type\":\"WebPage\",\"@id\":\"https:\\\/\\\/truckonline.de\\\/blog\\\/2025\\\/04\\\/26\\\/brandbrief-an-die-bundesregierung\\\/\",\"url\":\"https:\\\/\\\/truckonline.de\\\/blog\\\/2025\\\/04\\\/26\\\/brandbrief-an-die-bundesregierung\\\/\",\"name\":\"Brandbrief an die Bundesregierung... | TruckOnline.de\",\"isPartOf\":{\"@id\":\"https:\\\/\\\/truckonline.de\\\/blog\\\/#website\"},\"primaryImageOfPage\":{\"@id\":\"https:\\\/\\\/truckonline.de\\\/blog\\\/2025\\\/04\\\/26\\\/brandbrief-an-die-bundesregierung\\\/#primaryimage\"},\"image\":{\"@id\":\"https:\\\/\\\/truckonline.de\\\/blog\\\/2025\\\/04\\\/26\\\/brandbrief-an-die-bundesregierung\\\/#primaryimage\"},\"thumbnailUrl\":\"https:\\\/\\\/truckonline.de\\\/blog\\\/wp-content\\\/uploads\\\/2025\\\/04\\\/truckromania.jpg\",\"datePublished\":\"2025-04-25T23:20:31+00:00\",\"dateModified\":\"2025-04-25T23:28:12+00:00\",\"description\":\"...im Namen derer, die Europa Tag f\u00fcr Tag am Laufen halten. Von Udo Skoppeck Sehr geehrte Damen und Herren, mein Name ist Udo Skoppeck. Ich fahre seit\",\"breadcrumb\":{\"@id\":\"https:\\\/\\\/truckonline.de\\\/blog\\\/2025\\\/04\\\/26\\\/brandbrief-an-die-bundesregierung\\\/#breadcrumb\"},\"inLanguage\":\"de\",\"potentialAction\":[{\"@type\":\"ReadAction\",\"target\":[\"https:\\\/\\\/truckonline.de\\\/blog\\\/2025\\\/04\\\/26\\\/brandbrief-an-die-bundesregierung\\\/\"]}]},{\"@type\":\"ImageObject\",\"inLanguage\":\"de\",\"@id\":\"https:\\\/\\\/truckonline.de\\\/blog\\\/2025\\\/04\\\/26\\\/brandbrief-an-die-bundesregierung\\\/#primaryimage\",\"url\":\"https:\\\/\\\/truckonline.de\\\/blog\\\/wp-content\\\/uploads\\\/2025\\\/04\\\/truckromania.jpg\",\"contentUrl\":\"https:\\\/\\\/truckonline.de\\\/blog\\\/wp-content\\\/uploads\\\/2025\\\/04\\\/truckromania.jpg\",\"width\":700,\"height\":373,\"caption\":\"OLYMPUS DIGITAL CAMERA\"},{\"@type\":\"BreadcrumbList\",\"@id\":\"https:\\\/\\\/truckonline.de\\\/blog\\\/2025\\\/04\\\/26\\\/brandbrief-an-die-bundesregierung\\\/#breadcrumb\",\"itemListElement\":[{\"@type\":\"ListItem\",\"position\":1,\"name\":\"Startseite\",\"item\":\"https:\\\/\\\/truckonline.de\\\/blog\\\/\"},{\"@type\":\"ListItem\",\"position\":2,\"name\":\"Brandbrief an die Bundesregierung&#8230;\"}]},{\"@type\":\"WebSite\",\"@id\":\"https:\\\/\\\/truckonline.de\\\/blog\\\/#website\",\"url\":\"https:\\\/\\\/truckonline.de\\\/blog\\\/\",\"name\":\"TruckOnline.de\",\"description\":\"\",\"publisher\":{\"@id\":\"https:\\\/\\\/truckonline.de\\\/blog\\\/#\\\/schema\\\/person\\\/4cb59b86ffde81f882f56439688fda19\"},\"potentialAction\":[{\"@type\":\"SearchAction\",\"target\":{\"@type\":\"EntryPoint\",\"urlTemplate\":\"https:\\\/\\\/truckonline.de\\\/blog\\\/?s={search_term_string}\"},\"query-input\":{\"@type\":\"PropertyValueSpecification\",\"valueRequired\":true,\"valueName\":\"search_term_string\"}}],\"inLanguage\":\"de\"},{\"@type\":[\"Person\",\"Organization\"],\"@id\":\"https:\\\/\\\/truckonline.de\\\/blog\\\/#\\\/schema\\\/person\\\/4cb59b86ffde81f882f56439688fda19\",\"name\":\"maik\",\"image\":{\"@type\":\"ImageObject\",\"inLanguage\":\"de\",\"@id\":\"https:\\\/\\\/truckonline.de\\\/blog\\\/wp-content\\\/uploads\\\/2019\\\/12\\\/logoinnenweiss.png\",\"url\":\"https:\\\/\\\/truckonline.de\\\/blog\\\/wp-content\\\/uploads\\\/2019\\\/12\\\/logoinnenweiss.png\",\"contentUrl\":\"https:\\\/\\\/truckonline.de\\\/blog\\\/wp-content\\\/uploads\\\/2019\\\/12\\\/logoinnenweiss.png\",\"width\":733,\"height\":125,\"caption\":\"maik\"},\"logo\":{\"@id\":\"https:\\\/\\\/truckonline.de\\\/blog\\\/wp-content\\\/uploads\\\/2019\\\/12\\\/logoinnenweiss.png\"},\"sameAs\":[\"https:\\\/\\\/www.facebook.com\\\/truckblog\",\"https:\\\/\\\/www.instagram.com\\\/truck_online\\\/\",\"https:\\\/\\\/x.com\\\/https:\\\/\\\/twitter.com\\\/truckblog\",\"https:\\\/\\\/www.youtube.com\\\/user\\\/truckonline\",\"https:\\\/\\\/www.tumblr.com\\\/truckonline\"]}]}<\/script>\n<!-- \/ Yoast SEO plugin. -->","yoast_head_json":{"title":"Brandbrief an die Bundesregierung... | TruckOnline.de","description":"...im Namen derer, die Europa Tag f\u00fcr Tag am Laufen halten. Von Udo Skoppeck Sehr geehrte Damen und Herren, mein Name ist Udo Skoppeck. Ich fahre seit","robots":{"index":"index","follow":"follow","max-snippet":"max-snippet:-1","max-image-preview":"max-image-preview:large","max-video-preview":"max-video-preview:-1"},"canonical":"https:\/\/truckonline.de\/blog\/2025\/04\/26\/brandbrief-an-die-bundesregierung\/","og_locale":"de_DE","og_type":"article","og_title":"Brandbrief an die Bundesregierung... | TruckOnline.de","og_url":"https:\/\/truckonline.de\/blog\/2025\/04\/26\/brandbrief-an-die-bundesregierung\/","og_site_name":"TruckOnline.de","article_publisher":"https:\/\/www.facebook.com\/truckblog","article_author":"https:\/\/www.facebook.com\/truckblog","article_published_time":"2025-04-25T23:20:31+00:00","article_modified_time":"2025-04-25T23:28:12+00:00","og_image":[{"width":700,"height":373,"url":"https:\/\/truckonline.de\/blog\/wp-content\/uploads\/2025\/04\/truckromania.jpg","type":"image\/jpeg"}],"author":"maik","twitter_card":"summary_large_image","twitter_creator":"@https:\/\/twitter.com\/truckblog","twitter_site":"@truckblog","twitter_misc":{"Verfasst von":"maik","Gesch\u00e4tzte Lesezeit":"4\u00a0Minuten"},"schema":{"@context":"https:\/\/schema.org","@graph":[{"@type":"Article","@id":"https:\/\/truckonline.de\/blog\/2025\/04\/26\/brandbrief-an-die-bundesregierung\/#article","isPartOf":{"@id":"https:\/\/truckonline.de\/blog\/2025\/04\/26\/brandbrief-an-die-bundesregierung\/"},"author":{"name":"maik","@id":"https:\/\/truckonline.de\/blog\/#\/schema\/person\/4cb59b86ffde81f882f56439688fda19"},"headline":"Brandbrief an die Bundesregierung&#8230;","datePublished":"2025-04-25T23:20:31+00:00","dateModified":"2025-04-25T23:28:12+00:00","mainEntityOfPage":{"@id":"https:\/\/truckonline.de\/blog\/2025\/04\/26\/brandbrief-an-die-bundesregierung\/"},"wordCount":676,"commentCount":3,"publisher":{"@id":"https:\/\/truckonline.de\/blog\/#\/schema\/person\/4cb59b86ffde81f882f56439688fda19"},"image":{"@id":"https:\/\/truckonline.de\/blog\/2025\/04\/26\/brandbrief-an-die-bundesregierung\/#primaryimage"},"thumbnailUrl":"https:\/\/truckonline.de\/blog\/wp-content\/uploads\/2025\/04\/truckromania.jpg","keywords":["Ausbeutung","Poltik"],"articleSection":["\u00c4rgerliches","Gedanken"],"inLanguage":"de","potentialAction":[{"@type":"CommentAction","name":"Comment","target":["https:\/\/truckonline.de\/blog\/2025\/04\/26\/brandbrief-an-die-bundesregierung\/#respond"]}]},{"@type":"WebPage","@id":"https:\/\/truckonline.de\/blog\/2025\/04\/26\/brandbrief-an-die-bundesregierung\/","url":"https:\/\/truckonline.de\/blog\/2025\/04\/26\/brandbrief-an-die-bundesregierung\/","name":"Brandbrief an die Bundesregierung... | TruckOnline.de","isPartOf":{"@id":"https:\/\/truckonline.de\/blog\/#website"},"primaryImageOfPage":{"@id":"https:\/\/truckonline.de\/blog\/2025\/04\/26\/brandbrief-an-die-bundesregierung\/#primaryimage"},"image":{"@id":"https:\/\/truckonline.de\/blog\/2025\/04\/26\/brandbrief-an-die-bundesregierung\/#primaryimage"},"thumbnailUrl":"https:\/\/truckonline.de\/blog\/wp-content\/uploads\/2025\/04\/truckromania.jpg","datePublished":"2025-04-25T23:20:31+00:00","dateModified":"2025-04-25T23:28:12+00:00","description":"...im Namen derer, die Europa Tag f\u00fcr Tag am Laufen halten. Von Udo Skoppeck Sehr geehrte Damen und Herren, mein Name ist Udo Skoppeck. Ich fahre seit","breadcrumb":{"@id":"https:\/\/truckonline.de\/blog\/2025\/04\/26\/brandbrief-an-die-bundesregierung\/#breadcrumb"},"inLanguage":"de","potentialAction":[{"@type":"ReadAction","target":["https:\/\/truckonline.de\/blog\/2025\/04\/26\/brandbrief-an-die-bundesregierung\/"]}]},{"@type":"ImageObject","inLanguage":"de","@id":"https:\/\/truckonline.de\/blog\/2025\/04\/26\/brandbrief-an-die-bundesregierung\/#primaryimage","url":"https:\/\/truckonline.de\/blog\/wp-content\/uploads\/2025\/04\/truckromania.jpg","contentUrl":"https:\/\/truckonline.de\/blog\/wp-content\/uploads\/2025\/04\/truckromania.jpg","width":700,"height":373,"caption":"OLYMPUS DIGITAL CAMERA"},{"@type":"BreadcrumbList","@id":"https:\/\/truckonline.de\/blog\/2025\/04\/26\/brandbrief-an-die-bundesregierung\/#breadcrumb","itemListElement":[{"@type":"ListItem","position":1,"name":"Startseite","item":"https:\/\/truckonline.de\/blog\/"},{"@type":"ListItem","position":2,"name":"Brandbrief an die Bundesregierung&#8230;"}]},{"@type":"WebSite","@id":"https:\/\/truckonline.de\/blog\/#website","url":"https:\/\/truckonline.de\/blog\/","name":"TruckOnline.de","description":"","publisher":{"@id":"https:\/\/truckonline.de\/blog\/#\/schema\/person\/4cb59b86ffde81f882f56439688fda19"},"potentialAction":[{"@type":"SearchAction","target":{"@type":"EntryPoint","urlTemplate":"https:\/\/truckonline.de\/blog\/?s={search_term_string}"},"query-input":{"@type":"PropertyValueSpecification","valueRequired":true,"valueName":"search_term_string"}}],"inLanguage":"de"},{"@type":["Person","Organization"],"@id":"https:\/\/truckonline.de\/blog\/#\/schema\/person\/4cb59b86ffde81f882f56439688fda19","name":"maik","image":{"@type":"ImageObject","inLanguage":"de","@id":"https:\/\/truckonline.de\/blog\/wp-content\/uploads\/2019\/12\/logoinnenweiss.png","url":"https:\/\/truckonline.de\/blog\/wp-content\/uploads\/2019\/12\/logoinnenweiss.png","contentUrl":"https:\/\/truckonline.de\/blog\/wp-content\/uploads\/2019\/12\/logoinnenweiss.png","width":733,"height":125,"caption":"maik"},"logo":{"@id":"https:\/\/truckonline.de\/blog\/wp-content\/uploads\/2019\/12\/logoinnenweiss.png"},"sameAs":["https:\/\/www.facebook.com\/truckblog","https:\/\/www.instagram.com\/truck_online\/","https:\/\/x.com\/https:\/\/twitter.com\/truckblog","https:\/\/www.youtube.com\/user\/truckonline","https:\/\/www.tumblr.com\/truckonline"]}]}},"_links":{"self":[{"href":"https:\/\/truckonline.de\/blog\/wp-json\/wp\/v2\/posts\/14140","targetHints":{"allow":["GET"]}}],"collection":[{"href":"https:\/\/truckonline.de\/blog\/wp-json\/wp\/v2\/posts"}],"about":[{"href":"https:\/\/truckonline.de\/blog\/wp-json\/wp\/v2\/types\/post"}],"author":[{"embeddable":true,"href":"https:\/\/truckonline.de\/blog\/wp-json\/wp\/v2\/users\/3"}],"replies":[{"embeddable":true,"href":"https:\/\/truckonline.de\/blog\/wp-json\/wp\/v2\/comments?post=14140"}],"version-history":[{"count":2,"href":"https:\/\/truckonline.de\/blog\/wp-json\/wp\/v2\/posts\/14140\/revisions"}],"predecessor-version":[{"id":14144,"href":"https:\/\/truckonline.de\/blog\/wp-json\/wp\/v2\/posts\/14140\/revisions\/14144"}],"wp:attachment":[{"href":"https:\/\/truckonline.de\/blog\/wp-json\/wp\/v2\/media?parent=14140"}],"wp:term":[{"taxonomy":"category","embeddable":true,"href":"https:\/\/truckonline.de\/blog\/wp-json\/wp\/v2\/categories?post=14140"},{"taxonomy":"post_tag","embeddable":true,"href":"https:\/\/truckonline.de\/blog\/wp-json\/wp\/v2\/tags?post=14140"}],"curies":[{"name":"wp","href":"https:\/\/api.w.org\/{rel}","templated":true}]}}