{"id":13897,"date":"2025-02-05T20:16:47","date_gmt":"2025-02-05T19:16:47","guid":{"rendered":"https:\/\/truckonline.de\/blog\/?p=13897"},"modified":"2025-02-09T20:00:44","modified_gmt":"2025-02-09T19:00:44","slug":"wmdedgt-5-02-25","status":"publish","type":"post","link":"https:\/\/truckonline.de\/blog\/2025\/02\/05\/wmdedgt-5-02-25\/","title":{"rendered":"WmDedgT 5.02.25"},"content":{"rendered":"\n<p>Es ist mal wieder der f\u00fcnfte eines Monats. Und an diesem fragt \u201e<a href=\"https:\/\/bruellen.blogspot.com\/\">Gut gebr\u00fcllt<\/a>\u201c, wie denn von anderer&nbsp;<s>Leute<\/s>&nbsp;Blogger der Tag so war. Das nennt sich dann \u201e<em>Was machst Du eigentlich den ganzen Tag<\/em>\u201e.? Oder eben in Kurzform \u201e<em>WmDedgT<\/em>\u201e.<br>Hier ist, zum siebten Mal &#8211; joa mei, wie die Zeit vergeht &#8211; meine Ausgabe:<\/p>\n\n\n\n<p>3.24 Uhr, mir ist kalt, ich werde munter. Toll. Im dunklen such ich den Schalter f\u00fcr die Standheizung. Eine geile Erfindung. <br>Der erste Lkw den ich fahren musste, damals vor dreiunddrei\u00dfig Jahren, hatte sowas nicht. Keine Ahnung, wie ich da zurecht kam. Na ja, ich war jung und z\u00e4h. Und ein bissel naiv.<\/p>\n\n\n\n<p>Kurzer Blick aufs Handy. Oh, ich kann noch zwei Stunden pennen. <\/p>\n\n\n\n<p>5.15 Uhr, die Weckfunktion vom Handy rei\u00dft mich aus dem Schlaf. Waren das echt zwei Stunden? Ich \u00fcberlege kurz, wo ich eigentlich stehe. Ah, irgendwo bei Sirmione. <br>Dann die \u00fcbliche Routine. Aus der Koje krabbeln, anziehen, Vorh\u00e4nge auf, Motor starten, Tacho auf Arbeitszeit stellen. <\/p>\n\n\n\n<p>Die kleine Tankstelle auf dessen Gel\u00e4nde ich stehe, hat noch geschlossen. Also pieseln ins Gras und Kanisterw\u00e4sche. Die finde ich nie angenehm, bei zwei Grad. <br>W\u00e4hrend ich Z\u00e4hne putze, mach ich nen Rundgang um den Lkw. Beleuchtung funktioniert, kein Reifen platt, Tanks geschlossen, Plane nicht zerschnitten, an der Sattelkupplung hat sich auch niemand zu schaffen gemacht.&nbsp;<\/p>\n\n\n\n<p>5.34 Uhr, los geht&#8217;s. Ist ein purer Fahrtag heute. Brauch also keinen Kunden anfahren. Die einzigen die mir und denen ich auf die Nerven gehe, sind Auto- und Lkw-Fahrer um mich herum. <\/p>\n\n\n\n<p>5.56 Uhr, erster kurzer Stopp an einer Tankstelle kurz vor Affi. Ich hole mir nen Kaffee Americano und ein Brioche. Mit Pistaziencreme. Und weil die grad aus dem Ofen kommen, gleich noch eines. Gef\u00fcllt mit Marmelade.<br> Und wieder stelle ich mir die Frage, wieso bekommt man sowas nicht in Deutschland hin? Preiswerter Kaffee, der auch noch toll schmeckt und was leckeres s\u00fc\u00dfes dazu. <\/p>\n\n\n\n<p>Aber ich darf nicht zu lange \u00fcberlegen, muss weiter. Immerhin hat es f\u00fcr ne Viertelstunde Pause gereicht.<\/p>\n\n\n\n<p>7.50 Uhr, die Leuchtschilder \u00fcber der Brennerautobahn zeigen Stau zwischen Bozen-S\u00fcd und Bozen-Nord an. Da hab ich wenig Lust drauf. Also fahr ich ab und quer durch die Stadt.<br> Trotz Berufsverkehr l\u00e4uft das gut. Denke mal, ich hab zumindest keine Zeit verloren. <\/p>\n\n\n\n<p>Kurz vor neun, irgendwo hinter Innsbruck. Halbe Stunde Pause. Eigentlich nehme ich mir vor, in dieser Zeit mal ein bissel drau\u00dfen rumlaufen. <br>Aber meist bleibt es beim Vorsatz. Viel \u00f6fter stell ich den Wecker und d\u00f6se die drei\u00dfig Minuten. <\/p>\n\n\n\n<p>Sp\u00e4ter bei Kufstein noch tanken. Seitdem sich die Spritpreise in Tirol und Bayern kaum noch unterscheiden, gibt es da nur noch selten Wartezeiten. Vor einiger Zeit war das mal ganz anders.<\/p>\n\n\n\n<p>12.03 Uhr, nochmal ne Pause. Dieses Mal am Irschenberg. Da fix duschen und ein Br\u00f6tchen mit Leberk\u00e4s. Beides ist Pflicht. <\/p>\n\n\n\n<p>16.34 Uhr, Feierabend. Oder <em>fertsch<\/em> wie der Sachse sagt. Stehe auf nen Rasthof zwischen N\u00fcrnberg und W\u00fcrzburg. <br>K\u00f6nnte zwar noch ne knappe Stunde fahren, aber das passt so. Morgen fr\u00fch noch dreieinhalb Stunden bis zur ersten Abladestelle, von daher alles gut.<\/p>\n\n\n\n<p>Jetzt noch fix diesen Beitrag tippen, nebenbei was Essen und ein Bierchen schlabbern. Dann Z\u00e4hne putzen und ab in die Koje.<\/p>\n","protected":false},"excerpt":{"rendered":"<p>Es ist mal wieder der f\u00fcnfte eines Monats. Und an diesem fragt \u201eGut gebr\u00fcllt\u201c, wie denn von anderer&nbsp;Leute&nbsp;Blogger der Tag so war. Das nennt sich&#8230;<\/p>\n<div class=\"more-link-wrapper\"><a class=\"more-link\" href=\"https:\/\/truckonline.de\/blog\/2025\/02\/05\/wmdedgt-5-02-25\/\">Sie haben Ihr Ziel fast erreicht.<span class=\"screen-reader-text\">WmDedgT 5.02.25<\/span><\/a><\/div>\n","protected":false},"author":3,"featured_media":0,"comment_status":"open","ping_status":"open","sticky":false,"template":"","format":"standard","meta":{"iawp_total_views":3,"_metis_text_type":"","_metis_text_length":0,"_post_count":0,"footnotes":""},"categories":[3,24],"tags":[206,2279],"class_list":["post-13897","post","type-post","status-publish","format-standard","hentry","category-internes","category-unterwegs","tag-alltag","tag-wmdedgt","ratio-2-1","entry"],"yoast_head":"<!-- This site is optimized with the Yoast SEO plugin v27.5 - https:\/\/yoast.com\/product\/yoast-seo-wordpress\/ -->\n<title>WmDedgT 5.02.25 | TruckOnline.de<\/title>\n<meta name=\"description\" content=\"Es ist mal wieder der f\u00fcnfte eines Monats. Und an diesem fragt \u201eGut gebr\u00fcllt\u201c, wie denn von anderer&nbsp;Leute&nbsp;Blogger der Tag so war. Das nennt sich\" \/>\n<meta name=\"robots\" content=\"index, follow, max-snippet:-1, max-image-preview:large, max-video-preview:-1\" \/>\n<link rel=\"canonical\" href=\"https:\/\/truckonline.de\/blog\/2025\/02\/05\/wmdedgt-5-02-25\/\" \/>\n<meta property=\"og:locale\" content=\"de_DE\" \/>\n<meta property=\"og:type\" content=\"article\" \/>\n<meta property=\"og:title\" content=\"WmDedgT 5.02.25 | TruckOnline.de\" \/>\n<meta property=\"og:url\" content=\"https:\/\/truckonline.de\/blog\/2025\/02\/05\/wmdedgt-5-02-25\/\" \/>\n<meta property=\"og:site_name\" content=\"TruckOnline.de\" \/>\n<meta property=\"article:publisher\" content=\"https:\/\/www.facebook.com\/truckblog\" \/>\n<meta property=\"article:author\" content=\"https:\/\/www.facebook.com\/truckblog\" \/>\n<meta property=\"article:published_time\" content=\"2025-02-05T19:16:47+00:00\" \/>\n<meta property=\"article:modified_time\" content=\"2025-02-09T19:00:44+00:00\" \/>\n<meta property=\"og:image\" content=\"https:\/\/truckonline.de\/blog\/wp-content\/uploads\/2019\/12\/IMG_20191229_225424-scaled.jpg\" \/>\n\t<meta property=\"og:image:width\" content=\"2560\" \/>\n\t<meta property=\"og:image:height\" content=\"1920\" \/>\n\t<meta property=\"og:image:type\" content=\"image\/jpeg\" \/>\n<meta name=\"author\" content=\"maik\" \/>\n<meta name=\"twitter:card\" content=\"summary_large_image\" \/>\n<meta name=\"twitter:creator\" content=\"@https:\/\/twitter.com\/truckblog\" \/>\n<meta name=\"twitter:site\" content=\"@truckblog\" \/>\n<meta name=\"twitter:label1\" content=\"Verfasst von\" \/>\n\t<meta name=\"twitter:data1\" content=\"maik\" \/>\n\t<meta name=\"twitter:label2\" content=\"Gesch\u00e4tzte Lesezeit\" \/>\n\t<meta name=\"twitter:data2\" content=\"3\u00a0Minuten\" \/>\n<script type=\"application\/ld+json\" class=\"yoast-schema-graph\">{\"@context\":\"https:\\\/\\\/schema.org\",\"@graph\":[{\"@type\":\"Article\",\"@id\":\"https:\\\/\\\/truckonline.de\\\/blog\\\/2025\\\/02\\\/05\\\/wmdedgt-5-02-25\\\/#article\",\"isPartOf\":{\"@id\":\"https:\\\/\\\/truckonline.de\\\/blog\\\/2025\\\/02\\\/05\\\/wmdedgt-5-02-25\\\/\"},\"author\":{\"name\":\"maik\",\"@id\":\"https:\\\/\\\/truckonline.de\\\/blog\\\/#\\\/schema\\\/person\\\/4cb59b86ffde81f882f56439688fda19\"},\"headline\":\"WmDedgT 5.02.25\",\"datePublished\":\"2025-02-05T19:16:47+00:00\",\"dateModified\":\"2025-02-09T19:00:44+00:00\",\"mainEntityOfPage\":{\"@id\":\"https:\\\/\\\/truckonline.de\\\/blog\\\/2025\\\/02\\\/05\\\/wmdedgt-5-02-25\\\/\"},\"wordCount\":550,\"commentCount\":5,\"publisher\":{\"@id\":\"https:\\\/\\\/truckonline.de\\\/blog\\\/#\\\/schema\\\/person\\\/4cb59b86ffde81f882f56439688fda19\"},\"keywords\":[\"Alltag\",\"WmdedgT\"],\"articleSection\":[\"Internes\",\"Unterwegs\"],\"inLanguage\":\"de\",\"potentialAction\":[{\"@type\":\"CommentAction\",\"name\":\"Comment\",\"target\":[\"https:\\\/\\\/truckonline.de\\\/blog\\\/2025\\\/02\\\/05\\\/wmdedgt-5-02-25\\\/#respond\"]}]},{\"@type\":\"WebPage\",\"@id\":\"https:\\\/\\\/truckonline.de\\\/blog\\\/2025\\\/02\\\/05\\\/wmdedgt-5-02-25\\\/\",\"url\":\"https:\\\/\\\/truckonline.de\\\/blog\\\/2025\\\/02\\\/05\\\/wmdedgt-5-02-25\\\/\",\"name\":\"WmDedgT 5.02.25 | TruckOnline.de\",\"isPartOf\":{\"@id\":\"https:\\\/\\\/truckonline.de\\\/blog\\\/#website\"},\"datePublished\":\"2025-02-05T19:16:47+00:00\",\"dateModified\":\"2025-02-09T19:00:44+00:00\",\"description\":\"Es ist mal wieder der f\u00fcnfte eines Monats. Und an diesem fragt \u201eGut gebr\u00fcllt\u201c, wie denn von anderer&nbsp;Leute&nbsp;Blogger der Tag so war. Das nennt sich\",\"breadcrumb\":{\"@id\":\"https:\\\/\\\/truckonline.de\\\/blog\\\/2025\\\/02\\\/05\\\/wmdedgt-5-02-25\\\/#breadcrumb\"},\"inLanguage\":\"de\",\"potentialAction\":[{\"@type\":\"ReadAction\",\"target\":[\"https:\\\/\\\/truckonline.de\\\/blog\\\/2025\\\/02\\\/05\\\/wmdedgt-5-02-25\\\/\"]}]},{\"@type\":\"BreadcrumbList\",\"@id\":\"https:\\\/\\\/truckonline.de\\\/blog\\\/2025\\\/02\\\/05\\\/wmdedgt-5-02-25\\\/#breadcrumb\",\"itemListElement\":[{\"@type\":\"ListItem\",\"position\":1,\"name\":\"Startseite\",\"item\":\"https:\\\/\\\/truckonline.de\\\/blog\\\/\"},{\"@type\":\"ListItem\",\"position\":2,\"name\":\"WmDedgT 5.02.25\"}]},{\"@type\":\"WebSite\",\"@id\":\"https:\\\/\\\/truckonline.de\\\/blog\\\/#website\",\"url\":\"https:\\\/\\\/truckonline.de\\\/blog\\\/\",\"name\":\"TruckOnline.de\",\"description\":\"\",\"publisher\":{\"@id\":\"https:\\\/\\\/truckonline.de\\\/blog\\\/#\\\/schema\\\/person\\\/4cb59b86ffde81f882f56439688fda19\"},\"potentialAction\":[{\"@type\":\"SearchAction\",\"target\":{\"@type\":\"EntryPoint\",\"urlTemplate\":\"https:\\\/\\\/truckonline.de\\\/blog\\\/?s={search_term_string}\"},\"query-input\":{\"@type\":\"PropertyValueSpecification\",\"valueRequired\":true,\"valueName\":\"search_term_string\"}}],\"inLanguage\":\"de\"},{\"@type\":[\"Person\",\"Organization\"],\"@id\":\"https:\\\/\\\/truckonline.de\\\/blog\\\/#\\\/schema\\\/person\\\/4cb59b86ffde81f882f56439688fda19\",\"name\":\"maik\",\"image\":{\"@type\":\"ImageObject\",\"inLanguage\":\"de\",\"@id\":\"https:\\\/\\\/truckonline.de\\\/blog\\\/wp-content\\\/uploads\\\/2019\\\/12\\\/logoinnenweiss.png\",\"url\":\"https:\\\/\\\/truckonline.de\\\/blog\\\/wp-content\\\/uploads\\\/2019\\\/12\\\/logoinnenweiss.png\",\"contentUrl\":\"https:\\\/\\\/truckonline.de\\\/blog\\\/wp-content\\\/uploads\\\/2019\\\/12\\\/logoinnenweiss.png\",\"width\":733,\"height\":125,\"caption\":\"maik\"},\"logo\":{\"@id\":\"https:\\\/\\\/truckonline.de\\\/blog\\\/wp-content\\\/uploads\\\/2019\\\/12\\\/logoinnenweiss.png\"},\"sameAs\":[\"https:\\\/\\\/www.facebook.com\\\/truckblog\",\"https:\\\/\\\/www.instagram.com\\\/truck_online\\\/\",\"https:\\\/\\\/x.com\\\/https:\\\/\\\/twitter.com\\\/truckblog\",\"https:\\\/\\\/www.youtube.com\\\/user\\\/truckonline\",\"https:\\\/\\\/www.tumblr.com\\\/truckonline\"]}]}<\/script>\n<!-- \/ Yoast SEO plugin. -->","yoast_head_json":{"title":"WmDedgT 5.02.25 | TruckOnline.de","description":"Es ist mal wieder der f\u00fcnfte eines Monats. Und an diesem fragt \u201eGut gebr\u00fcllt\u201c, wie denn von anderer&nbsp;Leute&nbsp;Blogger der Tag so war. Das nennt sich","robots":{"index":"index","follow":"follow","max-snippet":"max-snippet:-1","max-image-preview":"max-image-preview:large","max-video-preview":"max-video-preview:-1"},"canonical":"https:\/\/truckonline.de\/blog\/2025\/02\/05\/wmdedgt-5-02-25\/","og_locale":"de_DE","og_type":"article","og_title":"WmDedgT 5.02.25 | TruckOnline.de","og_url":"https:\/\/truckonline.de\/blog\/2025\/02\/05\/wmdedgt-5-02-25\/","og_site_name":"TruckOnline.de","article_publisher":"https:\/\/www.facebook.com\/truckblog","article_author":"https:\/\/www.facebook.com\/truckblog","article_published_time":"2025-02-05T19:16:47+00:00","article_modified_time":"2025-02-09T19:00:44+00:00","og_image":[{"width":2560,"height":1920,"url":"https:\/\/truckonline.de\/blog\/wp-content\/uploads\/2019\/12\/IMG_20191229_225424-scaled.jpg","type":"image\/jpeg"}],"author":"maik","twitter_card":"summary_large_image","twitter_creator":"@https:\/\/twitter.com\/truckblog","twitter_site":"@truckblog","twitter_misc":{"Verfasst von":"maik","Gesch\u00e4tzte Lesezeit":"3\u00a0Minuten"},"schema":{"@context":"https:\/\/schema.org","@graph":[{"@type":"Article","@id":"https:\/\/truckonline.de\/blog\/2025\/02\/05\/wmdedgt-5-02-25\/#article","isPartOf":{"@id":"https:\/\/truckonline.de\/blog\/2025\/02\/05\/wmdedgt-5-02-25\/"},"author":{"name":"maik","@id":"https:\/\/truckonline.de\/blog\/#\/schema\/person\/4cb59b86ffde81f882f56439688fda19"},"headline":"WmDedgT 5.02.25","datePublished":"2025-02-05T19:16:47+00:00","dateModified":"2025-02-09T19:00:44+00:00","mainEntityOfPage":{"@id":"https:\/\/truckonline.de\/blog\/2025\/02\/05\/wmdedgt-5-02-25\/"},"wordCount":550,"commentCount":5,"publisher":{"@id":"https:\/\/truckonline.de\/blog\/#\/schema\/person\/4cb59b86ffde81f882f56439688fda19"},"keywords":["Alltag","WmdedgT"],"articleSection":["Internes","Unterwegs"],"inLanguage":"de","potentialAction":[{"@type":"CommentAction","name":"Comment","target":["https:\/\/truckonline.de\/blog\/2025\/02\/05\/wmdedgt-5-02-25\/#respond"]}]},{"@type":"WebPage","@id":"https:\/\/truckonline.de\/blog\/2025\/02\/05\/wmdedgt-5-02-25\/","url":"https:\/\/truckonline.de\/blog\/2025\/02\/05\/wmdedgt-5-02-25\/","name":"WmDedgT 5.02.25 | TruckOnline.de","isPartOf":{"@id":"https:\/\/truckonline.de\/blog\/#website"},"datePublished":"2025-02-05T19:16:47+00:00","dateModified":"2025-02-09T19:00:44+00:00","description":"Es ist mal wieder der f\u00fcnfte eines Monats. Und an diesem fragt \u201eGut gebr\u00fcllt\u201c, wie denn von anderer&nbsp;Leute&nbsp;Blogger der Tag so war. Das nennt sich","breadcrumb":{"@id":"https:\/\/truckonline.de\/blog\/2025\/02\/05\/wmdedgt-5-02-25\/#breadcrumb"},"inLanguage":"de","potentialAction":[{"@type":"ReadAction","target":["https:\/\/truckonline.de\/blog\/2025\/02\/05\/wmdedgt-5-02-25\/"]}]},{"@type":"BreadcrumbList","@id":"https:\/\/truckonline.de\/blog\/2025\/02\/05\/wmdedgt-5-02-25\/#breadcrumb","itemListElement":[{"@type":"ListItem","position":1,"name":"Startseite","item":"https:\/\/truckonline.de\/blog\/"},{"@type":"ListItem","position":2,"name":"WmDedgT 5.02.25"}]},{"@type":"WebSite","@id":"https:\/\/truckonline.de\/blog\/#website","url":"https:\/\/truckonline.de\/blog\/","name":"TruckOnline.de","description":"","publisher":{"@id":"https:\/\/truckonline.de\/blog\/#\/schema\/person\/4cb59b86ffde81f882f56439688fda19"},"potentialAction":[{"@type":"SearchAction","target":{"@type":"EntryPoint","urlTemplate":"https:\/\/truckonline.de\/blog\/?s={search_term_string}"},"query-input":{"@type":"PropertyValueSpecification","valueRequired":true,"valueName":"search_term_string"}}],"inLanguage":"de"},{"@type":["Person","Organization"],"@id":"https:\/\/truckonline.de\/blog\/#\/schema\/person\/4cb59b86ffde81f882f56439688fda19","name":"maik","image":{"@type":"ImageObject","inLanguage":"de","@id":"https:\/\/truckonline.de\/blog\/wp-content\/uploads\/2019\/12\/logoinnenweiss.png","url":"https:\/\/truckonline.de\/blog\/wp-content\/uploads\/2019\/12\/logoinnenweiss.png","contentUrl":"https:\/\/truckonline.de\/blog\/wp-content\/uploads\/2019\/12\/logoinnenweiss.png","width":733,"height":125,"caption":"maik"},"logo":{"@id":"https:\/\/truckonline.de\/blog\/wp-content\/uploads\/2019\/12\/logoinnenweiss.png"},"sameAs":["https:\/\/www.facebook.com\/truckblog","https:\/\/www.instagram.com\/truck_online\/","https:\/\/x.com\/https:\/\/twitter.com\/truckblog","https:\/\/www.youtube.com\/user\/truckonline","https:\/\/www.tumblr.com\/truckonline"]}]}},"_links":{"self":[{"href":"https:\/\/truckonline.de\/blog\/wp-json\/wp\/v2\/posts\/13897","targetHints":{"allow":["GET"]}}],"collection":[{"href":"https:\/\/truckonline.de\/blog\/wp-json\/wp\/v2\/posts"}],"about":[{"href":"https:\/\/truckonline.de\/blog\/wp-json\/wp\/v2\/types\/post"}],"author":[{"embeddable":true,"href":"https:\/\/truckonline.de\/blog\/wp-json\/wp\/v2\/users\/3"}],"replies":[{"embeddable":true,"href":"https:\/\/truckonline.de\/blog\/wp-json\/wp\/v2\/comments?post=13897"}],"version-history":[{"count":3,"href":"https:\/\/truckonline.de\/blog\/wp-json\/wp\/v2\/posts\/13897\/revisions"}],"predecessor-version":[{"id":13930,"href":"https:\/\/truckonline.de\/blog\/wp-json\/wp\/v2\/posts\/13897\/revisions\/13930"}],"wp:attachment":[{"href":"https:\/\/truckonline.de\/blog\/wp-json\/wp\/v2\/media?parent=13897"}],"wp:term":[{"taxonomy":"category","embeddable":true,"href":"https:\/\/truckonline.de\/blog\/wp-json\/wp\/v2\/categories?post=13897"},{"taxonomy":"post_tag","embeddable":true,"href":"https:\/\/truckonline.de\/blog\/wp-json\/wp\/v2\/tags?post=13897"}],"curies":[{"name":"wp","href":"https:\/\/api.w.org\/{rel}","templated":true}]}}