{"id":13497,"date":"2024-10-26T23:38:00","date_gmt":"2024-10-26T21:38:00","guid":{"rendered":"https:\/\/truckonline.de\/blog\/?p=13497"},"modified":"2024-10-27T01:35:45","modified_gmt":"2024-10-26T23:35:45","slug":"under-the-bridge","status":"publish","type":"post","link":"https:\/\/truckonline.de\/blog\/2024\/10\/26\/under-the-bridge\/","title":{"rendered":"Under the Bridge"},"content":{"rendered":"\n<figure class=\"wp-block-image size-full\"><img loading=\"lazy\" decoding=\"async\" width=\"700\" height=\"525\" src=\"https:\/\/truckonline.de\/blog\/wp-content\/uploads\/2024\/10\/brennerautobahnvonunten700.jpg\" alt=\"die brennerautobahn von unten fotografiert\" class=\"wp-image-13498\"\/><\/figure>\n\n\n\n<p>Auch wenn es hier auf dem Foto nicht so ausschaut, aber auf der Heimfahrt <a href=\"https:\/\/truckonline.de\/blog\/2024\/10\/06\/wmdedgt-5-10-24\/\">vom Urlaub<\/a> ein Megastau von noch vor Sterzing bis nach hinterm Brenner. <br>Megastau <a href=\"https:\/\/www.krone.at\/3557559\">titelte auch die Kronenzeitung<\/a>. Und selbst wenn diese Postille oft ma\u00dflos \u00fcbertreibt, hier nicht. Es war wirklich ein Megastau.<\/p>\n\n\n\n<p>Von Vipiteno, wie der Italiener sagt, dachten wir, den Stillstand auf der Autobahn durch ein Ausweichen \u00fcber die Staatsstra\u00dfe umgehen zu k\u00f6nnen. Den gleichen Gedanken hatten viele andere Autofahrer aber ebenfalls. Also auch auf diesem Weg eher Stop als go.<\/p>\n\n\n\n<p>Irgendjemand sagte mal &#8222;<em>Der Weg ist das Ziel<\/em>&#8222;. Aber das ist nat\u00fcrlich Humbug. Denn das Ziel ist das Ziel.<br>Trotzdem blieb kurz Zeit f\u00fcr dieses Bild: Die Brennerautobahn mal von unten gesehen. Auch ganz nett. <\/p>\n\n\n\n<p>Unser Ziel habe ich trotzdem nicht aus den Augen verloren.<\/p>\n","protected":false},"excerpt":{"rendered":"<p>Auch wenn es hier auf dem Foto nicht so ausschaut, aber auf der Heimfahrt vom Urlaub ein Megastau von noch vor Sterzing bis nach hinterm&#8230;<\/p>\n<div class=\"more-link-wrapper\"><a class=\"more-link\" href=\"https:\/\/truckonline.de\/blog\/2024\/10\/26\/under-the-bridge\/\">Sie haben Ihr Ziel fast erreicht.<span class=\"screen-reader-text\">Under the Bridge<\/span><\/a><\/div>\n","protected":false},"author":3,"featured_media":0,"comment_status":"open","ping_status":"open","sticky":false,"template":"","format":"standard","meta":{"iawp_total_views":1,"_metis_text_type":"","_metis_text_length":0,"_post_count":0,"footnotes":""},"categories":[55,37],"tags":[19,166,124],"class_list":["post-13497","post","type-post","status-publish","format-standard","hentry","category-bilder","category-strassen","tag-autobahn","tag-brenner","tag-stau","ratio-2-1","entry"],"yoast_head":"<!-- This site is optimized with the Yoast SEO plugin v27.5 - https:\/\/yoast.com\/product\/yoast-seo-wordpress\/ -->\n<title>Under the Bridge | TruckOnline.de<\/title>\n<meta name=\"description\" content=\"Auch wenn es hier auf dem Foto nicht so ausschaut, aber auf der Heimfahrt vom Urlaub ein Megastau von noch vor Sterzing bis nach hinterm Brenner. Megastau\" \/>\n<meta name=\"robots\" content=\"index, follow, max-snippet:-1, max-image-preview:large, max-video-preview:-1\" \/>\n<link rel=\"canonical\" href=\"https:\/\/truckonline.de\/blog\/2024\/10\/26\/under-the-bridge\/\" \/>\n<meta property=\"og:locale\" content=\"de_DE\" \/>\n<meta property=\"og:type\" content=\"article\" \/>\n<meta property=\"og:title\" content=\"Under the Bridge | TruckOnline.de\" \/>\n<meta property=\"og:url\" content=\"https:\/\/truckonline.de\/blog\/2024\/10\/26\/under-the-bridge\/\" \/>\n<meta property=\"og:site_name\" content=\"TruckOnline.de\" \/>\n<meta property=\"article:publisher\" content=\"https:\/\/www.facebook.com\/truckblog\" \/>\n<meta property=\"article:author\" content=\"https:\/\/www.facebook.com\/truckblog\" \/>\n<meta property=\"article:published_time\" content=\"2024-10-26T21:38:00+00:00\" \/>\n<meta property=\"article:modified_time\" content=\"2024-10-26T23:35:45+00:00\" \/>\n<meta property=\"og:image\" content=\"https:\/\/truckonline.de\/blog\/wp-content\/uploads\/2024\/10\/brennerautobahnvonunten700.jpg\" \/>\n\t<meta property=\"og:image:width\" content=\"700\" \/>\n\t<meta property=\"og:image:height\" content=\"525\" \/>\n\t<meta property=\"og:image:type\" content=\"image\/jpeg\" \/>\n<meta name=\"author\" content=\"maik\" \/>\n<meta name=\"twitter:card\" content=\"summary_large_image\" \/>\n<meta name=\"twitter:creator\" content=\"@https:\/\/twitter.com\/truckblog\" \/>\n<meta name=\"twitter:site\" content=\"@truckblog\" \/>\n<meta name=\"twitter:label1\" content=\"Verfasst von\" \/>\n\t<meta name=\"twitter:data1\" content=\"maik\" \/>\n\t<meta name=\"twitter:label2\" content=\"Gesch\u00e4tzte Lesezeit\" \/>\n\t<meta name=\"twitter:data2\" content=\"1\u00a0Minute\" \/>\n<script type=\"application\/ld+json\" class=\"yoast-schema-graph\">{\"@context\":\"https:\\\/\\\/schema.org\",\"@graph\":[{\"@type\":\"Article\",\"@id\":\"https:\\\/\\\/truckonline.de\\\/blog\\\/2024\\\/10\\\/26\\\/under-the-bridge\\\/#article\",\"isPartOf\":{\"@id\":\"https:\\\/\\\/truckonline.de\\\/blog\\\/2024\\\/10\\\/26\\\/under-the-bridge\\\/\"},\"author\":{\"name\":\"maik\",\"@id\":\"https:\\\/\\\/truckonline.de\\\/blog\\\/#\\\/schema\\\/person\\\/4cb59b86ffde81f882f56439688fda19\"},\"headline\":\"Under the Bridge\",\"datePublished\":\"2024-10-26T21:38:00+00:00\",\"dateModified\":\"2024-10-26T23:35:45+00:00\",\"mainEntityOfPage\":{\"@id\":\"https:\\\/\\\/truckonline.de\\\/blog\\\/2024\\\/10\\\/26\\\/under-the-bridge\\\/\"},\"wordCount\":139,\"commentCount\":2,\"publisher\":{\"@id\":\"https:\\\/\\\/truckonline.de\\\/blog\\\/#\\\/schema\\\/person\\\/4cb59b86ffde81f882f56439688fda19\"},\"image\":{\"@id\":\"https:\\\/\\\/truckonline.de\\\/blog\\\/2024\\\/10\\\/26\\\/under-the-bridge\\\/#primaryimage\"},\"thumbnailUrl\":\"https:\\\/\\\/truckonline.de\\\/blog\\\/wp-content\\\/uploads\\\/2024\\\/10\\\/brennerautobahnvonunten700.jpg\",\"keywords\":[\"Autobahn\",\"Brenner\",\"Stau\"],\"articleSection\":[\"Bilder\",\"Strassen\"],\"inLanguage\":\"de\",\"potentialAction\":[{\"@type\":\"CommentAction\",\"name\":\"Comment\",\"target\":[\"https:\\\/\\\/truckonline.de\\\/blog\\\/2024\\\/10\\\/26\\\/under-the-bridge\\\/#respond\"]}]},{\"@type\":\"WebPage\",\"@id\":\"https:\\\/\\\/truckonline.de\\\/blog\\\/2024\\\/10\\\/26\\\/under-the-bridge\\\/\",\"url\":\"https:\\\/\\\/truckonline.de\\\/blog\\\/2024\\\/10\\\/26\\\/under-the-bridge\\\/\",\"name\":\"Under the Bridge | TruckOnline.de\",\"isPartOf\":{\"@id\":\"https:\\\/\\\/truckonline.de\\\/blog\\\/#website\"},\"primaryImageOfPage\":{\"@id\":\"https:\\\/\\\/truckonline.de\\\/blog\\\/2024\\\/10\\\/26\\\/under-the-bridge\\\/#primaryimage\"},\"image\":{\"@id\":\"https:\\\/\\\/truckonline.de\\\/blog\\\/2024\\\/10\\\/26\\\/under-the-bridge\\\/#primaryimage\"},\"thumbnailUrl\":\"https:\\\/\\\/truckonline.de\\\/blog\\\/wp-content\\\/uploads\\\/2024\\\/10\\\/brennerautobahnvonunten700.jpg\",\"datePublished\":\"2024-10-26T21:38:00+00:00\",\"dateModified\":\"2024-10-26T23:35:45+00:00\",\"description\":\"Auch wenn es hier auf dem Foto nicht so ausschaut, aber auf der Heimfahrt vom Urlaub ein Megastau von noch vor Sterzing bis nach hinterm Brenner. Megastau\",\"breadcrumb\":{\"@id\":\"https:\\\/\\\/truckonline.de\\\/blog\\\/2024\\\/10\\\/26\\\/under-the-bridge\\\/#breadcrumb\"},\"inLanguage\":\"de\",\"potentialAction\":[{\"@type\":\"ReadAction\",\"target\":[\"https:\\\/\\\/truckonline.de\\\/blog\\\/2024\\\/10\\\/26\\\/under-the-bridge\\\/\"]}]},{\"@type\":\"ImageObject\",\"inLanguage\":\"de\",\"@id\":\"https:\\\/\\\/truckonline.de\\\/blog\\\/2024\\\/10\\\/26\\\/under-the-bridge\\\/#primaryimage\",\"url\":\"https:\\\/\\\/truckonline.de\\\/blog\\\/wp-content\\\/uploads\\\/2024\\\/10\\\/brennerautobahnvonunten700.jpg\",\"contentUrl\":\"https:\\\/\\\/truckonline.de\\\/blog\\\/wp-content\\\/uploads\\\/2024\\\/10\\\/brennerautobahnvonunten700.jpg\",\"width\":700,\"height\":525},{\"@type\":\"BreadcrumbList\",\"@id\":\"https:\\\/\\\/truckonline.de\\\/blog\\\/2024\\\/10\\\/26\\\/under-the-bridge\\\/#breadcrumb\",\"itemListElement\":[{\"@type\":\"ListItem\",\"position\":1,\"name\":\"Startseite\",\"item\":\"https:\\\/\\\/truckonline.de\\\/blog\\\/\"},{\"@type\":\"ListItem\",\"position\":2,\"name\":\"Under the Bridge\"}]},{\"@type\":\"WebSite\",\"@id\":\"https:\\\/\\\/truckonline.de\\\/blog\\\/#website\",\"url\":\"https:\\\/\\\/truckonline.de\\\/blog\\\/\",\"name\":\"TruckOnline.de\",\"description\":\"\",\"publisher\":{\"@id\":\"https:\\\/\\\/truckonline.de\\\/blog\\\/#\\\/schema\\\/person\\\/4cb59b86ffde81f882f56439688fda19\"},\"potentialAction\":[{\"@type\":\"SearchAction\",\"target\":{\"@type\":\"EntryPoint\",\"urlTemplate\":\"https:\\\/\\\/truckonline.de\\\/blog\\\/?s={search_term_string}\"},\"query-input\":{\"@type\":\"PropertyValueSpecification\",\"valueRequired\":true,\"valueName\":\"search_term_string\"}}],\"inLanguage\":\"de\"},{\"@type\":[\"Person\",\"Organization\"],\"@id\":\"https:\\\/\\\/truckonline.de\\\/blog\\\/#\\\/schema\\\/person\\\/4cb59b86ffde81f882f56439688fda19\",\"name\":\"maik\",\"image\":{\"@type\":\"ImageObject\",\"inLanguage\":\"de\",\"@id\":\"https:\\\/\\\/truckonline.de\\\/blog\\\/wp-content\\\/uploads\\\/2019\\\/12\\\/logoinnenweiss.png\",\"url\":\"https:\\\/\\\/truckonline.de\\\/blog\\\/wp-content\\\/uploads\\\/2019\\\/12\\\/logoinnenweiss.png\",\"contentUrl\":\"https:\\\/\\\/truckonline.de\\\/blog\\\/wp-content\\\/uploads\\\/2019\\\/12\\\/logoinnenweiss.png\",\"width\":733,\"height\":125,\"caption\":\"maik\"},\"logo\":{\"@id\":\"https:\\\/\\\/truckonline.de\\\/blog\\\/wp-content\\\/uploads\\\/2019\\\/12\\\/logoinnenweiss.png\"},\"sameAs\":[\"https:\\\/\\\/www.facebook.com\\\/truckblog\",\"https:\\\/\\\/www.instagram.com\\\/truck_online\\\/\",\"https:\\\/\\\/x.com\\\/https:\\\/\\\/twitter.com\\\/truckblog\",\"https:\\\/\\\/www.youtube.com\\\/user\\\/truckonline\",\"https:\\\/\\\/www.tumblr.com\\\/truckonline\"]}]}<\/script>\n<!-- \/ Yoast SEO plugin. -->","yoast_head_json":{"title":"Under the Bridge | TruckOnline.de","description":"Auch wenn es hier auf dem Foto nicht so ausschaut, aber auf der Heimfahrt vom Urlaub ein Megastau von noch vor Sterzing bis nach hinterm Brenner. Megastau","robots":{"index":"index","follow":"follow","max-snippet":"max-snippet:-1","max-image-preview":"max-image-preview:large","max-video-preview":"max-video-preview:-1"},"canonical":"https:\/\/truckonline.de\/blog\/2024\/10\/26\/under-the-bridge\/","og_locale":"de_DE","og_type":"article","og_title":"Under the Bridge | TruckOnline.de","og_url":"https:\/\/truckonline.de\/blog\/2024\/10\/26\/under-the-bridge\/","og_site_name":"TruckOnline.de","article_publisher":"https:\/\/www.facebook.com\/truckblog","article_author":"https:\/\/www.facebook.com\/truckblog","article_published_time":"2024-10-26T21:38:00+00:00","article_modified_time":"2024-10-26T23:35:45+00:00","og_image":[{"width":700,"height":525,"url":"https:\/\/truckonline.de\/blog\/wp-content\/uploads\/2024\/10\/brennerautobahnvonunten700.jpg","type":"image\/jpeg"}],"author":"maik","twitter_card":"summary_large_image","twitter_creator":"@https:\/\/twitter.com\/truckblog","twitter_site":"@truckblog","twitter_misc":{"Verfasst von":"maik","Gesch\u00e4tzte Lesezeit":"1\u00a0Minute"},"schema":{"@context":"https:\/\/schema.org","@graph":[{"@type":"Article","@id":"https:\/\/truckonline.de\/blog\/2024\/10\/26\/under-the-bridge\/#article","isPartOf":{"@id":"https:\/\/truckonline.de\/blog\/2024\/10\/26\/under-the-bridge\/"},"author":{"name":"maik","@id":"https:\/\/truckonline.de\/blog\/#\/schema\/person\/4cb59b86ffde81f882f56439688fda19"},"headline":"Under the Bridge","datePublished":"2024-10-26T21:38:00+00:00","dateModified":"2024-10-26T23:35:45+00:00","mainEntityOfPage":{"@id":"https:\/\/truckonline.de\/blog\/2024\/10\/26\/under-the-bridge\/"},"wordCount":139,"commentCount":2,"publisher":{"@id":"https:\/\/truckonline.de\/blog\/#\/schema\/person\/4cb59b86ffde81f882f56439688fda19"},"image":{"@id":"https:\/\/truckonline.de\/blog\/2024\/10\/26\/under-the-bridge\/#primaryimage"},"thumbnailUrl":"https:\/\/truckonline.de\/blog\/wp-content\/uploads\/2024\/10\/brennerautobahnvonunten700.jpg","keywords":["Autobahn","Brenner","Stau"],"articleSection":["Bilder","Strassen"],"inLanguage":"de","potentialAction":[{"@type":"CommentAction","name":"Comment","target":["https:\/\/truckonline.de\/blog\/2024\/10\/26\/under-the-bridge\/#respond"]}]},{"@type":"WebPage","@id":"https:\/\/truckonline.de\/blog\/2024\/10\/26\/under-the-bridge\/","url":"https:\/\/truckonline.de\/blog\/2024\/10\/26\/under-the-bridge\/","name":"Under the Bridge | TruckOnline.de","isPartOf":{"@id":"https:\/\/truckonline.de\/blog\/#website"},"primaryImageOfPage":{"@id":"https:\/\/truckonline.de\/blog\/2024\/10\/26\/under-the-bridge\/#primaryimage"},"image":{"@id":"https:\/\/truckonline.de\/blog\/2024\/10\/26\/under-the-bridge\/#primaryimage"},"thumbnailUrl":"https:\/\/truckonline.de\/blog\/wp-content\/uploads\/2024\/10\/brennerautobahnvonunten700.jpg","datePublished":"2024-10-26T21:38:00+00:00","dateModified":"2024-10-26T23:35:45+00:00","description":"Auch wenn es hier auf dem Foto nicht so ausschaut, aber auf der Heimfahrt vom Urlaub ein Megastau von noch vor Sterzing bis nach hinterm Brenner. Megastau","breadcrumb":{"@id":"https:\/\/truckonline.de\/blog\/2024\/10\/26\/under-the-bridge\/#breadcrumb"},"inLanguage":"de","potentialAction":[{"@type":"ReadAction","target":["https:\/\/truckonline.de\/blog\/2024\/10\/26\/under-the-bridge\/"]}]},{"@type":"ImageObject","inLanguage":"de","@id":"https:\/\/truckonline.de\/blog\/2024\/10\/26\/under-the-bridge\/#primaryimage","url":"https:\/\/truckonline.de\/blog\/wp-content\/uploads\/2024\/10\/brennerautobahnvonunten700.jpg","contentUrl":"https:\/\/truckonline.de\/blog\/wp-content\/uploads\/2024\/10\/brennerautobahnvonunten700.jpg","width":700,"height":525},{"@type":"BreadcrumbList","@id":"https:\/\/truckonline.de\/blog\/2024\/10\/26\/under-the-bridge\/#breadcrumb","itemListElement":[{"@type":"ListItem","position":1,"name":"Startseite","item":"https:\/\/truckonline.de\/blog\/"},{"@type":"ListItem","position":2,"name":"Under the Bridge"}]},{"@type":"WebSite","@id":"https:\/\/truckonline.de\/blog\/#website","url":"https:\/\/truckonline.de\/blog\/","name":"TruckOnline.de","description":"","publisher":{"@id":"https:\/\/truckonline.de\/blog\/#\/schema\/person\/4cb59b86ffde81f882f56439688fda19"},"potentialAction":[{"@type":"SearchAction","target":{"@type":"EntryPoint","urlTemplate":"https:\/\/truckonline.de\/blog\/?s={search_term_string}"},"query-input":{"@type":"PropertyValueSpecification","valueRequired":true,"valueName":"search_term_string"}}],"inLanguage":"de"},{"@type":["Person","Organization"],"@id":"https:\/\/truckonline.de\/blog\/#\/schema\/person\/4cb59b86ffde81f882f56439688fda19","name":"maik","image":{"@type":"ImageObject","inLanguage":"de","@id":"https:\/\/truckonline.de\/blog\/wp-content\/uploads\/2019\/12\/logoinnenweiss.png","url":"https:\/\/truckonline.de\/blog\/wp-content\/uploads\/2019\/12\/logoinnenweiss.png","contentUrl":"https:\/\/truckonline.de\/blog\/wp-content\/uploads\/2019\/12\/logoinnenweiss.png","width":733,"height":125,"caption":"maik"},"logo":{"@id":"https:\/\/truckonline.de\/blog\/wp-content\/uploads\/2019\/12\/logoinnenweiss.png"},"sameAs":["https:\/\/www.facebook.com\/truckblog","https:\/\/www.instagram.com\/truck_online\/","https:\/\/x.com\/https:\/\/twitter.com\/truckblog","https:\/\/www.youtube.com\/user\/truckonline","https:\/\/www.tumblr.com\/truckonline"]}]}},"_links":{"self":[{"href":"https:\/\/truckonline.de\/blog\/wp-json\/wp\/v2\/posts\/13497","targetHints":{"allow":["GET"]}}],"collection":[{"href":"https:\/\/truckonline.de\/blog\/wp-json\/wp\/v2\/posts"}],"about":[{"href":"https:\/\/truckonline.de\/blog\/wp-json\/wp\/v2\/types\/post"}],"author":[{"embeddable":true,"href":"https:\/\/truckonline.de\/blog\/wp-json\/wp\/v2\/users\/3"}],"replies":[{"embeddable":true,"href":"https:\/\/truckonline.de\/blog\/wp-json\/wp\/v2\/comments?post=13497"}],"version-history":[{"count":2,"href":"https:\/\/truckonline.de\/blog\/wp-json\/wp\/v2\/posts\/13497\/revisions"}],"predecessor-version":[{"id":13501,"href":"https:\/\/truckonline.de\/blog\/wp-json\/wp\/v2\/posts\/13497\/revisions\/13501"}],"wp:attachment":[{"href":"https:\/\/truckonline.de\/blog\/wp-json\/wp\/v2\/media?parent=13497"}],"wp:term":[{"taxonomy":"category","embeddable":true,"href":"https:\/\/truckonline.de\/blog\/wp-json\/wp\/v2\/categories?post=13497"},{"taxonomy":"post_tag","embeddable":true,"href":"https:\/\/truckonline.de\/blog\/wp-json\/wp\/v2\/tags?post=13497"}],"curies":[{"name":"wp","href":"https:\/\/api.w.org\/{rel}","templated":true}]}}