{"id":13432,"date":"2024-10-14T01:09:37","date_gmt":"2024-10-13T23:09:37","guid":{"rendered":"https:\/\/truckonline.de\/blog\/?p=13432"},"modified":"2024-10-14T07:54:50","modified_gmt":"2024-10-14T05:54:50","slug":"aber-chic-war-sie","status":"publish","type":"post","link":"https:\/\/truckonline.de\/blog\/2024\/10\/14\/aber-chic-war-sie\/","title":{"rendered":"Aber chic war sie"},"content":{"rendered":"\n<p>Diese Maske gerade beim &#8222;<em>eigentlich was anderes suchen<\/em>&#8220; gefunden. Hab ich irgendwann im Sommer 2020 machen lassen. Waren etwas besser als nichts, und ja, wirksamere gab es damals kaum zu kaufen. Nicht mal in Apotheken. <br>Irgendwann sp\u00e4ter hab ich dann \u00fcbers Internet in China FFP2-Masken bestellt. In China!<\/p>\n\n\n\n<figure class=\"wp-block-image size-full\"><img loading=\"lazy\" decoding=\"async\" width=\"700\" height=\"525\" src=\"https:\/\/truckonline.de\/blog\/wp-content\/uploads\/2024\/10\/maske700.jpg\" alt=\"stoffmaske die eine \u00fcbertragung von corona und anderen viren verhindern soll\" class=\"wp-image-13433\"\/><\/figure>\n\n\n\n<p>Na ja, vor vier, viereinhalb Jahren kannte ich jedenfalls niemanden, der oder die sich, zumindest einigerma\u00dfen, nicht an die geltenden Regeln gehalten hat.<\/p>\n\n\n\n<p>Ob die hier auf dem Foto was gebracht hat? Oder einfach nur Aktivismus war? Ich wei\u00df es nicht. Aber ich denke, zumindest blieb die Spucke h\u00e4ngen, besser als nix also allemal.<br>Und wenn jede oder jeder eine getragen hat, blieb zumindest die Virusmenge reduziert, die abgegeben wurde.<\/p>\n\n\n\n<p>Au\u00dferdem war dieses Stoffding der sichtbare Ausl\u00f6ser daf\u00fcr, Abstand zu anderen Menschen zu halten.<br>Oder beim einkaufen den Laden schnell wieder zu verlassen. Schon um den Kontakt zu anderen Leuten zu vermeiden.<\/p>\n\n\n\n<p>Habe kurz \u00fcberlegt, die wegzuwerfen. Aber nee, werde die als eine Art <em>Zeitrelikt<\/em> aufheben. Denn designtechnisch war die doch schon der Hit.<\/p>\n","protected":false},"excerpt":{"rendered":"<p>Diese Maske gerade beim &#8222;eigentlich was anderes suchen&#8220; gefunden. Hab ich irgendwann im Sommer 2020 machen lassen. Waren etwas besser als nichts, und ja, wirksamere&#8230;<\/p>\n<div class=\"more-link-wrapper\"><a class=\"more-link\" href=\"https:\/\/truckonline.de\/blog\/2024\/10\/14\/aber-chic-war-sie\/\">Sie haben Ihr Ziel fast erreicht.<span class=\"screen-reader-text\">Aber chic war sie<\/span><\/a><\/div>\n","protected":false},"author":3,"featured_media":0,"comment_status":"open","ping_status":"open","sticky":false,"template":"","format":"standard","meta":{"iawp_total_views":2,"_metis_text_type":"","_metis_text_length":0,"_post_count":0,"footnotes":""},"categories":[593,3],"tags":[2092,2294],"class_list":["post-13432","post","type-post","status-publish","format-standard","hentry","category-aergerliches","category-internes","tag-corona","tag-maske","ratio-2-1","entry"],"yoast_head":"<!-- This site is optimized with the Yoast SEO plugin v27.4 - https:\/\/yoast.com\/product\/yoast-seo-wordpress\/ -->\n<title>Aber chic war sie | TruckOnline.de<\/title>\n<meta name=\"description\" content=\"Diese Maske gerade beim &quot;eigentlich was anderes suchen&quot; gefunden. Hab ich irgendwann im Sommer 2020 machen lassen. Waren etwas besser als nichts, und ja,\" \/>\n<meta name=\"robots\" content=\"index, follow, max-snippet:-1, max-image-preview:large, max-video-preview:-1\" \/>\n<link rel=\"canonical\" href=\"https:\/\/truckonline.de\/blog\/2024\/10\/14\/aber-chic-war-sie\/\" \/>\n<meta property=\"og:locale\" content=\"de_DE\" \/>\n<meta property=\"og:type\" content=\"article\" \/>\n<meta property=\"og:title\" content=\"Aber chic war sie | TruckOnline.de\" \/>\n<meta property=\"og:url\" content=\"https:\/\/truckonline.de\/blog\/2024\/10\/14\/aber-chic-war-sie\/\" \/>\n<meta property=\"og:site_name\" content=\"TruckOnline.de\" \/>\n<meta property=\"article:publisher\" content=\"https:\/\/www.facebook.com\/truckblog\" \/>\n<meta property=\"article:author\" content=\"https:\/\/www.facebook.com\/truckblog\" \/>\n<meta property=\"article:published_time\" content=\"2024-10-13T23:09:37+00:00\" \/>\n<meta property=\"article:modified_time\" content=\"2024-10-14T05:54:50+00:00\" \/>\n<meta property=\"og:image\" content=\"https:\/\/truckonline.de\/blog\/wp-content\/uploads\/2024\/10\/maske700.jpg\" \/>\n\t<meta property=\"og:image:width\" content=\"700\" \/>\n\t<meta property=\"og:image:height\" content=\"525\" \/>\n\t<meta property=\"og:image:type\" content=\"image\/jpeg\" \/>\n<meta name=\"author\" content=\"maik\" \/>\n<meta name=\"twitter:card\" content=\"summary_large_image\" \/>\n<meta name=\"twitter:creator\" content=\"@https:\/\/twitter.com\/truckblog\" \/>\n<meta name=\"twitter:site\" content=\"@truckblog\" \/>\n<meta name=\"twitter:label1\" content=\"Verfasst von\" \/>\n\t<meta name=\"twitter:data1\" content=\"maik\" \/>\n\t<meta name=\"twitter:label2\" content=\"Gesch\u00e4tzte Lesezeit\" \/>\n\t<meta name=\"twitter:data2\" content=\"2\u00a0Minuten\" \/>\n<script type=\"application\/ld+json\" class=\"yoast-schema-graph\">{\"@context\":\"https:\\\/\\\/schema.org\",\"@graph\":[{\"@type\":\"Article\",\"@id\":\"https:\\\/\\\/truckonline.de\\\/blog\\\/2024\\\/10\\\/14\\\/aber-chic-war-sie\\\/#article\",\"isPartOf\":{\"@id\":\"https:\\\/\\\/truckonline.de\\\/blog\\\/2024\\\/10\\\/14\\\/aber-chic-war-sie\\\/\"},\"author\":{\"name\":\"maik\",\"@id\":\"https:\\\/\\\/truckonline.de\\\/blog\\\/#\\\/schema\\\/person\\\/4cb59b86ffde81f882f56439688fda19\"},\"headline\":\"Aber chic war sie\",\"datePublished\":\"2024-10-13T23:09:37+00:00\",\"dateModified\":\"2024-10-14T05:54:50+00:00\",\"mainEntityOfPage\":{\"@id\":\"https:\\\/\\\/truckonline.de\\\/blog\\\/2024\\\/10\\\/14\\\/aber-chic-war-sie\\\/\"},\"wordCount\":182,\"commentCount\":2,\"publisher\":{\"@id\":\"https:\\\/\\\/truckonline.de\\\/blog\\\/#\\\/schema\\\/person\\\/4cb59b86ffde81f882f56439688fda19\"},\"image\":{\"@id\":\"https:\\\/\\\/truckonline.de\\\/blog\\\/2024\\\/10\\\/14\\\/aber-chic-war-sie\\\/#primaryimage\"},\"thumbnailUrl\":\"https:\\\/\\\/truckonline.de\\\/blog\\\/wp-content\\\/uploads\\\/2024\\\/10\\\/maske700.jpg\",\"keywords\":[\"Corona\",\"Maske\"],\"articleSection\":[\"\u00c4rgerliches\",\"Internes\"],\"inLanguage\":\"de\",\"potentialAction\":[{\"@type\":\"CommentAction\",\"name\":\"Comment\",\"target\":[\"https:\\\/\\\/truckonline.de\\\/blog\\\/2024\\\/10\\\/14\\\/aber-chic-war-sie\\\/#respond\"]}]},{\"@type\":\"WebPage\",\"@id\":\"https:\\\/\\\/truckonline.de\\\/blog\\\/2024\\\/10\\\/14\\\/aber-chic-war-sie\\\/\",\"url\":\"https:\\\/\\\/truckonline.de\\\/blog\\\/2024\\\/10\\\/14\\\/aber-chic-war-sie\\\/\",\"name\":\"Aber chic war sie | TruckOnline.de\",\"isPartOf\":{\"@id\":\"https:\\\/\\\/truckonline.de\\\/blog\\\/#website\"},\"primaryImageOfPage\":{\"@id\":\"https:\\\/\\\/truckonline.de\\\/blog\\\/2024\\\/10\\\/14\\\/aber-chic-war-sie\\\/#primaryimage\"},\"image\":{\"@id\":\"https:\\\/\\\/truckonline.de\\\/blog\\\/2024\\\/10\\\/14\\\/aber-chic-war-sie\\\/#primaryimage\"},\"thumbnailUrl\":\"https:\\\/\\\/truckonline.de\\\/blog\\\/wp-content\\\/uploads\\\/2024\\\/10\\\/maske700.jpg\",\"datePublished\":\"2024-10-13T23:09:37+00:00\",\"dateModified\":\"2024-10-14T05:54:50+00:00\",\"description\":\"Diese Maske gerade beim \\\"eigentlich was anderes suchen\\\" gefunden. Hab ich irgendwann im Sommer 2020 machen lassen. Waren etwas besser als nichts, und ja,\",\"breadcrumb\":{\"@id\":\"https:\\\/\\\/truckonline.de\\\/blog\\\/2024\\\/10\\\/14\\\/aber-chic-war-sie\\\/#breadcrumb\"},\"inLanguage\":\"de\",\"potentialAction\":[{\"@type\":\"ReadAction\",\"target\":[\"https:\\\/\\\/truckonline.de\\\/blog\\\/2024\\\/10\\\/14\\\/aber-chic-war-sie\\\/\"]}]},{\"@type\":\"ImageObject\",\"inLanguage\":\"de\",\"@id\":\"https:\\\/\\\/truckonline.de\\\/blog\\\/2024\\\/10\\\/14\\\/aber-chic-war-sie\\\/#primaryimage\",\"url\":\"https:\\\/\\\/truckonline.de\\\/blog\\\/wp-content\\\/uploads\\\/2024\\\/10\\\/maske700.jpg\",\"contentUrl\":\"https:\\\/\\\/truckonline.de\\\/blog\\\/wp-content\\\/uploads\\\/2024\\\/10\\\/maske700.jpg\",\"width\":700,\"height\":525},{\"@type\":\"BreadcrumbList\",\"@id\":\"https:\\\/\\\/truckonline.de\\\/blog\\\/2024\\\/10\\\/14\\\/aber-chic-war-sie\\\/#breadcrumb\",\"itemListElement\":[{\"@type\":\"ListItem\",\"position\":1,\"name\":\"Startseite\",\"item\":\"https:\\\/\\\/truckonline.de\\\/blog\\\/\"},{\"@type\":\"ListItem\",\"position\":2,\"name\":\"Aber chic war sie\"}]},{\"@type\":\"WebSite\",\"@id\":\"https:\\\/\\\/truckonline.de\\\/blog\\\/#website\",\"url\":\"https:\\\/\\\/truckonline.de\\\/blog\\\/\",\"name\":\"TruckOnline.de\",\"description\":\"\",\"publisher\":{\"@id\":\"https:\\\/\\\/truckonline.de\\\/blog\\\/#\\\/schema\\\/person\\\/4cb59b86ffde81f882f56439688fda19\"},\"potentialAction\":[{\"@type\":\"SearchAction\",\"target\":{\"@type\":\"EntryPoint\",\"urlTemplate\":\"https:\\\/\\\/truckonline.de\\\/blog\\\/?s={search_term_string}\"},\"query-input\":{\"@type\":\"PropertyValueSpecification\",\"valueRequired\":true,\"valueName\":\"search_term_string\"}}],\"inLanguage\":\"de\"},{\"@type\":[\"Person\",\"Organization\"],\"@id\":\"https:\\\/\\\/truckonline.de\\\/blog\\\/#\\\/schema\\\/person\\\/4cb59b86ffde81f882f56439688fda19\",\"name\":\"maik\",\"image\":{\"@type\":\"ImageObject\",\"inLanguage\":\"de\",\"@id\":\"https:\\\/\\\/truckonline.de\\\/blog\\\/wp-content\\\/uploads\\\/2019\\\/12\\\/logoinnenweiss.png\",\"url\":\"https:\\\/\\\/truckonline.de\\\/blog\\\/wp-content\\\/uploads\\\/2019\\\/12\\\/logoinnenweiss.png\",\"contentUrl\":\"https:\\\/\\\/truckonline.de\\\/blog\\\/wp-content\\\/uploads\\\/2019\\\/12\\\/logoinnenweiss.png\",\"width\":733,\"height\":125,\"caption\":\"maik\"},\"logo\":{\"@id\":\"https:\\\/\\\/truckonline.de\\\/blog\\\/wp-content\\\/uploads\\\/2019\\\/12\\\/logoinnenweiss.png\"},\"sameAs\":[\"https:\\\/\\\/www.facebook.com\\\/truckblog\",\"https:\\\/\\\/www.instagram.com\\\/truck_online\\\/\",\"https:\\\/\\\/x.com\\\/https:\\\/\\\/twitter.com\\\/truckblog\",\"https:\\\/\\\/www.youtube.com\\\/user\\\/truckonline\",\"https:\\\/\\\/www.tumblr.com\\\/truckonline\"]}]}<\/script>\n<!-- \/ Yoast SEO plugin. -->","yoast_head_json":{"title":"Aber chic war sie | TruckOnline.de","description":"Diese Maske gerade beim \"eigentlich was anderes suchen\" gefunden. Hab ich irgendwann im Sommer 2020 machen lassen. Waren etwas besser als nichts, und ja,","robots":{"index":"index","follow":"follow","max-snippet":"max-snippet:-1","max-image-preview":"max-image-preview:large","max-video-preview":"max-video-preview:-1"},"canonical":"https:\/\/truckonline.de\/blog\/2024\/10\/14\/aber-chic-war-sie\/","og_locale":"de_DE","og_type":"article","og_title":"Aber chic war sie | TruckOnline.de","og_url":"https:\/\/truckonline.de\/blog\/2024\/10\/14\/aber-chic-war-sie\/","og_site_name":"TruckOnline.de","article_publisher":"https:\/\/www.facebook.com\/truckblog","article_author":"https:\/\/www.facebook.com\/truckblog","article_published_time":"2024-10-13T23:09:37+00:00","article_modified_time":"2024-10-14T05:54:50+00:00","og_image":[{"width":700,"height":525,"url":"https:\/\/truckonline.de\/blog\/wp-content\/uploads\/2024\/10\/maske700.jpg","type":"image\/jpeg"}],"author":"maik","twitter_card":"summary_large_image","twitter_creator":"@https:\/\/twitter.com\/truckblog","twitter_site":"@truckblog","twitter_misc":{"Verfasst von":"maik","Gesch\u00e4tzte Lesezeit":"2\u00a0Minuten"},"schema":{"@context":"https:\/\/schema.org","@graph":[{"@type":"Article","@id":"https:\/\/truckonline.de\/blog\/2024\/10\/14\/aber-chic-war-sie\/#article","isPartOf":{"@id":"https:\/\/truckonline.de\/blog\/2024\/10\/14\/aber-chic-war-sie\/"},"author":{"name":"maik","@id":"https:\/\/truckonline.de\/blog\/#\/schema\/person\/4cb59b86ffde81f882f56439688fda19"},"headline":"Aber chic war sie","datePublished":"2024-10-13T23:09:37+00:00","dateModified":"2024-10-14T05:54:50+00:00","mainEntityOfPage":{"@id":"https:\/\/truckonline.de\/blog\/2024\/10\/14\/aber-chic-war-sie\/"},"wordCount":182,"commentCount":2,"publisher":{"@id":"https:\/\/truckonline.de\/blog\/#\/schema\/person\/4cb59b86ffde81f882f56439688fda19"},"image":{"@id":"https:\/\/truckonline.de\/blog\/2024\/10\/14\/aber-chic-war-sie\/#primaryimage"},"thumbnailUrl":"https:\/\/truckonline.de\/blog\/wp-content\/uploads\/2024\/10\/maske700.jpg","keywords":["Corona","Maske"],"articleSection":["\u00c4rgerliches","Internes"],"inLanguage":"de","potentialAction":[{"@type":"CommentAction","name":"Comment","target":["https:\/\/truckonline.de\/blog\/2024\/10\/14\/aber-chic-war-sie\/#respond"]}]},{"@type":"WebPage","@id":"https:\/\/truckonline.de\/blog\/2024\/10\/14\/aber-chic-war-sie\/","url":"https:\/\/truckonline.de\/blog\/2024\/10\/14\/aber-chic-war-sie\/","name":"Aber chic war sie | TruckOnline.de","isPartOf":{"@id":"https:\/\/truckonline.de\/blog\/#website"},"primaryImageOfPage":{"@id":"https:\/\/truckonline.de\/blog\/2024\/10\/14\/aber-chic-war-sie\/#primaryimage"},"image":{"@id":"https:\/\/truckonline.de\/blog\/2024\/10\/14\/aber-chic-war-sie\/#primaryimage"},"thumbnailUrl":"https:\/\/truckonline.de\/blog\/wp-content\/uploads\/2024\/10\/maske700.jpg","datePublished":"2024-10-13T23:09:37+00:00","dateModified":"2024-10-14T05:54:50+00:00","description":"Diese Maske gerade beim \"eigentlich was anderes suchen\" gefunden. Hab ich irgendwann im Sommer 2020 machen lassen. Waren etwas besser als nichts, und ja,","breadcrumb":{"@id":"https:\/\/truckonline.de\/blog\/2024\/10\/14\/aber-chic-war-sie\/#breadcrumb"},"inLanguage":"de","potentialAction":[{"@type":"ReadAction","target":["https:\/\/truckonline.de\/blog\/2024\/10\/14\/aber-chic-war-sie\/"]}]},{"@type":"ImageObject","inLanguage":"de","@id":"https:\/\/truckonline.de\/blog\/2024\/10\/14\/aber-chic-war-sie\/#primaryimage","url":"https:\/\/truckonline.de\/blog\/wp-content\/uploads\/2024\/10\/maske700.jpg","contentUrl":"https:\/\/truckonline.de\/blog\/wp-content\/uploads\/2024\/10\/maske700.jpg","width":700,"height":525},{"@type":"BreadcrumbList","@id":"https:\/\/truckonline.de\/blog\/2024\/10\/14\/aber-chic-war-sie\/#breadcrumb","itemListElement":[{"@type":"ListItem","position":1,"name":"Startseite","item":"https:\/\/truckonline.de\/blog\/"},{"@type":"ListItem","position":2,"name":"Aber chic war sie"}]},{"@type":"WebSite","@id":"https:\/\/truckonline.de\/blog\/#website","url":"https:\/\/truckonline.de\/blog\/","name":"TruckOnline.de","description":"","publisher":{"@id":"https:\/\/truckonline.de\/blog\/#\/schema\/person\/4cb59b86ffde81f882f56439688fda19"},"potentialAction":[{"@type":"SearchAction","target":{"@type":"EntryPoint","urlTemplate":"https:\/\/truckonline.de\/blog\/?s={search_term_string}"},"query-input":{"@type":"PropertyValueSpecification","valueRequired":true,"valueName":"search_term_string"}}],"inLanguage":"de"},{"@type":["Person","Organization"],"@id":"https:\/\/truckonline.de\/blog\/#\/schema\/person\/4cb59b86ffde81f882f56439688fda19","name":"maik","image":{"@type":"ImageObject","inLanguage":"de","@id":"https:\/\/truckonline.de\/blog\/wp-content\/uploads\/2019\/12\/logoinnenweiss.png","url":"https:\/\/truckonline.de\/blog\/wp-content\/uploads\/2019\/12\/logoinnenweiss.png","contentUrl":"https:\/\/truckonline.de\/blog\/wp-content\/uploads\/2019\/12\/logoinnenweiss.png","width":733,"height":125,"caption":"maik"},"logo":{"@id":"https:\/\/truckonline.de\/blog\/wp-content\/uploads\/2019\/12\/logoinnenweiss.png"},"sameAs":["https:\/\/www.facebook.com\/truckblog","https:\/\/www.instagram.com\/truck_online\/","https:\/\/x.com\/https:\/\/twitter.com\/truckblog","https:\/\/www.youtube.com\/user\/truckonline","https:\/\/www.tumblr.com\/truckonline"]}]}},"_links":{"self":[{"href":"https:\/\/truckonline.de\/blog\/wp-json\/wp\/v2\/posts\/13432","targetHints":{"allow":["GET"]}}],"collection":[{"href":"https:\/\/truckonline.de\/blog\/wp-json\/wp\/v2\/posts"}],"about":[{"href":"https:\/\/truckonline.de\/blog\/wp-json\/wp\/v2\/types\/post"}],"author":[{"embeddable":true,"href":"https:\/\/truckonline.de\/blog\/wp-json\/wp\/v2\/users\/3"}],"replies":[{"embeddable":true,"href":"https:\/\/truckonline.de\/blog\/wp-json\/wp\/v2\/comments?post=13432"}],"version-history":[{"count":6,"href":"https:\/\/truckonline.de\/blog\/wp-json\/wp\/v2\/posts\/13432\/revisions"}],"predecessor-version":[{"id":13443,"href":"https:\/\/truckonline.de\/blog\/wp-json\/wp\/v2\/posts\/13432\/revisions\/13443"}],"wp:attachment":[{"href":"https:\/\/truckonline.de\/blog\/wp-json\/wp\/v2\/media?parent=13432"}],"wp:term":[{"taxonomy":"category","embeddable":true,"href":"https:\/\/truckonline.de\/blog\/wp-json\/wp\/v2\/categories?post=13432"},{"taxonomy":"post_tag","embeddable":true,"href":"https:\/\/truckonline.de\/blog\/wp-json\/wp\/v2\/tags?post=13432"}],"curies":[{"name":"wp","href":"https:\/\/api.w.org\/{rel}","templated":true}]}}