{"id":13406,"date":"2024-09-30T21:01:00","date_gmt":"2024-09-30T19:01:00","guid":{"rendered":"https:\/\/truckonline.de\/blog\/?p=13406"},"modified":"2024-10-01T00:29:28","modified_gmt":"2024-09-30T22:29:28","slug":"tschuessi-dafne","status":"publish","type":"post","link":"https:\/\/truckonline.de\/blog\/2024\/09\/30\/tschuessi-dafne\/","title":{"rendered":"Tsch\u00fcssi DAFne"},"content":{"rendered":"\n<p>Nach <a href=\"https:\/\/truckonline.de\/blog\/2018\/10\/08\/und-ich-nenne-das-teil-nicht-dafne\/\">fast auf die Woche genau sechs Jahre <em>DAF<\/em><\/a> hat auch diese Episode ein Ende. Ab demn\u00e4chst, also nach meinem Urlaub, werde ich wieder mit einem Scania unterwegs sein.<\/p>\n\n\n\n<p>Letzten Freitag ausger\u00e4umt, ist immer wieder wie ein kleiner Umzug. Das Teil noch gewaschen, jetzt steht der da, eigentlich so gut wie neu. Also von <a href=\"https:\/\/truckonline.de\/blog\/2023\/07\/25\/wenn-der-hagel-kommt\/\">dem Hagelschlag<\/a> oben rechts und der ein oder anderen Blessur mal abgesehen. <br>Links an der Seitenverkleidung hat sich mal ein Staplerfahrer versch\u00e4tzt, da ist ein bissel Farbe abgeplatzt, und joa, <a href=\"https:\/\/truckonline.de\/blog\/2024\/09\/21\/scheinwerfer-kaputt\/\">der Fernscheinwerfer<\/a> oben rechts. Konnte ich aber nix f\u00fcr.<\/p>\n\n\n\n<p>DAF wollte knapp zw\u00f6lfhundert Euro f\u00fcr ein neues Licht, ein Ersatzteilh\u00e4ndler die H\u00e4lfte. Tja nun, da hat sich die Frage, wer den Umsatz macht, er\u00fcbrigt.<\/p>\n\n\n<div class=\"wp-block-image\">\n<figure class=\"aligncenter size-full\"><img loading=\"lazy\" decoding=\"async\" width=\"700\" height=\"525\" src=\"https:\/\/truckonline.de\/blog\/wp-content\/uploads\/2024\/09\/dafausgeraumt700.jpg\" alt=\"ein blauer lkw daf xf mit 530 ps\" class=\"wp-image-13407\"\/><figcaption class=\"wp-element-caption\">Ein letztes Foto. Tsch\u00fcssi Dafne. <\/figcaption><\/figure>\n<\/div>\n\n\n<p>Was aus dem DAF wird, keine Ahnung. Ich w\u00e4re gern weiter mit gefahren, war schon zufrieden. Aber <em>Paccar Leasing<\/em> wollte ihn zur\u00fcck. Unbedingt. <br>Vielleicht hatten die Angst, in nen halben oder einem Jahr noch weniger im Weiterverkauf zu bekommen. Keine Ahnung.<\/p>\n\n\n\n<p>Jetzt wieder Scania. Wird nen 540er, allerdings keine neue Zugmaschine. Den fuhr mal ein K\u00fchlerfahrer hier in der Firma. <br>Der hat aufgeh\u00f6rt, seit dem wurde der ab und an mal im Nahverkehr bewegt. Sonst stand der oft rum.<\/p>\n\n\n\n<p>Nun also ich. Hab mir das Teil noch nicht wirklich angeschaut. Mach ich in <s>drei<\/s> knapp zweieinhalb Wochen. Dann werde ich berichten.<\/p>\n","protected":false},"excerpt":{"rendered":"<p>Nach fast auf die Woche genau sechs Jahre DAF hat auch diese Episode ein Ende. Ab demn\u00e4chst, also nach meinem Urlaub, werde ich wieder mit&#8230;<\/p>\n<div class=\"more-link-wrapper\"><a class=\"more-link\" href=\"https:\/\/truckonline.de\/blog\/2024\/09\/30\/tschuessi-dafne\/\">Sie haben Ihr Ziel fast erreicht.<span class=\"screen-reader-text\">Tsch\u00fcssi DAFne<\/span><\/a><\/div>\n","protected":false},"author":3,"featured_media":0,"comment_status":"open","ping_status":"open","sticky":false,"template":"","format":"standard","meta":{"iawp_total_views":2,"_metis_text_type":"","_metis_text_length":0,"_post_count":0,"footnotes":""},"categories":[11],"tags":[261,1881,57],"class_list":["post-13406","post","type-post","status-publish","format-standard","hentry","category-lkw","tag-daf","tag-lkw","tag-scania","ratio-2-1","entry"],"yoast_head":"<!-- This site is optimized with the Yoast SEO plugin v27.4 - https:\/\/yoast.com\/product\/yoast-seo-wordpress\/ -->\n<title>Tsch\u00fcssi DAFne | TruckOnline.de<\/title>\n<meta name=\"description\" content=\"Nach fast auf die Woche genau sechs Jahre DAF hat auch diese Episode ein Ende. Ab demn\u00e4chst, also nach meinem Urlaub, werde ich wieder mit einem Scania\" \/>\n<meta name=\"robots\" content=\"index, follow, max-snippet:-1, max-image-preview:large, max-video-preview:-1\" \/>\n<link rel=\"canonical\" href=\"https:\/\/truckonline.de\/blog\/2024\/09\/30\/tschuessi-dafne\/\" \/>\n<meta property=\"og:locale\" content=\"de_DE\" \/>\n<meta property=\"og:type\" content=\"article\" \/>\n<meta property=\"og:title\" content=\"Tsch\u00fcssi DAFne | TruckOnline.de\" \/>\n<meta property=\"og:url\" content=\"https:\/\/truckonline.de\/blog\/2024\/09\/30\/tschuessi-dafne\/\" \/>\n<meta property=\"og:site_name\" content=\"TruckOnline.de\" \/>\n<meta property=\"article:publisher\" content=\"https:\/\/www.facebook.com\/truckblog\" \/>\n<meta property=\"article:author\" content=\"https:\/\/www.facebook.com\/truckblog\" \/>\n<meta property=\"article:published_time\" content=\"2024-09-30T19:01:00+00:00\" \/>\n<meta property=\"article:modified_time\" content=\"2024-09-30T22:29:28+00:00\" \/>\n<meta property=\"og:image\" content=\"https:\/\/truckonline.de\/blog\/wp-content\/uploads\/2024\/09\/dafausgeraumt700.jpg\" \/>\n<meta name=\"author\" content=\"maik\" \/>\n<meta name=\"twitter:card\" content=\"summary_large_image\" \/>\n<meta name=\"twitter:creator\" content=\"@https:\/\/twitter.com\/truckblog\" \/>\n<meta name=\"twitter:site\" content=\"@truckblog\" \/>\n<meta name=\"twitter:label1\" content=\"Verfasst von\" \/>\n\t<meta name=\"twitter:data1\" content=\"maik\" \/>\n\t<meta name=\"twitter:label2\" content=\"Gesch\u00e4tzte Lesezeit\" \/>\n\t<meta name=\"twitter:data2\" content=\"2\u00a0Minuten\" \/>\n<script type=\"application\/ld+json\" class=\"yoast-schema-graph\">{\"@context\":\"https:\\\/\\\/schema.org\",\"@graph\":[{\"@type\":\"Article\",\"@id\":\"https:\\\/\\\/truckonline.de\\\/blog\\\/2024\\\/09\\\/30\\\/tschuessi-dafne\\\/#article\",\"isPartOf\":{\"@id\":\"https:\\\/\\\/truckonline.de\\\/blog\\\/2024\\\/09\\\/30\\\/tschuessi-dafne\\\/\"},\"author\":{\"name\":\"maik\",\"@id\":\"https:\\\/\\\/truckonline.de\\\/blog\\\/#\\\/schema\\\/person\\\/4cb59b86ffde81f882f56439688fda19\"},\"headline\":\"Tsch\u00fcssi DAFne\",\"datePublished\":\"2024-09-30T19:01:00+00:00\",\"dateModified\":\"2024-09-30T22:29:28+00:00\",\"mainEntityOfPage\":{\"@id\":\"https:\\\/\\\/truckonline.de\\\/blog\\\/2024\\\/09\\\/30\\\/tschuessi-dafne\\\/\"},\"wordCount\":241,\"commentCount\":8,\"publisher\":{\"@id\":\"https:\\\/\\\/truckonline.de\\\/blog\\\/#\\\/schema\\\/person\\\/4cb59b86ffde81f882f56439688fda19\"},\"image\":{\"@id\":\"https:\\\/\\\/truckonline.de\\\/blog\\\/2024\\\/09\\\/30\\\/tschuessi-dafne\\\/#primaryimage\"},\"thumbnailUrl\":\"https:\\\/\\\/truckonline.de\\\/blog\\\/wp-content\\\/uploads\\\/2024\\\/09\\\/dafausgeraumt700.jpg\",\"keywords\":[\"DAF\",\"Lkw\",\"Scania\"],\"articleSection\":[\"Lkw\"],\"inLanguage\":\"de\",\"potentialAction\":[{\"@type\":\"CommentAction\",\"name\":\"Comment\",\"target\":[\"https:\\\/\\\/truckonline.de\\\/blog\\\/2024\\\/09\\\/30\\\/tschuessi-dafne\\\/#respond\"]}]},{\"@type\":\"WebPage\",\"@id\":\"https:\\\/\\\/truckonline.de\\\/blog\\\/2024\\\/09\\\/30\\\/tschuessi-dafne\\\/\",\"url\":\"https:\\\/\\\/truckonline.de\\\/blog\\\/2024\\\/09\\\/30\\\/tschuessi-dafne\\\/\",\"name\":\"Tsch\u00fcssi DAFne | TruckOnline.de\",\"isPartOf\":{\"@id\":\"https:\\\/\\\/truckonline.de\\\/blog\\\/#website\"},\"primaryImageOfPage\":{\"@id\":\"https:\\\/\\\/truckonline.de\\\/blog\\\/2024\\\/09\\\/30\\\/tschuessi-dafne\\\/#primaryimage\"},\"image\":{\"@id\":\"https:\\\/\\\/truckonline.de\\\/blog\\\/2024\\\/09\\\/30\\\/tschuessi-dafne\\\/#primaryimage\"},\"thumbnailUrl\":\"https:\\\/\\\/truckonline.de\\\/blog\\\/wp-content\\\/uploads\\\/2024\\\/09\\\/dafausgeraumt700.jpg\",\"datePublished\":\"2024-09-30T19:01:00+00:00\",\"dateModified\":\"2024-09-30T22:29:28+00:00\",\"description\":\"Nach fast auf die Woche genau sechs Jahre DAF hat auch diese Episode ein Ende. Ab demn\u00e4chst, also nach meinem Urlaub, werde ich wieder mit einem Scania\",\"breadcrumb\":{\"@id\":\"https:\\\/\\\/truckonline.de\\\/blog\\\/2024\\\/09\\\/30\\\/tschuessi-dafne\\\/#breadcrumb\"},\"inLanguage\":\"de\",\"potentialAction\":[{\"@type\":\"ReadAction\",\"target\":[\"https:\\\/\\\/truckonline.de\\\/blog\\\/2024\\\/09\\\/30\\\/tschuessi-dafne\\\/\"]}]},{\"@type\":\"ImageObject\",\"inLanguage\":\"de\",\"@id\":\"https:\\\/\\\/truckonline.de\\\/blog\\\/2024\\\/09\\\/30\\\/tschuessi-dafne\\\/#primaryimage\",\"url\":\"https:\\\/\\\/truckonline.de\\\/blog\\\/wp-content\\\/uploads\\\/2024\\\/09\\\/dafausgeraumt700.jpg\",\"contentUrl\":\"https:\\\/\\\/truckonline.de\\\/blog\\\/wp-content\\\/uploads\\\/2024\\\/09\\\/dafausgeraumt700.jpg\",\"width\":700,\"height\":525},{\"@type\":\"BreadcrumbList\",\"@id\":\"https:\\\/\\\/truckonline.de\\\/blog\\\/2024\\\/09\\\/30\\\/tschuessi-dafne\\\/#breadcrumb\",\"itemListElement\":[{\"@type\":\"ListItem\",\"position\":1,\"name\":\"Startseite\",\"item\":\"https:\\\/\\\/truckonline.de\\\/blog\\\/\"},{\"@type\":\"ListItem\",\"position\":2,\"name\":\"Tsch\u00fcssi DAFne\"}]},{\"@type\":\"WebSite\",\"@id\":\"https:\\\/\\\/truckonline.de\\\/blog\\\/#website\",\"url\":\"https:\\\/\\\/truckonline.de\\\/blog\\\/\",\"name\":\"TruckOnline.de\",\"description\":\"\",\"publisher\":{\"@id\":\"https:\\\/\\\/truckonline.de\\\/blog\\\/#\\\/schema\\\/person\\\/4cb59b86ffde81f882f56439688fda19\"},\"potentialAction\":[{\"@type\":\"SearchAction\",\"target\":{\"@type\":\"EntryPoint\",\"urlTemplate\":\"https:\\\/\\\/truckonline.de\\\/blog\\\/?s={search_term_string}\"},\"query-input\":{\"@type\":\"PropertyValueSpecification\",\"valueRequired\":true,\"valueName\":\"search_term_string\"}}],\"inLanguage\":\"de\"},{\"@type\":[\"Person\",\"Organization\"],\"@id\":\"https:\\\/\\\/truckonline.de\\\/blog\\\/#\\\/schema\\\/person\\\/4cb59b86ffde81f882f56439688fda19\",\"name\":\"maik\",\"image\":{\"@type\":\"ImageObject\",\"inLanguage\":\"de\",\"@id\":\"https:\\\/\\\/truckonline.de\\\/blog\\\/wp-content\\\/uploads\\\/2019\\\/12\\\/logoinnenweiss.png\",\"url\":\"https:\\\/\\\/truckonline.de\\\/blog\\\/wp-content\\\/uploads\\\/2019\\\/12\\\/logoinnenweiss.png\",\"contentUrl\":\"https:\\\/\\\/truckonline.de\\\/blog\\\/wp-content\\\/uploads\\\/2019\\\/12\\\/logoinnenweiss.png\",\"width\":733,\"height\":125,\"caption\":\"maik\"},\"logo\":{\"@id\":\"https:\\\/\\\/truckonline.de\\\/blog\\\/wp-content\\\/uploads\\\/2019\\\/12\\\/logoinnenweiss.png\"},\"sameAs\":[\"https:\\\/\\\/www.facebook.com\\\/truckblog\",\"https:\\\/\\\/www.instagram.com\\\/truck_online\\\/\",\"https:\\\/\\\/x.com\\\/https:\\\/\\\/twitter.com\\\/truckblog\",\"https:\\\/\\\/www.youtube.com\\\/user\\\/truckonline\",\"https:\\\/\\\/www.tumblr.com\\\/truckonline\"]}]}<\/script>\n<!-- \/ Yoast SEO plugin. -->","yoast_head_json":{"title":"Tsch\u00fcssi DAFne | TruckOnline.de","description":"Nach fast auf die Woche genau sechs Jahre DAF hat auch diese Episode ein Ende. Ab demn\u00e4chst, also nach meinem Urlaub, werde ich wieder mit einem Scania","robots":{"index":"index","follow":"follow","max-snippet":"max-snippet:-1","max-image-preview":"max-image-preview:large","max-video-preview":"max-video-preview:-1"},"canonical":"https:\/\/truckonline.de\/blog\/2024\/09\/30\/tschuessi-dafne\/","og_locale":"de_DE","og_type":"article","og_title":"Tsch\u00fcssi DAFne | TruckOnline.de","og_url":"https:\/\/truckonline.de\/blog\/2024\/09\/30\/tschuessi-dafne\/","og_site_name":"TruckOnline.de","article_publisher":"https:\/\/www.facebook.com\/truckblog","article_author":"https:\/\/www.facebook.com\/truckblog","article_published_time":"2024-09-30T19:01:00+00:00","article_modified_time":"2024-09-30T22:29:28+00:00","og_image":[{"url":"https:\/\/truckonline.de\/blog\/wp-content\/uploads\/2024\/09\/dafausgeraumt700.jpg","type":"","width":"","height":""}],"author":"maik","twitter_card":"summary_large_image","twitter_creator":"@https:\/\/twitter.com\/truckblog","twitter_site":"@truckblog","twitter_misc":{"Verfasst von":"maik","Gesch\u00e4tzte Lesezeit":"2\u00a0Minuten"},"schema":{"@context":"https:\/\/schema.org","@graph":[{"@type":"Article","@id":"https:\/\/truckonline.de\/blog\/2024\/09\/30\/tschuessi-dafne\/#article","isPartOf":{"@id":"https:\/\/truckonline.de\/blog\/2024\/09\/30\/tschuessi-dafne\/"},"author":{"name":"maik","@id":"https:\/\/truckonline.de\/blog\/#\/schema\/person\/4cb59b86ffde81f882f56439688fda19"},"headline":"Tsch\u00fcssi DAFne","datePublished":"2024-09-30T19:01:00+00:00","dateModified":"2024-09-30T22:29:28+00:00","mainEntityOfPage":{"@id":"https:\/\/truckonline.de\/blog\/2024\/09\/30\/tschuessi-dafne\/"},"wordCount":241,"commentCount":8,"publisher":{"@id":"https:\/\/truckonline.de\/blog\/#\/schema\/person\/4cb59b86ffde81f882f56439688fda19"},"image":{"@id":"https:\/\/truckonline.de\/blog\/2024\/09\/30\/tschuessi-dafne\/#primaryimage"},"thumbnailUrl":"https:\/\/truckonline.de\/blog\/wp-content\/uploads\/2024\/09\/dafausgeraumt700.jpg","keywords":["DAF","Lkw","Scania"],"articleSection":["Lkw"],"inLanguage":"de","potentialAction":[{"@type":"CommentAction","name":"Comment","target":["https:\/\/truckonline.de\/blog\/2024\/09\/30\/tschuessi-dafne\/#respond"]}]},{"@type":"WebPage","@id":"https:\/\/truckonline.de\/blog\/2024\/09\/30\/tschuessi-dafne\/","url":"https:\/\/truckonline.de\/blog\/2024\/09\/30\/tschuessi-dafne\/","name":"Tsch\u00fcssi DAFne | TruckOnline.de","isPartOf":{"@id":"https:\/\/truckonline.de\/blog\/#website"},"primaryImageOfPage":{"@id":"https:\/\/truckonline.de\/blog\/2024\/09\/30\/tschuessi-dafne\/#primaryimage"},"image":{"@id":"https:\/\/truckonline.de\/blog\/2024\/09\/30\/tschuessi-dafne\/#primaryimage"},"thumbnailUrl":"https:\/\/truckonline.de\/blog\/wp-content\/uploads\/2024\/09\/dafausgeraumt700.jpg","datePublished":"2024-09-30T19:01:00+00:00","dateModified":"2024-09-30T22:29:28+00:00","description":"Nach fast auf die Woche genau sechs Jahre DAF hat auch diese Episode ein Ende. Ab demn\u00e4chst, also nach meinem Urlaub, werde ich wieder mit einem Scania","breadcrumb":{"@id":"https:\/\/truckonline.de\/blog\/2024\/09\/30\/tschuessi-dafne\/#breadcrumb"},"inLanguage":"de","potentialAction":[{"@type":"ReadAction","target":["https:\/\/truckonline.de\/blog\/2024\/09\/30\/tschuessi-dafne\/"]}]},{"@type":"ImageObject","inLanguage":"de","@id":"https:\/\/truckonline.de\/blog\/2024\/09\/30\/tschuessi-dafne\/#primaryimage","url":"https:\/\/truckonline.de\/blog\/wp-content\/uploads\/2024\/09\/dafausgeraumt700.jpg","contentUrl":"https:\/\/truckonline.de\/blog\/wp-content\/uploads\/2024\/09\/dafausgeraumt700.jpg","width":700,"height":525},{"@type":"BreadcrumbList","@id":"https:\/\/truckonline.de\/blog\/2024\/09\/30\/tschuessi-dafne\/#breadcrumb","itemListElement":[{"@type":"ListItem","position":1,"name":"Startseite","item":"https:\/\/truckonline.de\/blog\/"},{"@type":"ListItem","position":2,"name":"Tsch\u00fcssi DAFne"}]},{"@type":"WebSite","@id":"https:\/\/truckonline.de\/blog\/#website","url":"https:\/\/truckonline.de\/blog\/","name":"TruckOnline.de","description":"","publisher":{"@id":"https:\/\/truckonline.de\/blog\/#\/schema\/person\/4cb59b86ffde81f882f56439688fda19"},"potentialAction":[{"@type":"SearchAction","target":{"@type":"EntryPoint","urlTemplate":"https:\/\/truckonline.de\/blog\/?s={search_term_string}"},"query-input":{"@type":"PropertyValueSpecification","valueRequired":true,"valueName":"search_term_string"}}],"inLanguage":"de"},{"@type":["Person","Organization"],"@id":"https:\/\/truckonline.de\/blog\/#\/schema\/person\/4cb59b86ffde81f882f56439688fda19","name":"maik","image":{"@type":"ImageObject","inLanguage":"de","@id":"https:\/\/truckonline.de\/blog\/wp-content\/uploads\/2019\/12\/logoinnenweiss.png","url":"https:\/\/truckonline.de\/blog\/wp-content\/uploads\/2019\/12\/logoinnenweiss.png","contentUrl":"https:\/\/truckonline.de\/blog\/wp-content\/uploads\/2019\/12\/logoinnenweiss.png","width":733,"height":125,"caption":"maik"},"logo":{"@id":"https:\/\/truckonline.de\/blog\/wp-content\/uploads\/2019\/12\/logoinnenweiss.png"},"sameAs":["https:\/\/www.facebook.com\/truckblog","https:\/\/www.instagram.com\/truck_online\/","https:\/\/x.com\/https:\/\/twitter.com\/truckblog","https:\/\/www.youtube.com\/user\/truckonline","https:\/\/www.tumblr.com\/truckonline"]}]}},"_links":{"self":[{"href":"https:\/\/truckonline.de\/blog\/wp-json\/wp\/v2\/posts\/13406","targetHints":{"allow":["GET"]}}],"collection":[{"href":"https:\/\/truckonline.de\/blog\/wp-json\/wp\/v2\/posts"}],"about":[{"href":"https:\/\/truckonline.de\/blog\/wp-json\/wp\/v2\/types\/post"}],"author":[{"embeddable":true,"href":"https:\/\/truckonline.de\/blog\/wp-json\/wp\/v2\/users\/3"}],"replies":[{"embeddable":true,"href":"https:\/\/truckonline.de\/blog\/wp-json\/wp\/v2\/comments?post=13406"}],"version-history":[{"count":2,"href":"https:\/\/truckonline.de\/blog\/wp-json\/wp\/v2\/posts\/13406\/revisions"}],"predecessor-version":[{"id":13410,"href":"https:\/\/truckonline.de\/blog\/wp-json\/wp\/v2\/posts\/13406\/revisions\/13410"}],"wp:attachment":[{"href":"https:\/\/truckonline.de\/blog\/wp-json\/wp\/v2\/media?parent=13406"}],"wp:term":[{"taxonomy":"category","embeddable":true,"href":"https:\/\/truckonline.de\/blog\/wp-json\/wp\/v2\/categories?post=13406"},{"taxonomy":"post_tag","embeddable":true,"href":"https:\/\/truckonline.de\/blog\/wp-json\/wp\/v2\/tags?post=13406"}],"curies":[{"name":"wp","href":"https:\/\/api.w.org\/{rel}","templated":true}]}}