{"id":13189,"date":"2024-07-21T15:00:03","date_gmt":"2024-07-21T13:00:03","guid":{"rendered":"https:\/\/truckonline.de\/blog\/?p=13189"},"modified":"2024-07-21T15:01:50","modified_gmt":"2024-07-21T13:01:50","slug":"schlaue-zitate-125","status":"publish","type":"post","link":"https:\/\/truckonline.de\/blog\/2024\/07\/21\/schlaue-zitate-125\/","title":{"rendered":"Schlaue Zitate"},"content":{"rendered":"\n<blockquote class=\"wp-block-quote is-layout-flow wp-block-quote-is-layout-flow\">\n<p>Es ist eine Hommage an die Leute, die f\u00fcr uns unterwegs sind. Ohne die w\u00fcrde nichts funktionieren. Kein Unternehmen k\u00f6nnte arbeiten, wir w\u00fcrden keine Lebensmittel in der Menge Just in Time haben k\u00f6nnen.<\/p>\n\n\n\n<p>Die Lastwagenfahrer werden als solche gesehen, die die Toiletten dreckig machen, die sich nicht benehmen k\u00f6nnen. Was ich aber \u00fcberhaupt nicht unterstreichen kann. <br>Und die Lastwagenfahrer haben mir eben auch erz\u00e4hlt, sie werden beschimpft von den Touristen. Unter diesen Bedingungen w\u00fcrde niemand arbeiten von uns, mit so einer Feindschaft. <\/p>\n\n\n\n<p class=\"has-text-align-right has-regular-font-size\"><em>Die Fotok\u00fcnstlerin Simone Demandt in einen Gespr\u00e4ch mit &#8222;SWR Kultur&#8220; \u00fcber Ihre Ausstellung &#8222;Movers&#8220; in der Kunsthalle G\u00f6ppingen<\/em><\/p>\n<\/blockquote>\n\n\n\n<p><\/p>\n","protected":false},"excerpt":{"rendered":"<p>Es ist eine Hommage an die Leute, die f\u00fcr uns unterwegs sind. Ohne die w\u00fcrde nichts funktionieren. Kein Unternehmen k\u00f6nnte arbeiten, wir w\u00fcrden keine Lebensmittel&#8230;<\/p>\n<div class=\"more-link-wrapper\"><a class=\"more-link\" href=\"https:\/\/truckonline.de\/blog\/2024\/07\/21\/schlaue-zitate-125\/\">Sie haben Ihr Ziel fast erreicht.<span class=\"screen-reader-text\">Schlaue Zitate<\/span><\/a><\/div>\n","protected":false},"author":3,"featured_media":0,"comment_status":"open","ping_status":"open","sticky":false,"template":"","format":"standard","meta":{"iawp_total_views":3,"_metis_text_type":"","_metis_text_length":0,"_post_count":0,"footnotes":""},"categories":[71],"tags":[133,1892],"class_list":["post-13189","post","type-post","status-publish","format-standard","hentry","category-zitat","tag-dialog","tag-zitat","ratio-2-1","entry"],"yoast_head":"<!-- This site is optimized with the Yoast SEO plugin v27.4 - https:\/\/yoast.com\/product\/yoast-seo-wordpress\/ -->\n<title>Schlaue Zitate | TruckOnline.de<\/title>\n<meta name=\"description\" content=\"Es ist eine Hommage an die Leute, die f\u00fcr uns unterwegs sind. Ohne die w\u00fcrde nichts funktionieren. Kein Unternehmen k\u00f6nnte arbeiten, wir w\u00fcrden keine\" \/>\n<meta name=\"robots\" content=\"index, follow, max-snippet:-1, max-image-preview:large, max-video-preview:-1\" \/>\n<link rel=\"canonical\" href=\"https:\/\/truckonline.de\/blog\/2024\/07\/21\/schlaue-zitate-125\/\" \/>\n<meta property=\"og:locale\" content=\"de_DE\" \/>\n<meta property=\"og:type\" content=\"article\" \/>\n<meta property=\"og:title\" content=\"Schlaue Zitate | TruckOnline.de\" \/>\n<meta property=\"og:url\" content=\"https:\/\/truckonline.de\/blog\/2024\/07\/21\/schlaue-zitate-125\/\" \/>\n<meta property=\"og:site_name\" content=\"TruckOnline.de\" \/>\n<meta property=\"article:publisher\" content=\"https:\/\/www.facebook.com\/truckblog\" \/>\n<meta property=\"article:author\" content=\"https:\/\/www.facebook.com\/truckblog\" \/>\n<meta property=\"article:published_time\" content=\"2024-07-21T13:00:03+00:00\" \/>\n<meta property=\"article:modified_time\" content=\"2024-07-21T13:01:50+00:00\" \/>\n<meta property=\"og:image\" content=\"https:\/\/truckonline.de\/blog\/wp-content\/uploads\/2019\/12\/IMG_20191229_225424-scaled.jpg\" \/>\n\t<meta property=\"og:image:width\" content=\"2560\" \/>\n\t<meta property=\"og:image:height\" content=\"1920\" \/>\n\t<meta property=\"og:image:type\" content=\"image\/jpeg\" \/>\n<meta name=\"author\" content=\"maik\" \/>\n<meta name=\"twitter:card\" content=\"summary_large_image\" \/>\n<meta name=\"twitter:creator\" content=\"@https:\/\/twitter.com\/truckblog\" \/>\n<meta name=\"twitter:site\" content=\"@truckblog\" \/>\n<meta name=\"twitter:label1\" content=\"Verfasst von\" \/>\n\t<meta name=\"twitter:data1\" content=\"maik\" \/>\n<script type=\"application\/ld+json\" class=\"yoast-schema-graph\">{\"@context\":\"https:\\\/\\\/schema.org\",\"@graph\":[{\"@type\":\"Article\",\"@id\":\"https:\\\/\\\/truckonline.de\\\/blog\\\/2024\\\/07\\\/21\\\/schlaue-zitate-125\\\/#article\",\"isPartOf\":{\"@id\":\"https:\\\/\\\/truckonline.de\\\/blog\\\/2024\\\/07\\\/21\\\/schlaue-zitate-125\\\/\"},\"author\":{\"name\":\"maik\",\"@id\":\"https:\\\/\\\/truckonline.de\\\/blog\\\/#\\\/schema\\\/person\\\/4cb59b86ffde81f882f56439688fda19\"},\"headline\":\"Schlaue Zitate\",\"datePublished\":\"2024-07-21T13:00:03+00:00\",\"dateModified\":\"2024-07-21T13:01:50+00:00\",\"mainEntityOfPage\":{\"@id\":\"https:\\\/\\\/truckonline.de\\\/blog\\\/2024\\\/07\\\/21\\\/schlaue-zitate-125\\\/\"},\"wordCount\":113,\"commentCount\":0,\"publisher\":{\"@id\":\"https:\\\/\\\/truckonline.de\\\/blog\\\/#\\\/schema\\\/person\\\/4cb59b86ffde81f882f56439688fda19\"},\"keywords\":[\"Dialog\",\"Zitat\"],\"articleSection\":[\"Zitat\"],\"inLanguage\":\"de\",\"potentialAction\":[{\"@type\":\"CommentAction\",\"name\":\"Comment\",\"target\":[\"https:\\\/\\\/truckonline.de\\\/blog\\\/2024\\\/07\\\/21\\\/schlaue-zitate-125\\\/#respond\"]}]},{\"@type\":\"WebPage\",\"@id\":\"https:\\\/\\\/truckonline.de\\\/blog\\\/2024\\\/07\\\/21\\\/schlaue-zitate-125\\\/\",\"url\":\"https:\\\/\\\/truckonline.de\\\/blog\\\/2024\\\/07\\\/21\\\/schlaue-zitate-125\\\/\",\"name\":\"Schlaue Zitate | TruckOnline.de\",\"isPartOf\":{\"@id\":\"https:\\\/\\\/truckonline.de\\\/blog\\\/#website\"},\"datePublished\":\"2024-07-21T13:00:03+00:00\",\"dateModified\":\"2024-07-21T13:01:50+00:00\",\"description\":\"Es ist eine Hommage an die Leute, die f\u00fcr uns unterwegs sind. Ohne die w\u00fcrde nichts funktionieren. Kein Unternehmen k\u00f6nnte arbeiten, wir w\u00fcrden keine\",\"breadcrumb\":{\"@id\":\"https:\\\/\\\/truckonline.de\\\/blog\\\/2024\\\/07\\\/21\\\/schlaue-zitate-125\\\/#breadcrumb\"},\"inLanguage\":\"de\",\"potentialAction\":[{\"@type\":\"ReadAction\",\"target\":[\"https:\\\/\\\/truckonline.de\\\/blog\\\/2024\\\/07\\\/21\\\/schlaue-zitate-125\\\/\"]}]},{\"@type\":\"BreadcrumbList\",\"@id\":\"https:\\\/\\\/truckonline.de\\\/blog\\\/2024\\\/07\\\/21\\\/schlaue-zitate-125\\\/#breadcrumb\",\"itemListElement\":[{\"@type\":\"ListItem\",\"position\":1,\"name\":\"Startseite\",\"item\":\"https:\\\/\\\/truckonline.de\\\/blog\\\/\"},{\"@type\":\"ListItem\",\"position\":2,\"name\":\"Schlaue Zitate\"}]},{\"@type\":\"WebSite\",\"@id\":\"https:\\\/\\\/truckonline.de\\\/blog\\\/#website\",\"url\":\"https:\\\/\\\/truckonline.de\\\/blog\\\/\",\"name\":\"TruckOnline.de\",\"description\":\"\",\"publisher\":{\"@id\":\"https:\\\/\\\/truckonline.de\\\/blog\\\/#\\\/schema\\\/person\\\/4cb59b86ffde81f882f56439688fda19\"},\"potentialAction\":[{\"@type\":\"SearchAction\",\"target\":{\"@type\":\"EntryPoint\",\"urlTemplate\":\"https:\\\/\\\/truckonline.de\\\/blog\\\/?s={search_term_string}\"},\"query-input\":{\"@type\":\"PropertyValueSpecification\",\"valueRequired\":true,\"valueName\":\"search_term_string\"}}],\"inLanguage\":\"de\"},{\"@type\":[\"Person\",\"Organization\"],\"@id\":\"https:\\\/\\\/truckonline.de\\\/blog\\\/#\\\/schema\\\/person\\\/4cb59b86ffde81f882f56439688fda19\",\"name\":\"maik\",\"image\":{\"@type\":\"ImageObject\",\"inLanguage\":\"de\",\"@id\":\"https:\\\/\\\/truckonline.de\\\/blog\\\/wp-content\\\/uploads\\\/2019\\\/12\\\/logoinnenweiss.png\",\"url\":\"https:\\\/\\\/truckonline.de\\\/blog\\\/wp-content\\\/uploads\\\/2019\\\/12\\\/logoinnenweiss.png\",\"contentUrl\":\"https:\\\/\\\/truckonline.de\\\/blog\\\/wp-content\\\/uploads\\\/2019\\\/12\\\/logoinnenweiss.png\",\"width\":733,\"height\":125,\"caption\":\"maik\"},\"logo\":{\"@id\":\"https:\\\/\\\/truckonline.de\\\/blog\\\/wp-content\\\/uploads\\\/2019\\\/12\\\/logoinnenweiss.png\"},\"sameAs\":[\"https:\\\/\\\/www.facebook.com\\\/truckblog\",\"https:\\\/\\\/www.instagram.com\\\/truck_online\\\/\",\"https:\\\/\\\/x.com\\\/https:\\\/\\\/twitter.com\\\/truckblog\",\"https:\\\/\\\/www.youtube.com\\\/user\\\/truckonline\",\"https:\\\/\\\/www.tumblr.com\\\/truckonline\"]}]}<\/script>\n<!-- \/ Yoast SEO plugin. -->","yoast_head_json":{"title":"Schlaue Zitate | TruckOnline.de","description":"Es ist eine Hommage an die Leute, die f\u00fcr uns unterwegs sind. Ohne die w\u00fcrde nichts funktionieren. Kein Unternehmen k\u00f6nnte arbeiten, wir w\u00fcrden keine","robots":{"index":"index","follow":"follow","max-snippet":"max-snippet:-1","max-image-preview":"max-image-preview:large","max-video-preview":"max-video-preview:-1"},"canonical":"https:\/\/truckonline.de\/blog\/2024\/07\/21\/schlaue-zitate-125\/","og_locale":"de_DE","og_type":"article","og_title":"Schlaue Zitate | TruckOnline.de","og_url":"https:\/\/truckonline.de\/blog\/2024\/07\/21\/schlaue-zitate-125\/","og_site_name":"TruckOnline.de","article_publisher":"https:\/\/www.facebook.com\/truckblog","article_author":"https:\/\/www.facebook.com\/truckblog","article_published_time":"2024-07-21T13:00:03+00:00","article_modified_time":"2024-07-21T13:01:50+00:00","og_image":[{"width":2560,"height":1920,"url":"https:\/\/truckonline.de\/blog\/wp-content\/uploads\/2019\/12\/IMG_20191229_225424-scaled.jpg","type":"image\/jpeg"}],"author":"maik","twitter_card":"summary_large_image","twitter_creator":"@https:\/\/twitter.com\/truckblog","twitter_site":"@truckblog","twitter_misc":{"Verfasst von":"maik"},"schema":{"@context":"https:\/\/schema.org","@graph":[{"@type":"Article","@id":"https:\/\/truckonline.de\/blog\/2024\/07\/21\/schlaue-zitate-125\/#article","isPartOf":{"@id":"https:\/\/truckonline.de\/blog\/2024\/07\/21\/schlaue-zitate-125\/"},"author":{"name":"maik","@id":"https:\/\/truckonline.de\/blog\/#\/schema\/person\/4cb59b86ffde81f882f56439688fda19"},"headline":"Schlaue Zitate","datePublished":"2024-07-21T13:00:03+00:00","dateModified":"2024-07-21T13:01:50+00:00","mainEntityOfPage":{"@id":"https:\/\/truckonline.de\/blog\/2024\/07\/21\/schlaue-zitate-125\/"},"wordCount":113,"commentCount":0,"publisher":{"@id":"https:\/\/truckonline.de\/blog\/#\/schema\/person\/4cb59b86ffde81f882f56439688fda19"},"keywords":["Dialog","Zitat"],"articleSection":["Zitat"],"inLanguage":"de","potentialAction":[{"@type":"CommentAction","name":"Comment","target":["https:\/\/truckonline.de\/blog\/2024\/07\/21\/schlaue-zitate-125\/#respond"]}]},{"@type":"WebPage","@id":"https:\/\/truckonline.de\/blog\/2024\/07\/21\/schlaue-zitate-125\/","url":"https:\/\/truckonline.de\/blog\/2024\/07\/21\/schlaue-zitate-125\/","name":"Schlaue Zitate | TruckOnline.de","isPartOf":{"@id":"https:\/\/truckonline.de\/blog\/#website"},"datePublished":"2024-07-21T13:00:03+00:00","dateModified":"2024-07-21T13:01:50+00:00","description":"Es ist eine Hommage an die Leute, die f\u00fcr uns unterwegs sind. Ohne die w\u00fcrde nichts funktionieren. Kein Unternehmen k\u00f6nnte arbeiten, wir w\u00fcrden keine","breadcrumb":{"@id":"https:\/\/truckonline.de\/blog\/2024\/07\/21\/schlaue-zitate-125\/#breadcrumb"},"inLanguage":"de","potentialAction":[{"@type":"ReadAction","target":["https:\/\/truckonline.de\/blog\/2024\/07\/21\/schlaue-zitate-125\/"]}]},{"@type":"BreadcrumbList","@id":"https:\/\/truckonline.de\/blog\/2024\/07\/21\/schlaue-zitate-125\/#breadcrumb","itemListElement":[{"@type":"ListItem","position":1,"name":"Startseite","item":"https:\/\/truckonline.de\/blog\/"},{"@type":"ListItem","position":2,"name":"Schlaue Zitate"}]},{"@type":"WebSite","@id":"https:\/\/truckonline.de\/blog\/#website","url":"https:\/\/truckonline.de\/blog\/","name":"TruckOnline.de","description":"","publisher":{"@id":"https:\/\/truckonline.de\/blog\/#\/schema\/person\/4cb59b86ffde81f882f56439688fda19"},"potentialAction":[{"@type":"SearchAction","target":{"@type":"EntryPoint","urlTemplate":"https:\/\/truckonline.de\/blog\/?s={search_term_string}"},"query-input":{"@type":"PropertyValueSpecification","valueRequired":true,"valueName":"search_term_string"}}],"inLanguage":"de"},{"@type":["Person","Organization"],"@id":"https:\/\/truckonline.de\/blog\/#\/schema\/person\/4cb59b86ffde81f882f56439688fda19","name":"maik","image":{"@type":"ImageObject","inLanguage":"de","@id":"https:\/\/truckonline.de\/blog\/wp-content\/uploads\/2019\/12\/logoinnenweiss.png","url":"https:\/\/truckonline.de\/blog\/wp-content\/uploads\/2019\/12\/logoinnenweiss.png","contentUrl":"https:\/\/truckonline.de\/blog\/wp-content\/uploads\/2019\/12\/logoinnenweiss.png","width":733,"height":125,"caption":"maik"},"logo":{"@id":"https:\/\/truckonline.de\/blog\/wp-content\/uploads\/2019\/12\/logoinnenweiss.png"},"sameAs":["https:\/\/www.facebook.com\/truckblog","https:\/\/www.instagram.com\/truck_online\/","https:\/\/x.com\/https:\/\/twitter.com\/truckblog","https:\/\/www.youtube.com\/user\/truckonline","https:\/\/www.tumblr.com\/truckonline"]}]}},"_links":{"self":[{"href":"https:\/\/truckonline.de\/blog\/wp-json\/wp\/v2\/posts\/13189","targetHints":{"allow":["GET"]}}],"collection":[{"href":"https:\/\/truckonline.de\/blog\/wp-json\/wp\/v2\/posts"}],"about":[{"href":"https:\/\/truckonline.de\/blog\/wp-json\/wp\/v2\/types\/post"}],"author":[{"embeddable":true,"href":"https:\/\/truckonline.de\/blog\/wp-json\/wp\/v2\/users\/3"}],"replies":[{"embeddable":true,"href":"https:\/\/truckonline.de\/blog\/wp-json\/wp\/v2\/comments?post=13189"}],"version-history":[{"count":3,"href":"https:\/\/truckonline.de\/blog\/wp-json\/wp\/v2\/posts\/13189\/revisions"}],"predecessor-version":[{"id":13193,"href":"https:\/\/truckonline.de\/blog\/wp-json\/wp\/v2\/posts\/13189\/revisions\/13193"}],"wp:attachment":[{"href":"https:\/\/truckonline.de\/blog\/wp-json\/wp\/v2\/media?parent=13189"}],"wp:term":[{"taxonomy":"category","embeddable":true,"href":"https:\/\/truckonline.de\/blog\/wp-json\/wp\/v2\/categories?post=13189"},{"taxonomy":"post_tag","embeddable":true,"href":"https:\/\/truckonline.de\/blog\/wp-json\/wp\/v2\/tags?post=13189"}],"curies":[{"name":"wp","href":"https:\/\/api.w.org\/{rel}","templated":true}]}}