{"id":13187,"date":"2024-07-20T20:51:00","date_gmt":"2024-07-20T18:51:00","guid":{"rendered":"https:\/\/truckonline.de\/blog\/?p=13187"},"modified":"2024-07-21T01:52:25","modified_gmt":"2024-07-20T23:52:25","slug":"links-und-rechts-der-daten-autobahn-175","status":"publish","type":"post","link":"https:\/\/truckonline.de\/blog\/2024\/07\/20\/links-und-rechts-der-daten-autobahn-175\/","title":{"rendered":"Links und rechts der (Daten-)autobahn"},"content":{"rendered":"\n<p>Die Fotok\u00fcnstlerin Simone Demandt <a href=\"https:\/\/www.swr.de\/swrkultur\/kunst-und-ausstellung\/knochenjob-fernfahrer-beeindruckende-portraits-von-simone-demandt-in-goeppingen-100.html\">hat f\u00fcnf Jahre lang<\/a> Lkw-Fahrer und Fahrerinnen auf Rastst\u00e4tten gesucht, besucht und fotografiert. Entstanden sind Portr\u00e4ts von Menschen, die ihre Familien monatelang nicht sehen, in ihren Kabinen wohnen, essen und schlafen.  <\/p>\n\n\n\n<p>Seit dem 12. Juli werden <a href=\"https:\/\/kunstverein-goeppingen.de\/portfolio\/simone-demandt-movers\/\">diese fast lebensgro\u00dfen Bilder<\/a> vom Kunstverein G\u00f6ppingen e.V. in der Kunsthalle G\u00f6ppingen <a href=\"https:\/\/www.kunsthalle-goeppingen.de\/ausstellung\/jahresausstellung-des-kunstverein-goeppingen-e-v\/\">unter dem Titel &#8222;<em>MOVERS<\/em>&#8222;<\/a> pr\u00e4sentiert. W\u00e4re es von meinem Heimatort nicht so weit weg, ich w\u00fcrde mir diese Bilder anschauen. <br>***<\/p>\n\n\n\n<p>Das Parkchaos an deutschen Autobahnen, hier <a href=\"https:\/\/www.spiegel.de\/panorama\/gesellschaft\/chaos-auf-deutschen-raststaetten-kein-platz-fuer-die-rast-spiegel-tv-a-b1eb53bb-16de-4a0f-a93e-91defeeaedf2\">vom &#8222;<em>Spiegel<\/em>&#8220; aufgefrischt<\/a>. <br>Am Ende zeigt auch dieser Bericht nur, dass es bei der Masse an Lkw keine L\u00f6sung gibt. Und auch die Polizei bei der Durchsetzung von Recht und Ordnung hilflos ist und es oftmals, wie bei den Beamten M\u00fcller und Meyer von der Autobahnpolizei Braunschweig, an mehr als nur Fingerspitzengef\u00fchl mangelt. <\/p>\n\n\n\n<p>Beispiel? Mit der flachen Hand schl\u00e4gt man nicht aufs Blech. Klopfen geht auch anders.<br> ***<\/p>\n\n\n\n<p>Verb\u00e4nde starten gemeinsamen Notruf <a href=\"https:\/\/www.eurotransport.de\/artikel\/verbaende-starten-gemeinsamen-notruf-an-den-bruecken-sparen-waere-fatal-11254524.html\">An den Br\u00fccken sparen<\/a> w\u00e4re fatal.<br> ***<\/p>\n\n\n\n<p>Schon <a href=\"https:\/\/www.electrive.net\/2024\/07\/15\/fraunhofer-isi-schon-1-000-mcs-ladestationen-reichen-fuer-e-lkw\/\">eintausend MCS-Ladestationen reichen<\/a> f\u00fcr e-Lkw. Das zeigt eine gemeinsame Studie vom Fraunhofer ISI und von Amazon hinsichtlich der optimalen Anzahl und Standorten \u00f6ffentlicher Schnellladestationen f\u00fcr den Langstrecken-Lkw-Verkehr in Europa. <br>***<\/p>\n\n\n\n<p>Der Zugang zu Trinkwasser, Toiletten und Duschen ist ein Menschenrecht. Das muss auch f\u00fcr Lkw-Fahrern und Fahrerinnen auf deutschen Autobahnen gelten, findet der gewerkschaftsnahe Verein &#8222;Sozialmaut&#8220;. <a href=\"https:\/\/weact.campact.de\/petitions\/menschenrechte-fur-lkw-fahrer-innen-in-deutschland?from_action_confirmation=true\">Hier &gt;&gt;&gt; geht es zu einer Petition<\/a>. <br>***<\/p>\n\n\n\n<p><\/p>\n","protected":false},"excerpt":{"rendered":"<p>Die Fotok\u00fcnstlerin Simone Demandt hat f\u00fcnf Jahre lang Lkw-Fahrer und Fahrerinnen auf Rastst\u00e4tten gesucht, besucht und fotografiert. Entstanden sind Portr\u00e4ts von Menschen, die ihre Familien&#8230;<\/p>\n<div class=\"more-link-wrapper\"><a class=\"more-link\" href=\"https:\/\/truckonline.de\/blog\/2024\/07\/20\/links-und-rechts-der-daten-autobahn-175\/\">Sie haben Ihr Ziel fast erreicht.<span class=\"screen-reader-text\">Links und rechts der (Daten-)autobahn<\/span><\/a><\/div>\n","protected":false},"author":3,"featured_media":0,"comment_status":"open","ping_status":"open","sticky":false,"template":"","format":"standard","meta":{"iawp_total_views":2,"_metis_text_type":"","_metis_text_length":0,"_post_count":0,"footnotes":""},"categories":[21],"tags":[2054,1881],"class_list":["post-13187","post","type-post","status-publish","format-standard","hentry","category-links-world-wide-web","tag-links-2","tag-lkw","ratio-2-1","entry"],"yoast_head":"<!-- This site is optimized with the Yoast SEO plugin v27.4 - https:\/\/yoast.com\/product\/yoast-seo-wordpress\/ -->\n<title>Links und rechts der (Daten-)autobahn | TruckOnline.de<\/title>\n<meta name=\"description\" content=\"Die Fotok\u00fcnstlerin Simone Demandt hat f\u00fcnf Jahre lang Lkw-Fahrer und Fahrerinnen auf Rastst\u00e4tten gesucht, besucht und fotografiert. Entstanden sind\" \/>\n<meta name=\"robots\" content=\"index, follow, max-snippet:-1, max-image-preview:large, max-video-preview:-1\" \/>\n<link rel=\"canonical\" href=\"https:\/\/truckonline.de\/blog\/2024\/07\/20\/links-und-rechts-der-daten-autobahn-175\/\" \/>\n<meta property=\"og:locale\" content=\"de_DE\" \/>\n<meta property=\"og:type\" content=\"article\" \/>\n<meta property=\"og:title\" content=\"Links und rechts der (Daten-)autobahn | TruckOnline.de\" \/>\n<meta property=\"og:url\" content=\"https:\/\/truckonline.de\/blog\/2024\/07\/20\/links-und-rechts-der-daten-autobahn-175\/\" \/>\n<meta property=\"og:site_name\" content=\"TruckOnline.de\" \/>\n<meta property=\"article:publisher\" content=\"https:\/\/www.facebook.com\/truckblog\" \/>\n<meta property=\"article:author\" content=\"https:\/\/www.facebook.com\/truckblog\" \/>\n<meta property=\"article:published_time\" content=\"2024-07-20T18:51:00+00:00\" \/>\n<meta property=\"article:modified_time\" content=\"2024-07-20T23:52:25+00:00\" \/>\n<meta property=\"og:image\" content=\"https:\/\/truckonline.de\/blog\/wp-content\/uploads\/2019\/12\/IMG_20191229_225424-scaled.jpg\" \/>\n\t<meta property=\"og:image:width\" content=\"2560\" \/>\n\t<meta property=\"og:image:height\" content=\"1920\" \/>\n\t<meta property=\"og:image:type\" content=\"image\/jpeg\" \/>\n<meta name=\"author\" content=\"maik\" \/>\n<meta name=\"twitter:card\" content=\"summary_large_image\" \/>\n<meta name=\"twitter:creator\" content=\"@https:\/\/twitter.com\/truckblog\" \/>\n<meta name=\"twitter:site\" content=\"@truckblog\" \/>\n<meta name=\"twitter:label1\" content=\"Verfasst von\" \/>\n\t<meta name=\"twitter:data1\" content=\"maik\" \/>\n\t<meta name=\"twitter:label2\" content=\"Gesch\u00e4tzte Lesezeit\" \/>\n\t<meta name=\"twitter:data2\" content=\"2\u00a0Minuten\" \/>\n<script type=\"application\/ld+json\" class=\"yoast-schema-graph\">{\"@context\":\"https:\\\/\\\/schema.org\",\"@graph\":[{\"@type\":\"Article\",\"@id\":\"https:\\\/\\\/truckonline.de\\\/blog\\\/2024\\\/07\\\/20\\\/links-und-rechts-der-daten-autobahn-175\\\/#article\",\"isPartOf\":{\"@id\":\"https:\\\/\\\/truckonline.de\\\/blog\\\/2024\\\/07\\\/20\\\/links-und-rechts-der-daten-autobahn-175\\\/\"},\"author\":{\"name\":\"maik\",\"@id\":\"https:\\\/\\\/truckonline.de\\\/blog\\\/#\\\/schema\\\/person\\\/4cb59b86ffde81f882f56439688fda19\"},\"headline\":\"Links und rechts der (Daten-)autobahn\",\"datePublished\":\"2024-07-20T18:51:00+00:00\",\"dateModified\":\"2024-07-20T23:52:25+00:00\",\"mainEntityOfPage\":{\"@id\":\"https:\\\/\\\/truckonline.de\\\/blog\\\/2024\\\/07\\\/20\\\/links-und-rechts-der-daten-autobahn-175\\\/\"},\"wordCount\":246,\"commentCount\":2,\"publisher\":{\"@id\":\"https:\\\/\\\/truckonline.de\\\/blog\\\/#\\\/schema\\\/person\\\/4cb59b86ffde81f882f56439688fda19\"},\"keywords\":[\"Links\",\"Lkw\"],\"articleSection\":[\"Links\"],\"inLanguage\":\"de\",\"potentialAction\":[{\"@type\":\"CommentAction\",\"name\":\"Comment\",\"target\":[\"https:\\\/\\\/truckonline.de\\\/blog\\\/2024\\\/07\\\/20\\\/links-und-rechts-der-daten-autobahn-175\\\/#respond\"]}]},{\"@type\":\"WebPage\",\"@id\":\"https:\\\/\\\/truckonline.de\\\/blog\\\/2024\\\/07\\\/20\\\/links-und-rechts-der-daten-autobahn-175\\\/\",\"url\":\"https:\\\/\\\/truckonline.de\\\/blog\\\/2024\\\/07\\\/20\\\/links-und-rechts-der-daten-autobahn-175\\\/\",\"name\":\"Links und rechts der (Daten-)autobahn | TruckOnline.de\",\"isPartOf\":{\"@id\":\"https:\\\/\\\/truckonline.de\\\/blog\\\/#website\"},\"datePublished\":\"2024-07-20T18:51:00+00:00\",\"dateModified\":\"2024-07-20T23:52:25+00:00\",\"description\":\"Die Fotok\u00fcnstlerin Simone Demandt hat f\u00fcnf Jahre lang Lkw-Fahrer und Fahrerinnen auf Rastst\u00e4tten gesucht, besucht und fotografiert. Entstanden sind\",\"breadcrumb\":{\"@id\":\"https:\\\/\\\/truckonline.de\\\/blog\\\/2024\\\/07\\\/20\\\/links-und-rechts-der-daten-autobahn-175\\\/#breadcrumb\"},\"inLanguage\":\"de\",\"potentialAction\":[{\"@type\":\"ReadAction\",\"target\":[\"https:\\\/\\\/truckonline.de\\\/blog\\\/2024\\\/07\\\/20\\\/links-und-rechts-der-daten-autobahn-175\\\/\"]}]},{\"@type\":\"BreadcrumbList\",\"@id\":\"https:\\\/\\\/truckonline.de\\\/blog\\\/2024\\\/07\\\/20\\\/links-und-rechts-der-daten-autobahn-175\\\/#breadcrumb\",\"itemListElement\":[{\"@type\":\"ListItem\",\"position\":1,\"name\":\"Startseite\",\"item\":\"https:\\\/\\\/truckonline.de\\\/blog\\\/\"},{\"@type\":\"ListItem\",\"position\":2,\"name\":\"Links und rechts der (Daten-)autobahn\"}]},{\"@type\":\"WebSite\",\"@id\":\"https:\\\/\\\/truckonline.de\\\/blog\\\/#website\",\"url\":\"https:\\\/\\\/truckonline.de\\\/blog\\\/\",\"name\":\"TruckOnline.de\",\"description\":\"\",\"publisher\":{\"@id\":\"https:\\\/\\\/truckonline.de\\\/blog\\\/#\\\/schema\\\/person\\\/4cb59b86ffde81f882f56439688fda19\"},\"potentialAction\":[{\"@type\":\"SearchAction\",\"target\":{\"@type\":\"EntryPoint\",\"urlTemplate\":\"https:\\\/\\\/truckonline.de\\\/blog\\\/?s={search_term_string}\"},\"query-input\":{\"@type\":\"PropertyValueSpecification\",\"valueRequired\":true,\"valueName\":\"search_term_string\"}}],\"inLanguage\":\"de\"},{\"@type\":[\"Person\",\"Organization\"],\"@id\":\"https:\\\/\\\/truckonline.de\\\/blog\\\/#\\\/schema\\\/person\\\/4cb59b86ffde81f882f56439688fda19\",\"name\":\"maik\",\"image\":{\"@type\":\"ImageObject\",\"inLanguage\":\"de\",\"@id\":\"https:\\\/\\\/truckonline.de\\\/blog\\\/wp-content\\\/uploads\\\/2019\\\/12\\\/logoinnenweiss.png\",\"url\":\"https:\\\/\\\/truckonline.de\\\/blog\\\/wp-content\\\/uploads\\\/2019\\\/12\\\/logoinnenweiss.png\",\"contentUrl\":\"https:\\\/\\\/truckonline.de\\\/blog\\\/wp-content\\\/uploads\\\/2019\\\/12\\\/logoinnenweiss.png\",\"width\":733,\"height\":125,\"caption\":\"maik\"},\"logo\":{\"@id\":\"https:\\\/\\\/truckonline.de\\\/blog\\\/wp-content\\\/uploads\\\/2019\\\/12\\\/logoinnenweiss.png\"},\"sameAs\":[\"https:\\\/\\\/www.facebook.com\\\/truckblog\",\"https:\\\/\\\/www.instagram.com\\\/truck_online\\\/\",\"https:\\\/\\\/x.com\\\/https:\\\/\\\/twitter.com\\\/truckblog\",\"https:\\\/\\\/www.youtube.com\\\/user\\\/truckonline\",\"https:\\\/\\\/www.tumblr.com\\\/truckonline\"]}]}<\/script>\n<!-- \/ Yoast SEO plugin. -->","yoast_head_json":{"title":"Links und rechts der (Daten-)autobahn | TruckOnline.de","description":"Die Fotok\u00fcnstlerin Simone Demandt hat f\u00fcnf Jahre lang Lkw-Fahrer und Fahrerinnen auf Rastst\u00e4tten gesucht, besucht und fotografiert. Entstanden sind","robots":{"index":"index","follow":"follow","max-snippet":"max-snippet:-1","max-image-preview":"max-image-preview:large","max-video-preview":"max-video-preview:-1"},"canonical":"https:\/\/truckonline.de\/blog\/2024\/07\/20\/links-und-rechts-der-daten-autobahn-175\/","og_locale":"de_DE","og_type":"article","og_title":"Links und rechts der (Daten-)autobahn | TruckOnline.de","og_url":"https:\/\/truckonline.de\/blog\/2024\/07\/20\/links-und-rechts-der-daten-autobahn-175\/","og_site_name":"TruckOnline.de","article_publisher":"https:\/\/www.facebook.com\/truckblog","article_author":"https:\/\/www.facebook.com\/truckblog","article_published_time":"2024-07-20T18:51:00+00:00","article_modified_time":"2024-07-20T23:52:25+00:00","og_image":[{"width":2560,"height":1920,"url":"https:\/\/truckonline.de\/blog\/wp-content\/uploads\/2019\/12\/IMG_20191229_225424-scaled.jpg","type":"image\/jpeg"}],"author":"maik","twitter_card":"summary_large_image","twitter_creator":"@https:\/\/twitter.com\/truckblog","twitter_site":"@truckblog","twitter_misc":{"Verfasst von":"maik","Gesch\u00e4tzte Lesezeit":"2\u00a0Minuten"},"schema":{"@context":"https:\/\/schema.org","@graph":[{"@type":"Article","@id":"https:\/\/truckonline.de\/blog\/2024\/07\/20\/links-und-rechts-der-daten-autobahn-175\/#article","isPartOf":{"@id":"https:\/\/truckonline.de\/blog\/2024\/07\/20\/links-und-rechts-der-daten-autobahn-175\/"},"author":{"name":"maik","@id":"https:\/\/truckonline.de\/blog\/#\/schema\/person\/4cb59b86ffde81f882f56439688fda19"},"headline":"Links und rechts der (Daten-)autobahn","datePublished":"2024-07-20T18:51:00+00:00","dateModified":"2024-07-20T23:52:25+00:00","mainEntityOfPage":{"@id":"https:\/\/truckonline.de\/blog\/2024\/07\/20\/links-und-rechts-der-daten-autobahn-175\/"},"wordCount":246,"commentCount":2,"publisher":{"@id":"https:\/\/truckonline.de\/blog\/#\/schema\/person\/4cb59b86ffde81f882f56439688fda19"},"keywords":["Links","Lkw"],"articleSection":["Links"],"inLanguage":"de","potentialAction":[{"@type":"CommentAction","name":"Comment","target":["https:\/\/truckonline.de\/blog\/2024\/07\/20\/links-und-rechts-der-daten-autobahn-175\/#respond"]}]},{"@type":"WebPage","@id":"https:\/\/truckonline.de\/blog\/2024\/07\/20\/links-und-rechts-der-daten-autobahn-175\/","url":"https:\/\/truckonline.de\/blog\/2024\/07\/20\/links-und-rechts-der-daten-autobahn-175\/","name":"Links und rechts der (Daten-)autobahn | TruckOnline.de","isPartOf":{"@id":"https:\/\/truckonline.de\/blog\/#website"},"datePublished":"2024-07-20T18:51:00+00:00","dateModified":"2024-07-20T23:52:25+00:00","description":"Die Fotok\u00fcnstlerin Simone Demandt hat f\u00fcnf Jahre lang Lkw-Fahrer und Fahrerinnen auf Rastst\u00e4tten gesucht, besucht und fotografiert. Entstanden sind","breadcrumb":{"@id":"https:\/\/truckonline.de\/blog\/2024\/07\/20\/links-und-rechts-der-daten-autobahn-175\/#breadcrumb"},"inLanguage":"de","potentialAction":[{"@type":"ReadAction","target":["https:\/\/truckonline.de\/blog\/2024\/07\/20\/links-und-rechts-der-daten-autobahn-175\/"]}]},{"@type":"BreadcrumbList","@id":"https:\/\/truckonline.de\/blog\/2024\/07\/20\/links-und-rechts-der-daten-autobahn-175\/#breadcrumb","itemListElement":[{"@type":"ListItem","position":1,"name":"Startseite","item":"https:\/\/truckonline.de\/blog\/"},{"@type":"ListItem","position":2,"name":"Links und rechts der (Daten-)autobahn"}]},{"@type":"WebSite","@id":"https:\/\/truckonline.de\/blog\/#website","url":"https:\/\/truckonline.de\/blog\/","name":"TruckOnline.de","description":"","publisher":{"@id":"https:\/\/truckonline.de\/blog\/#\/schema\/person\/4cb59b86ffde81f882f56439688fda19"},"potentialAction":[{"@type":"SearchAction","target":{"@type":"EntryPoint","urlTemplate":"https:\/\/truckonline.de\/blog\/?s={search_term_string}"},"query-input":{"@type":"PropertyValueSpecification","valueRequired":true,"valueName":"search_term_string"}}],"inLanguage":"de"},{"@type":["Person","Organization"],"@id":"https:\/\/truckonline.de\/blog\/#\/schema\/person\/4cb59b86ffde81f882f56439688fda19","name":"maik","image":{"@type":"ImageObject","inLanguage":"de","@id":"https:\/\/truckonline.de\/blog\/wp-content\/uploads\/2019\/12\/logoinnenweiss.png","url":"https:\/\/truckonline.de\/blog\/wp-content\/uploads\/2019\/12\/logoinnenweiss.png","contentUrl":"https:\/\/truckonline.de\/blog\/wp-content\/uploads\/2019\/12\/logoinnenweiss.png","width":733,"height":125,"caption":"maik"},"logo":{"@id":"https:\/\/truckonline.de\/blog\/wp-content\/uploads\/2019\/12\/logoinnenweiss.png"},"sameAs":["https:\/\/www.facebook.com\/truckblog","https:\/\/www.instagram.com\/truck_online\/","https:\/\/x.com\/https:\/\/twitter.com\/truckblog","https:\/\/www.youtube.com\/user\/truckonline","https:\/\/www.tumblr.com\/truckonline"]}]}},"_links":{"self":[{"href":"https:\/\/truckonline.de\/blog\/wp-json\/wp\/v2\/posts\/13187","targetHints":{"allow":["GET"]}}],"collection":[{"href":"https:\/\/truckonline.de\/blog\/wp-json\/wp\/v2\/posts"}],"about":[{"href":"https:\/\/truckonline.de\/blog\/wp-json\/wp\/v2\/types\/post"}],"author":[{"embeddable":true,"href":"https:\/\/truckonline.de\/blog\/wp-json\/wp\/v2\/users\/3"}],"replies":[{"embeddable":true,"href":"https:\/\/truckonline.de\/blog\/wp-json\/wp\/v2\/comments?post=13187"}],"version-history":[{"count":1,"href":"https:\/\/truckonline.de\/blog\/wp-json\/wp\/v2\/posts\/13187\/revisions"}],"predecessor-version":[{"id":13188,"href":"https:\/\/truckonline.de\/blog\/wp-json\/wp\/v2\/posts\/13187\/revisions\/13188"}],"wp:attachment":[{"href":"https:\/\/truckonline.de\/blog\/wp-json\/wp\/v2\/media?parent=13187"}],"wp:term":[{"taxonomy":"category","embeddable":true,"href":"https:\/\/truckonline.de\/blog\/wp-json\/wp\/v2\/categories?post=13187"},{"taxonomy":"post_tag","embeddable":true,"href":"https:\/\/truckonline.de\/blog\/wp-json\/wp\/v2\/tags?post=13187"}],"curies":[{"name":"wp","href":"https:\/\/api.w.org\/{rel}","templated":true}]}}