{"id":12982,"date":"2024-05-10T19:57:03","date_gmt":"2024-05-10T17:57:03","guid":{"rendered":"https:\/\/truckonline.de\/blog\/?p=12982"},"modified":"2024-05-12T01:47:31","modified_gmt":"2024-05-11T23:47:31","slug":"so-faengt-man-punkte","status":"publish","type":"post","link":"https:\/\/truckonline.de\/blog\/2024\/05\/10\/so-faengt-man-punkte\/","title":{"rendered":"So f\u00e4ngt man Punkte"},"content":{"rendered":"\n<p>Seit zweieinhalb Jahren m\u00fcssen Lkw-Fahrer, also auch ich, an einer Grenze oder bei der erstm\u00f6glichen Alternative manuell das L\u00e4ndersymbol des gerade befahrenen Landes erfassen.<\/p>\n\n\n\n<p>Das muss man sich so vorstellen. Fahre ich in der fr\u00fch bei N\u00fcrnberg los, best\u00e4tige ich in einem Menupunkt im digitalen Tachographen &#8222;<em>Beginn Land D<\/em>&#8222;. Also Deutschland. <br>Stunden sp\u00e4ter bei der Einfahrt nach \u00d6sterreich halte ich kurz in Kiefersfelden und gebe &#8222;<em>Beginn Land A<\/em>&#8220; ein. A wie \u00d6sterreich. Auf dem Brenner dann &#8222;<em>Beginn Land I<\/em>&#8220; und zum Fahrtende irgendwo bei Brescia oder Bergamo schlie\u00dflich &#8222;<em>Ende Land I<\/em>&#8222;.<\/p>\n\n\n\n<p>Ausgenommen davon sind nur Fahrzeuge, in denen die neue Generation von Fahrtenschreibern verbaut ist, dem sogenannten <em>intelligenten Tachographen 2.0<\/em>. <br>Die zeichnen dank GPS-Technologie jeden Grenz\u00fcbertritt automatisch auf und sind in Lkw zu finden, die seit Ende August letzten Jahres zugelassen werden.<\/p>\n\n\n\n<p>So viel zur Theorie. Jetzt zur Praxis. <br>Die ist so, wie es bei Kiefersfelden Richtung Deutschland oft abl\u00e4uft. Viele Kolekas aus Osteuropa, und ja, dass machen auch deutsche, fahren durch die Kontrollstelle der Bundespolizei, bleiben hundert Meter weiter auf dem Standstreifen stehen, um eben die L\u00e4ndereingabe im Tacho vorzunehmen. <\/p>\n\n\n\n<p>Das mit &#8222;<em>erstm\u00f6gliche<\/em> Alternative&#8220; eine &#8222;<em>geeignete Stelle<\/em>&#8220; und kein &#8222;<em>Standstreifen<\/em>&#8220; gemeint ist, kapieren die nicht. Zumal es diese &#8222;<em>geeignete Stelle<\/em>&#8220; sogar direkt am Grenz\u00fcbergang gibt, n\u00e4mlich auf dem Rasthof gleich nebenan. <br>Aber logo, der besteht ja aus Lava. Also muss das auf der Autobahn gemacht werden.<\/p>\n\n\n\n<p>Aber mehr noch. Nach der Eingabe fahren die los, ziehen fast aus dem Stand links r\u00fcber. Ob von hinten was kommt? Schei\u00df egal.<\/p>\n\n\n\n<p>Richtung Tirol ist es \u00fcbrigens \u00e4hnlich. Die fahren durch die Engstelle der Blockabfertigung, bleiben auch danach auf dem Standstreifen stehen, um eben &#8222;<em>A wie \u00d6sterreich<\/em>&#8220; zu best\u00e4tigen. <br>Hat sich halt so eingeb\u00fcrgert.<\/p>\n\n\n\n<p>Nun zu Heute. In der fr\u00fch fahre ich da durch. Den Tacho hab ich schon kurz vorher beim tanken in Kufstein umgestellt. Wie bereits geschrieben, \u00fcberhaupt kein Problem. <br>Steht wieder einer auf dem Standstreifen. der gerade auf die rechte Spur ziehen will. Ich fahre links r\u00fcber, gleichzeitig kommen vom Rasthof zwei Lkw auf die Autobahn. Beide <a href=\"https:\/\/www.hartrodt.com\/de\/\">von einer Firma<\/a>, polnische Kennzeichen.<\/p>\n\n\n\n<p>Da bleib ich nat\u00fcrlich erstmal links. Zumindest so lang, bis ich zwischen beiden wieder rechts r\u00fcber kann. Ist ja \u00dcberholverbot f\u00fcr Lkw. <br>Jetzt macht der hintere nat\u00fcrlich zu, kam ich nicht r\u00fcber. Der vordere gibt auch Gas.<\/p>\n\n\n\n<p>So qu\u00e4le ich mich an beide vorbei, blinke schon um zu zeigen, dass ich wieder auf die rechte Spur will. Aber Sturheit siegt. <br>Dann war ich auch am ersten Lkw vor\u00fcber, ziehe nach rechts. So weit, so gut.<\/p>\n\n\n\n<p>\u00dcberholt mich der erste Pkw, der zweite, der dritte. Danach ein Motorrad, der Fahrer guckt aufs Nummernschild, gibt wieder Gas. War nat\u00fcrlich die Polizei.<\/p>\n\n\n\n<p>Tja, so leicht f\u00e4ngt man Punkte. Denn einen gibt es mit Sicherheit. Und diese Begebenheit kann ich der Bu\u00dfgeldstelle genau so schreiben. Denn genauso ist es passiert. <br>Das wird die aber nicht jucken. So wie es der Bundespolizei nicht interessiert, dass in Sichtweite von denen zig Mal am Tag Lkw regelwidrig auf einem Pannenstreifen halten.<\/p>\n\n\n\n<p>So gibt es halt f\u00fcr mich nen Punkt in Flensburg und eine saftige Geldstrafe. Bin ich nat\u00fcrlich schon etwas bedient.<\/p>\n","protected":false},"excerpt":{"rendered":"<p>Seit zweieinhalb Jahren m\u00fcssen Lkw-Fahrer, also auch ich, an einer Grenze oder bei der erstm\u00f6glichen Alternative manuell das L\u00e4ndersymbol des gerade befahrenen Landes erfassen. Das&#8230;<\/p>\n<div class=\"more-link-wrapper\"><a class=\"more-link\" href=\"https:\/\/truckonline.de\/blog\/2024\/05\/10\/so-faengt-man-punkte\/\">Sie haben Ihr Ziel fast erreicht.<span class=\"screen-reader-text\">So f\u00e4ngt man Punkte<\/span><\/a><\/div>\n","protected":false},"author":3,"featured_media":0,"comment_status":"open","ping_status":"open","sticky":false,"template":"","format":"standard","meta":{"iawp_total_views":2,"_metis_text_type":"","_metis_text_length":0,"_post_count":0,"footnotes":""},"categories":[593,24],"tags":[2269],"class_list":["post-12982","post","type-post","status-publish","format-standard","hentry","category-aergerliches","category-unterwegs","tag-bundespolizei","ratio-2-1","entry"],"yoast_head":"<!-- This site is optimized with the Yoast SEO plugin v27.5 - https:\/\/yoast.com\/product\/yoast-seo-wordpress\/ -->\n<title>So f\u00e4ngt man Punkte | TruckOnline.de<\/title>\n<meta name=\"description\" content=\"Seit zweieinhalb Jahren m\u00fcssen Lkw-Fahrer, also auch ich, an einer Grenze oder bei der erstm\u00f6glichen Alternative manuell das L\u00e4ndersymbol des gerade\" \/>\n<meta name=\"robots\" content=\"index, follow, max-snippet:-1, max-image-preview:large, max-video-preview:-1\" \/>\n<link rel=\"canonical\" href=\"https:\/\/truckonline.de\/blog\/2024\/05\/10\/so-faengt-man-punkte\/\" \/>\n<meta property=\"og:locale\" content=\"de_DE\" \/>\n<meta property=\"og:type\" content=\"article\" \/>\n<meta property=\"og:title\" content=\"So f\u00e4ngt man Punkte | TruckOnline.de\" \/>\n<meta property=\"og:url\" content=\"https:\/\/truckonline.de\/blog\/2024\/05\/10\/so-faengt-man-punkte\/\" \/>\n<meta property=\"og:site_name\" content=\"TruckOnline.de\" \/>\n<meta property=\"article:publisher\" content=\"https:\/\/www.facebook.com\/truckblog\" \/>\n<meta property=\"article:author\" content=\"https:\/\/www.facebook.com\/truckblog\" \/>\n<meta property=\"article:published_time\" content=\"2024-05-10T17:57:03+00:00\" \/>\n<meta property=\"article:modified_time\" content=\"2024-05-11T23:47:31+00:00\" \/>\n<meta property=\"og:image\" content=\"https:\/\/truckonline.de\/blog\/wp-content\/uploads\/2019\/12\/IMG_20191229_225424-scaled.jpg\" \/>\n\t<meta property=\"og:image:width\" content=\"2560\" \/>\n\t<meta property=\"og:image:height\" content=\"1920\" \/>\n\t<meta property=\"og:image:type\" content=\"image\/jpeg\" \/>\n<meta name=\"author\" content=\"maik\" \/>\n<meta name=\"twitter:card\" content=\"summary_large_image\" \/>\n<meta name=\"twitter:creator\" content=\"@https:\/\/twitter.com\/truckblog\" \/>\n<meta name=\"twitter:site\" content=\"@truckblog\" \/>\n<meta name=\"twitter:label1\" content=\"Verfasst von\" \/>\n\t<meta name=\"twitter:data1\" content=\"maik\" \/>\n\t<meta name=\"twitter:label2\" content=\"Gesch\u00e4tzte Lesezeit\" \/>\n\t<meta name=\"twitter:data2\" content=\"3\u00a0Minuten\" \/>\n<script type=\"application\/ld+json\" class=\"yoast-schema-graph\">{\"@context\":\"https:\\\/\\\/schema.org\",\"@graph\":[{\"@type\":\"Article\",\"@id\":\"https:\\\/\\\/truckonline.de\\\/blog\\\/2024\\\/05\\\/10\\\/so-faengt-man-punkte\\\/#article\",\"isPartOf\":{\"@id\":\"https:\\\/\\\/truckonline.de\\\/blog\\\/2024\\\/05\\\/10\\\/so-faengt-man-punkte\\\/\"},\"author\":{\"name\":\"maik\",\"@id\":\"https:\\\/\\\/truckonline.de\\\/blog\\\/#\\\/schema\\\/person\\\/4cb59b86ffde81f882f56439688fda19\"},\"headline\":\"So f\u00e4ngt man Punkte\",\"datePublished\":\"2024-05-10T17:57:03+00:00\",\"dateModified\":\"2024-05-11T23:47:31+00:00\",\"mainEntityOfPage\":{\"@id\":\"https:\\\/\\\/truckonline.de\\\/blog\\\/2024\\\/05\\\/10\\\/so-faengt-man-punkte\\\/\"},\"wordCount\":552,\"commentCount\":4,\"publisher\":{\"@id\":\"https:\\\/\\\/truckonline.de\\\/blog\\\/#\\\/schema\\\/person\\\/4cb59b86ffde81f882f56439688fda19\"},\"keywords\":[\"Bundespolizei\"],\"articleSection\":[\"\u00c4rgerliches\",\"Unterwegs\"],\"inLanguage\":\"de\",\"potentialAction\":[{\"@type\":\"CommentAction\",\"name\":\"Comment\",\"target\":[\"https:\\\/\\\/truckonline.de\\\/blog\\\/2024\\\/05\\\/10\\\/so-faengt-man-punkte\\\/#respond\"]}]},{\"@type\":\"WebPage\",\"@id\":\"https:\\\/\\\/truckonline.de\\\/blog\\\/2024\\\/05\\\/10\\\/so-faengt-man-punkte\\\/\",\"url\":\"https:\\\/\\\/truckonline.de\\\/blog\\\/2024\\\/05\\\/10\\\/so-faengt-man-punkte\\\/\",\"name\":\"So f\u00e4ngt man Punkte | TruckOnline.de\",\"isPartOf\":{\"@id\":\"https:\\\/\\\/truckonline.de\\\/blog\\\/#website\"},\"datePublished\":\"2024-05-10T17:57:03+00:00\",\"dateModified\":\"2024-05-11T23:47:31+00:00\",\"description\":\"Seit zweieinhalb Jahren m\u00fcssen Lkw-Fahrer, also auch ich, an einer Grenze oder bei der erstm\u00f6glichen Alternative manuell das L\u00e4ndersymbol des gerade\",\"breadcrumb\":{\"@id\":\"https:\\\/\\\/truckonline.de\\\/blog\\\/2024\\\/05\\\/10\\\/so-faengt-man-punkte\\\/#breadcrumb\"},\"inLanguage\":\"de\",\"potentialAction\":[{\"@type\":\"ReadAction\",\"target\":[\"https:\\\/\\\/truckonline.de\\\/blog\\\/2024\\\/05\\\/10\\\/so-faengt-man-punkte\\\/\"]}]},{\"@type\":\"BreadcrumbList\",\"@id\":\"https:\\\/\\\/truckonline.de\\\/blog\\\/2024\\\/05\\\/10\\\/so-faengt-man-punkte\\\/#breadcrumb\",\"itemListElement\":[{\"@type\":\"ListItem\",\"position\":1,\"name\":\"Startseite\",\"item\":\"https:\\\/\\\/truckonline.de\\\/blog\\\/\"},{\"@type\":\"ListItem\",\"position\":2,\"name\":\"So f\u00e4ngt man Punkte\"}]},{\"@type\":\"WebSite\",\"@id\":\"https:\\\/\\\/truckonline.de\\\/blog\\\/#website\",\"url\":\"https:\\\/\\\/truckonline.de\\\/blog\\\/\",\"name\":\"TruckOnline.de\",\"description\":\"\",\"publisher\":{\"@id\":\"https:\\\/\\\/truckonline.de\\\/blog\\\/#\\\/schema\\\/person\\\/4cb59b86ffde81f882f56439688fda19\"},\"potentialAction\":[{\"@type\":\"SearchAction\",\"target\":{\"@type\":\"EntryPoint\",\"urlTemplate\":\"https:\\\/\\\/truckonline.de\\\/blog\\\/?s={search_term_string}\"},\"query-input\":{\"@type\":\"PropertyValueSpecification\",\"valueRequired\":true,\"valueName\":\"search_term_string\"}}],\"inLanguage\":\"de\"},{\"@type\":[\"Person\",\"Organization\"],\"@id\":\"https:\\\/\\\/truckonline.de\\\/blog\\\/#\\\/schema\\\/person\\\/4cb59b86ffde81f882f56439688fda19\",\"name\":\"maik\",\"image\":{\"@type\":\"ImageObject\",\"inLanguage\":\"de\",\"@id\":\"https:\\\/\\\/truckonline.de\\\/blog\\\/wp-content\\\/uploads\\\/2019\\\/12\\\/logoinnenweiss.png\",\"url\":\"https:\\\/\\\/truckonline.de\\\/blog\\\/wp-content\\\/uploads\\\/2019\\\/12\\\/logoinnenweiss.png\",\"contentUrl\":\"https:\\\/\\\/truckonline.de\\\/blog\\\/wp-content\\\/uploads\\\/2019\\\/12\\\/logoinnenweiss.png\",\"width\":733,\"height\":125,\"caption\":\"maik\"},\"logo\":{\"@id\":\"https:\\\/\\\/truckonline.de\\\/blog\\\/wp-content\\\/uploads\\\/2019\\\/12\\\/logoinnenweiss.png\"},\"sameAs\":[\"https:\\\/\\\/www.facebook.com\\\/truckblog\",\"https:\\\/\\\/www.instagram.com\\\/truck_online\\\/\",\"https:\\\/\\\/x.com\\\/https:\\\/\\\/twitter.com\\\/truckblog\",\"https:\\\/\\\/www.youtube.com\\\/user\\\/truckonline\",\"https:\\\/\\\/www.tumblr.com\\\/truckonline\"]}]}<\/script>\n<!-- \/ Yoast SEO plugin. -->","yoast_head_json":{"title":"So f\u00e4ngt man Punkte | TruckOnline.de","description":"Seit zweieinhalb Jahren m\u00fcssen Lkw-Fahrer, also auch ich, an einer Grenze oder bei der erstm\u00f6glichen Alternative manuell das L\u00e4ndersymbol des gerade","robots":{"index":"index","follow":"follow","max-snippet":"max-snippet:-1","max-image-preview":"max-image-preview:large","max-video-preview":"max-video-preview:-1"},"canonical":"https:\/\/truckonline.de\/blog\/2024\/05\/10\/so-faengt-man-punkte\/","og_locale":"de_DE","og_type":"article","og_title":"So f\u00e4ngt man Punkte | TruckOnline.de","og_url":"https:\/\/truckonline.de\/blog\/2024\/05\/10\/so-faengt-man-punkte\/","og_site_name":"TruckOnline.de","article_publisher":"https:\/\/www.facebook.com\/truckblog","article_author":"https:\/\/www.facebook.com\/truckblog","article_published_time":"2024-05-10T17:57:03+00:00","article_modified_time":"2024-05-11T23:47:31+00:00","og_image":[{"width":2560,"height":1920,"url":"https:\/\/truckonline.de\/blog\/wp-content\/uploads\/2019\/12\/IMG_20191229_225424-scaled.jpg","type":"image\/jpeg"}],"author":"maik","twitter_card":"summary_large_image","twitter_creator":"@https:\/\/twitter.com\/truckblog","twitter_site":"@truckblog","twitter_misc":{"Verfasst von":"maik","Gesch\u00e4tzte Lesezeit":"3\u00a0Minuten"},"schema":{"@context":"https:\/\/schema.org","@graph":[{"@type":"Article","@id":"https:\/\/truckonline.de\/blog\/2024\/05\/10\/so-faengt-man-punkte\/#article","isPartOf":{"@id":"https:\/\/truckonline.de\/blog\/2024\/05\/10\/so-faengt-man-punkte\/"},"author":{"name":"maik","@id":"https:\/\/truckonline.de\/blog\/#\/schema\/person\/4cb59b86ffde81f882f56439688fda19"},"headline":"So f\u00e4ngt man Punkte","datePublished":"2024-05-10T17:57:03+00:00","dateModified":"2024-05-11T23:47:31+00:00","mainEntityOfPage":{"@id":"https:\/\/truckonline.de\/blog\/2024\/05\/10\/so-faengt-man-punkte\/"},"wordCount":552,"commentCount":4,"publisher":{"@id":"https:\/\/truckonline.de\/blog\/#\/schema\/person\/4cb59b86ffde81f882f56439688fda19"},"keywords":["Bundespolizei"],"articleSection":["\u00c4rgerliches","Unterwegs"],"inLanguage":"de","potentialAction":[{"@type":"CommentAction","name":"Comment","target":["https:\/\/truckonline.de\/blog\/2024\/05\/10\/so-faengt-man-punkte\/#respond"]}]},{"@type":"WebPage","@id":"https:\/\/truckonline.de\/blog\/2024\/05\/10\/so-faengt-man-punkte\/","url":"https:\/\/truckonline.de\/blog\/2024\/05\/10\/so-faengt-man-punkte\/","name":"So f\u00e4ngt man Punkte | TruckOnline.de","isPartOf":{"@id":"https:\/\/truckonline.de\/blog\/#website"},"datePublished":"2024-05-10T17:57:03+00:00","dateModified":"2024-05-11T23:47:31+00:00","description":"Seit zweieinhalb Jahren m\u00fcssen Lkw-Fahrer, also auch ich, an einer Grenze oder bei der erstm\u00f6glichen Alternative manuell das L\u00e4ndersymbol des gerade","breadcrumb":{"@id":"https:\/\/truckonline.de\/blog\/2024\/05\/10\/so-faengt-man-punkte\/#breadcrumb"},"inLanguage":"de","potentialAction":[{"@type":"ReadAction","target":["https:\/\/truckonline.de\/blog\/2024\/05\/10\/so-faengt-man-punkte\/"]}]},{"@type":"BreadcrumbList","@id":"https:\/\/truckonline.de\/blog\/2024\/05\/10\/so-faengt-man-punkte\/#breadcrumb","itemListElement":[{"@type":"ListItem","position":1,"name":"Startseite","item":"https:\/\/truckonline.de\/blog\/"},{"@type":"ListItem","position":2,"name":"So f\u00e4ngt man Punkte"}]},{"@type":"WebSite","@id":"https:\/\/truckonline.de\/blog\/#website","url":"https:\/\/truckonline.de\/blog\/","name":"TruckOnline.de","description":"","publisher":{"@id":"https:\/\/truckonline.de\/blog\/#\/schema\/person\/4cb59b86ffde81f882f56439688fda19"},"potentialAction":[{"@type":"SearchAction","target":{"@type":"EntryPoint","urlTemplate":"https:\/\/truckonline.de\/blog\/?s={search_term_string}"},"query-input":{"@type":"PropertyValueSpecification","valueRequired":true,"valueName":"search_term_string"}}],"inLanguage":"de"},{"@type":["Person","Organization"],"@id":"https:\/\/truckonline.de\/blog\/#\/schema\/person\/4cb59b86ffde81f882f56439688fda19","name":"maik","image":{"@type":"ImageObject","inLanguage":"de","@id":"https:\/\/truckonline.de\/blog\/wp-content\/uploads\/2019\/12\/logoinnenweiss.png","url":"https:\/\/truckonline.de\/blog\/wp-content\/uploads\/2019\/12\/logoinnenweiss.png","contentUrl":"https:\/\/truckonline.de\/blog\/wp-content\/uploads\/2019\/12\/logoinnenweiss.png","width":733,"height":125,"caption":"maik"},"logo":{"@id":"https:\/\/truckonline.de\/blog\/wp-content\/uploads\/2019\/12\/logoinnenweiss.png"},"sameAs":["https:\/\/www.facebook.com\/truckblog","https:\/\/www.instagram.com\/truck_online\/","https:\/\/x.com\/https:\/\/twitter.com\/truckblog","https:\/\/www.youtube.com\/user\/truckonline","https:\/\/www.tumblr.com\/truckonline"]}]}},"_links":{"self":[{"href":"https:\/\/truckonline.de\/blog\/wp-json\/wp\/v2\/posts\/12982","targetHints":{"allow":["GET"]}}],"collection":[{"href":"https:\/\/truckonline.de\/blog\/wp-json\/wp\/v2\/posts"}],"about":[{"href":"https:\/\/truckonline.de\/blog\/wp-json\/wp\/v2\/types\/post"}],"author":[{"embeddable":true,"href":"https:\/\/truckonline.de\/blog\/wp-json\/wp\/v2\/users\/3"}],"replies":[{"embeddable":true,"href":"https:\/\/truckonline.de\/blog\/wp-json\/wp\/v2\/comments?post=12982"}],"version-history":[{"count":5,"href":"https:\/\/truckonline.de\/blog\/wp-json\/wp\/v2\/posts\/12982\/revisions"}],"predecessor-version":[{"id":12987,"href":"https:\/\/truckonline.de\/blog\/wp-json\/wp\/v2\/posts\/12982\/revisions\/12987"}],"wp:attachment":[{"href":"https:\/\/truckonline.de\/blog\/wp-json\/wp\/v2\/media?parent=12982"}],"wp:term":[{"taxonomy":"category","embeddable":true,"href":"https:\/\/truckonline.de\/blog\/wp-json\/wp\/v2\/categories?post=12982"},{"taxonomy":"post_tag","embeddable":true,"href":"https:\/\/truckonline.de\/blog\/wp-json\/wp\/v2\/tags?post=12982"}],"curies":[{"name":"wp","href":"https:\/\/api.w.org\/{rel}","templated":true}]}}