{"id":12958,"date":"2024-04-25T22:57:10","date_gmt":"2024-04-25T20:57:10","guid":{"rendered":"https:\/\/truckonline.de\/blog\/?p=12958"},"modified":"2024-04-27T02:31:45","modified_gmt":"2024-04-27T00:31:45","slug":"keine-aenderung","status":"publish","type":"post","link":"https:\/\/truckonline.de\/blog\/2024\/04\/25\/keine-aenderung\/","title":{"rendered":"Keine \u00c4nderung"},"content":{"rendered":"\n<p>Nochmal <a href=\"https:\/\/truckonline.de\/blog\/2024\/04\/14\/wildost-in-schwaben-mazur-dreht-wieder-am-rad\/\">zum vorhergehenden Beitrag<\/a> mit der Auseinandersetzung <a href=\"https:\/\/www.lukmaz.pl\/\">zwischen Mazur<\/a> und &#8222;<em>seinem<\/em>&#8220; Fahrer. Hier die <em>Meinungsverschiedenheit<\/em> aus Sicht des Lohnabh\u00e4ngigen:<\/p>\n\n\n\n <div class=\"brlbs-cmpnt-container brlbs-cmpnt-content-blocker brlbs-cmpnt-with-individual-styles\" data-borlabs-cookie-content-blocker-id=\"default\" data-borlabs-cookie-content=\"PGlmcmFtZSB3aWR0aD0iNjgwIiBoZWlnaHQ9IjM4MyIgc3JjPSJodHRwczovL3d3dy55b3V0dWJlLW5vY29va2llLmNvbS9lbWJlZC9QOUJHdHVOck1aYz9zaT1MbFI0ZXYtOGY2aUJxZVFmIiB0aXRsZT0iWW91VHViZSB2aWRlbyBwbGF5ZXIiIGZyYW1lYm9yZGVyPSIwIiBhbGxvdz0iYWNjZWxlcm9tZXRlcjsgYXV0b3BsYXk7IGNsaXBib2FyZC13cml0ZTsgZW5jcnlwdGVkLW1lZGlhOyBneXJvc2NvcGU7IHBpY3R1cmUtaW4tcGljdHVyZTsgd2ViLXNoYXJlIiByZWZlcnJlcnBvbGljeT0ic3RyaWN0LW9yaWdpbi13aGVuLWNyb3NzLW9yaWdpbiIgYWxsb3dmdWxsc2NyZWVuPjwvaWZyYW1lPg==\"><div class=\"brlbs-cmpnt-cb-preset-a\"> <p class=\"brlbs-cmpnt-cb-description\">Sie sehen gerade einen Platzhalterinhalt von <strong>Standard<\/strong>. Um auf den eigentlichen Inhalt zuzugreifen, klicken Sie auf den Button unten. Bitte beachten Sie, dass dabei Daten an Drittanbieter weitergegeben werden.<\/p> <div class=\"brlbs-cmpnt-cb-buttons\"> <a class=\"brlbs-cmpnt-cb-btn\" href=\"#\" data-borlabs-cookie-unblock role=\"button\">Inhalt entsperren<\/a> <a class=\"brlbs-cmpnt-cb-btn\" href=\"#\" data-borlabs-cookie-accept-service role=\"button\" style=\"display: none\">Erforderlichen Service akzeptieren und Inhalte entsperren<\/a> <\/div> <a class=\"brlbs-cmpnt-cb-provider-toggle\" href=\"#\" data-borlabs-cookie-show-provider-information role=\"button\">Weitere Informationen<\/a> <\/div><\/div>\n\n\n\n<p>Von diesem Vorfall mal abgesehen. In den ersten Wochen des Jahres hab ich wirklich wenig tiefblaue Lkw gesehen. Mittlerweile aber wieder mehrmals t\u00e4glich. <br>Und auch wenn die jetzt neutral unterwegs sind, also ohne Beschriftung. Aber die fallen schon auf:<\/p>\n\n\n\n<figure class=\"wp-block-image size-full\"><img loading=\"lazy\" decoding=\"async\" width=\"700\" height=\"525\" src=\"https:\/\/truckonline.de\/blog\/wp-content\/uploads\/2024\/04\/lukmazrneutral700.jpg\" alt=\"lkw mercedes actros der firma lukmaz \/ agmaz aus polen in neutraler lackierung\" class=\"wp-image-12959\"\/><\/figure>\n\n\n\n<p>Auftr\u00e4ge scheinen die also genug zu bekommen.<\/p>\n\n\n\n<p>Ach ja. Hier noch ein Bericht, der auf Missst\u00e4nde hinweist.<\/p>\n\n\n\n <div class=\"brlbs-cmpnt-container brlbs-cmpnt-content-blocker brlbs-cmpnt-with-individual-styles\" data-borlabs-cookie-content-blocker-id=\"default\" data-borlabs-cookie-content=\"PGlmcmFtZSB3aWR0aD0iNjgwIiBoZWlnaHQ9IjM4MyIgc3JjPSJodHRwczovL3d3dy55b3V0dWJlLW5vY29va2llLmNvbS9lbWJlZC9pZ2lpYkNpSnlTcz9zaT1RM1pHb1FvNzA0ZHZUdnZTIiB0aXRsZT0iWW91VHViZSB2aWRlbyBwbGF5ZXIiIGZyYW1lYm9yZGVyPSIwIiBhbGxvdz0iYWNjZWxlcm9tZXRlcjsgYXV0b3BsYXk7IGNsaXBib2FyZC13cml0ZTsgZW5jcnlwdGVkLW1lZGlhOyBneXJvc2NvcGU7IHBpY3R1cmUtaW4tcGljdHVyZTsgd2ViLXNoYXJlIiByZWZlcnJlcnBvbGljeT0ic3RyaWN0LW9yaWdpbi13aGVuLWNyb3NzLW9yaWdpbiIgYWxsb3dmdWxsc2NyZWVuPjwvaWZyYW1lPg==\"><div class=\"brlbs-cmpnt-cb-preset-a\"> <p class=\"brlbs-cmpnt-cb-description\">Sie sehen gerade einen Platzhalterinhalt von <strong>Standard<\/strong>. Um auf den eigentlichen Inhalt zuzugreifen, klicken Sie auf den Button unten. Bitte beachten Sie, dass dabei Daten an Drittanbieter weitergegeben werden.<\/p> <div class=\"brlbs-cmpnt-cb-buttons\"> <a class=\"brlbs-cmpnt-cb-btn\" href=\"#\" data-borlabs-cookie-unblock role=\"button\">Inhalt entsperren<\/a> <a class=\"brlbs-cmpnt-cb-btn\" href=\"#\" data-borlabs-cookie-accept-service role=\"button\" style=\"display: none\">Erforderlichen Service akzeptieren und Inhalte entsperren<\/a> <\/div> <a class=\"brlbs-cmpnt-cb-provider-toggle\" href=\"#\" data-borlabs-cookie-show-provider-information role=\"button\">Weitere Informationen<\/a> <\/div><\/div>\n\n\n\n<p>Diese Dokus laufen irgendwie immer gleich ab: Fahrer beschreiben ihren Job, ein belgischer Polizist oder niederl\u00e4ndischer Gewerkschaftler spricht diese vor laufender Kamera an und dann wird gezeigt, wie ein Chauffeur seine W\u00e4sche am aufgeklappten K\u00fchlergrill trocknet oder seine Kollegen ihr Essen auf einem dreckigen Auflieger zubereiten.<\/p>\n\n\n\n<p>An der dargestellten Situation wird sich aber nix \u00e4ndern. Niemals. Denn das Logistikgewerbe in <s>Deutschland<\/s> Europa ist so kaputt. <br>Kunden und Endverbraucher wollen nichts zahlen, erwarten aber Premium-Service. Transporteure konkurrieren untereinander und unterbieten mit Dumpingpreisen ihre Mitbewerber.<\/p>\n\n\n\n<p>Leidtragende sind die Leute ganz unten in der Logistik. Also Fahrer, besonders die, die f\u00fcr Speditionen aus MOE-Staaten unterwegs sind, oder die Be- und Entlader in irgendwelchen Gro\u00dflagern. <br>Arbeiten f\u00fcr nen Hungerlohn, bis die Knochen kaputt sind. Von fairer Bezahlung weit entfernt.<\/p>\n\n\n\n<p>Hauptsache Transport bleibt billig. Ist halt nur eine Dienstleistung. Das die Kosten woanders eingespart werden? Egal.<\/p>\n","protected":false},"excerpt":{"rendered":"<p>Nochmal zum vorhergehenden Beitrag mit der Auseinandersetzung zwischen Mazur und &#8222;seinem&#8220; Fahrer. Hier die Meinungsverschiedenheit aus Sicht des Lohnabh\u00e4ngigen: Sie sehen gerade einen Platzhalterinhalt von&#8230;<\/p>\n<div class=\"more-link-wrapper\"><a class=\"more-link\" href=\"https:\/\/truckonline.de\/blog\/2024\/04\/25\/keine-aenderung\/\">Sie haben Ihr Ziel fast erreicht.<span class=\"screen-reader-text\">Keine \u00c4nderung<\/span><\/a><\/div>\n","protected":false},"author":3,"featured_media":0,"comment_status":"open","ping_status":"open","sticky":false,"template":"","format":"standard","meta":{"iawp_total_views":5,"_metis_text_type":"","_metis_text_length":0,"_post_count":0,"footnotes":""},"categories":[593,13,134],"tags":[2267,541],"class_list":["post-12958","post","type-post","status-publish","format-standard","hentry","category-aergerliches","category-firmen","category-ladung-lkw","tag-dumping","tag-transport","ratio-2-1","entry"],"yoast_head":"<!-- This site is optimized with the Yoast SEO plugin v27.5 - https:\/\/yoast.com\/product\/yoast-seo-wordpress\/ -->\n<title>Keine \u00c4nderung | TruckOnline.de<\/title>\n<meta name=\"description\" content=\"Nochmal zum vorhergehenden Beitrag mit der Auseinandersetzung zwischen Mazur und &quot;seinem&quot; Fahrer. Hier die Meinungsverschiedenheit aus Sicht des\" \/>\n<meta name=\"robots\" content=\"index, follow, max-snippet:-1, max-image-preview:large, max-video-preview:-1\" \/>\n<link rel=\"canonical\" href=\"https:\/\/truckonline.de\/blog\/2024\/04\/25\/keine-aenderung\/\" \/>\n<meta property=\"og:locale\" content=\"de_DE\" \/>\n<meta property=\"og:type\" content=\"article\" \/>\n<meta property=\"og:title\" content=\"Keine \u00c4nderung | TruckOnline.de\" \/>\n<meta property=\"og:url\" content=\"https:\/\/truckonline.de\/blog\/2024\/04\/25\/keine-aenderung\/\" \/>\n<meta property=\"og:site_name\" content=\"TruckOnline.de\" \/>\n<meta property=\"article:publisher\" content=\"https:\/\/www.facebook.com\/truckblog\" \/>\n<meta property=\"article:author\" content=\"https:\/\/www.facebook.com\/truckblog\" \/>\n<meta property=\"article:published_time\" content=\"2024-04-25T20:57:10+00:00\" \/>\n<meta property=\"article:modified_time\" content=\"2024-04-27T00:31:45+00:00\" \/>\n<meta property=\"og:image\" content=\"https:\/\/truckonline.de\/blog\/wp-content\/uploads\/2024\/04\/lukmazrneutral700.jpg\" \/>\n<meta name=\"author\" content=\"maik\" \/>\n<meta name=\"twitter:card\" content=\"summary_large_image\" \/>\n<meta name=\"twitter:creator\" content=\"@https:\/\/twitter.com\/truckblog\" \/>\n<meta name=\"twitter:site\" content=\"@truckblog\" \/>\n<meta name=\"twitter:label1\" content=\"Verfasst von\" \/>\n\t<meta name=\"twitter:data1\" content=\"maik\" \/>\n\t<meta name=\"twitter:label2\" content=\"Gesch\u00e4tzte Lesezeit\" \/>\n\t<meta name=\"twitter:data2\" content=\"2\u00a0Minuten\" \/>\n<script type=\"application\/ld+json\" class=\"yoast-schema-graph\">{\"@context\":\"https:\\\/\\\/schema.org\",\"@graph\":[{\"@type\":\"Article\",\"@id\":\"https:\\\/\\\/truckonline.de\\\/blog\\\/2024\\\/04\\\/25\\\/keine-aenderung\\\/#article\",\"isPartOf\":{\"@id\":\"https:\\\/\\\/truckonline.de\\\/blog\\\/2024\\\/04\\\/25\\\/keine-aenderung\\\/\"},\"author\":{\"name\":\"maik\",\"@id\":\"https:\\\/\\\/truckonline.de\\\/blog\\\/#\\\/schema\\\/person\\\/4cb59b86ffde81f882f56439688fda19\"},\"headline\":\"Keine \u00c4nderung\",\"datePublished\":\"2024-04-25T20:57:10+00:00\",\"dateModified\":\"2024-04-27T00:31:45+00:00\",\"mainEntityOfPage\":{\"@id\":\"https:\\\/\\\/truckonline.de\\\/blog\\\/2024\\\/04\\\/25\\\/keine-aenderung\\\/\"},\"wordCount\":228,\"commentCount\":1,\"publisher\":{\"@id\":\"https:\\\/\\\/truckonline.de\\\/blog\\\/#\\\/schema\\\/person\\\/4cb59b86ffde81f882f56439688fda19\"},\"image\":{\"@id\":\"https:\\\/\\\/truckonline.de\\\/blog\\\/2024\\\/04\\\/25\\\/keine-aenderung\\\/#primaryimage\"},\"thumbnailUrl\":\"https:\\\/\\\/truckonline.de\\\/blog\\\/wp-content\\\/uploads\\\/2024\\\/04\\\/lukmazrneutral700.jpg\",\"keywords\":[\"Dumping\",\"Transport\"],\"articleSection\":[\"\u00c4rgerliches\",\"Firmen\",\"Ladung\"],\"inLanguage\":\"de\",\"potentialAction\":[{\"@type\":\"CommentAction\",\"name\":\"Comment\",\"target\":[\"https:\\\/\\\/truckonline.de\\\/blog\\\/2024\\\/04\\\/25\\\/keine-aenderung\\\/#respond\"]}]},{\"@type\":\"WebPage\",\"@id\":\"https:\\\/\\\/truckonline.de\\\/blog\\\/2024\\\/04\\\/25\\\/keine-aenderung\\\/\",\"url\":\"https:\\\/\\\/truckonline.de\\\/blog\\\/2024\\\/04\\\/25\\\/keine-aenderung\\\/\",\"name\":\"Keine \u00c4nderung | TruckOnline.de\",\"isPartOf\":{\"@id\":\"https:\\\/\\\/truckonline.de\\\/blog\\\/#website\"},\"primaryImageOfPage\":{\"@id\":\"https:\\\/\\\/truckonline.de\\\/blog\\\/2024\\\/04\\\/25\\\/keine-aenderung\\\/#primaryimage\"},\"image\":{\"@id\":\"https:\\\/\\\/truckonline.de\\\/blog\\\/2024\\\/04\\\/25\\\/keine-aenderung\\\/#primaryimage\"},\"thumbnailUrl\":\"https:\\\/\\\/truckonline.de\\\/blog\\\/wp-content\\\/uploads\\\/2024\\\/04\\\/lukmazrneutral700.jpg\",\"datePublished\":\"2024-04-25T20:57:10+00:00\",\"dateModified\":\"2024-04-27T00:31:45+00:00\",\"description\":\"Nochmal zum vorhergehenden Beitrag mit der Auseinandersetzung zwischen Mazur und \\\"seinem\\\" Fahrer. Hier die Meinungsverschiedenheit aus Sicht des\",\"breadcrumb\":{\"@id\":\"https:\\\/\\\/truckonline.de\\\/blog\\\/2024\\\/04\\\/25\\\/keine-aenderung\\\/#breadcrumb\"},\"inLanguage\":\"de\",\"potentialAction\":[{\"@type\":\"ReadAction\",\"target\":[\"https:\\\/\\\/truckonline.de\\\/blog\\\/2024\\\/04\\\/25\\\/keine-aenderung\\\/\"]}]},{\"@type\":\"ImageObject\",\"inLanguage\":\"de\",\"@id\":\"https:\\\/\\\/truckonline.de\\\/blog\\\/2024\\\/04\\\/25\\\/keine-aenderung\\\/#primaryimage\",\"url\":\"https:\\\/\\\/truckonline.de\\\/blog\\\/wp-content\\\/uploads\\\/2024\\\/04\\\/lukmazrneutral700.jpg\",\"contentUrl\":\"https:\\\/\\\/truckonline.de\\\/blog\\\/wp-content\\\/uploads\\\/2024\\\/04\\\/lukmazrneutral700.jpg\",\"width\":700,\"height\":525},{\"@type\":\"BreadcrumbList\",\"@id\":\"https:\\\/\\\/truckonline.de\\\/blog\\\/2024\\\/04\\\/25\\\/keine-aenderung\\\/#breadcrumb\",\"itemListElement\":[{\"@type\":\"ListItem\",\"position\":1,\"name\":\"Startseite\",\"item\":\"https:\\\/\\\/truckonline.de\\\/blog\\\/\"},{\"@type\":\"ListItem\",\"position\":2,\"name\":\"Keine \u00c4nderung\"}]},{\"@type\":\"WebSite\",\"@id\":\"https:\\\/\\\/truckonline.de\\\/blog\\\/#website\",\"url\":\"https:\\\/\\\/truckonline.de\\\/blog\\\/\",\"name\":\"TruckOnline.de\",\"description\":\"\",\"publisher\":{\"@id\":\"https:\\\/\\\/truckonline.de\\\/blog\\\/#\\\/schema\\\/person\\\/4cb59b86ffde81f882f56439688fda19\"},\"potentialAction\":[{\"@type\":\"SearchAction\",\"target\":{\"@type\":\"EntryPoint\",\"urlTemplate\":\"https:\\\/\\\/truckonline.de\\\/blog\\\/?s={search_term_string}\"},\"query-input\":{\"@type\":\"PropertyValueSpecification\",\"valueRequired\":true,\"valueName\":\"search_term_string\"}}],\"inLanguage\":\"de\"},{\"@type\":[\"Person\",\"Organization\"],\"@id\":\"https:\\\/\\\/truckonline.de\\\/blog\\\/#\\\/schema\\\/person\\\/4cb59b86ffde81f882f56439688fda19\",\"name\":\"maik\",\"image\":{\"@type\":\"ImageObject\",\"inLanguage\":\"de\",\"@id\":\"https:\\\/\\\/truckonline.de\\\/blog\\\/wp-content\\\/uploads\\\/2019\\\/12\\\/logoinnenweiss.png\",\"url\":\"https:\\\/\\\/truckonline.de\\\/blog\\\/wp-content\\\/uploads\\\/2019\\\/12\\\/logoinnenweiss.png\",\"contentUrl\":\"https:\\\/\\\/truckonline.de\\\/blog\\\/wp-content\\\/uploads\\\/2019\\\/12\\\/logoinnenweiss.png\",\"width\":733,\"height\":125,\"caption\":\"maik\"},\"logo\":{\"@id\":\"https:\\\/\\\/truckonline.de\\\/blog\\\/wp-content\\\/uploads\\\/2019\\\/12\\\/logoinnenweiss.png\"},\"sameAs\":[\"https:\\\/\\\/www.facebook.com\\\/truckblog\",\"https:\\\/\\\/www.instagram.com\\\/truck_online\\\/\",\"https:\\\/\\\/x.com\\\/https:\\\/\\\/twitter.com\\\/truckblog\",\"https:\\\/\\\/www.youtube.com\\\/user\\\/truckonline\",\"https:\\\/\\\/www.tumblr.com\\\/truckonline\"]}]}<\/script>\n<!-- \/ Yoast SEO plugin. -->","yoast_head_json":{"title":"Keine \u00c4nderung | TruckOnline.de","description":"Nochmal zum vorhergehenden Beitrag mit der Auseinandersetzung zwischen Mazur und \"seinem\" Fahrer. Hier die Meinungsverschiedenheit aus Sicht des","robots":{"index":"index","follow":"follow","max-snippet":"max-snippet:-1","max-image-preview":"max-image-preview:large","max-video-preview":"max-video-preview:-1"},"canonical":"https:\/\/truckonline.de\/blog\/2024\/04\/25\/keine-aenderung\/","og_locale":"de_DE","og_type":"article","og_title":"Keine \u00c4nderung | TruckOnline.de","og_url":"https:\/\/truckonline.de\/blog\/2024\/04\/25\/keine-aenderung\/","og_site_name":"TruckOnline.de","article_publisher":"https:\/\/www.facebook.com\/truckblog","article_author":"https:\/\/www.facebook.com\/truckblog","article_published_time":"2024-04-25T20:57:10+00:00","article_modified_time":"2024-04-27T00:31:45+00:00","og_image":[{"url":"https:\/\/truckonline.de\/blog\/wp-content\/uploads\/2024\/04\/lukmazrneutral700.jpg","type":"","width":"","height":""}],"author":"maik","twitter_card":"summary_large_image","twitter_creator":"@https:\/\/twitter.com\/truckblog","twitter_site":"@truckblog","twitter_misc":{"Verfasst von":"maik","Gesch\u00e4tzte Lesezeit":"2\u00a0Minuten"},"schema":{"@context":"https:\/\/schema.org","@graph":[{"@type":"Article","@id":"https:\/\/truckonline.de\/blog\/2024\/04\/25\/keine-aenderung\/#article","isPartOf":{"@id":"https:\/\/truckonline.de\/blog\/2024\/04\/25\/keine-aenderung\/"},"author":{"name":"maik","@id":"https:\/\/truckonline.de\/blog\/#\/schema\/person\/4cb59b86ffde81f882f56439688fda19"},"headline":"Keine \u00c4nderung","datePublished":"2024-04-25T20:57:10+00:00","dateModified":"2024-04-27T00:31:45+00:00","mainEntityOfPage":{"@id":"https:\/\/truckonline.de\/blog\/2024\/04\/25\/keine-aenderung\/"},"wordCount":228,"commentCount":1,"publisher":{"@id":"https:\/\/truckonline.de\/blog\/#\/schema\/person\/4cb59b86ffde81f882f56439688fda19"},"image":{"@id":"https:\/\/truckonline.de\/blog\/2024\/04\/25\/keine-aenderung\/#primaryimage"},"thumbnailUrl":"https:\/\/truckonline.de\/blog\/wp-content\/uploads\/2024\/04\/lukmazrneutral700.jpg","keywords":["Dumping","Transport"],"articleSection":["\u00c4rgerliches","Firmen","Ladung"],"inLanguage":"de","potentialAction":[{"@type":"CommentAction","name":"Comment","target":["https:\/\/truckonline.de\/blog\/2024\/04\/25\/keine-aenderung\/#respond"]}]},{"@type":"WebPage","@id":"https:\/\/truckonline.de\/blog\/2024\/04\/25\/keine-aenderung\/","url":"https:\/\/truckonline.de\/blog\/2024\/04\/25\/keine-aenderung\/","name":"Keine \u00c4nderung | TruckOnline.de","isPartOf":{"@id":"https:\/\/truckonline.de\/blog\/#website"},"primaryImageOfPage":{"@id":"https:\/\/truckonline.de\/blog\/2024\/04\/25\/keine-aenderung\/#primaryimage"},"image":{"@id":"https:\/\/truckonline.de\/blog\/2024\/04\/25\/keine-aenderung\/#primaryimage"},"thumbnailUrl":"https:\/\/truckonline.de\/blog\/wp-content\/uploads\/2024\/04\/lukmazrneutral700.jpg","datePublished":"2024-04-25T20:57:10+00:00","dateModified":"2024-04-27T00:31:45+00:00","description":"Nochmal zum vorhergehenden Beitrag mit der Auseinandersetzung zwischen Mazur und \"seinem\" Fahrer. Hier die Meinungsverschiedenheit aus Sicht des","breadcrumb":{"@id":"https:\/\/truckonline.de\/blog\/2024\/04\/25\/keine-aenderung\/#breadcrumb"},"inLanguage":"de","potentialAction":[{"@type":"ReadAction","target":["https:\/\/truckonline.de\/blog\/2024\/04\/25\/keine-aenderung\/"]}]},{"@type":"ImageObject","inLanguage":"de","@id":"https:\/\/truckonline.de\/blog\/2024\/04\/25\/keine-aenderung\/#primaryimage","url":"https:\/\/truckonline.de\/blog\/wp-content\/uploads\/2024\/04\/lukmazrneutral700.jpg","contentUrl":"https:\/\/truckonline.de\/blog\/wp-content\/uploads\/2024\/04\/lukmazrneutral700.jpg","width":700,"height":525},{"@type":"BreadcrumbList","@id":"https:\/\/truckonline.de\/blog\/2024\/04\/25\/keine-aenderung\/#breadcrumb","itemListElement":[{"@type":"ListItem","position":1,"name":"Startseite","item":"https:\/\/truckonline.de\/blog\/"},{"@type":"ListItem","position":2,"name":"Keine \u00c4nderung"}]},{"@type":"WebSite","@id":"https:\/\/truckonline.de\/blog\/#website","url":"https:\/\/truckonline.de\/blog\/","name":"TruckOnline.de","description":"","publisher":{"@id":"https:\/\/truckonline.de\/blog\/#\/schema\/person\/4cb59b86ffde81f882f56439688fda19"},"potentialAction":[{"@type":"SearchAction","target":{"@type":"EntryPoint","urlTemplate":"https:\/\/truckonline.de\/blog\/?s={search_term_string}"},"query-input":{"@type":"PropertyValueSpecification","valueRequired":true,"valueName":"search_term_string"}}],"inLanguage":"de"},{"@type":["Person","Organization"],"@id":"https:\/\/truckonline.de\/blog\/#\/schema\/person\/4cb59b86ffde81f882f56439688fda19","name":"maik","image":{"@type":"ImageObject","inLanguage":"de","@id":"https:\/\/truckonline.de\/blog\/wp-content\/uploads\/2019\/12\/logoinnenweiss.png","url":"https:\/\/truckonline.de\/blog\/wp-content\/uploads\/2019\/12\/logoinnenweiss.png","contentUrl":"https:\/\/truckonline.de\/blog\/wp-content\/uploads\/2019\/12\/logoinnenweiss.png","width":733,"height":125,"caption":"maik"},"logo":{"@id":"https:\/\/truckonline.de\/blog\/wp-content\/uploads\/2019\/12\/logoinnenweiss.png"},"sameAs":["https:\/\/www.facebook.com\/truckblog","https:\/\/www.instagram.com\/truck_online\/","https:\/\/x.com\/https:\/\/twitter.com\/truckblog","https:\/\/www.youtube.com\/user\/truckonline","https:\/\/www.tumblr.com\/truckonline"]}]}},"_links":{"self":[{"href":"https:\/\/truckonline.de\/blog\/wp-json\/wp\/v2\/posts\/12958","targetHints":{"allow":["GET"]}}],"collection":[{"href":"https:\/\/truckonline.de\/blog\/wp-json\/wp\/v2\/posts"}],"about":[{"href":"https:\/\/truckonline.de\/blog\/wp-json\/wp\/v2\/types\/post"}],"author":[{"embeddable":true,"href":"https:\/\/truckonline.de\/blog\/wp-json\/wp\/v2\/users\/3"}],"replies":[{"embeddable":true,"href":"https:\/\/truckonline.de\/blog\/wp-json\/wp\/v2\/comments?post=12958"}],"version-history":[{"count":2,"href":"https:\/\/truckonline.de\/blog\/wp-json\/wp\/v2\/posts\/12958\/revisions"}],"predecessor-version":[{"id":12961,"href":"https:\/\/truckonline.de\/blog\/wp-json\/wp\/v2\/posts\/12958\/revisions\/12961"}],"wp:attachment":[{"href":"https:\/\/truckonline.de\/blog\/wp-json\/wp\/v2\/media?parent=12958"}],"wp:term":[{"taxonomy":"category","embeddable":true,"href":"https:\/\/truckonline.de\/blog\/wp-json\/wp\/v2\/categories?post=12958"},{"taxonomy":"post_tag","embeddable":true,"href":"https:\/\/truckonline.de\/blog\/wp-json\/wp\/v2\/tags?post=12958"}],"curies":[{"name":"wp","href":"https:\/\/api.w.org\/{rel}","templated":true}]}}