{"id":12799,"date":"2024-02-16T20:47:00","date_gmt":"2024-02-16T19:47:00","guid":{"rendered":"https:\/\/truckonline.de\/blog\/?p=12799"},"modified":"2024-03-14T06:25:18","modified_gmt":"2024-03-14T05:25:18","slug":"nicht-schon-wieder","status":"publish","type":"post","link":"https:\/\/truckonline.de\/blog\/2024\/02\/16\/nicht-schon-wieder\/","title":{"rendered":"Och nee. Nicht schon wieder"},"content":{"rendered":"\n<p>Die blaue Farbe des Lkw scheint auf Autos ziemlich anziehend zu wirken. Denn nach <a href=\"https:\/\/truckonline.de\/blog\/2022\/02\/01\/es-hat-peng-gemacht\/\">ihm<\/a> und <a href=\"https:\/\/truckonline.de\/blog\/2023\/06\/28\/es-hat-gescheppert\/\">ihr<\/a> ist es nun das dritte Mal, dass ein Pkw mehr oder weniger stark daran zerschellt. <br>Und das auch noch 250 Meter vor meinem Wochenende. Denn in dem Str\u00e4\u00dfchen wo der Crash passierte, steht der Lkw Samstag und Sonntag.<\/p>\n\n\n\n<p>Den Unfall kurz erz\u00e4hlt: Ich fahre auf einer vorfahrtsberechtigten Stra\u00dfe, rechts steht ein Automobil. An dem fahre ich vorbei. Ein anderes Auto kommt von links aus einer Seitenstra\u00dfe ziemlich fix angerauscht, achtet nicht auf den Verkehr auf der Hauptstra\u00dfe. Also auf mich. Den Rest kann man sich denken. <br>N\u00e4mlich Crash, Boom, Bang. Und ich war das erste Mal bedient. <\/p>\n\n\n<div class=\"wp-block-image\">\n<figure class=\"aligncenter size-full is-resized\"><img loading=\"lazy\" decoding=\"async\" width=\"700\" height=\"525\" src=\"https:\/\/truckonline.de\/blog\/wp-content\/uploads\/2024\/02\/blickausmeinerrichtung700.jpg\" alt=\"der blick in fahrtrichtung. von links kam ein anderes auto.\" class=\"wp-image-12802\" style=\"width:715px;height:auto\"\/><figcaption class=\"wp-element-caption\">Von links kam ein Auto und rechts stand ein Auto. Und hundert Meter nach hinten ist ne neunzig Grad Kurve.<\/figcaption><\/figure>\n<\/div>\n\n\n<p>Am Steuer eine Frau, als Beifahrer ihr Freund oder m\u00e4nnlicher Begleiter, keine Ahnung. Auf der R\u00fcckbank ein S\u00e4ugling. Allen dreien ist nix passiert, dass einzig positive an der ganzen G\u00fclle.<\/p>\n\n\n\n<p>Das Auto der Unfallgegnerin, <a href=\"https:\/\/www.adac.de\/rund-ums-fahrzeug\/autokatalog\/marken-modelle\/vw\/passat\/?filter=ONLY_RECENT&amp;sort=SORTING_DESC\">ein Passat<\/a>, schon ziemlich alt, hat es vorn links erwischt. Sto\u00dfstange, Scheinwerfer sind hin\u00fcber. Teile daf\u00fcr gibt es bestimmt auf Schrottpl\u00e4tzen zuhauf. Von daher, ist aber eh nicht mein Problem. <\/p>\n\n\n\n<p>Am Lkw hat es die hintere Radabdeckung nach unten gedr\u00fcckt und am Auflieger sieht die Abdeckung vom Palettenkasten schei\u00dfe aus. N\u00e4mlich verbeult und zerkratzt.<br>Da h\u00fctet man das Ding \u00fcber Jahre sprichw\u00f6rtlich wie seinen Augapfel und dann: Peng. Ich k\u00f6nnte  erbrechen.<\/p>\n\n\n<div class=\"wp-block-image\">\n<figure class=\"aligncenter size-full is-resized\"><img loading=\"lazy\" decoding=\"async\" width=\"700\" height=\"525\" src=\"https:\/\/truckonline.de\/blog\/wp-content\/uploads\/2024\/02\/staukasten700.jpg\" alt=\"kaputter palettenstaukasten an einem sattelauflieger nach einem unfall mit einem auto\" class=\"wp-image-12801\" style=\"width:715px\"\/><figcaption class=\"wp-element-caption\">Nun isser hin. <\/figcaption><\/figure>\n<\/div>\n\n\n<p>Nach der Polizei haben die Freunde angerufen. Die kamen ziemlich fix aus einem Nachbarort. <br>Ein P\u00e4rchen, wir unterhielten uns zwischendurch kurz, alles normal. Sie auch Lkw-Fahrerin im Nahverkehr, was er beruflich macht, keine Ahnung. Hab ihn nicht gefragt. Der war mir aber eh irgendwie unsympathisch.<\/p>\n\n\n\n<p>Nach anderthalb Stunden kam die Polizei. Papiere ausgeh\u00e4ndigt, nebenbei sagt der eine Polizist &#8222;<em>Was ich hier jetzt schon sehe, ganz klar, Vorfahrtsversto\u00df<\/em>.&#8220; <br>Dann fing der Hinzugekommene an, also den die angerufen haben, &#8222;<em>das w\u00e4re kein Vorfahrtsversto\u00df, ich h\u00e4tte Schuld, weil ich zu weit links gefahren bin.<\/em>&#8222;<\/p>\n\n\n\n<p>Ich darauf: &#8222;<em>Alter. ich musste ausweichen. Da stand ein Auto. Dein Kollege oder Bekannter oder was auch immer der ist, hat doch selbst noch gesehen, wie der gleich nach dem Unfall weggefahren ist<\/em>.&#8220; <br>Dann der andere wieder: &#8222;<em>Ja, dass w\u00e4re schei\u00df egal und spielt \u00fcberhaupt keine Rolle<\/em>.&#8220;<\/p>\n\n\n\n<p>Meine Antwort: &#8222;<em>Du wiederholst dich. Und erz\u00e4hle nicht so eine G\u00fclle. Sonst werde ich grantig, bin eh schon bedient wegen Euch hier. Wenn man schei\u00dfe baut, sollte man auch dazu stehen und sich nicht wie ein  gro\u00dfer Max hier auff\u00fchren. <br>Was soll ich denn machen? Anhalten, aussteigen, mich breitbeinig mit ausgestreckten Armen auf die Stra\u00dfe stellen und sagen, ihr bleibt jetzt hier stehen, bis ich vorbei gefahren bin? Ich hatte Vorfahrt, nach links sehe ich nix, kann nur geradeaus gucken. Da war alles frei, also fahre ich an dem Auto vorbei<\/em>.&#8220; <br>Meine G\u00fcte.<\/p>\n\n\n\n<p>Mittlerweile waren die Polizisten mit ihrem Schreibkram fertig. Der eine sagte zu der Unfallgegnerin: &#8222;<em>So. Sie bekommen demn\u00e4chst Post von der Bu\u00dfgeldstelle.<\/em>&#8220; Dann fing der wieder an: &#8222;<em>Wenn da was kommt, gibst Du mir das. Da schreib ich was, da erhebe ich Einspruch<\/em>.&#8220;<\/p>\n\n\n\n<p>Ich dachte nur noch, &#8222;<em>Himmel nochmal. Wo haben die den denn ausgegraben<\/em>?&#8220; Na ja. Immerhin wei\u00df ich schon, dass dieser Unfall noch ein Nachspiel haben wird. <\/p>\n","protected":false},"excerpt":{"rendered":"<p>Die blaue Farbe des Lkw scheint auf Autos ziemlich anziehend zu wirken. Denn nach ihm und ihr ist es nun das dritte Mal, dass ein&#8230;<\/p>\n<div class=\"more-link-wrapper\"><a class=\"more-link\" href=\"https:\/\/truckonline.de\/blog\/2024\/02\/16\/nicht-schon-wieder\/\">Sie haben Ihr Ziel fast erreicht.<span class=\"screen-reader-text\">Och nee. Nicht schon wieder<\/span><\/a><\/div>\n","protected":false},"author":3,"featured_media":0,"comment_status":"closed","ping_status":"closed","sticky":false,"template":"","format":"standard","meta":{"iawp_total_views":13,"_metis_text_type":"","_metis_text_length":0,"_post_count":0,"footnotes":""},"categories":[593,52],"tags":[1881,1890],"class_list":["post-12799","post","type-post","status-publish","format-standard","hentry","category-aergerliches","category-unfall","tag-lkw","tag-unfall","ratio-2-1","entry"],"yoast_head":"<!-- This site is optimized with the Yoast SEO plugin v27.5 - https:\/\/yoast.com\/product\/yoast-seo-wordpress\/ -->\n<title>Och nee. Nicht schon wieder | TruckOnline.de<\/title>\n<meta name=\"description\" content=\"Die blaue Farbe des Lkw scheint auf Autos ziemlich anziehend zu wirken. Denn nach ihm und ihr ist es nun das dritte Mal, dass ein Pkw mehr oder weniger\" \/>\n<meta name=\"robots\" content=\"index, follow, max-snippet:-1, max-image-preview:large, max-video-preview:-1\" \/>\n<link rel=\"canonical\" href=\"https:\/\/truckonline.de\/blog\/2024\/02\/16\/nicht-schon-wieder\/\" \/>\n<meta property=\"og:locale\" content=\"de_DE\" \/>\n<meta property=\"og:type\" content=\"article\" \/>\n<meta property=\"og:title\" content=\"Och nee. Nicht schon wieder | TruckOnline.de\" \/>\n<meta property=\"og:url\" content=\"https:\/\/truckonline.de\/blog\/2024\/02\/16\/nicht-schon-wieder\/\" \/>\n<meta property=\"og:site_name\" content=\"TruckOnline.de\" \/>\n<meta property=\"article:publisher\" content=\"https:\/\/www.facebook.com\/truckblog\" \/>\n<meta property=\"article:author\" content=\"https:\/\/www.facebook.com\/truckblog\" \/>\n<meta property=\"article:published_time\" content=\"2024-02-16T19:47:00+00:00\" \/>\n<meta property=\"article:modified_time\" content=\"2024-03-14T05:25:18+00:00\" \/>\n<meta property=\"og:image\" content=\"https:\/\/truckonline.de\/blog\/wp-content\/uploads\/2024\/02\/blickausmeinerrichtung700.jpg\" \/>\n<meta name=\"author\" content=\"maik\" \/>\n<meta name=\"twitter:card\" content=\"summary_large_image\" \/>\n<meta name=\"twitter:creator\" content=\"@https:\/\/twitter.com\/truckblog\" \/>\n<meta name=\"twitter:site\" content=\"@truckblog\" \/>\n<meta name=\"twitter:label1\" content=\"Verfasst von\" \/>\n\t<meta name=\"twitter:data1\" content=\"maik\" \/>\n\t<meta name=\"twitter:label2\" content=\"Gesch\u00e4tzte Lesezeit\" \/>\n\t<meta name=\"twitter:data2\" content=\"4\u00a0Minuten\" \/>\n<script type=\"application\/ld+json\" class=\"yoast-schema-graph\">{\"@context\":\"https:\\\/\\\/schema.org\",\"@graph\":[{\"@type\":\"Article\",\"@id\":\"https:\\\/\\\/truckonline.de\\\/blog\\\/2024\\\/02\\\/16\\\/nicht-schon-wieder\\\/#article\",\"isPartOf\":{\"@id\":\"https:\\\/\\\/truckonline.de\\\/blog\\\/2024\\\/02\\\/16\\\/nicht-schon-wieder\\\/\"},\"author\":{\"name\":\"maik\",\"@id\":\"https:\\\/\\\/truckonline.de\\\/blog\\\/#\\\/schema\\\/person\\\/4cb59b86ffde81f882f56439688fda19\"},\"headline\":\"Och nee. Nicht schon wieder\",\"datePublished\":\"2024-02-16T19:47:00+00:00\",\"dateModified\":\"2024-03-14T05:25:18+00:00\",\"mainEntityOfPage\":{\"@id\":\"https:\\\/\\\/truckonline.de\\\/blog\\\/2024\\\/02\\\/16\\\/nicht-schon-wieder\\\/\"},\"wordCount\":580,\"publisher\":{\"@id\":\"https:\\\/\\\/truckonline.de\\\/blog\\\/#\\\/schema\\\/person\\\/4cb59b86ffde81f882f56439688fda19\"},\"image\":{\"@id\":\"https:\\\/\\\/truckonline.de\\\/blog\\\/2024\\\/02\\\/16\\\/nicht-schon-wieder\\\/#primaryimage\"},\"thumbnailUrl\":\"https:\\\/\\\/truckonline.de\\\/blog\\\/wp-content\\\/uploads\\\/2024\\\/02\\\/blickausmeinerrichtung700.jpg\",\"keywords\":[\"Lkw\",\"Unfall\"],\"articleSection\":[\"\u00c4rgerliches\",\"Unfall\"],\"inLanguage\":\"de\"},{\"@type\":\"WebPage\",\"@id\":\"https:\\\/\\\/truckonline.de\\\/blog\\\/2024\\\/02\\\/16\\\/nicht-schon-wieder\\\/\",\"url\":\"https:\\\/\\\/truckonline.de\\\/blog\\\/2024\\\/02\\\/16\\\/nicht-schon-wieder\\\/\",\"name\":\"Och nee. Nicht schon wieder | TruckOnline.de\",\"isPartOf\":{\"@id\":\"https:\\\/\\\/truckonline.de\\\/blog\\\/#website\"},\"primaryImageOfPage\":{\"@id\":\"https:\\\/\\\/truckonline.de\\\/blog\\\/2024\\\/02\\\/16\\\/nicht-schon-wieder\\\/#primaryimage\"},\"image\":{\"@id\":\"https:\\\/\\\/truckonline.de\\\/blog\\\/2024\\\/02\\\/16\\\/nicht-schon-wieder\\\/#primaryimage\"},\"thumbnailUrl\":\"https:\\\/\\\/truckonline.de\\\/blog\\\/wp-content\\\/uploads\\\/2024\\\/02\\\/blickausmeinerrichtung700.jpg\",\"datePublished\":\"2024-02-16T19:47:00+00:00\",\"dateModified\":\"2024-03-14T05:25:18+00:00\",\"description\":\"Die blaue Farbe des Lkw scheint auf Autos ziemlich anziehend zu wirken. Denn nach ihm und ihr ist es nun das dritte Mal, dass ein Pkw mehr oder weniger\",\"breadcrumb\":{\"@id\":\"https:\\\/\\\/truckonline.de\\\/blog\\\/2024\\\/02\\\/16\\\/nicht-schon-wieder\\\/#breadcrumb\"},\"inLanguage\":\"de\",\"potentialAction\":[{\"@type\":\"ReadAction\",\"target\":[\"https:\\\/\\\/truckonline.de\\\/blog\\\/2024\\\/02\\\/16\\\/nicht-schon-wieder\\\/\"]}]},{\"@type\":\"ImageObject\",\"inLanguage\":\"de\",\"@id\":\"https:\\\/\\\/truckonline.de\\\/blog\\\/2024\\\/02\\\/16\\\/nicht-schon-wieder\\\/#primaryimage\",\"url\":\"https:\\\/\\\/truckonline.de\\\/blog\\\/wp-content\\\/uploads\\\/2024\\\/02\\\/blickausmeinerrichtung700.jpg\",\"contentUrl\":\"https:\\\/\\\/truckonline.de\\\/blog\\\/wp-content\\\/uploads\\\/2024\\\/02\\\/blickausmeinerrichtung700.jpg\",\"width\":700,\"height\":525},{\"@type\":\"BreadcrumbList\",\"@id\":\"https:\\\/\\\/truckonline.de\\\/blog\\\/2024\\\/02\\\/16\\\/nicht-schon-wieder\\\/#breadcrumb\",\"itemListElement\":[{\"@type\":\"ListItem\",\"position\":1,\"name\":\"Startseite\",\"item\":\"https:\\\/\\\/truckonline.de\\\/blog\\\/\"},{\"@type\":\"ListItem\",\"position\":2,\"name\":\"Och nee. Nicht schon wieder\"}]},{\"@type\":\"WebSite\",\"@id\":\"https:\\\/\\\/truckonline.de\\\/blog\\\/#website\",\"url\":\"https:\\\/\\\/truckonline.de\\\/blog\\\/\",\"name\":\"TruckOnline.de\",\"description\":\"\",\"publisher\":{\"@id\":\"https:\\\/\\\/truckonline.de\\\/blog\\\/#\\\/schema\\\/person\\\/4cb59b86ffde81f882f56439688fda19\"},\"potentialAction\":[{\"@type\":\"SearchAction\",\"target\":{\"@type\":\"EntryPoint\",\"urlTemplate\":\"https:\\\/\\\/truckonline.de\\\/blog\\\/?s={search_term_string}\"},\"query-input\":{\"@type\":\"PropertyValueSpecification\",\"valueRequired\":true,\"valueName\":\"search_term_string\"}}],\"inLanguage\":\"de\"},{\"@type\":[\"Person\",\"Organization\"],\"@id\":\"https:\\\/\\\/truckonline.de\\\/blog\\\/#\\\/schema\\\/person\\\/4cb59b86ffde81f882f56439688fda19\",\"name\":\"maik\",\"image\":{\"@type\":\"ImageObject\",\"inLanguage\":\"de\",\"@id\":\"https:\\\/\\\/truckonline.de\\\/blog\\\/wp-content\\\/uploads\\\/2019\\\/12\\\/logoinnenweiss.png\",\"url\":\"https:\\\/\\\/truckonline.de\\\/blog\\\/wp-content\\\/uploads\\\/2019\\\/12\\\/logoinnenweiss.png\",\"contentUrl\":\"https:\\\/\\\/truckonline.de\\\/blog\\\/wp-content\\\/uploads\\\/2019\\\/12\\\/logoinnenweiss.png\",\"width\":733,\"height\":125,\"caption\":\"maik\"},\"logo\":{\"@id\":\"https:\\\/\\\/truckonline.de\\\/blog\\\/wp-content\\\/uploads\\\/2019\\\/12\\\/logoinnenweiss.png\"},\"sameAs\":[\"https:\\\/\\\/www.facebook.com\\\/truckblog\",\"https:\\\/\\\/www.instagram.com\\\/truck_online\\\/\",\"https:\\\/\\\/x.com\\\/https:\\\/\\\/twitter.com\\\/truckblog\",\"https:\\\/\\\/www.youtube.com\\\/user\\\/truckonline\",\"https:\\\/\\\/www.tumblr.com\\\/truckonline\"]}]}<\/script>\n<!-- \/ Yoast SEO plugin. -->","yoast_head_json":{"title":"Och nee. Nicht schon wieder | TruckOnline.de","description":"Die blaue Farbe des Lkw scheint auf Autos ziemlich anziehend zu wirken. Denn nach ihm und ihr ist es nun das dritte Mal, dass ein Pkw mehr oder weniger","robots":{"index":"index","follow":"follow","max-snippet":"max-snippet:-1","max-image-preview":"max-image-preview:large","max-video-preview":"max-video-preview:-1"},"canonical":"https:\/\/truckonline.de\/blog\/2024\/02\/16\/nicht-schon-wieder\/","og_locale":"de_DE","og_type":"article","og_title":"Och nee. Nicht schon wieder | TruckOnline.de","og_url":"https:\/\/truckonline.de\/blog\/2024\/02\/16\/nicht-schon-wieder\/","og_site_name":"TruckOnline.de","article_publisher":"https:\/\/www.facebook.com\/truckblog","article_author":"https:\/\/www.facebook.com\/truckblog","article_published_time":"2024-02-16T19:47:00+00:00","article_modified_time":"2024-03-14T05:25:18+00:00","og_image":[{"url":"https:\/\/truckonline.de\/blog\/wp-content\/uploads\/2024\/02\/blickausmeinerrichtung700.jpg","type":"","width":"","height":""}],"author":"maik","twitter_card":"summary_large_image","twitter_creator":"@https:\/\/twitter.com\/truckblog","twitter_site":"@truckblog","twitter_misc":{"Verfasst von":"maik","Gesch\u00e4tzte Lesezeit":"4\u00a0Minuten"},"schema":{"@context":"https:\/\/schema.org","@graph":[{"@type":"Article","@id":"https:\/\/truckonline.de\/blog\/2024\/02\/16\/nicht-schon-wieder\/#article","isPartOf":{"@id":"https:\/\/truckonline.de\/blog\/2024\/02\/16\/nicht-schon-wieder\/"},"author":{"name":"maik","@id":"https:\/\/truckonline.de\/blog\/#\/schema\/person\/4cb59b86ffde81f882f56439688fda19"},"headline":"Och nee. Nicht schon wieder","datePublished":"2024-02-16T19:47:00+00:00","dateModified":"2024-03-14T05:25:18+00:00","mainEntityOfPage":{"@id":"https:\/\/truckonline.de\/blog\/2024\/02\/16\/nicht-schon-wieder\/"},"wordCount":580,"publisher":{"@id":"https:\/\/truckonline.de\/blog\/#\/schema\/person\/4cb59b86ffde81f882f56439688fda19"},"image":{"@id":"https:\/\/truckonline.de\/blog\/2024\/02\/16\/nicht-schon-wieder\/#primaryimage"},"thumbnailUrl":"https:\/\/truckonline.de\/blog\/wp-content\/uploads\/2024\/02\/blickausmeinerrichtung700.jpg","keywords":["Lkw","Unfall"],"articleSection":["\u00c4rgerliches","Unfall"],"inLanguage":"de"},{"@type":"WebPage","@id":"https:\/\/truckonline.de\/blog\/2024\/02\/16\/nicht-schon-wieder\/","url":"https:\/\/truckonline.de\/blog\/2024\/02\/16\/nicht-schon-wieder\/","name":"Och nee. Nicht schon wieder | TruckOnline.de","isPartOf":{"@id":"https:\/\/truckonline.de\/blog\/#website"},"primaryImageOfPage":{"@id":"https:\/\/truckonline.de\/blog\/2024\/02\/16\/nicht-schon-wieder\/#primaryimage"},"image":{"@id":"https:\/\/truckonline.de\/blog\/2024\/02\/16\/nicht-schon-wieder\/#primaryimage"},"thumbnailUrl":"https:\/\/truckonline.de\/blog\/wp-content\/uploads\/2024\/02\/blickausmeinerrichtung700.jpg","datePublished":"2024-02-16T19:47:00+00:00","dateModified":"2024-03-14T05:25:18+00:00","description":"Die blaue Farbe des Lkw scheint auf Autos ziemlich anziehend zu wirken. Denn nach ihm und ihr ist es nun das dritte Mal, dass ein Pkw mehr oder weniger","breadcrumb":{"@id":"https:\/\/truckonline.de\/blog\/2024\/02\/16\/nicht-schon-wieder\/#breadcrumb"},"inLanguage":"de","potentialAction":[{"@type":"ReadAction","target":["https:\/\/truckonline.de\/blog\/2024\/02\/16\/nicht-schon-wieder\/"]}]},{"@type":"ImageObject","inLanguage":"de","@id":"https:\/\/truckonline.de\/blog\/2024\/02\/16\/nicht-schon-wieder\/#primaryimage","url":"https:\/\/truckonline.de\/blog\/wp-content\/uploads\/2024\/02\/blickausmeinerrichtung700.jpg","contentUrl":"https:\/\/truckonline.de\/blog\/wp-content\/uploads\/2024\/02\/blickausmeinerrichtung700.jpg","width":700,"height":525},{"@type":"BreadcrumbList","@id":"https:\/\/truckonline.de\/blog\/2024\/02\/16\/nicht-schon-wieder\/#breadcrumb","itemListElement":[{"@type":"ListItem","position":1,"name":"Startseite","item":"https:\/\/truckonline.de\/blog\/"},{"@type":"ListItem","position":2,"name":"Och nee. Nicht schon wieder"}]},{"@type":"WebSite","@id":"https:\/\/truckonline.de\/blog\/#website","url":"https:\/\/truckonline.de\/blog\/","name":"TruckOnline.de","description":"","publisher":{"@id":"https:\/\/truckonline.de\/blog\/#\/schema\/person\/4cb59b86ffde81f882f56439688fda19"},"potentialAction":[{"@type":"SearchAction","target":{"@type":"EntryPoint","urlTemplate":"https:\/\/truckonline.de\/blog\/?s={search_term_string}"},"query-input":{"@type":"PropertyValueSpecification","valueRequired":true,"valueName":"search_term_string"}}],"inLanguage":"de"},{"@type":["Person","Organization"],"@id":"https:\/\/truckonline.de\/blog\/#\/schema\/person\/4cb59b86ffde81f882f56439688fda19","name":"maik","image":{"@type":"ImageObject","inLanguage":"de","@id":"https:\/\/truckonline.de\/blog\/wp-content\/uploads\/2019\/12\/logoinnenweiss.png","url":"https:\/\/truckonline.de\/blog\/wp-content\/uploads\/2019\/12\/logoinnenweiss.png","contentUrl":"https:\/\/truckonline.de\/blog\/wp-content\/uploads\/2019\/12\/logoinnenweiss.png","width":733,"height":125,"caption":"maik"},"logo":{"@id":"https:\/\/truckonline.de\/blog\/wp-content\/uploads\/2019\/12\/logoinnenweiss.png"},"sameAs":["https:\/\/www.facebook.com\/truckblog","https:\/\/www.instagram.com\/truck_online\/","https:\/\/x.com\/https:\/\/twitter.com\/truckblog","https:\/\/www.youtube.com\/user\/truckonline","https:\/\/www.tumblr.com\/truckonline"]}]}},"_links":{"self":[{"href":"https:\/\/truckonline.de\/blog\/wp-json\/wp\/v2\/posts\/12799","targetHints":{"allow":["GET"]}}],"collection":[{"href":"https:\/\/truckonline.de\/blog\/wp-json\/wp\/v2\/posts"}],"about":[{"href":"https:\/\/truckonline.de\/blog\/wp-json\/wp\/v2\/types\/post"}],"author":[{"embeddable":true,"href":"https:\/\/truckonline.de\/blog\/wp-json\/wp\/v2\/users\/3"}],"replies":[{"embeddable":true,"href":"https:\/\/truckonline.de\/blog\/wp-json\/wp\/v2\/comments?post=12799"}],"version-history":[{"count":4,"href":"https:\/\/truckonline.de\/blog\/wp-json\/wp\/v2\/posts\/12799\/revisions"}],"predecessor-version":[{"id":12806,"href":"https:\/\/truckonline.de\/blog\/wp-json\/wp\/v2\/posts\/12799\/revisions\/12806"}],"wp:attachment":[{"href":"https:\/\/truckonline.de\/blog\/wp-json\/wp\/v2\/media?parent=12799"}],"wp:term":[{"taxonomy":"category","embeddable":true,"href":"https:\/\/truckonline.de\/blog\/wp-json\/wp\/v2\/categories?post=12799"},{"taxonomy":"post_tag","embeddable":true,"href":"https:\/\/truckonline.de\/blog\/wp-json\/wp\/v2\/tags?post=12799"}],"curies":[{"name":"wp","href":"https:\/\/api.w.org\/{rel}","templated":true}]}}