{"id":12782,"date":"2024-02-06T19:27:17","date_gmt":"2024-02-06T18:27:17","guid":{"rendered":"https:\/\/truckonline.de\/blog\/?p=12782"},"modified":"2024-02-06T19:30:22","modified_gmt":"2024-02-06T18:30:22","slug":"sie-haben-post-149","status":"publish","type":"post","link":"https:\/\/truckonline.de\/blog\/2024\/02\/06\/sie-haben-post-149\/","title":{"rendered":"Sie haben Post"},"content":{"rendered":"\n<p>J\u00fcrgen hat eine Frage zu einem zu schnell fahrenden Lkw auf der A4 bei Waltershausen: <\/p>\n\n\n\n<blockquote class=\"wp-block-quote is-layout-flow wp-block-quote-is-layout-flow\">\n<p>Hallo Maik, <\/p>\n\n\n\n<p>habe heute den Artikel in der TLZ gefunden. Kann ihn dir nur als pdf senden, weil der Link f\u00fcr Nichtabonenten nicht funktioniert. Vielleicht hast du ja die Nachricht auch woanders schon.<br>Ist so ein Fahrtenschreiberausdruck f\u00fcr Geschwindigkeitskontrolle vor Gericht \u00fcberhaupt verwertbar?<\/p>\n\n\n\n<p>Liebe Gr\u00fc\u00dfe aus Erfurt. <br>J\u00fcrgen <\/p>\n<\/blockquote>\n\n\n\n<p>Ja, wenn&#8217;s pressiert wie d&#8217;Sau, da dr\u00fcckt man schon mal aufs Gas. <\/p>\n\n\n\n<p>Aber ernsthaft, vielen Dank f\u00fcr den Hinweis und auch f\u00fcr die Datei. <br>Ich habe es gestern schon gelesen, bei der &#8222;TA&#8220; <a href=\"https:\/\/www.thueringer-allgemeine.de\/regionen\/gotha\/article241582674\/133-km-h-Autobahnpolizei-stoppt-rasenden-Lkw-bei-Waltershausen.html\" target=\"_blank\" rel=\"noreferrer noopener\">ist der Artikel frei lesbar<\/a>. Schon kurios manchmal. <\/p>\n\n\n\n<p>Aber zu Deiner Frage. Ja, ist er. <br>Die zul\u00e4ssige H\u00f6chstgeschwindigkeit auf Autobahnen in Deutschland betr\u00e4gt f\u00fcr Lkw ja 80 km\/h. Mehr ist nicht erlaubt. Viele fahren aber mit 87, 88 oder 89 km\/h. Somit wird die zul\u00e4ssige H\u00f6chstgeschwindigkeit \u00fcberschritten. <\/p>\n\n\n\n<p>Wird der Fahrtenschreibers w\u00e4hrend einer Kontrolle ausgelesen, muss von der aufgezeichneten Geschwindigkeit allerdings eine Toleranz von sechs km\/h abgezogen werden. <\/p>\n\n\n\n<p>Mal ein Beispiel. F\u00e4hrt man l\u00e4nger wie f\u00fcnf Minuten mit 89 oder hat man zwei \u00dcbertretungen nach Fahrtantritt, werden jeweils 140 Euro und ein Punkt in Flensburg f\u00e4llig. Wer also \u00f6fter am Anschlag f\u00e4hrt, d\u00fcrfte eventuell Probleme bekommen. <\/p>\n\n\n\n<p>Aso, eines noch. Die exakte Geschwindigkeit wird f\u00fcr die letzten 24 Stunden tats\u00e4chlicher Fahrzeit im digitalen Fahrtenschreiber gespeichert. <\/p>\n","protected":false},"excerpt":{"rendered":"<p>J\u00fcrgen hat eine Frage zu einem zu schnell fahrenden Lkw auf der A4 bei Waltershausen: Hallo Maik, habe heute den Artikel in der TLZ gefunden.&#8230;<\/p>\n<div class=\"more-link-wrapper\"><a class=\"more-link\" href=\"https:\/\/truckonline.de\/blog\/2024\/02\/06\/sie-haben-post-149\/\">Sie haben Ihr Ziel fast erreicht.<span class=\"screen-reader-text\">Sie haben Post<\/span><\/a><\/div>\n","protected":false},"author":3,"featured_media":0,"comment_status":"open","ping_status":"open","sticky":false,"template":"","format":"standard","meta":{"iawp_total_views":2,"_metis_text_type":"","_metis_text_length":0,"_post_count":0,"footnotes":""},"categories":[633,88],"tags":[144,445],"class_list":["post-12782","post","type-post","status-publish","format-standard","hentry","category-email-world-wide-web","category-fragen","tag-email","tag-post","ratio-2-1","entry"],"yoast_head":"<!-- This site is optimized with the Yoast SEO plugin v27.5 - https:\/\/yoast.com\/product\/yoast-seo-wordpress\/ -->\n<title>Sie haben Post | TruckOnline.de<\/title>\n<meta name=\"description\" content=\"J\u00fcrgen hat eine Frage zu einem zu schnell fahrenden Lkw auf der A4 bei Waltershausen: Hallo Maik, habe heute den Artikel in der TLZ gefunden. Kann ihn dir\" \/>\n<meta name=\"robots\" content=\"index, follow, max-snippet:-1, max-image-preview:large, max-video-preview:-1\" \/>\n<link rel=\"canonical\" href=\"https:\/\/truckonline.de\/blog\/2024\/02\/06\/sie-haben-post-149\/\" \/>\n<meta property=\"og:locale\" content=\"de_DE\" \/>\n<meta property=\"og:type\" content=\"article\" \/>\n<meta property=\"og:title\" content=\"Sie haben Post | TruckOnline.de\" \/>\n<meta property=\"og:url\" content=\"https:\/\/truckonline.de\/blog\/2024\/02\/06\/sie-haben-post-149\/\" \/>\n<meta property=\"og:site_name\" content=\"TruckOnline.de\" \/>\n<meta property=\"article:publisher\" content=\"https:\/\/www.facebook.com\/truckblog\" \/>\n<meta property=\"article:author\" content=\"https:\/\/www.facebook.com\/truckblog\" \/>\n<meta property=\"article:published_time\" content=\"2024-02-06T18:27:17+00:00\" \/>\n<meta property=\"article:modified_time\" content=\"2024-02-06T18:30:22+00:00\" \/>\n<meta property=\"og:image\" content=\"https:\/\/truckonline.de\/blog\/wp-content\/uploads\/2019\/12\/IMG_20191229_225424-scaled.jpg\" \/>\n\t<meta property=\"og:image:width\" content=\"2560\" \/>\n\t<meta property=\"og:image:height\" content=\"1920\" \/>\n\t<meta property=\"og:image:type\" content=\"image\/jpeg\" \/>\n<meta name=\"author\" content=\"maik\" \/>\n<meta name=\"twitter:card\" content=\"summary_large_image\" \/>\n<meta name=\"twitter:creator\" content=\"@https:\/\/twitter.com\/truckblog\" \/>\n<meta name=\"twitter:site\" content=\"@truckblog\" \/>\n<meta name=\"twitter:label1\" content=\"Verfasst von\" \/>\n\t<meta name=\"twitter:data1\" content=\"maik\" \/>\n\t<meta name=\"twitter:label2\" content=\"Gesch\u00e4tzte Lesezeit\" \/>\n\t<meta name=\"twitter:data2\" content=\"1\u00a0Minute\" \/>\n<script type=\"application\/ld+json\" class=\"yoast-schema-graph\">{\"@context\":\"https:\\\/\\\/schema.org\",\"@graph\":[{\"@type\":\"Article\",\"@id\":\"https:\\\/\\\/truckonline.de\\\/blog\\\/2024\\\/02\\\/06\\\/sie-haben-post-149\\\/#article\",\"isPartOf\":{\"@id\":\"https:\\\/\\\/truckonline.de\\\/blog\\\/2024\\\/02\\\/06\\\/sie-haben-post-149\\\/\"},\"author\":{\"name\":\"maik\",\"@id\":\"https:\\\/\\\/truckonline.de\\\/blog\\\/#\\\/schema\\\/person\\\/4cb59b86ffde81f882f56439688fda19\"},\"headline\":\"Sie haben Post\",\"datePublished\":\"2024-02-06T18:27:17+00:00\",\"dateModified\":\"2024-02-06T18:30:22+00:00\",\"mainEntityOfPage\":{\"@id\":\"https:\\\/\\\/truckonline.de\\\/blog\\\/2024\\\/02\\\/06\\\/sie-haben-post-149\\\/\"},\"wordCount\":243,\"commentCount\":2,\"publisher\":{\"@id\":\"https:\\\/\\\/truckonline.de\\\/blog\\\/#\\\/schema\\\/person\\\/4cb59b86ffde81f882f56439688fda19\"},\"keywords\":[\"eMail\",\"Post\"],\"articleSection\":[\"eMail\",\"Fragen\"],\"inLanguage\":\"de\",\"potentialAction\":[{\"@type\":\"CommentAction\",\"name\":\"Comment\",\"target\":[\"https:\\\/\\\/truckonline.de\\\/blog\\\/2024\\\/02\\\/06\\\/sie-haben-post-149\\\/#respond\"]}]},{\"@type\":\"WebPage\",\"@id\":\"https:\\\/\\\/truckonline.de\\\/blog\\\/2024\\\/02\\\/06\\\/sie-haben-post-149\\\/\",\"url\":\"https:\\\/\\\/truckonline.de\\\/blog\\\/2024\\\/02\\\/06\\\/sie-haben-post-149\\\/\",\"name\":\"Sie haben Post | TruckOnline.de\",\"isPartOf\":{\"@id\":\"https:\\\/\\\/truckonline.de\\\/blog\\\/#website\"},\"datePublished\":\"2024-02-06T18:27:17+00:00\",\"dateModified\":\"2024-02-06T18:30:22+00:00\",\"description\":\"J\u00fcrgen hat eine Frage zu einem zu schnell fahrenden Lkw auf der A4 bei Waltershausen: Hallo Maik, habe heute den Artikel in der TLZ gefunden. Kann ihn dir\",\"breadcrumb\":{\"@id\":\"https:\\\/\\\/truckonline.de\\\/blog\\\/2024\\\/02\\\/06\\\/sie-haben-post-149\\\/#breadcrumb\"},\"inLanguage\":\"de\",\"potentialAction\":[{\"@type\":\"ReadAction\",\"target\":[\"https:\\\/\\\/truckonline.de\\\/blog\\\/2024\\\/02\\\/06\\\/sie-haben-post-149\\\/\"]}]},{\"@type\":\"BreadcrumbList\",\"@id\":\"https:\\\/\\\/truckonline.de\\\/blog\\\/2024\\\/02\\\/06\\\/sie-haben-post-149\\\/#breadcrumb\",\"itemListElement\":[{\"@type\":\"ListItem\",\"position\":1,\"name\":\"Startseite\",\"item\":\"https:\\\/\\\/truckonline.de\\\/blog\\\/\"},{\"@type\":\"ListItem\",\"position\":2,\"name\":\"Sie haben Post\"}]},{\"@type\":\"WebSite\",\"@id\":\"https:\\\/\\\/truckonline.de\\\/blog\\\/#website\",\"url\":\"https:\\\/\\\/truckonline.de\\\/blog\\\/\",\"name\":\"TruckOnline.de\",\"description\":\"\",\"publisher\":{\"@id\":\"https:\\\/\\\/truckonline.de\\\/blog\\\/#\\\/schema\\\/person\\\/4cb59b86ffde81f882f56439688fda19\"},\"potentialAction\":[{\"@type\":\"SearchAction\",\"target\":{\"@type\":\"EntryPoint\",\"urlTemplate\":\"https:\\\/\\\/truckonline.de\\\/blog\\\/?s={search_term_string}\"},\"query-input\":{\"@type\":\"PropertyValueSpecification\",\"valueRequired\":true,\"valueName\":\"search_term_string\"}}],\"inLanguage\":\"de\"},{\"@type\":[\"Person\",\"Organization\"],\"@id\":\"https:\\\/\\\/truckonline.de\\\/blog\\\/#\\\/schema\\\/person\\\/4cb59b86ffde81f882f56439688fda19\",\"name\":\"maik\",\"image\":{\"@type\":\"ImageObject\",\"inLanguage\":\"de\",\"@id\":\"https:\\\/\\\/truckonline.de\\\/blog\\\/wp-content\\\/uploads\\\/2019\\\/12\\\/logoinnenweiss.png\",\"url\":\"https:\\\/\\\/truckonline.de\\\/blog\\\/wp-content\\\/uploads\\\/2019\\\/12\\\/logoinnenweiss.png\",\"contentUrl\":\"https:\\\/\\\/truckonline.de\\\/blog\\\/wp-content\\\/uploads\\\/2019\\\/12\\\/logoinnenweiss.png\",\"width\":733,\"height\":125,\"caption\":\"maik\"},\"logo\":{\"@id\":\"https:\\\/\\\/truckonline.de\\\/blog\\\/wp-content\\\/uploads\\\/2019\\\/12\\\/logoinnenweiss.png\"},\"sameAs\":[\"https:\\\/\\\/www.facebook.com\\\/truckblog\",\"https:\\\/\\\/www.instagram.com\\\/truck_online\\\/\",\"https:\\\/\\\/x.com\\\/https:\\\/\\\/twitter.com\\\/truckblog\",\"https:\\\/\\\/www.youtube.com\\\/user\\\/truckonline\",\"https:\\\/\\\/www.tumblr.com\\\/truckonline\"]}]}<\/script>\n<!-- \/ Yoast SEO plugin. -->","yoast_head_json":{"title":"Sie haben Post | TruckOnline.de","description":"J\u00fcrgen hat eine Frage zu einem zu schnell fahrenden Lkw auf der A4 bei Waltershausen: Hallo Maik, habe heute den Artikel in der TLZ gefunden. Kann ihn dir","robots":{"index":"index","follow":"follow","max-snippet":"max-snippet:-1","max-image-preview":"max-image-preview:large","max-video-preview":"max-video-preview:-1"},"canonical":"https:\/\/truckonline.de\/blog\/2024\/02\/06\/sie-haben-post-149\/","og_locale":"de_DE","og_type":"article","og_title":"Sie haben Post | TruckOnline.de","og_url":"https:\/\/truckonline.de\/blog\/2024\/02\/06\/sie-haben-post-149\/","og_site_name":"TruckOnline.de","article_publisher":"https:\/\/www.facebook.com\/truckblog","article_author":"https:\/\/www.facebook.com\/truckblog","article_published_time":"2024-02-06T18:27:17+00:00","article_modified_time":"2024-02-06T18:30:22+00:00","og_image":[{"width":2560,"height":1920,"url":"https:\/\/truckonline.de\/blog\/wp-content\/uploads\/2019\/12\/IMG_20191229_225424-scaled.jpg","type":"image\/jpeg"}],"author":"maik","twitter_card":"summary_large_image","twitter_creator":"@https:\/\/twitter.com\/truckblog","twitter_site":"@truckblog","twitter_misc":{"Verfasst von":"maik","Gesch\u00e4tzte Lesezeit":"1\u00a0Minute"},"schema":{"@context":"https:\/\/schema.org","@graph":[{"@type":"Article","@id":"https:\/\/truckonline.de\/blog\/2024\/02\/06\/sie-haben-post-149\/#article","isPartOf":{"@id":"https:\/\/truckonline.de\/blog\/2024\/02\/06\/sie-haben-post-149\/"},"author":{"name":"maik","@id":"https:\/\/truckonline.de\/blog\/#\/schema\/person\/4cb59b86ffde81f882f56439688fda19"},"headline":"Sie haben Post","datePublished":"2024-02-06T18:27:17+00:00","dateModified":"2024-02-06T18:30:22+00:00","mainEntityOfPage":{"@id":"https:\/\/truckonline.de\/blog\/2024\/02\/06\/sie-haben-post-149\/"},"wordCount":243,"commentCount":2,"publisher":{"@id":"https:\/\/truckonline.de\/blog\/#\/schema\/person\/4cb59b86ffde81f882f56439688fda19"},"keywords":["eMail","Post"],"articleSection":["eMail","Fragen"],"inLanguage":"de","potentialAction":[{"@type":"CommentAction","name":"Comment","target":["https:\/\/truckonline.de\/blog\/2024\/02\/06\/sie-haben-post-149\/#respond"]}]},{"@type":"WebPage","@id":"https:\/\/truckonline.de\/blog\/2024\/02\/06\/sie-haben-post-149\/","url":"https:\/\/truckonline.de\/blog\/2024\/02\/06\/sie-haben-post-149\/","name":"Sie haben Post | TruckOnline.de","isPartOf":{"@id":"https:\/\/truckonline.de\/blog\/#website"},"datePublished":"2024-02-06T18:27:17+00:00","dateModified":"2024-02-06T18:30:22+00:00","description":"J\u00fcrgen hat eine Frage zu einem zu schnell fahrenden Lkw auf der A4 bei Waltershausen: Hallo Maik, habe heute den Artikel in der TLZ gefunden. Kann ihn dir","breadcrumb":{"@id":"https:\/\/truckonline.de\/blog\/2024\/02\/06\/sie-haben-post-149\/#breadcrumb"},"inLanguage":"de","potentialAction":[{"@type":"ReadAction","target":["https:\/\/truckonline.de\/blog\/2024\/02\/06\/sie-haben-post-149\/"]}]},{"@type":"BreadcrumbList","@id":"https:\/\/truckonline.de\/blog\/2024\/02\/06\/sie-haben-post-149\/#breadcrumb","itemListElement":[{"@type":"ListItem","position":1,"name":"Startseite","item":"https:\/\/truckonline.de\/blog\/"},{"@type":"ListItem","position":2,"name":"Sie haben Post"}]},{"@type":"WebSite","@id":"https:\/\/truckonline.de\/blog\/#website","url":"https:\/\/truckonline.de\/blog\/","name":"TruckOnline.de","description":"","publisher":{"@id":"https:\/\/truckonline.de\/blog\/#\/schema\/person\/4cb59b86ffde81f882f56439688fda19"},"potentialAction":[{"@type":"SearchAction","target":{"@type":"EntryPoint","urlTemplate":"https:\/\/truckonline.de\/blog\/?s={search_term_string}"},"query-input":{"@type":"PropertyValueSpecification","valueRequired":true,"valueName":"search_term_string"}}],"inLanguage":"de"},{"@type":["Person","Organization"],"@id":"https:\/\/truckonline.de\/blog\/#\/schema\/person\/4cb59b86ffde81f882f56439688fda19","name":"maik","image":{"@type":"ImageObject","inLanguage":"de","@id":"https:\/\/truckonline.de\/blog\/wp-content\/uploads\/2019\/12\/logoinnenweiss.png","url":"https:\/\/truckonline.de\/blog\/wp-content\/uploads\/2019\/12\/logoinnenweiss.png","contentUrl":"https:\/\/truckonline.de\/blog\/wp-content\/uploads\/2019\/12\/logoinnenweiss.png","width":733,"height":125,"caption":"maik"},"logo":{"@id":"https:\/\/truckonline.de\/blog\/wp-content\/uploads\/2019\/12\/logoinnenweiss.png"},"sameAs":["https:\/\/www.facebook.com\/truckblog","https:\/\/www.instagram.com\/truck_online\/","https:\/\/x.com\/https:\/\/twitter.com\/truckblog","https:\/\/www.youtube.com\/user\/truckonline","https:\/\/www.tumblr.com\/truckonline"]}]}},"_links":{"self":[{"href":"https:\/\/truckonline.de\/blog\/wp-json\/wp\/v2\/posts\/12782","targetHints":{"allow":["GET"]}}],"collection":[{"href":"https:\/\/truckonline.de\/blog\/wp-json\/wp\/v2\/posts"}],"about":[{"href":"https:\/\/truckonline.de\/blog\/wp-json\/wp\/v2\/types\/post"}],"author":[{"embeddable":true,"href":"https:\/\/truckonline.de\/blog\/wp-json\/wp\/v2\/users\/3"}],"replies":[{"embeddable":true,"href":"https:\/\/truckonline.de\/blog\/wp-json\/wp\/v2\/comments?post=12782"}],"version-history":[{"count":2,"href":"https:\/\/truckonline.de\/blog\/wp-json\/wp\/v2\/posts\/12782\/revisions"}],"predecessor-version":[{"id":12785,"href":"https:\/\/truckonline.de\/blog\/wp-json\/wp\/v2\/posts\/12782\/revisions\/12785"}],"wp:attachment":[{"href":"https:\/\/truckonline.de\/blog\/wp-json\/wp\/v2\/media?parent=12782"}],"wp:term":[{"taxonomy":"category","embeddable":true,"href":"https:\/\/truckonline.de\/blog\/wp-json\/wp\/v2\/categories?post=12782"},{"taxonomy":"post_tag","embeddable":true,"href":"https:\/\/truckonline.de\/blog\/wp-json\/wp\/v2\/tags?post=12782"}],"curies":[{"name":"wp","href":"https:\/\/api.w.org\/{rel}","templated":true}]}}