{"id":12399,"date":"2023-09-27T22:00:28","date_gmt":"2023-09-27T20:00:28","guid":{"rendered":"https:\/\/truckonline.de\/blog\/?p=12399"},"modified":"2023-09-27T22:16:36","modified_gmt":"2023-09-27T20:16:36","slug":"sie-haben-post-148","status":"publish","type":"post","link":"https:\/\/truckonline.de\/blog\/2023\/09\/27\/sie-haben-post-148\/","title":{"rendered":"Sie haben Post"},"content":{"rendered":"\n<p>Blogleser Lars machte einen Rundflug \u00fcber Westth\u00fcringen und fotografierte dabei auch die Werraralbr\u00fccke bei Herleshausen. Vielen Dank f\u00fcr diese tollen Fotos. <\/p>\n\n\n<div class=\"wp-block-image\">\n<figure class=\"aligncenter size-full\"><img loading=\"lazy\" decoding=\"async\" width=\"700\" height=\"440\" src=\"https:\/\/truckonline.de\/blog\/wp-content\/uploads\/2023\/09\/IMG_20230927_210725.jpg\" alt=\"Das dorf H\u00f6rschel mit der Werratalbr\u00fccke bei Herleshausen mit der Autobahn a4 und Blick Richtung Westen \" class=\"wp-image-12400\"\/><figcaption class=\"wp-element-caption\">Die Werratalbr\u00fccke bei Herleshausen mit der dar\u00fcber f\u00fchrenden A4 Erfurt-Frankfurt. <\/figcaption><\/figure>\n<\/div>\n\n\n<p>Das Dorf im Vordergrund m\u00fcsste H\u00f6rschel sein. Glaube ich zumindest. Wanderfreunde werden den Ort kennen, <a href=\"https:\/\/www.rennsteig.de\/hoerschel\">denn am Ortsrand beginnt<\/a> der Rennsteig. <\/p>\n\n\n<div class=\"wp-block-image\">\n<figure class=\"aligncenter size-large is-resized\"><img loading=\"lazy\" decoding=\"async\" src=\"https:\/\/truckonline.de\/blog\/wp-content\/uploads\/2023\/09\/IMG_20230927_212135-648x525.jpg\" alt=\"Ansicht von vorn der Werratalbr\u00fccke bei Herleshausen \" class=\"wp-image-12402\" style=\"object-fit:cover;width:700px;height:583px\" width=\"700\" height=\"583\"\/><figcaption class=\"wp-element-caption\">Blick von vorn auf Eisenbahn, Landstra\u00dfe und Autobahn <\/figcaption><\/figure>\n<\/div>\n\n\n<p>Hier ein Blick direkt von vorn. Unten sieht man die Strecke der Werratalbahn, dahinter die ehemalige B7a. Die diente <a href=\"https:\/\/dewiki.de\/Lexikon\/Bundesstra%c3%9fe_7a\">vor dem Bau des Grenz\u00fcbergangs<\/a> Wartha\/Herleshausen als Transitstrecke. <\/p>\n\n\n\n<p>Die Br\u00fccke selbst wurde von 1981 bis 1983 errichtet. Dem Verkehr \u00fcbergeben wurde sie allerdings erst \u00fcber ein Jahr sp\u00e4ter,  zusammen mit dem neuen Grenz\u00fcbergang.<br>Kleiner Fakt am Rande: Zwei Jahre Bauzeit,  heute undenkbar. <\/p>\n\n\n<div class=\"wp-block-image\">\n<figure class=\"aligncenter size-large\"><img loading=\"lazy\" decoding=\"async\" width=\"363\" height=\"525\" src=\"https:\/\/truckonline.de\/blog\/wp-content\/uploads\/2023\/09\/IMG_20230927_213224-363x525.jpg\" alt=\"Sicht von oben auf die Werratalbr\u00fccke bei Herleshausen \" class=\"wp-image-12403\" srcset=\"https:\/\/truckonline.de\/blog\/wp-content\/uploads\/2023\/09\/IMG_20230927_213224-363x525.jpg 363w, https:\/\/truckonline.de\/blog\/wp-content\/uploads\/2023\/09\/IMG_20230927_213224.jpg 700w\" sizes=\"auto, (max-width: 363px) 100vw, 363px\" \/><figcaption class=\"wp-element-caption\">Blick von oben <\/figcaption><\/figure>\n<\/div>\n\n\n<p>Im Zuge des sechstreifigen Ausbaus der Autobahn, entfiel in beiden Richtungen der Standstreifen. Und, obwohl die Br\u00fccke auf dem Gebiet der ehemaligen DDR lag, finanzierte die Bundesrepublik das Projekt mit 186 Millionen D-Mark. <\/p>\n\n\n<div class=\"wp-block-image\">\n<figure class=\"aligncenter size-full\"><img loading=\"lazy\" decoding=\"async\" width=\"700\" height=\"795\" src=\"https:\/\/truckonline.de\/blog\/wp-content\/uploads\/2023\/09\/IMG_20230927_213814.jpg\" alt=\"Fernbild der Werratalbr\u00fccke bei Herleshausen mit der a4 Erfurt Frankfurt \" class=\"wp-image-12404\" srcset=\"https:\/\/truckonline.de\/blog\/wp-content\/uploads\/2023\/09\/IMG_20230927_213814.jpg 700w, https:\/\/truckonline.de\/blog\/wp-content\/uploads\/2023\/09\/IMG_20230927_213814-462x525.jpg 462w\" sizes=\"auto, (max-width: 700px) 100vw, 700px\" \/><figcaption class=\"wp-element-caption\">Ein Blick wie auf eine Modellbahn <\/figcaption><\/figure>\n<\/div>\n\n\n<p>Noch ne kleine Erinnerung aus meiner Jugend. Als die Br\u00fccke errichtet wurde, war ich so zw\u00f6lf, dreizehn. Habe den Bau mehr oder weniger miterlebt, bin ja <a href=\"https:\/\/amt-creuzburg.de\/creuzburg\/\">in Sichtweite<\/a> dieser Br\u00fccke aufgewachsen. <\/p>\n\n\n\n<p>In den Jahren nach der Er\u00f6ffnung, die es offiziell nie gab, wurde das ganze Gebiet dort in der Nacht mit diesen f\u00fcr die damalige Zeit typischen neongelben Stra\u00dfenlampen beleuchtet. Vielleicht erinnert sich noch jemand an diese Leuchten.<br>Es sah dort aus, zusammen mit dem Grenz\u00fcbergang, wie eine gr\u00f6\u00dfere Stadt, obwohl es eigentlich ne Art <em>Niemandsland<\/em> war. <\/p>\n\n\n\n<p>Mein Vater meinte damals zu mir, \u00fcber diese Br\u00fccke werden wir nie fahren. Tja, da hat er sich eine der wenigen Male in seinem Leben get\u00e4uscht.<\/p>\n","protected":false},"excerpt":{"rendered":"<p>Blogleser Lars machte einen Rundflug \u00fcber Westth\u00fcringen und fotografierte dabei auch die Werraralbr\u00fccke bei Herleshausen. Vielen Dank f\u00fcr diese tollen Fotos. Das Dorf im Vordergrund&#8230;<\/p>\n<div class=\"more-link-wrapper\"><a class=\"more-link\" href=\"https:\/\/truckonline.de\/blog\/2023\/09\/27\/sie-haben-post-148\/\">Sie haben Ihr Ziel fast erreicht.<span class=\"screen-reader-text\">Sie haben Post<\/span><\/a><\/div>\n","protected":false},"author":3,"featured_media":0,"comment_status":"open","ping_status":"open","sticky":false,"template":"","format":"standard","meta":{"iawp_total_views":2,"_metis_text_type":"","_metis_text_length":0,"_post_count":0,"footnotes":""},"categories":[55,633,37],"tags":[19,1538],"class_list":["post-12399","post","type-post","status-publish","format-standard","hentry","category-bilder","category-email-world-wide-web","category-strassen","tag-autobahn","tag-luftbilder","ratio-2-1","entry"],"yoast_head":"<!-- This site is optimized with the Yoast SEO plugin v27.5 - https:\/\/yoast.com\/product\/yoast-seo-wordpress\/ -->\n<title>Sie haben Post | TruckOnline.de<\/title>\n<meta name=\"description\" content=\"Blogleser Lars machte einen Rundflug \u00fcber Westth\u00fcringen und fotografierte dabei auch die Werraralbr\u00fccke bei Herleshausen. Vielen Dank f\u00fcr diese tollen\" \/>\n<meta name=\"robots\" content=\"index, follow, max-snippet:-1, max-image-preview:large, max-video-preview:-1\" \/>\n<link rel=\"canonical\" href=\"https:\/\/truckonline.de\/blog\/2023\/09\/27\/sie-haben-post-148\/\" \/>\n<meta property=\"og:locale\" content=\"de_DE\" \/>\n<meta property=\"og:type\" content=\"article\" \/>\n<meta property=\"og:title\" content=\"Sie haben Post | TruckOnline.de\" \/>\n<meta property=\"og:url\" content=\"https:\/\/truckonline.de\/blog\/2023\/09\/27\/sie-haben-post-148\/\" \/>\n<meta property=\"og:site_name\" content=\"TruckOnline.de\" \/>\n<meta property=\"article:publisher\" content=\"https:\/\/www.facebook.com\/truckblog\" \/>\n<meta property=\"article:author\" content=\"https:\/\/www.facebook.com\/truckblog\" \/>\n<meta property=\"article:published_time\" content=\"2023-09-27T20:00:28+00:00\" \/>\n<meta property=\"article:modified_time\" content=\"2023-09-27T20:16:36+00:00\" \/>\n<meta property=\"og:image\" content=\"https:\/\/truckonline.de\/blog\/wp-content\/uploads\/2023\/09\/IMG_20230927_210725.jpg\" \/>\n<meta name=\"author\" content=\"maik\" \/>\n<meta name=\"twitter:card\" content=\"summary_large_image\" \/>\n<meta name=\"twitter:creator\" content=\"@https:\/\/twitter.com\/truckblog\" \/>\n<meta name=\"twitter:site\" content=\"@truckblog\" \/>\n<meta name=\"twitter:label1\" content=\"Verfasst von\" \/>\n\t<meta name=\"twitter:data1\" content=\"maik\" \/>\n\t<meta name=\"twitter:label2\" content=\"Gesch\u00e4tzte Lesezeit\" \/>\n\t<meta name=\"twitter:data2\" content=\"3\u00a0Minuten\" \/>\n<script type=\"application\/ld+json\" class=\"yoast-schema-graph\">{\"@context\":\"https:\\\/\\\/schema.org\",\"@graph\":[{\"@type\":\"Article\",\"@id\":\"https:\\\/\\\/truckonline.de\\\/blog\\\/2023\\\/09\\\/27\\\/sie-haben-post-148\\\/#article\",\"isPartOf\":{\"@id\":\"https:\\\/\\\/truckonline.de\\\/blog\\\/2023\\\/09\\\/27\\\/sie-haben-post-148\\\/\"},\"author\":{\"name\":\"maik\",\"@id\":\"https:\\\/\\\/truckonline.de\\\/blog\\\/#\\\/schema\\\/person\\\/4cb59b86ffde81f882f56439688fda19\"},\"headline\":\"Sie haben Post\",\"datePublished\":\"2023-09-27T20:00:28+00:00\",\"dateModified\":\"2023-09-27T20:16:36+00:00\",\"mainEntityOfPage\":{\"@id\":\"https:\\\/\\\/truckonline.de\\\/blog\\\/2023\\\/09\\\/27\\\/sie-haben-post-148\\\/\"},\"wordCount\":302,\"commentCount\":2,\"publisher\":{\"@id\":\"https:\\\/\\\/truckonline.de\\\/blog\\\/#\\\/schema\\\/person\\\/4cb59b86ffde81f882f56439688fda19\"},\"image\":{\"@id\":\"https:\\\/\\\/truckonline.de\\\/blog\\\/2023\\\/09\\\/27\\\/sie-haben-post-148\\\/#primaryimage\"},\"thumbnailUrl\":\"https:\\\/\\\/truckonline.de\\\/blog\\\/wp-content\\\/uploads\\\/2023\\\/09\\\/IMG_20230927_210725.jpg\",\"keywords\":[\"Autobahn\",\"Luftbilder\"],\"articleSection\":[\"Bilder\",\"eMail\",\"Strassen\"],\"inLanguage\":\"de\",\"potentialAction\":[{\"@type\":\"CommentAction\",\"name\":\"Comment\",\"target\":[\"https:\\\/\\\/truckonline.de\\\/blog\\\/2023\\\/09\\\/27\\\/sie-haben-post-148\\\/#respond\"]}]},{\"@type\":\"WebPage\",\"@id\":\"https:\\\/\\\/truckonline.de\\\/blog\\\/2023\\\/09\\\/27\\\/sie-haben-post-148\\\/\",\"url\":\"https:\\\/\\\/truckonline.de\\\/blog\\\/2023\\\/09\\\/27\\\/sie-haben-post-148\\\/\",\"name\":\"Sie haben Post | TruckOnline.de\",\"isPartOf\":{\"@id\":\"https:\\\/\\\/truckonline.de\\\/blog\\\/#website\"},\"primaryImageOfPage\":{\"@id\":\"https:\\\/\\\/truckonline.de\\\/blog\\\/2023\\\/09\\\/27\\\/sie-haben-post-148\\\/#primaryimage\"},\"image\":{\"@id\":\"https:\\\/\\\/truckonline.de\\\/blog\\\/2023\\\/09\\\/27\\\/sie-haben-post-148\\\/#primaryimage\"},\"thumbnailUrl\":\"https:\\\/\\\/truckonline.de\\\/blog\\\/wp-content\\\/uploads\\\/2023\\\/09\\\/IMG_20230927_210725.jpg\",\"datePublished\":\"2023-09-27T20:00:28+00:00\",\"dateModified\":\"2023-09-27T20:16:36+00:00\",\"description\":\"Blogleser Lars machte einen Rundflug \u00fcber Westth\u00fcringen und fotografierte dabei auch die Werraralbr\u00fccke bei Herleshausen. Vielen Dank f\u00fcr diese tollen\",\"breadcrumb\":{\"@id\":\"https:\\\/\\\/truckonline.de\\\/blog\\\/2023\\\/09\\\/27\\\/sie-haben-post-148\\\/#breadcrumb\"},\"inLanguage\":\"de\",\"potentialAction\":[{\"@type\":\"ReadAction\",\"target\":[\"https:\\\/\\\/truckonline.de\\\/blog\\\/2023\\\/09\\\/27\\\/sie-haben-post-148\\\/\"]}]},{\"@type\":\"ImageObject\",\"inLanguage\":\"de\",\"@id\":\"https:\\\/\\\/truckonline.de\\\/blog\\\/2023\\\/09\\\/27\\\/sie-haben-post-148\\\/#primaryimage\",\"url\":\"https:\\\/\\\/truckonline.de\\\/blog\\\/wp-content\\\/uploads\\\/2023\\\/09\\\/IMG_20230927_210725.jpg\",\"contentUrl\":\"https:\\\/\\\/truckonline.de\\\/blog\\\/wp-content\\\/uploads\\\/2023\\\/09\\\/IMG_20230927_210725.jpg\",\"width\":700,\"height\":440},{\"@type\":\"BreadcrumbList\",\"@id\":\"https:\\\/\\\/truckonline.de\\\/blog\\\/2023\\\/09\\\/27\\\/sie-haben-post-148\\\/#breadcrumb\",\"itemListElement\":[{\"@type\":\"ListItem\",\"position\":1,\"name\":\"Startseite\",\"item\":\"https:\\\/\\\/truckonline.de\\\/blog\\\/\"},{\"@type\":\"ListItem\",\"position\":2,\"name\":\"Sie haben Post\"}]},{\"@type\":\"WebSite\",\"@id\":\"https:\\\/\\\/truckonline.de\\\/blog\\\/#website\",\"url\":\"https:\\\/\\\/truckonline.de\\\/blog\\\/\",\"name\":\"TruckOnline.de\",\"description\":\"\",\"publisher\":{\"@id\":\"https:\\\/\\\/truckonline.de\\\/blog\\\/#\\\/schema\\\/person\\\/4cb59b86ffde81f882f56439688fda19\"},\"potentialAction\":[{\"@type\":\"SearchAction\",\"target\":{\"@type\":\"EntryPoint\",\"urlTemplate\":\"https:\\\/\\\/truckonline.de\\\/blog\\\/?s={search_term_string}\"},\"query-input\":{\"@type\":\"PropertyValueSpecification\",\"valueRequired\":true,\"valueName\":\"search_term_string\"}}],\"inLanguage\":\"de\"},{\"@type\":[\"Person\",\"Organization\"],\"@id\":\"https:\\\/\\\/truckonline.de\\\/blog\\\/#\\\/schema\\\/person\\\/4cb59b86ffde81f882f56439688fda19\",\"name\":\"maik\",\"image\":{\"@type\":\"ImageObject\",\"inLanguage\":\"de\",\"@id\":\"https:\\\/\\\/truckonline.de\\\/blog\\\/wp-content\\\/uploads\\\/2019\\\/12\\\/logoinnenweiss.png\",\"url\":\"https:\\\/\\\/truckonline.de\\\/blog\\\/wp-content\\\/uploads\\\/2019\\\/12\\\/logoinnenweiss.png\",\"contentUrl\":\"https:\\\/\\\/truckonline.de\\\/blog\\\/wp-content\\\/uploads\\\/2019\\\/12\\\/logoinnenweiss.png\",\"width\":733,\"height\":125,\"caption\":\"maik\"},\"logo\":{\"@id\":\"https:\\\/\\\/truckonline.de\\\/blog\\\/wp-content\\\/uploads\\\/2019\\\/12\\\/logoinnenweiss.png\"},\"sameAs\":[\"https:\\\/\\\/www.facebook.com\\\/truckblog\",\"https:\\\/\\\/www.instagram.com\\\/truck_online\\\/\",\"https:\\\/\\\/x.com\\\/https:\\\/\\\/twitter.com\\\/truckblog\",\"https:\\\/\\\/www.youtube.com\\\/user\\\/truckonline\",\"https:\\\/\\\/www.tumblr.com\\\/truckonline\"]}]}<\/script>\n<!-- \/ Yoast SEO plugin. -->","yoast_head_json":{"title":"Sie haben Post | TruckOnline.de","description":"Blogleser Lars machte einen Rundflug \u00fcber Westth\u00fcringen und fotografierte dabei auch die Werraralbr\u00fccke bei Herleshausen. Vielen Dank f\u00fcr diese tollen","robots":{"index":"index","follow":"follow","max-snippet":"max-snippet:-1","max-image-preview":"max-image-preview:large","max-video-preview":"max-video-preview:-1"},"canonical":"https:\/\/truckonline.de\/blog\/2023\/09\/27\/sie-haben-post-148\/","og_locale":"de_DE","og_type":"article","og_title":"Sie haben Post | TruckOnline.de","og_url":"https:\/\/truckonline.de\/blog\/2023\/09\/27\/sie-haben-post-148\/","og_site_name":"TruckOnline.de","article_publisher":"https:\/\/www.facebook.com\/truckblog","article_author":"https:\/\/www.facebook.com\/truckblog","article_published_time":"2023-09-27T20:00:28+00:00","article_modified_time":"2023-09-27T20:16:36+00:00","og_image":[{"url":"https:\/\/truckonline.de\/blog\/wp-content\/uploads\/2023\/09\/IMG_20230927_210725.jpg","type":"","width":"","height":""}],"author":"maik","twitter_card":"summary_large_image","twitter_creator":"@https:\/\/twitter.com\/truckblog","twitter_site":"@truckblog","twitter_misc":{"Verfasst von":"maik","Gesch\u00e4tzte Lesezeit":"3\u00a0Minuten"},"schema":{"@context":"https:\/\/schema.org","@graph":[{"@type":"Article","@id":"https:\/\/truckonline.de\/blog\/2023\/09\/27\/sie-haben-post-148\/#article","isPartOf":{"@id":"https:\/\/truckonline.de\/blog\/2023\/09\/27\/sie-haben-post-148\/"},"author":{"name":"maik","@id":"https:\/\/truckonline.de\/blog\/#\/schema\/person\/4cb59b86ffde81f882f56439688fda19"},"headline":"Sie haben Post","datePublished":"2023-09-27T20:00:28+00:00","dateModified":"2023-09-27T20:16:36+00:00","mainEntityOfPage":{"@id":"https:\/\/truckonline.de\/blog\/2023\/09\/27\/sie-haben-post-148\/"},"wordCount":302,"commentCount":2,"publisher":{"@id":"https:\/\/truckonline.de\/blog\/#\/schema\/person\/4cb59b86ffde81f882f56439688fda19"},"image":{"@id":"https:\/\/truckonline.de\/blog\/2023\/09\/27\/sie-haben-post-148\/#primaryimage"},"thumbnailUrl":"https:\/\/truckonline.de\/blog\/wp-content\/uploads\/2023\/09\/IMG_20230927_210725.jpg","keywords":["Autobahn","Luftbilder"],"articleSection":["Bilder","eMail","Strassen"],"inLanguage":"de","potentialAction":[{"@type":"CommentAction","name":"Comment","target":["https:\/\/truckonline.de\/blog\/2023\/09\/27\/sie-haben-post-148\/#respond"]}]},{"@type":"WebPage","@id":"https:\/\/truckonline.de\/blog\/2023\/09\/27\/sie-haben-post-148\/","url":"https:\/\/truckonline.de\/blog\/2023\/09\/27\/sie-haben-post-148\/","name":"Sie haben Post | TruckOnline.de","isPartOf":{"@id":"https:\/\/truckonline.de\/blog\/#website"},"primaryImageOfPage":{"@id":"https:\/\/truckonline.de\/blog\/2023\/09\/27\/sie-haben-post-148\/#primaryimage"},"image":{"@id":"https:\/\/truckonline.de\/blog\/2023\/09\/27\/sie-haben-post-148\/#primaryimage"},"thumbnailUrl":"https:\/\/truckonline.de\/blog\/wp-content\/uploads\/2023\/09\/IMG_20230927_210725.jpg","datePublished":"2023-09-27T20:00:28+00:00","dateModified":"2023-09-27T20:16:36+00:00","description":"Blogleser Lars machte einen Rundflug \u00fcber Westth\u00fcringen und fotografierte dabei auch die Werraralbr\u00fccke bei Herleshausen. Vielen Dank f\u00fcr diese tollen","breadcrumb":{"@id":"https:\/\/truckonline.de\/blog\/2023\/09\/27\/sie-haben-post-148\/#breadcrumb"},"inLanguage":"de","potentialAction":[{"@type":"ReadAction","target":["https:\/\/truckonline.de\/blog\/2023\/09\/27\/sie-haben-post-148\/"]}]},{"@type":"ImageObject","inLanguage":"de","@id":"https:\/\/truckonline.de\/blog\/2023\/09\/27\/sie-haben-post-148\/#primaryimage","url":"https:\/\/truckonline.de\/blog\/wp-content\/uploads\/2023\/09\/IMG_20230927_210725.jpg","contentUrl":"https:\/\/truckonline.de\/blog\/wp-content\/uploads\/2023\/09\/IMG_20230927_210725.jpg","width":700,"height":440},{"@type":"BreadcrumbList","@id":"https:\/\/truckonline.de\/blog\/2023\/09\/27\/sie-haben-post-148\/#breadcrumb","itemListElement":[{"@type":"ListItem","position":1,"name":"Startseite","item":"https:\/\/truckonline.de\/blog\/"},{"@type":"ListItem","position":2,"name":"Sie haben Post"}]},{"@type":"WebSite","@id":"https:\/\/truckonline.de\/blog\/#website","url":"https:\/\/truckonline.de\/blog\/","name":"TruckOnline.de","description":"","publisher":{"@id":"https:\/\/truckonline.de\/blog\/#\/schema\/person\/4cb59b86ffde81f882f56439688fda19"},"potentialAction":[{"@type":"SearchAction","target":{"@type":"EntryPoint","urlTemplate":"https:\/\/truckonline.de\/blog\/?s={search_term_string}"},"query-input":{"@type":"PropertyValueSpecification","valueRequired":true,"valueName":"search_term_string"}}],"inLanguage":"de"},{"@type":["Person","Organization"],"@id":"https:\/\/truckonline.de\/blog\/#\/schema\/person\/4cb59b86ffde81f882f56439688fda19","name":"maik","image":{"@type":"ImageObject","inLanguage":"de","@id":"https:\/\/truckonline.de\/blog\/wp-content\/uploads\/2019\/12\/logoinnenweiss.png","url":"https:\/\/truckonline.de\/blog\/wp-content\/uploads\/2019\/12\/logoinnenweiss.png","contentUrl":"https:\/\/truckonline.de\/blog\/wp-content\/uploads\/2019\/12\/logoinnenweiss.png","width":733,"height":125,"caption":"maik"},"logo":{"@id":"https:\/\/truckonline.de\/blog\/wp-content\/uploads\/2019\/12\/logoinnenweiss.png"},"sameAs":["https:\/\/www.facebook.com\/truckblog","https:\/\/www.instagram.com\/truck_online\/","https:\/\/x.com\/https:\/\/twitter.com\/truckblog","https:\/\/www.youtube.com\/user\/truckonline","https:\/\/www.tumblr.com\/truckonline"]}]}},"_links":{"self":[{"href":"https:\/\/truckonline.de\/blog\/wp-json\/wp\/v2\/posts\/12399","targetHints":{"allow":["GET"]}}],"collection":[{"href":"https:\/\/truckonline.de\/blog\/wp-json\/wp\/v2\/posts"}],"about":[{"href":"https:\/\/truckonline.de\/blog\/wp-json\/wp\/v2\/types\/post"}],"author":[{"embeddable":true,"href":"https:\/\/truckonline.de\/blog\/wp-json\/wp\/v2\/users\/3"}],"replies":[{"embeddable":true,"href":"https:\/\/truckonline.de\/blog\/wp-json\/wp\/v2\/comments?post=12399"}],"version-history":[{"count":3,"href":"https:\/\/truckonline.de\/blog\/wp-json\/wp\/v2\/posts\/12399\/revisions"}],"predecessor-version":[{"id":12409,"href":"https:\/\/truckonline.de\/blog\/wp-json\/wp\/v2\/posts\/12399\/revisions\/12409"}],"wp:attachment":[{"href":"https:\/\/truckonline.de\/blog\/wp-json\/wp\/v2\/media?parent=12399"}],"wp:term":[{"taxonomy":"category","embeddable":true,"href":"https:\/\/truckonline.de\/blog\/wp-json\/wp\/v2\/categories?post=12399"},{"taxonomy":"post_tag","embeddable":true,"href":"https:\/\/truckonline.de\/blog\/wp-json\/wp\/v2\/tags?post=12399"}],"curies":[{"name":"wp","href":"https:\/\/api.w.org\/{rel}","templated":true}]}}