{"id":12314,"date":"2023-08-31T10:16:00","date_gmt":"2023-08-31T08:16:00","guid":{"rendered":"https:\/\/truckonline.de\/blog\/?p=12314"},"modified":"2023-08-31T12:35:13","modified_gmt":"2023-08-31T10:35:13","slug":"truckstyling-individuelle-akzente-fuer-beeindruckende-nutzfahrzeuge","status":"publish","type":"post","link":"https:\/\/truckonline.de\/blog\/2023\/08\/31\/truckstyling-individuelle-akzente-fuer-beeindruckende-nutzfahrzeuge\/","title":{"rendered":"Truckstyling \u2013 Individuelle Akzente f\u00fcr beeindruckende Nutzfahrzeuge"},"content":{"rendered":"\n<p class=\"has-text-align-right has-small-font-size\">Werbung<\/p>\n\n\n\n<p>In der Welt der Nutzfahrzeuge geht es l\u00e4ngst nicht mehr nur um Funktionalit\u00e4t oder Effizienz. Vielmehr hat sich das Styling von Trucks zu einer faszinierenden Kunstform entwickelt, welche die Blicke auf sich zieht und die Pers\u00f6nlichkeit der Fahrzeuge hervorhebt. <br>Von ma\u00dfgeschneiderten Lackierungen bis hin zu aufw\u00e4ndigen Grafiken sowie futuristischen Lichteffekten \u2013 das Truckstyling hat die Grenzen der \u00c4sthetik erweitert und die Transportindustrie in ein Schaulaufen der Kreativit\u00e4t verwandelt.<\/p>\n\n\n\n<p>Doch hinter dem gl\u00e4nzenden \u00c4u\u00dferen steckt weit mehr als blo\u00dfe Optik. Truckstyling ist f\u00fcr einen echten <a href=\"https:\/\/www.truckjunkie.eu\/\">Truckjunkie<\/a> ein Ausdruck von Identit\u00e4t, Markenwerten sowie technologischem Fortschritt.<\/p>\n\n\n\n<h2 class=\"wp-block-heading\">Elemente des Truckstylings<\/h2>\n\n\n\n<p>Im Universum des Truckstylings er\u00f6ffnen sich unz\u00e4hlige Wege, um Ihrem Nutzfahrzeug eine unverwechselbare Note zu verleihen. Von auffallenden Lackierungen, \u00fcber kreative Folierungen bis hin zu eigens gestalteten Aufklebern oder Grafiken \u2013 die Bandbreite der Optionen ist schier grenzenlos. Mit dem richtigen Truckstyling erheben Sie Ihr Fahrzeug \u00fcber die Masse und hinterlassen eine bleibende Spur.<\/p>\n\n\n\n<figure class=\"wp-block-image size-full\"><img loading=\"lazy\" decoding=\"async\" width=\"700\" height=\"525\" src=\"https:\/\/truckonline.de\/blog\/wp-content\/uploads\/2023\/08\/volvotruckstyle700.jpg\" alt=\"ein sehr gepflegter volvo nutzfahrzeug\" class=\"wp-image-12315\"\/><\/figure>\n\n\n\n<p>Ein weiteres gewichtiges Element im Bereich Truckstyling sind vielf\u00e4ltige Anbauteile. Spezielle Sto\u00dff\u00e4nger oder Seitenschweller, dynamische Dachspoiler, stylische <a href=\"https:\/\/www.truckjunkie.eu\/SCHMUTZF%C3%84NGER\">Schmutzf\u00e4nger f\u00fcr LKW<\/a> sowie schicke Lufthutzen \u2013 diese Komponenten verleihen Ihrem Nutzfahrzeug nicht nur eine einzigartige Optik, sondern k\u00f6nnen auch Aerodynamik und Performance ma\u00dfgeblich optimieren.<\/p>\n\n\n\n<h2 class=\"wp-block-heading\">Individuelle Innenraumgestaltung<\/h2>\n\n\n\n<p>Truckstyling h\u00f6rt nicht beim \u00e4u\u00dferen Look Ihres Nutzfahrzeugs auf \u2013 es zieht sich bis in den Innenraum und erm\u00f6glicht eine pers\u00f6nliche Note sowie gesteigerten Komfort und Funktionalit\u00e4t.<\/p>\n\n\n\n<p>Von ma\u00dfgeschneiderten Sitzbez\u00fcgen und Lenkradabdeckungen bis hin zu individuellen Armaturenbrettern oder einzigartigen Schaltknaufabdeckungen \u2013 die Optionen sind schier grenzenlos. <br>Mit individueller Innenraumgestaltung verwandeln Sie Ihren Truck in einen Ort, an dem Sie nicht nur effizient arbeiten, sondern sich auch wohlf\u00fchlen k\u00f6nnen.<\/p>\n\n\n\n<h2 class=\"wp-block-heading\">Truckstyling als Markenbotschafter<\/h2>\n\n\n\n<p>Truckstyling ist weit mehr als blo\u00dfe Optik \u2013 es fungiert als effizienter Markenbotschafter. Mithilfe von Firmenlogos, charakteristischen Farbgebungen und ansprechenden Grafiken verwandeln Sie Ihr Fahrzeug in einen rollenden Werbetr\u00e4ger, der Ihre Marke dynamisch pr\u00e4sentiert.<\/p>\n\n\n\n<p>Ein fachm\u00e4nnisch gestalteter Truck zieht nicht nur bewundernde Blicke auf sich, sondern kann auch sowohl das Vertrauen als auch die Glaubw\u00fcrdigkeit Ihrer Marke st\u00e4rken. <br>Indem Sie einen bleibenden Eindruck hinterlassen, bleiben Sie in den K\u00f6pfen potenzieller Kunden pr\u00e4sent, und Ihre Dienstleistungen r\u00fccken automatisch in den Fokus.<\/p>\n\n\n\n<p>Doch es ist mehr als nur ein gl\u00e4nzendes \u00c4u\u00dferes. Es ist ein Echo von Identit\u00e4t, ein Ausdruck von Markenwerten und ein <a href=\"https:\/\/truckonline.de\/blog\/2023\/08\/21\/da-rollt-die-automobile-zukunft\/\">Sprung in die Zukunft<\/a> der Technologie.<\/p>\n\n\n\n<p>Von der Stra\u00dfe bis zur Markenrepr\u00e4sentation \u2013 das Truckstyling hat die Landschaft der Nutzfahrzeuge neu definiert. Es lehrt uns, dass \u00c4sthetik nicht nur ein visuelles Erlebnis ist, sondern ein Schl\u00fcssel, der die T\u00fcren zu Erfolg und Anerkennung \u00f6ffnet.<\/p>\n","protected":false},"excerpt":{"rendered":"<p>Werbung In der Welt der Nutzfahrzeuge geht es l\u00e4ngst nicht mehr nur um Funktionalit\u00e4t oder Effizienz. Vielmehr hat sich das Styling von Trucks zu einer&#8230;<\/p>\n<div class=\"more-link-wrapper\"><a class=\"more-link\" href=\"https:\/\/truckonline.de\/blog\/2023\/08\/31\/truckstyling-individuelle-akzente-fuer-beeindruckende-nutzfahrzeuge\/\">Sie haben Ihr Ziel fast erreicht.<span class=\"screen-reader-text\">Truckstyling \u2013 Individuelle Akzente f\u00fcr beeindruckende Nutzfahrzeuge<\/span><\/a><\/div>\n","protected":false},"author":3,"featured_media":0,"comment_status":"open","ping_status":"open","sticky":false,"template":"","format":"standard","meta":{"iawp_total_views":2,"_metis_text_type":"","_metis_text_length":0,"_post_count":0,"footnotes":""},"categories":[1,11,80],"tags":[1881,2231],"class_list":["post-12314","post","type-post","status-publish","format-standard","hentry","category-allgemeines","category-lkw","category-werbung","tag-lkw","tag-truckstyling","ratio-2-1","entry"],"yoast_head":"<!-- This site is optimized with the Yoast SEO plugin v27.5 - https:\/\/yoast.com\/product\/yoast-seo-wordpress\/ -->\n<title>Truckstyling \u2013 Individuelle Akzente f\u00fcr beeindruckende Nutzfahrzeuge | TruckOnline.de<\/title>\n<meta name=\"description\" content=\"Werbung In der Welt der Nutzfahrzeuge geht es l\u00e4ngst nicht mehr nur um Funktionalit\u00e4t oder Effizienz. Vielmehr hat sich das Styling von Trucks zu einer\" \/>\n<meta name=\"robots\" content=\"index, follow, max-snippet:-1, max-image-preview:large, max-video-preview:-1\" \/>\n<link rel=\"canonical\" href=\"https:\/\/truckonline.de\/blog\/2023\/08\/31\/truckstyling-individuelle-akzente-fuer-beeindruckende-nutzfahrzeuge\/\" \/>\n<meta property=\"og:locale\" content=\"de_DE\" \/>\n<meta property=\"og:type\" content=\"article\" \/>\n<meta property=\"og:title\" content=\"Truckstyling \u2013 Individuelle Akzente f\u00fcr beeindruckende Nutzfahrzeuge | TruckOnline.de\" \/>\n<meta property=\"og:url\" content=\"https:\/\/truckonline.de\/blog\/2023\/08\/31\/truckstyling-individuelle-akzente-fuer-beeindruckende-nutzfahrzeuge\/\" \/>\n<meta property=\"og:site_name\" content=\"TruckOnline.de\" \/>\n<meta property=\"article:publisher\" content=\"https:\/\/www.facebook.com\/truckblog\" \/>\n<meta property=\"article:author\" content=\"https:\/\/www.facebook.com\/truckblog\" \/>\n<meta property=\"article:published_time\" content=\"2023-08-31T08:16:00+00:00\" \/>\n<meta property=\"article:modified_time\" content=\"2023-08-31T10:35:13+00:00\" \/>\n<meta property=\"og:image\" content=\"https:\/\/truckonline.de\/blog\/wp-content\/uploads\/2023\/08\/volvotruckstyle700.jpg\" \/>\n<meta name=\"author\" content=\"maik\" \/>\n<meta name=\"twitter:card\" content=\"summary_large_image\" \/>\n<meta name=\"twitter:creator\" content=\"@https:\/\/twitter.com\/truckblog\" \/>\n<meta name=\"twitter:site\" content=\"@truckblog\" \/>\n<meta name=\"twitter:label1\" content=\"Verfasst von\" \/>\n\t<meta name=\"twitter:data1\" content=\"maik\" \/>\n\t<meta name=\"twitter:label2\" content=\"Gesch\u00e4tzte Lesezeit\" \/>\n\t<meta name=\"twitter:data2\" content=\"3\u00a0Minuten\" \/>\n<script type=\"application\/ld+json\" class=\"yoast-schema-graph\">{\"@context\":\"https:\\\/\\\/schema.org\",\"@graph\":[{\"@type\":\"Article\",\"@id\":\"https:\\\/\\\/truckonline.de\\\/blog\\\/2023\\\/08\\\/31\\\/truckstyling-individuelle-akzente-fuer-beeindruckende-nutzfahrzeuge\\\/#article\",\"isPartOf\":{\"@id\":\"https:\\\/\\\/truckonline.de\\\/blog\\\/2023\\\/08\\\/31\\\/truckstyling-individuelle-akzente-fuer-beeindruckende-nutzfahrzeuge\\\/\"},\"author\":{\"name\":\"maik\",\"@id\":\"https:\\\/\\\/truckonline.de\\\/blog\\\/#\\\/schema\\\/person\\\/4cb59b86ffde81f882f56439688fda19\"},\"headline\":\"Truckstyling \u2013 Individuelle Akzente f\u00fcr beeindruckende Nutzfahrzeuge\",\"datePublished\":\"2023-08-31T08:16:00+00:00\",\"dateModified\":\"2023-08-31T10:35:13+00:00\",\"mainEntityOfPage\":{\"@id\":\"https:\\\/\\\/truckonline.de\\\/blog\\\/2023\\\/08\\\/31\\\/truckstyling-individuelle-akzente-fuer-beeindruckende-nutzfahrzeuge\\\/\"},\"wordCount\":456,\"commentCount\":0,\"publisher\":{\"@id\":\"https:\\\/\\\/truckonline.de\\\/blog\\\/#\\\/schema\\\/person\\\/4cb59b86ffde81f882f56439688fda19\"},\"image\":{\"@id\":\"https:\\\/\\\/truckonline.de\\\/blog\\\/2023\\\/08\\\/31\\\/truckstyling-individuelle-akzente-fuer-beeindruckende-nutzfahrzeuge\\\/#primaryimage\"},\"thumbnailUrl\":\"https:\\\/\\\/truckonline.de\\\/blog\\\/wp-content\\\/uploads\\\/2023\\\/08\\\/volvotruckstyle700.jpg\",\"keywords\":[\"Lkw\",\"Truckstyling\"],\"articleSection\":[\"Allgemeines\",\"Lkw\",\"Werbung\"],\"inLanguage\":\"de\",\"potentialAction\":[{\"@type\":\"CommentAction\",\"name\":\"Comment\",\"target\":[\"https:\\\/\\\/truckonline.de\\\/blog\\\/2023\\\/08\\\/31\\\/truckstyling-individuelle-akzente-fuer-beeindruckende-nutzfahrzeuge\\\/#respond\"]}]},{\"@type\":\"WebPage\",\"@id\":\"https:\\\/\\\/truckonline.de\\\/blog\\\/2023\\\/08\\\/31\\\/truckstyling-individuelle-akzente-fuer-beeindruckende-nutzfahrzeuge\\\/\",\"url\":\"https:\\\/\\\/truckonline.de\\\/blog\\\/2023\\\/08\\\/31\\\/truckstyling-individuelle-akzente-fuer-beeindruckende-nutzfahrzeuge\\\/\",\"name\":\"Truckstyling \u2013 Individuelle Akzente f\u00fcr beeindruckende Nutzfahrzeuge | TruckOnline.de\",\"isPartOf\":{\"@id\":\"https:\\\/\\\/truckonline.de\\\/blog\\\/#website\"},\"primaryImageOfPage\":{\"@id\":\"https:\\\/\\\/truckonline.de\\\/blog\\\/2023\\\/08\\\/31\\\/truckstyling-individuelle-akzente-fuer-beeindruckende-nutzfahrzeuge\\\/#primaryimage\"},\"image\":{\"@id\":\"https:\\\/\\\/truckonline.de\\\/blog\\\/2023\\\/08\\\/31\\\/truckstyling-individuelle-akzente-fuer-beeindruckende-nutzfahrzeuge\\\/#primaryimage\"},\"thumbnailUrl\":\"https:\\\/\\\/truckonline.de\\\/blog\\\/wp-content\\\/uploads\\\/2023\\\/08\\\/volvotruckstyle700.jpg\",\"datePublished\":\"2023-08-31T08:16:00+00:00\",\"dateModified\":\"2023-08-31T10:35:13+00:00\",\"description\":\"Werbung In der Welt der Nutzfahrzeuge geht es l\u00e4ngst nicht mehr nur um Funktionalit\u00e4t oder Effizienz. Vielmehr hat sich das Styling von Trucks zu einer\",\"breadcrumb\":{\"@id\":\"https:\\\/\\\/truckonline.de\\\/blog\\\/2023\\\/08\\\/31\\\/truckstyling-individuelle-akzente-fuer-beeindruckende-nutzfahrzeuge\\\/#breadcrumb\"},\"inLanguage\":\"de\",\"potentialAction\":[{\"@type\":\"ReadAction\",\"target\":[\"https:\\\/\\\/truckonline.de\\\/blog\\\/2023\\\/08\\\/31\\\/truckstyling-individuelle-akzente-fuer-beeindruckende-nutzfahrzeuge\\\/\"]}]},{\"@type\":\"ImageObject\",\"inLanguage\":\"de\",\"@id\":\"https:\\\/\\\/truckonline.de\\\/blog\\\/2023\\\/08\\\/31\\\/truckstyling-individuelle-akzente-fuer-beeindruckende-nutzfahrzeuge\\\/#primaryimage\",\"url\":\"https:\\\/\\\/truckonline.de\\\/blog\\\/wp-content\\\/uploads\\\/2023\\\/08\\\/volvotruckstyle700.jpg\",\"contentUrl\":\"https:\\\/\\\/truckonline.de\\\/blog\\\/wp-content\\\/uploads\\\/2023\\\/08\\\/volvotruckstyle700.jpg\",\"width\":700,\"height\":525},{\"@type\":\"BreadcrumbList\",\"@id\":\"https:\\\/\\\/truckonline.de\\\/blog\\\/2023\\\/08\\\/31\\\/truckstyling-individuelle-akzente-fuer-beeindruckende-nutzfahrzeuge\\\/#breadcrumb\",\"itemListElement\":[{\"@type\":\"ListItem\",\"position\":1,\"name\":\"Startseite\",\"item\":\"https:\\\/\\\/truckonline.de\\\/blog\\\/\"},{\"@type\":\"ListItem\",\"position\":2,\"name\":\"Truckstyling \u2013 Individuelle Akzente f\u00fcr beeindruckende Nutzfahrzeuge\"}]},{\"@type\":\"WebSite\",\"@id\":\"https:\\\/\\\/truckonline.de\\\/blog\\\/#website\",\"url\":\"https:\\\/\\\/truckonline.de\\\/blog\\\/\",\"name\":\"TruckOnline.de\",\"description\":\"\",\"publisher\":{\"@id\":\"https:\\\/\\\/truckonline.de\\\/blog\\\/#\\\/schema\\\/person\\\/4cb59b86ffde81f882f56439688fda19\"},\"potentialAction\":[{\"@type\":\"SearchAction\",\"target\":{\"@type\":\"EntryPoint\",\"urlTemplate\":\"https:\\\/\\\/truckonline.de\\\/blog\\\/?s={search_term_string}\"},\"query-input\":{\"@type\":\"PropertyValueSpecification\",\"valueRequired\":true,\"valueName\":\"search_term_string\"}}],\"inLanguage\":\"de\"},{\"@type\":[\"Person\",\"Organization\"],\"@id\":\"https:\\\/\\\/truckonline.de\\\/blog\\\/#\\\/schema\\\/person\\\/4cb59b86ffde81f882f56439688fda19\",\"name\":\"maik\",\"image\":{\"@type\":\"ImageObject\",\"inLanguage\":\"de\",\"@id\":\"https:\\\/\\\/truckonline.de\\\/blog\\\/wp-content\\\/uploads\\\/2019\\\/12\\\/logoinnenweiss.png\",\"url\":\"https:\\\/\\\/truckonline.de\\\/blog\\\/wp-content\\\/uploads\\\/2019\\\/12\\\/logoinnenweiss.png\",\"contentUrl\":\"https:\\\/\\\/truckonline.de\\\/blog\\\/wp-content\\\/uploads\\\/2019\\\/12\\\/logoinnenweiss.png\",\"width\":733,\"height\":125,\"caption\":\"maik\"},\"logo\":{\"@id\":\"https:\\\/\\\/truckonline.de\\\/blog\\\/wp-content\\\/uploads\\\/2019\\\/12\\\/logoinnenweiss.png\"},\"sameAs\":[\"https:\\\/\\\/www.facebook.com\\\/truckblog\",\"https:\\\/\\\/www.instagram.com\\\/truck_online\\\/\",\"https:\\\/\\\/x.com\\\/https:\\\/\\\/twitter.com\\\/truckblog\",\"https:\\\/\\\/www.youtube.com\\\/user\\\/truckonline\",\"https:\\\/\\\/www.tumblr.com\\\/truckonline\"]}]}<\/script>\n<!-- \/ Yoast SEO plugin. -->","yoast_head_json":{"title":"Truckstyling \u2013 Individuelle Akzente f\u00fcr beeindruckende Nutzfahrzeuge | TruckOnline.de","description":"Werbung In der Welt der Nutzfahrzeuge geht es l\u00e4ngst nicht mehr nur um Funktionalit\u00e4t oder Effizienz. Vielmehr hat sich das Styling von Trucks zu einer","robots":{"index":"index","follow":"follow","max-snippet":"max-snippet:-1","max-image-preview":"max-image-preview:large","max-video-preview":"max-video-preview:-1"},"canonical":"https:\/\/truckonline.de\/blog\/2023\/08\/31\/truckstyling-individuelle-akzente-fuer-beeindruckende-nutzfahrzeuge\/","og_locale":"de_DE","og_type":"article","og_title":"Truckstyling \u2013 Individuelle Akzente f\u00fcr beeindruckende Nutzfahrzeuge | TruckOnline.de","og_url":"https:\/\/truckonline.de\/blog\/2023\/08\/31\/truckstyling-individuelle-akzente-fuer-beeindruckende-nutzfahrzeuge\/","og_site_name":"TruckOnline.de","article_publisher":"https:\/\/www.facebook.com\/truckblog","article_author":"https:\/\/www.facebook.com\/truckblog","article_published_time":"2023-08-31T08:16:00+00:00","article_modified_time":"2023-08-31T10:35:13+00:00","og_image":[{"url":"https:\/\/truckonline.de\/blog\/wp-content\/uploads\/2023\/08\/volvotruckstyle700.jpg","type":"","width":"","height":""}],"author":"maik","twitter_card":"summary_large_image","twitter_creator":"@https:\/\/twitter.com\/truckblog","twitter_site":"@truckblog","twitter_misc":{"Verfasst von":"maik","Gesch\u00e4tzte Lesezeit":"3\u00a0Minuten"},"schema":{"@context":"https:\/\/schema.org","@graph":[{"@type":"Article","@id":"https:\/\/truckonline.de\/blog\/2023\/08\/31\/truckstyling-individuelle-akzente-fuer-beeindruckende-nutzfahrzeuge\/#article","isPartOf":{"@id":"https:\/\/truckonline.de\/blog\/2023\/08\/31\/truckstyling-individuelle-akzente-fuer-beeindruckende-nutzfahrzeuge\/"},"author":{"name":"maik","@id":"https:\/\/truckonline.de\/blog\/#\/schema\/person\/4cb59b86ffde81f882f56439688fda19"},"headline":"Truckstyling \u2013 Individuelle Akzente f\u00fcr beeindruckende Nutzfahrzeuge","datePublished":"2023-08-31T08:16:00+00:00","dateModified":"2023-08-31T10:35:13+00:00","mainEntityOfPage":{"@id":"https:\/\/truckonline.de\/blog\/2023\/08\/31\/truckstyling-individuelle-akzente-fuer-beeindruckende-nutzfahrzeuge\/"},"wordCount":456,"commentCount":0,"publisher":{"@id":"https:\/\/truckonline.de\/blog\/#\/schema\/person\/4cb59b86ffde81f882f56439688fda19"},"image":{"@id":"https:\/\/truckonline.de\/blog\/2023\/08\/31\/truckstyling-individuelle-akzente-fuer-beeindruckende-nutzfahrzeuge\/#primaryimage"},"thumbnailUrl":"https:\/\/truckonline.de\/blog\/wp-content\/uploads\/2023\/08\/volvotruckstyle700.jpg","keywords":["Lkw","Truckstyling"],"articleSection":["Allgemeines","Lkw","Werbung"],"inLanguage":"de","potentialAction":[{"@type":"CommentAction","name":"Comment","target":["https:\/\/truckonline.de\/blog\/2023\/08\/31\/truckstyling-individuelle-akzente-fuer-beeindruckende-nutzfahrzeuge\/#respond"]}]},{"@type":"WebPage","@id":"https:\/\/truckonline.de\/blog\/2023\/08\/31\/truckstyling-individuelle-akzente-fuer-beeindruckende-nutzfahrzeuge\/","url":"https:\/\/truckonline.de\/blog\/2023\/08\/31\/truckstyling-individuelle-akzente-fuer-beeindruckende-nutzfahrzeuge\/","name":"Truckstyling \u2013 Individuelle Akzente f\u00fcr beeindruckende Nutzfahrzeuge | TruckOnline.de","isPartOf":{"@id":"https:\/\/truckonline.de\/blog\/#website"},"primaryImageOfPage":{"@id":"https:\/\/truckonline.de\/blog\/2023\/08\/31\/truckstyling-individuelle-akzente-fuer-beeindruckende-nutzfahrzeuge\/#primaryimage"},"image":{"@id":"https:\/\/truckonline.de\/blog\/2023\/08\/31\/truckstyling-individuelle-akzente-fuer-beeindruckende-nutzfahrzeuge\/#primaryimage"},"thumbnailUrl":"https:\/\/truckonline.de\/blog\/wp-content\/uploads\/2023\/08\/volvotruckstyle700.jpg","datePublished":"2023-08-31T08:16:00+00:00","dateModified":"2023-08-31T10:35:13+00:00","description":"Werbung In der Welt der Nutzfahrzeuge geht es l\u00e4ngst nicht mehr nur um Funktionalit\u00e4t oder Effizienz. Vielmehr hat sich das Styling von Trucks zu einer","breadcrumb":{"@id":"https:\/\/truckonline.de\/blog\/2023\/08\/31\/truckstyling-individuelle-akzente-fuer-beeindruckende-nutzfahrzeuge\/#breadcrumb"},"inLanguage":"de","potentialAction":[{"@type":"ReadAction","target":["https:\/\/truckonline.de\/blog\/2023\/08\/31\/truckstyling-individuelle-akzente-fuer-beeindruckende-nutzfahrzeuge\/"]}]},{"@type":"ImageObject","inLanguage":"de","@id":"https:\/\/truckonline.de\/blog\/2023\/08\/31\/truckstyling-individuelle-akzente-fuer-beeindruckende-nutzfahrzeuge\/#primaryimage","url":"https:\/\/truckonline.de\/blog\/wp-content\/uploads\/2023\/08\/volvotruckstyle700.jpg","contentUrl":"https:\/\/truckonline.de\/blog\/wp-content\/uploads\/2023\/08\/volvotruckstyle700.jpg","width":700,"height":525},{"@type":"BreadcrumbList","@id":"https:\/\/truckonline.de\/blog\/2023\/08\/31\/truckstyling-individuelle-akzente-fuer-beeindruckende-nutzfahrzeuge\/#breadcrumb","itemListElement":[{"@type":"ListItem","position":1,"name":"Startseite","item":"https:\/\/truckonline.de\/blog\/"},{"@type":"ListItem","position":2,"name":"Truckstyling \u2013 Individuelle Akzente f\u00fcr beeindruckende Nutzfahrzeuge"}]},{"@type":"WebSite","@id":"https:\/\/truckonline.de\/blog\/#website","url":"https:\/\/truckonline.de\/blog\/","name":"TruckOnline.de","description":"","publisher":{"@id":"https:\/\/truckonline.de\/blog\/#\/schema\/person\/4cb59b86ffde81f882f56439688fda19"},"potentialAction":[{"@type":"SearchAction","target":{"@type":"EntryPoint","urlTemplate":"https:\/\/truckonline.de\/blog\/?s={search_term_string}"},"query-input":{"@type":"PropertyValueSpecification","valueRequired":true,"valueName":"search_term_string"}}],"inLanguage":"de"},{"@type":["Person","Organization"],"@id":"https:\/\/truckonline.de\/blog\/#\/schema\/person\/4cb59b86ffde81f882f56439688fda19","name":"maik","image":{"@type":"ImageObject","inLanguage":"de","@id":"https:\/\/truckonline.de\/blog\/wp-content\/uploads\/2019\/12\/logoinnenweiss.png","url":"https:\/\/truckonline.de\/blog\/wp-content\/uploads\/2019\/12\/logoinnenweiss.png","contentUrl":"https:\/\/truckonline.de\/blog\/wp-content\/uploads\/2019\/12\/logoinnenweiss.png","width":733,"height":125,"caption":"maik"},"logo":{"@id":"https:\/\/truckonline.de\/blog\/wp-content\/uploads\/2019\/12\/logoinnenweiss.png"},"sameAs":["https:\/\/www.facebook.com\/truckblog","https:\/\/www.instagram.com\/truck_online\/","https:\/\/x.com\/https:\/\/twitter.com\/truckblog","https:\/\/www.youtube.com\/user\/truckonline","https:\/\/www.tumblr.com\/truckonline"]}]}},"_links":{"self":[{"href":"https:\/\/truckonline.de\/blog\/wp-json\/wp\/v2\/posts\/12314","targetHints":{"allow":["GET"]}}],"collection":[{"href":"https:\/\/truckonline.de\/blog\/wp-json\/wp\/v2\/posts"}],"about":[{"href":"https:\/\/truckonline.de\/blog\/wp-json\/wp\/v2\/types\/post"}],"author":[{"embeddable":true,"href":"https:\/\/truckonline.de\/blog\/wp-json\/wp\/v2\/users\/3"}],"replies":[{"embeddable":true,"href":"https:\/\/truckonline.de\/blog\/wp-json\/wp\/v2\/comments?post=12314"}],"version-history":[{"count":1,"href":"https:\/\/truckonline.de\/blog\/wp-json\/wp\/v2\/posts\/12314\/revisions"}],"predecessor-version":[{"id":12316,"href":"https:\/\/truckonline.de\/blog\/wp-json\/wp\/v2\/posts\/12314\/revisions\/12316"}],"wp:attachment":[{"href":"https:\/\/truckonline.de\/blog\/wp-json\/wp\/v2\/media?parent=12314"}],"wp:term":[{"taxonomy":"category","embeddable":true,"href":"https:\/\/truckonline.de\/blog\/wp-json\/wp\/v2\/categories?post=12314"},{"taxonomy":"post_tag","embeddable":true,"href":"https:\/\/truckonline.de\/blog\/wp-json\/wp\/v2\/tags?post=12314"}],"curies":[{"name":"wp","href":"https:\/\/api.w.org\/{rel}","templated":true}]}}