{"id":12277,"date":"2023-08-14T13:48:59","date_gmt":"2023-08-14T11:48:59","guid":{"rendered":"https:\/\/truckonline.de\/blog\/?p=12277"},"modified":"2023-08-14T16:27:40","modified_gmt":"2023-08-14T14:27:40","slug":"ich-bin-kamerascheu","status":"publish","type":"post","link":"https:\/\/truckonline.de\/blog\/2023\/08\/14\/ich-bin-kamerascheu\/","title":{"rendered":"Ich bin kamerascheu"},"content":{"rendered":"\n<p>Alles was jetzt folgt, ist laienhaftes Halbwissen. Denn ich habe logischerweise wenig Ahnung von Arbeitsrecht oder so. Klar, bin ja ein Lkw-Fahrer. F\u00fcr alles andere guckt auf Google. <br>Aber nun ja, ich will dennoch mal folgende Frage versuchen zu beantworten:<\/p>\n\n\n<div class=\"wp-block-image\">\n<figure class=\"aligncenter size-full\"><img loading=\"lazy\" decoding=\"async\" width=\"700\" height=\"110\" src=\"https:\/\/truckonline.de\/blog\/wp-content\/uploads\/2023\/08\/fotokamera.jpg\" alt=\"Frage ob ich w\u00e4hrend der arbeit gefilmt werden will\" class=\"wp-image-12278\"\/><\/figure>\n<\/div>\n\n\n<p>Ich denke, in Deutschland oder generell in Europa ist das eh kein Thema. Aber&#8230;<\/p>\n\n\n\n<p>&#8230;nat\u00fcrlich halte ich nix davon, w\u00e4hrend meiner Arbeit gefilmt zu werden. Und ich denke, da bin ich nicht allein mit dieser Meinung. Denn eine Kamera die auf mich gerichtet ist, stellt einfach einen Eingriff in meine Privatsph\u00e4re dar. Daf\u00fcr kann es kein stichhaltiges Argument geben.<br>Schon allein deshalb, weil es mit heutiger Technik andere M\u00f6glichkeiten gibt, um M\u00fcdigkeit oder Unaufmerksamkeit zu erkennen.<\/p>\n\n\n\n<p>So zum Beispiel durch eine Dashcam, die nach vorn filmt. Auch damit kann ein Fehlverhalten erkannt werden, wie beispielsweise zu enges Auffahren, starkes Bremsen oder die Spur nicht zu halten. <br>Aber auch ohne Kamera k\u00f6nnen Fahrer sehr genau \u00fcberwacht werden. So analysiert ein M\u00fcdigkeitswarner das Lenkverhalten des Fahrers mithilfe des Spurwechselassistenten. <\/p>\n\n\n\n<p>Erkennt der M\u00fcdigkeitswarner durch das Lenkverhalten, dass der Fahrer zu m\u00fcde ist, um weiterzufahren, gibt der ein Zeichen \u2013 je nach System mit einem Symbol im Display und einem akustischen Signal oder auch einem Vibrieren im Lenkrad.<\/p>\n\n\n\n<p>Aber wie geschrieben. Ich habe kein Problem mit Kameras, die nach vorn filmen. Aber wenn ich irgendwann in einen Lkw einsteige und ich sehe eine nach innen gerichtete Kamera, die mich und mein Tun \u00fcberwachen soll, w\u00e4re das mein letzter Tag in dieser Firma.<\/p>\n\n\n\n<p>Mag sein, dass ich da ein wenig ambivalent bin. Aber mal ein Beispiel: Jemand ignoriert eine rote Ampel und rammt &#8222;meinen&#8220; Lkw. <br>Die nach vorn gerichtete Dashcam beweist, dass ich gr\u00fcn hatte, die auf mich gerichtete Kamera zeigt allerdings, dass ich zum Zeitpunkt des Unfalls nach einer Flasche Wasser gegriffen habe. Also vielleicht kurz abgelenkt war.<\/p>\n\n\n\n<p>Das w\u00e4re doch alles &#8222;<em>Munition<\/em>&#8220; f\u00fcr die gegnerische Versicherung, deren Anw\u00e4lte und eventuell sogar meinem Arbeitgeber.<br>Will ich das? N\u00f6. Nat\u00fcrlich nicht. Weil ich nicht bef\u00fcrchten m\u00f6chte, dass mein geringes eventuelles  Fehlverhalten im Falle eines Gerichtsverfahrens gegen mich ausgenutzt wird. Ist doch logisch.<\/p>\n\n\n\n<p>Ich denke eh, dass wir uns \u00fcberhaupt daran gew\u00f6hnen, in einer \u00dcberwachungsgesellschaft zu leben, in der praktisch alles was wir tun, gefilmt und aufgezeichnet wird. <\/p>\n\n\n\n<p>Verkehrskameras filmen mich, wenn ich auf Autobahnen fahre oder durch eine Fu\u00dfg\u00e4ngerzone laufe. Bin ich beim Be- oder Entladen, wird jeder meiner Schritte verfolgt. Und zwar in einer Qualit\u00e4t, mit denen man das Logo auf meinen Arbeisschuhen erkennen kann. <br>Besuche ich ein Einkaufszentrum, werde ich von der Auffahrt auf den Parkplatz bis zur Abfahrt durchgehend beobachtet. <\/p>\n\n\n\n<p>Und das, obwohl es niemanden nutzt, meine stattliche Figur aufzuzeichnen. Auch wenn er merkt, dass ich nichts schlimmes im Schilde f\u00fchre. <\/p>\n","protected":false},"excerpt":{"rendered":"<p>Alles was jetzt folgt, ist laienhaftes Halbwissen. Denn ich habe logischerweise wenig Ahnung von Arbeitsrecht oder so. Klar, bin ja ein Lkw-Fahrer. F\u00fcr alles andere&#8230;<\/p>\n<div class=\"more-link-wrapper\"><a class=\"more-link\" href=\"https:\/\/truckonline.de\/blog\/2023\/08\/14\/ich-bin-kamerascheu\/\">Sie haben Ihr Ziel fast erreicht.<span class=\"screen-reader-text\">Ich bin kamerascheu<\/span><\/a><\/div>\n","protected":false},"author":3,"featured_media":0,"comment_status":"open","ping_status":"open","sticky":false,"template":"","format":"standard","meta":{"iawp_total_views":0,"_metis_text_type":"","_metis_text_length":0,"_post_count":0,"footnotes":""},"categories":[185,49],"tags":[2227,1890],"class_list":["post-12277","post","type-post","status-publish","format-standard","hentry","category-gedanken","category-technik","tag-dashcam","tag-unfall","ratio-2-1","entry"],"yoast_head":"<!-- This site is optimized with the Yoast SEO plugin v27.5 - https:\/\/yoast.com\/product\/yoast-seo-wordpress\/ -->\n<title>Ich bin kamerascheu | TruckOnline.de<\/title>\n<meta name=\"description\" content=\"Alles was jetzt folgt, ist laienhaftes Halbwissen. Denn ich habe logischerweise wenig Ahnung von Arbeitsrecht oder so. Klar, bin ja ein Lkw-Fahrer. F\u00fcr\" \/>\n<meta name=\"robots\" content=\"index, follow, max-snippet:-1, max-image-preview:large, max-video-preview:-1\" \/>\n<link rel=\"canonical\" href=\"https:\/\/truckonline.de\/blog\/2023\/08\/14\/ich-bin-kamerascheu\/\" \/>\n<meta property=\"og:locale\" content=\"de_DE\" \/>\n<meta property=\"og:type\" content=\"article\" \/>\n<meta property=\"og:title\" content=\"Ich bin kamerascheu | TruckOnline.de\" \/>\n<meta property=\"og:url\" content=\"https:\/\/truckonline.de\/blog\/2023\/08\/14\/ich-bin-kamerascheu\/\" \/>\n<meta property=\"og:site_name\" content=\"TruckOnline.de\" \/>\n<meta property=\"article:publisher\" content=\"https:\/\/www.facebook.com\/truckblog\" \/>\n<meta property=\"article:author\" content=\"https:\/\/www.facebook.com\/truckblog\" \/>\n<meta property=\"article:published_time\" content=\"2023-08-14T11:48:59+00:00\" \/>\n<meta property=\"article:modified_time\" content=\"2023-08-14T14:27:40+00:00\" \/>\n<meta property=\"og:image\" content=\"https:\/\/truckonline.de\/blog\/wp-content\/uploads\/2023\/08\/fotokamera.jpg\" \/>\n<meta name=\"author\" content=\"maik\" \/>\n<meta name=\"twitter:card\" content=\"summary_large_image\" \/>\n<meta name=\"twitter:creator\" content=\"@https:\/\/twitter.com\/truckblog\" \/>\n<meta name=\"twitter:site\" content=\"@truckblog\" \/>\n<meta name=\"twitter:label1\" content=\"Verfasst von\" \/>\n\t<meta name=\"twitter:data1\" content=\"maik\" \/>\n\t<meta name=\"twitter:label2\" content=\"Gesch\u00e4tzte Lesezeit\" \/>\n\t<meta name=\"twitter:data2\" content=\"3\u00a0Minuten\" \/>\n<script type=\"application\/ld+json\" class=\"yoast-schema-graph\">{\"@context\":\"https:\\\/\\\/schema.org\",\"@graph\":[{\"@type\":\"Article\",\"@id\":\"https:\\\/\\\/truckonline.de\\\/blog\\\/2023\\\/08\\\/14\\\/ich-bin-kamerascheu\\\/#article\",\"isPartOf\":{\"@id\":\"https:\\\/\\\/truckonline.de\\\/blog\\\/2023\\\/08\\\/14\\\/ich-bin-kamerascheu\\\/\"},\"author\":{\"name\":\"maik\",\"@id\":\"https:\\\/\\\/truckonline.de\\\/blog\\\/#\\\/schema\\\/person\\\/4cb59b86ffde81f882f56439688fda19\"},\"headline\":\"Ich bin kamerascheu\",\"datePublished\":\"2023-08-14T11:48:59+00:00\",\"dateModified\":\"2023-08-14T14:27:40+00:00\",\"mainEntityOfPage\":{\"@id\":\"https:\\\/\\\/truckonline.de\\\/blog\\\/2023\\\/08\\\/14\\\/ich-bin-kamerascheu\\\/\"},\"wordCount\":475,\"commentCount\":0,\"publisher\":{\"@id\":\"https:\\\/\\\/truckonline.de\\\/blog\\\/#\\\/schema\\\/person\\\/4cb59b86ffde81f882f56439688fda19\"},\"image\":{\"@id\":\"https:\\\/\\\/truckonline.de\\\/blog\\\/2023\\\/08\\\/14\\\/ich-bin-kamerascheu\\\/#primaryimage\"},\"thumbnailUrl\":\"https:\\\/\\\/truckonline.de\\\/blog\\\/wp-content\\\/uploads\\\/2023\\\/08\\\/fotokamera.jpg\",\"keywords\":[\"Dashcam\",\"Unfall\"],\"articleSection\":[\"Gedanken\",\"Technik\"],\"inLanguage\":\"de\",\"potentialAction\":[{\"@type\":\"CommentAction\",\"name\":\"Comment\",\"target\":[\"https:\\\/\\\/truckonline.de\\\/blog\\\/2023\\\/08\\\/14\\\/ich-bin-kamerascheu\\\/#respond\"]}]},{\"@type\":\"WebPage\",\"@id\":\"https:\\\/\\\/truckonline.de\\\/blog\\\/2023\\\/08\\\/14\\\/ich-bin-kamerascheu\\\/\",\"url\":\"https:\\\/\\\/truckonline.de\\\/blog\\\/2023\\\/08\\\/14\\\/ich-bin-kamerascheu\\\/\",\"name\":\"Ich bin kamerascheu | TruckOnline.de\",\"isPartOf\":{\"@id\":\"https:\\\/\\\/truckonline.de\\\/blog\\\/#website\"},\"primaryImageOfPage\":{\"@id\":\"https:\\\/\\\/truckonline.de\\\/blog\\\/2023\\\/08\\\/14\\\/ich-bin-kamerascheu\\\/#primaryimage\"},\"image\":{\"@id\":\"https:\\\/\\\/truckonline.de\\\/blog\\\/2023\\\/08\\\/14\\\/ich-bin-kamerascheu\\\/#primaryimage\"},\"thumbnailUrl\":\"https:\\\/\\\/truckonline.de\\\/blog\\\/wp-content\\\/uploads\\\/2023\\\/08\\\/fotokamera.jpg\",\"datePublished\":\"2023-08-14T11:48:59+00:00\",\"dateModified\":\"2023-08-14T14:27:40+00:00\",\"description\":\"Alles was jetzt folgt, ist laienhaftes Halbwissen. Denn ich habe logischerweise wenig Ahnung von Arbeitsrecht oder so. Klar, bin ja ein Lkw-Fahrer. F\u00fcr\",\"breadcrumb\":{\"@id\":\"https:\\\/\\\/truckonline.de\\\/blog\\\/2023\\\/08\\\/14\\\/ich-bin-kamerascheu\\\/#breadcrumb\"},\"inLanguage\":\"de\",\"potentialAction\":[{\"@type\":\"ReadAction\",\"target\":[\"https:\\\/\\\/truckonline.de\\\/blog\\\/2023\\\/08\\\/14\\\/ich-bin-kamerascheu\\\/\"]}]},{\"@type\":\"ImageObject\",\"inLanguage\":\"de\",\"@id\":\"https:\\\/\\\/truckonline.de\\\/blog\\\/2023\\\/08\\\/14\\\/ich-bin-kamerascheu\\\/#primaryimage\",\"url\":\"https:\\\/\\\/truckonline.de\\\/blog\\\/wp-content\\\/uploads\\\/2023\\\/08\\\/fotokamera.jpg\",\"contentUrl\":\"https:\\\/\\\/truckonline.de\\\/blog\\\/wp-content\\\/uploads\\\/2023\\\/08\\\/fotokamera.jpg\",\"width\":700,\"height\":110},{\"@type\":\"BreadcrumbList\",\"@id\":\"https:\\\/\\\/truckonline.de\\\/blog\\\/2023\\\/08\\\/14\\\/ich-bin-kamerascheu\\\/#breadcrumb\",\"itemListElement\":[{\"@type\":\"ListItem\",\"position\":1,\"name\":\"Startseite\",\"item\":\"https:\\\/\\\/truckonline.de\\\/blog\\\/\"},{\"@type\":\"ListItem\",\"position\":2,\"name\":\"Ich bin kamerascheu\"}]},{\"@type\":\"WebSite\",\"@id\":\"https:\\\/\\\/truckonline.de\\\/blog\\\/#website\",\"url\":\"https:\\\/\\\/truckonline.de\\\/blog\\\/\",\"name\":\"TruckOnline.de\",\"description\":\"\",\"publisher\":{\"@id\":\"https:\\\/\\\/truckonline.de\\\/blog\\\/#\\\/schema\\\/person\\\/4cb59b86ffde81f882f56439688fda19\"},\"potentialAction\":[{\"@type\":\"SearchAction\",\"target\":{\"@type\":\"EntryPoint\",\"urlTemplate\":\"https:\\\/\\\/truckonline.de\\\/blog\\\/?s={search_term_string}\"},\"query-input\":{\"@type\":\"PropertyValueSpecification\",\"valueRequired\":true,\"valueName\":\"search_term_string\"}}],\"inLanguage\":\"de\"},{\"@type\":[\"Person\",\"Organization\"],\"@id\":\"https:\\\/\\\/truckonline.de\\\/blog\\\/#\\\/schema\\\/person\\\/4cb59b86ffde81f882f56439688fda19\",\"name\":\"maik\",\"image\":{\"@type\":\"ImageObject\",\"inLanguage\":\"de\",\"@id\":\"https:\\\/\\\/truckonline.de\\\/blog\\\/wp-content\\\/uploads\\\/2019\\\/12\\\/logoinnenweiss.png\",\"url\":\"https:\\\/\\\/truckonline.de\\\/blog\\\/wp-content\\\/uploads\\\/2019\\\/12\\\/logoinnenweiss.png\",\"contentUrl\":\"https:\\\/\\\/truckonline.de\\\/blog\\\/wp-content\\\/uploads\\\/2019\\\/12\\\/logoinnenweiss.png\",\"width\":733,\"height\":125,\"caption\":\"maik\"},\"logo\":{\"@id\":\"https:\\\/\\\/truckonline.de\\\/blog\\\/wp-content\\\/uploads\\\/2019\\\/12\\\/logoinnenweiss.png\"},\"sameAs\":[\"https:\\\/\\\/www.facebook.com\\\/truckblog\",\"https:\\\/\\\/www.instagram.com\\\/truck_online\\\/\",\"https:\\\/\\\/x.com\\\/https:\\\/\\\/twitter.com\\\/truckblog\",\"https:\\\/\\\/www.youtube.com\\\/user\\\/truckonline\",\"https:\\\/\\\/www.tumblr.com\\\/truckonline\"]}]}<\/script>\n<!-- \/ Yoast SEO plugin. -->","yoast_head_json":{"title":"Ich bin kamerascheu | TruckOnline.de","description":"Alles was jetzt folgt, ist laienhaftes Halbwissen. Denn ich habe logischerweise wenig Ahnung von Arbeitsrecht oder so. Klar, bin ja ein Lkw-Fahrer. F\u00fcr","robots":{"index":"index","follow":"follow","max-snippet":"max-snippet:-1","max-image-preview":"max-image-preview:large","max-video-preview":"max-video-preview:-1"},"canonical":"https:\/\/truckonline.de\/blog\/2023\/08\/14\/ich-bin-kamerascheu\/","og_locale":"de_DE","og_type":"article","og_title":"Ich bin kamerascheu | TruckOnline.de","og_url":"https:\/\/truckonline.de\/blog\/2023\/08\/14\/ich-bin-kamerascheu\/","og_site_name":"TruckOnline.de","article_publisher":"https:\/\/www.facebook.com\/truckblog","article_author":"https:\/\/www.facebook.com\/truckblog","article_published_time":"2023-08-14T11:48:59+00:00","article_modified_time":"2023-08-14T14:27:40+00:00","og_image":[{"url":"https:\/\/truckonline.de\/blog\/wp-content\/uploads\/2023\/08\/fotokamera.jpg","type":"","width":"","height":""}],"author":"maik","twitter_card":"summary_large_image","twitter_creator":"@https:\/\/twitter.com\/truckblog","twitter_site":"@truckblog","twitter_misc":{"Verfasst von":"maik","Gesch\u00e4tzte Lesezeit":"3\u00a0Minuten"},"schema":{"@context":"https:\/\/schema.org","@graph":[{"@type":"Article","@id":"https:\/\/truckonline.de\/blog\/2023\/08\/14\/ich-bin-kamerascheu\/#article","isPartOf":{"@id":"https:\/\/truckonline.de\/blog\/2023\/08\/14\/ich-bin-kamerascheu\/"},"author":{"name":"maik","@id":"https:\/\/truckonline.de\/blog\/#\/schema\/person\/4cb59b86ffde81f882f56439688fda19"},"headline":"Ich bin kamerascheu","datePublished":"2023-08-14T11:48:59+00:00","dateModified":"2023-08-14T14:27:40+00:00","mainEntityOfPage":{"@id":"https:\/\/truckonline.de\/blog\/2023\/08\/14\/ich-bin-kamerascheu\/"},"wordCount":475,"commentCount":0,"publisher":{"@id":"https:\/\/truckonline.de\/blog\/#\/schema\/person\/4cb59b86ffde81f882f56439688fda19"},"image":{"@id":"https:\/\/truckonline.de\/blog\/2023\/08\/14\/ich-bin-kamerascheu\/#primaryimage"},"thumbnailUrl":"https:\/\/truckonline.de\/blog\/wp-content\/uploads\/2023\/08\/fotokamera.jpg","keywords":["Dashcam","Unfall"],"articleSection":["Gedanken","Technik"],"inLanguage":"de","potentialAction":[{"@type":"CommentAction","name":"Comment","target":["https:\/\/truckonline.de\/blog\/2023\/08\/14\/ich-bin-kamerascheu\/#respond"]}]},{"@type":"WebPage","@id":"https:\/\/truckonline.de\/blog\/2023\/08\/14\/ich-bin-kamerascheu\/","url":"https:\/\/truckonline.de\/blog\/2023\/08\/14\/ich-bin-kamerascheu\/","name":"Ich bin kamerascheu | TruckOnline.de","isPartOf":{"@id":"https:\/\/truckonline.de\/blog\/#website"},"primaryImageOfPage":{"@id":"https:\/\/truckonline.de\/blog\/2023\/08\/14\/ich-bin-kamerascheu\/#primaryimage"},"image":{"@id":"https:\/\/truckonline.de\/blog\/2023\/08\/14\/ich-bin-kamerascheu\/#primaryimage"},"thumbnailUrl":"https:\/\/truckonline.de\/blog\/wp-content\/uploads\/2023\/08\/fotokamera.jpg","datePublished":"2023-08-14T11:48:59+00:00","dateModified":"2023-08-14T14:27:40+00:00","description":"Alles was jetzt folgt, ist laienhaftes Halbwissen. Denn ich habe logischerweise wenig Ahnung von Arbeitsrecht oder so. Klar, bin ja ein Lkw-Fahrer. F\u00fcr","breadcrumb":{"@id":"https:\/\/truckonline.de\/blog\/2023\/08\/14\/ich-bin-kamerascheu\/#breadcrumb"},"inLanguage":"de","potentialAction":[{"@type":"ReadAction","target":["https:\/\/truckonline.de\/blog\/2023\/08\/14\/ich-bin-kamerascheu\/"]}]},{"@type":"ImageObject","inLanguage":"de","@id":"https:\/\/truckonline.de\/blog\/2023\/08\/14\/ich-bin-kamerascheu\/#primaryimage","url":"https:\/\/truckonline.de\/blog\/wp-content\/uploads\/2023\/08\/fotokamera.jpg","contentUrl":"https:\/\/truckonline.de\/blog\/wp-content\/uploads\/2023\/08\/fotokamera.jpg","width":700,"height":110},{"@type":"BreadcrumbList","@id":"https:\/\/truckonline.de\/blog\/2023\/08\/14\/ich-bin-kamerascheu\/#breadcrumb","itemListElement":[{"@type":"ListItem","position":1,"name":"Startseite","item":"https:\/\/truckonline.de\/blog\/"},{"@type":"ListItem","position":2,"name":"Ich bin kamerascheu"}]},{"@type":"WebSite","@id":"https:\/\/truckonline.de\/blog\/#website","url":"https:\/\/truckonline.de\/blog\/","name":"TruckOnline.de","description":"","publisher":{"@id":"https:\/\/truckonline.de\/blog\/#\/schema\/person\/4cb59b86ffde81f882f56439688fda19"},"potentialAction":[{"@type":"SearchAction","target":{"@type":"EntryPoint","urlTemplate":"https:\/\/truckonline.de\/blog\/?s={search_term_string}"},"query-input":{"@type":"PropertyValueSpecification","valueRequired":true,"valueName":"search_term_string"}}],"inLanguage":"de"},{"@type":["Person","Organization"],"@id":"https:\/\/truckonline.de\/blog\/#\/schema\/person\/4cb59b86ffde81f882f56439688fda19","name":"maik","image":{"@type":"ImageObject","inLanguage":"de","@id":"https:\/\/truckonline.de\/blog\/wp-content\/uploads\/2019\/12\/logoinnenweiss.png","url":"https:\/\/truckonline.de\/blog\/wp-content\/uploads\/2019\/12\/logoinnenweiss.png","contentUrl":"https:\/\/truckonline.de\/blog\/wp-content\/uploads\/2019\/12\/logoinnenweiss.png","width":733,"height":125,"caption":"maik"},"logo":{"@id":"https:\/\/truckonline.de\/blog\/wp-content\/uploads\/2019\/12\/logoinnenweiss.png"},"sameAs":["https:\/\/www.facebook.com\/truckblog","https:\/\/www.instagram.com\/truck_online\/","https:\/\/x.com\/https:\/\/twitter.com\/truckblog","https:\/\/www.youtube.com\/user\/truckonline","https:\/\/www.tumblr.com\/truckonline"]}]}},"_links":{"self":[{"href":"https:\/\/truckonline.de\/blog\/wp-json\/wp\/v2\/posts\/12277","targetHints":{"allow":["GET"]}}],"collection":[{"href":"https:\/\/truckonline.de\/blog\/wp-json\/wp\/v2\/posts"}],"about":[{"href":"https:\/\/truckonline.de\/blog\/wp-json\/wp\/v2\/types\/post"}],"author":[{"embeddable":true,"href":"https:\/\/truckonline.de\/blog\/wp-json\/wp\/v2\/users\/3"}],"replies":[{"embeddable":true,"href":"https:\/\/truckonline.de\/blog\/wp-json\/wp\/v2\/comments?post=12277"}],"version-history":[{"count":3,"href":"https:\/\/truckonline.de\/blog\/wp-json\/wp\/v2\/posts\/12277\/revisions"}],"predecessor-version":[{"id":12282,"href":"https:\/\/truckonline.de\/blog\/wp-json\/wp\/v2\/posts\/12277\/revisions\/12282"}],"wp:attachment":[{"href":"https:\/\/truckonline.de\/blog\/wp-json\/wp\/v2\/media?parent=12277"}],"wp:term":[{"taxonomy":"category","embeddable":true,"href":"https:\/\/truckonline.de\/blog\/wp-json\/wp\/v2\/categories?post=12277"},{"taxonomy":"post_tag","embeddable":true,"href":"https:\/\/truckonline.de\/blog\/wp-json\/wp\/v2\/tags?post=12277"}],"curies":[{"name":"wp","href":"https:\/\/api.w.org\/{rel}","templated":true}]}}