{"id":121,"date":"2008-09-19T22:47:34","date_gmt":"2008-09-19T20:47:34","guid":{"rendered":"https:\/\/truckonline.de\/blog\/?p=121"},"modified":"2008-09-19T22:47:34","modified_gmt":"2008-09-19T20:47:34","slug":"warum-faellt-mir-so-etwas-nicht-ein","status":"publish","type":"post","link":"https:\/\/truckonline.de\/blog\/2008\/09\/19\/warum-faellt-mir-so-etwas-nicht-ein\/","title":{"rendered":"Warum f\u00e4llt mir so etwas nicht ein"},"content":{"rendered":"<p>Am kommenden Montag will der 34 &#8211; J\u00e4hrige Berufssoldat Marco Hellgrewe im nieders\u00e4chsischen Bergen einen Rekordversuch starten.<br \/>\nEr will mit einem Giga &#8211; Liner acht Stunden lang r\u00fcckw\u00e4rts fahren. Die Strecke f\u00fchrt vom Truppen\u00fcbungsplatz in Bergen \u00fcber die Panzerstra\u00dfe durch den Landkreis Soltau-Fallingbostel und zur\u00fcck.<\/p>\n<p>Um einen Eintrag ins Guinness-Buch der Rekorde zu erreichen, darf die Fahrt nicht unterbrochen werden. Begleitet wird die von der Landesverkehrswacht Niedersachsen und dem Verband der Automobilindustrie (VDA) unterst\u00fctzte Aktion von einer Spendensammlung zugunsten der Hannelore-Kohl-Stiftung. <\/p>\n","protected":false},"excerpt":{"rendered":"<p>Am kommenden Montag will der 34 &#8211; J\u00e4hrige Berufssoldat Marco Hellgrewe im nieders\u00e4chsischen Bergen einen Rekordversuch starten. Er will mit einem Giga &#8211; Liner acht&#8230;<\/p>\n<div class=\"more-link-wrapper\"><a class=\"more-link\" href=\"https:\/\/truckonline.de\/blog\/2008\/09\/19\/warum-faellt-mir-so-etwas-nicht-ein\/\">Sie haben Ihr Ziel fast erreicht.<span class=\"screen-reader-text\">Warum f\u00e4llt mir so etwas nicht ein<\/span><\/a><\/div>\n","protected":false},"author":3,"featured_media":0,"comment_status":"open","ping_status":"open","sticky":false,"template":"","format":"standard","meta":{"iawp_total_views":1,"_metis_text_type":"","_metis_text_length":0,"_post_count":0,"footnotes":""},"categories":[1,11],"tags":[129,130,131],"class_list":["post-121","post","type-post","status-publish","format-standard","hentry","category-allgemeines","category-lkw","tag-guinnes-buch","tag-rekord","tag-spende","ratio-2-1","entry"],"yoast_head":"<!-- This site is optimized with the Yoast SEO plugin v27.5 - https:\/\/yoast.com\/product\/yoast-seo-wordpress\/ -->\n<title>Warum f\u00e4llt mir so etwas nicht ein | TruckOnline.de<\/title>\n<meta name=\"description\" content=\"Am kommenden Montag will der 34 - J\u00e4hrige Berufssoldat Marco Hellgrewe im nieders\u00e4chsischen Bergen einen Rekordversuch starten. Er will mit einem Giga -\" \/>\n<meta name=\"robots\" content=\"index, follow, max-snippet:-1, max-image-preview:large, max-video-preview:-1\" \/>\n<link rel=\"canonical\" href=\"https:\/\/truckonline.de\/blog\/2008\/09\/19\/warum-faellt-mir-so-etwas-nicht-ein\/\" \/>\n<meta property=\"og:locale\" content=\"de_DE\" \/>\n<meta property=\"og:type\" content=\"article\" \/>\n<meta property=\"og:title\" content=\"Warum f\u00e4llt mir so etwas nicht ein | TruckOnline.de\" \/>\n<meta property=\"og:url\" content=\"https:\/\/truckonline.de\/blog\/2008\/09\/19\/warum-faellt-mir-so-etwas-nicht-ein\/\" \/>\n<meta property=\"og:site_name\" content=\"TruckOnline.de\" \/>\n<meta property=\"article:publisher\" content=\"https:\/\/www.facebook.com\/truckblog\" \/>\n<meta property=\"article:author\" content=\"https:\/\/www.facebook.com\/truckblog\" \/>\n<meta property=\"article:published_time\" content=\"2008-09-19T20:47:34+00:00\" \/>\n<meta property=\"og:image\" content=\"https:\/\/truckonline.de\/blog\/wp-content\/uploads\/2019\/12\/IMG_20191229_225424-scaled.jpg\" \/>\n\t<meta property=\"og:image:width\" content=\"2560\" \/>\n\t<meta property=\"og:image:height\" content=\"1920\" \/>\n\t<meta property=\"og:image:type\" content=\"image\/jpeg\" \/>\n<meta name=\"author\" content=\"maik\" \/>\n<meta name=\"twitter:card\" content=\"summary_large_image\" \/>\n<meta name=\"twitter:creator\" content=\"@https:\/\/twitter.com\/truckblog\" \/>\n<meta name=\"twitter:site\" content=\"@truckblog\" \/>\n<meta name=\"twitter:label1\" content=\"Verfasst von\" \/>\n\t<meta name=\"twitter:data1\" content=\"maik\" \/>\n<script type=\"application\/ld+json\" class=\"yoast-schema-graph\">{\"@context\":\"https:\\\/\\\/schema.org\",\"@graph\":[{\"@type\":\"Article\",\"@id\":\"https:\\\/\\\/truckonline.de\\\/blog\\\/2008\\\/09\\\/19\\\/warum-faellt-mir-so-etwas-nicht-ein\\\/#article\",\"isPartOf\":{\"@id\":\"https:\\\/\\\/truckonline.de\\\/blog\\\/2008\\\/09\\\/19\\\/warum-faellt-mir-so-etwas-nicht-ein\\\/\"},\"author\":{\"name\":\"maik\",\"@id\":\"https:\\\/\\\/truckonline.de\\\/blog\\\/#\\\/schema\\\/person\\\/4cb59b86ffde81f882f56439688fda19\"},\"headline\":\"Warum f\u00e4llt mir so etwas nicht ein\",\"datePublished\":\"2008-09-19T20:47:34+00:00\",\"mainEntityOfPage\":{\"@id\":\"https:\\\/\\\/truckonline.de\\\/blog\\\/2008\\\/09\\\/19\\\/warum-faellt-mir-so-etwas-nicht-ein\\\/\"},\"wordCount\":97,\"commentCount\":3,\"publisher\":{\"@id\":\"https:\\\/\\\/truckonline.de\\\/blog\\\/#\\\/schema\\\/person\\\/4cb59b86ffde81f882f56439688fda19\"},\"keywords\":[\"Guinnes Buch\",\"Rekord\",\"Spende\"],\"articleSection\":[\"Allgemeines\",\"Lkw\"],\"inLanguage\":\"de\",\"potentialAction\":[{\"@type\":\"CommentAction\",\"name\":\"Comment\",\"target\":[\"https:\\\/\\\/truckonline.de\\\/blog\\\/2008\\\/09\\\/19\\\/warum-faellt-mir-so-etwas-nicht-ein\\\/#respond\"]}]},{\"@type\":\"WebPage\",\"@id\":\"https:\\\/\\\/truckonline.de\\\/blog\\\/2008\\\/09\\\/19\\\/warum-faellt-mir-so-etwas-nicht-ein\\\/\",\"url\":\"https:\\\/\\\/truckonline.de\\\/blog\\\/2008\\\/09\\\/19\\\/warum-faellt-mir-so-etwas-nicht-ein\\\/\",\"name\":\"Warum f\u00e4llt mir so etwas nicht ein | TruckOnline.de\",\"isPartOf\":{\"@id\":\"https:\\\/\\\/truckonline.de\\\/blog\\\/#website\"},\"datePublished\":\"2008-09-19T20:47:34+00:00\",\"description\":\"Am kommenden Montag will der 34 - J\u00e4hrige Berufssoldat Marco Hellgrewe im nieders\u00e4chsischen Bergen einen Rekordversuch starten. Er will mit einem Giga -\",\"breadcrumb\":{\"@id\":\"https:\\\/\\\/truckonline.de\\\/blog\\\/2008\\\/09\\\/19\\\/warum-faellt-mir-so-etwas-nicht-ein\\\/#breadcrumb\"},\"inLanguage\":\"de\",\"potentialAction\":[{\"@type\":\"ReadAction\",\"target\":[\"https:\\\/\\\/truckonline.de\\\/blog\\\/2008\\\/09\\\/19\\\/warum-faellt-mir-so-etwas-nicht-ein\\\/\"]}]},{\"@type\":\"BreadcrumbList\",\"@id\":\"https:\\\/\\\/truckonline.de\\\/blog\\\/2008\\\/09\\\/19\\\/warum-faellt-mir-so-etwas-nicht-ein\\\/#breadcrumb\",\"itemListElement\":[{\"@type\":\"ListItem\",\"position\":1,\"name\":\"Startseite\",\"item\":\"https:\\\/\\\/truckonline.de\\\/blog\\\/\"},{\"@type\":\"ListItem\",\"position\":2,\"name\":\"Warum f\u00e4llt mir so etwas nicht ein\"}]},{\"@type\":\"WebSite\",\"@id\":\"https:\\\/\\\/truckonline.de\\\/blog\\\/#website\",\"url\":\"https:\\\/\\\/truckonline.de\\\/blog\\\/\",\"name\":\"TruckOnline.de\",\"description\":\"\",\"publisher\":{\"@id\":\"https:\\\/\\\/truckonline.de\\\/blog\\\/#\\\/schema\\\/person\\\/4cb59b86ffde81f882f56439688fda19\"},\"potentialAction\":[{\"@type\":\"SearchAction\",\"target\":{\"@type\":\"EntryPoint\",\"urlTemplate\":\"https:\\\/\\\/truckonline.de\\\/blog\\\/?s={search_term_string}\"},\"query-input\":{\"@type\":\"PropertyValueSpecification\",\"valueRequired\":true,\"valueName\":\"search_term_string\"}}],\"inLanguage\":\"de\"},{\"@type\":[\"Person\",\"Organization\"],\"@id\":\"https:\\\/\\\/truckonline.de\\\/blog\\\/#\\\/schema\\\/person\\\/4cb59b86ffde81f882f56439688fda19\",\"name\":\"maik\",\"image\":{\"@type\":\"ImageObject\",\"inLanguage\":\"de\",\"@id\":\"https:\\\/\\\/truckonline.de\\\/blog\\\/wp-content\\\/uploads\\\/2019\\\/12\\\/logoinnenweiss.png\",\"url\":\"https:\\\/\\\/truckonline.de\\\/blog\\\/wp-content\\\/uploads\\\/2019\\\/12\\\/logoinnenweiss.png\",\"contentUrl\":\"https:\\\/\\\/truckonline.de\\\/blog\\\/wp-content\\\/uploads\\\/2019\\\/12\\\/logoinnenweiss.png\",\"width\":733,\"height\":125,\"caption\":\"maik\"},\"logo\":{\"@id\":\"https:\\\/\\\/truckonline.de\\\/blog\\\/wp-content\\\/uploads\\\/2019\\\/12\\\/logoinnenweiss.png\"},\"sameAs\":[\"https:\\\/\\\/www.facebook.com\\\/truckblog\",\"https:\\\/\\\/www.instagram.com\\\/truck_online\\\/\",\"https:\\\/\\\/x.com\\\/https:\\\/\\\/twitter.com\\\/truckblog\",\"https:\\\/\\\/www.youtube.com\\\/user\\\/truckonline\",\"https:\\\/\\\/www.tumblr.com\\\/truckonline\"]}]}<\/script>\n<!-- \/ Yoast SEO plugin. -->","yoast_head_json":{"title":"Warum f\u00e4llt mir so etwas nicht ein | TruckOnline.de","description":"Am kommenden Montag will der 34 - J\u00e4hrige Berufssoldat Marco Hellgrewe im nieders\u00e4chsischen Bergen einen Rekordversuch starten. Er will mit einem Giga -","robots":{"index":"index","follow":"follow","max-snippet":"max-snippet:-1","max-image-preview":"max-image-preview:large","max-video-preview":"max-video-preview:-1"},"canonical":"https:\/\/truckonline.de\/blog\/2008\/09\/19\/warum-faellt-mir-so-etwas-nicht-ein\/","og_locale":"de_DE","og_type":"article","og_title":"Warum f\u00e4llt mir so etwas nicht ein | TruckOnline.de","og_url":"https:\/\/truckonline.de\/blog\/2008\/09\/19\/warum-faellt-mir-so-etwas-nicht-ein\/","og_site_name":"TruckOnline.de","article_publisher":"https:\/\/www.facebook.com\/truckblog","article_author":"https:\/\/www.facebook.com\/truckblog","article_published_time":"2008-09-19T20:47:34+00:00","og_image":[{"width":2560,"height":1920,"url":"https:\/\/truckonline.de\/blog\/wp-content\/uploads\/2019\/12\/IMG_20191229_225424-scaled.jpg","type":"image\/jpeg"}],"author":"maik","twitter_card":"summary_large_image","twitter_creator":"@https:\/\/twitter.com\/truckblog","twitter_site":"@truckblog","twitter_misc":{"Verfasst von":"maik"},"schema":{"@context":"https:\/\/schema.org","@graph":[{"@type":"Article","@id":"https:\/\/truckonline.de\/blog\/2008\/09\/19\/warum-faellt-mir-so-etwas-nicht-ein\/#article","isPartOf":{"@id":"https:\/\/truckonline.de\/blog\/2008\/09\/19\/warum-faellt-mir-so-etwas-nicht-ein\/"},"author":{"name":"maik","@id":"https:\/\/truckonline.de\/blog\/#\/schema\/person\/4cb59b86ffde81f882f56439688fda19"},"headline":"Warum f\u00e4llt mir so etwas nicht ein","datePublished":"2008-09-19T20:47:34+00:00","mainEntityOfPage":{"@id":"https:\/\/truckonline.de\/blog\/2008\/09\/19\/warum-faellt-mir-so-etwas-nicht-ein\/"},"wordCount":97,"commentCount":3,"publisher":{"@id":"https:\/\/truckonline.de\/blog\/#\/schema\/person\/4cb59b86ffde81f882f56439688fda19"},"keywords":["Guinnes Buch","Rekord","Spende"],"articleSection":["Allgemeines","Lkw"],"inLanguage":"de","potentialAction":[{"@type":"CommentAction","name":"Comment","target":["https:\/\/truckonline.de\/blog\/2008\/09\/19\/warum-faellt-mir-so-etwas-nicht-ein\/#respond"]}]},{"@type":"WebPage","@id":"https:\/\/truckonline.de\/blog\/2008\/09\/19\/warum-faellt-mir-so-etwas-nicht-ein\/","url":"https:\/\/truckonline.de\/blog\/2008\/09\/19\/warum-faellt-mir-so-etwas-nicht-ein\/","name":"Warum f\u00e4llt mir so etwas nicht ein | TruckOnline.de","isPartOf":{"@id":"https:\/\/truckonline.de\/blog\/#website"},"datePublished":"2008-09-19T20:47:34+00:00","description":"Am kommenden Montag will der 34 - J\u00e4hrige Berufssoldat Marco Hellgrewe im nieders\u00e4chsischen Bergen einen Rekordversuch starten. Er will mit einem Giga -","breadcrumb":{"@id":"https:\/\/truckonline.de\/blog\/2008\/09\/19\/warum-faellt-mir-so-etwas-nicht-ein\/#breadcrumb"},"inLanguage":"de","potentialAction":[{"@type":"ReadAction","target":["https:\/\/truckonline.de\/blog\/2008\/09\/19\/warum-faellt-mir-so-etwas-nicht-ein\/"]}]},{"@type":"BreadcrumbList","@id":"https:\/\/truckonline.de\/blog\/2008\/09\/19\/warum-faellt-mir-so-etwas-nicht-ein\/#breadcrumb","itemListElement":[{"@type":"ListItem","position":1,"name":"Startseite","item":"https:\/\/truckonline.de\/blog\/"},{"@type":"ListItem","position":2,"name":"Warum f\u00e4llt mir so etwas nicht ein"}]},{"@type":"WebSite","@id":"https:\/\/truckonline.de\/blog\/#website","url":"https:\/\/truckonline.de\/blog\/","name":"TruckOnline.de","description":"","publisher":{"@id":"https:\/\/truckonline.de\/blog\/#\/schema\/person\/4cb59b86ffde81f882f56439688fda19"},"potentialAction":[{"@type":"SearchAction","target":{"@type":"EntryPoint","urlTemplate":"https:\/\/truckonline.de\/blog\/?s={search_term_string}"},"query-input":{"@type":"PropertyValueSpecification","valueRequired":true,"valueName":"search_term_string"}}],"inLanguage":"de"},{"@type":["Person","Organization"],"@id":"https:\/\/truckonline.de\/blog\/#\/schema\/person\/4cb59b86ffde81f882f56439688fda19","name":"maik","image":{"@type":"ImageObject","inLanguage":"de","@id":"https:\/\/truckonline.de\/blog\/wp-content\/uploads\/2019\/12\/logoinnenweiss.png","url":"https:\/\/truckonline.de\/blog\/wp-content\/uploads\/2019\/12\/logoinnenweiss.png","contentUrl":"https:\/\/truckonline.de\/blog\/wp-content\/uploads\/2019\/12\/logoinnenweiss.png","width":733,"height":125,"caption":"maik"},"logo":{"@id":"https:\/\/truckonline.de\/blog\/wp-content\/uploads\/2019\/12\/logoinnenweiss.png"},"sameAs":["https:\/\/www.facebook.com\/truckblog","https:\/\/www.instagram.com\/truck_online\/","https:\/\/x.com\/https:\/\/twitter.com\/truckblog","https:\/\/www.youtube.com\/user\/truckonline","https:\/\/www.tumblr.com\/truckonline"]}]}},"_links":{"self":[{"href":"https:\/\/truckonline.de\/blog\/wp-json\/wp\/v2\/posts\/121","targetHints":{"allow":["GET"]}}],"collection":[{"href":"https:\/\/truckonline.de\/blog\/wp-json\/wp\/v2\/posts"}],"about":[{"href":"https:\/\/truckonline.de\/blog\/wp-json\/wp\/v2\/types\/post"}],"author":[{"embeddable":true,"href":"https:\/\/truckonline.de\/blog\/wp-json\/wp\/v2\/users\/3"}],"replies":[{"embeddable":true,"href":"https:\/\/truckonline.de\/blog\/wp-json\/wp\/v2\/comments?post=121"}],"version-history":[{"count":0,"href":"https:\/\/truckonline.de\/blog\/wp-json\/wp\/v2\/posts\/121\/revisions"}],"wp:attachment":[{"href":"https:\/\/truckonline.de\/blog\/wp-json\/wp\/v2\/media?parent=121"}],"wp:term":[{"taxonomy":"category","embeddable":true,"href":"https:\/\/truckonline.de\/blog\/wp-json\/wp\/v2\/categories?post=121"},{"taxonomy":"post_tag","embeddable":true,"href":"https:\/\/truckonline.de\/blog\/wp-json\/wp\/v2\/tags?post=121"}],"curies":[{"name":"wp","href":"https:\/\/api.w.org\/{rel}","templated":true}]}}