{"id":11927,"date":"2023-05-29T13:26:31","date_gmt":"2023-05-29T11:26:31","guid":{"rendered":"https:\/\/truckonline.de\/blog\/?p=11927"},"modified":"2023-05-29T15:30:41","modified_gmt":"2023-05-29T13:30:41","slug":"links-und-rechts-der-daten-autobahn-170","status":"publish","type":"post","link":"https:\/\/truckonline.de\/blog\/2023\/05\/29\/links-und-rechts-der-daten-autobahn-170\/","title":{"rendered":"Links und rechts der Daten- (Autobahn)"},"content":{"rendered":"\n<p>D\u00e4mlicher Tweet. Denn es waren d\u00e4nische Fahrer die auf d\u00e4nischen Gebiet einige Grenz\u00fcberg\u00e4nge blockiert hatten. Soll die Bundeswehr deshalb D\u00e4nemark okkupieren? Ach ja. Und die Streiks wurden nach Ansprache der Polizei sofort aufgel\u00f6st. Und zwar ohne irgendein Trallala.<\/p>\n\n\n\n<figure class=\"wp-block-embed aligncenter is-type-rich is-provider-twitter wp-block-embed-twitter\"><div class=\"wp-block-embed__wrapper\">\n <div class=\"brlbs-cmpnt-container brlbs-cmpnt-content-blocker brlbs-cmpnt-with-individual-styles\" data-borlabs-cookie-content-blocker-id=\"default\" data-borlabs-cookie-content=\"PGJsb2NrcXVvdGUgY2xhc3M9InR3aXR0ZXItdHdlZXQiIGRhdGEtd2lkdGg9IjUwMCIgZGF0YS1kbnQ9InRydWUiPjxwIGxhbmc9ImRlIiBkaXI9Imx0ciI+TEtXLUZhaHJlciBoYWJlbiBkaWUgRGV1dHNjaC1Ew6RuaXNjaGUgR3JlbnplIGJsb2NraWVydCwgYXVzIFByb3Rlc3QgZ2VnZW4gZGllIHZvbiBEw6RuZW1hcmsgZ2VwbGFudGUgTEtXLU1hdXQuPGJyPjxicj5IYXQgZGllIDxhIGhyZWY9Imh0dHBzOi8vdHdpdHRlci5jb20vZmRwP3JlZl9zcmM9dHdzcmMlNUV0ZnciPkBGRFA8L2E+IGRlbiBWZXJ0ZWlkaWd1bmdzbWluaXN0ZXIgYmVyZWl0cyBhdWZnZWZvcmRlcnQgZGllIEFybWVlIGdlZ2VuIGRpZXNlIFRlcnJvcmlzdGVuIHp1IG1vYmlsaXNpZXJlbj88YnI+RGV1dHNjaGUgSW50ZXJlc3NlbiB3ZXJkZW4gYXVjaCBhbSBPZXJlc3VuZCB2ZXJ0ZWlkaWd0PGJyPi9QTSA8YSBocmVmPSJodHRwczovL3QuY28vSEVJSWVseFNKVCI+cGljLnR3aXR0ZXIuY29tL0hFSUllbHhTSlQ8L2E+PC9wPiZtZGFzaDsgVW5pb25XYXRjaCAvIEB3YXRjaF91bmlvbkBtYXN0b2Rvbi5zb2NpYWwgKEB3YXRjaF91bmlvbikgPGEgaHJlZj0iaHR0cHM6Ly90d2l0dGVyLmNvbS93YXRjaF91bmlvbi9zdGF0dXMvMTY1ODIwMzkxMTkzOTgyNTY2Nz9yZWZfc3JjPXR3c3JjJTVFdGZ3Ij5NYXkgMTUsIDIwMjM8L2E+PC9ibG9ja3F1b3RlPjxzY3JpcHQgYXN5bmMgc3JjPSJodHRwczovL3BsYXRmb3JtLnR3aXR0ZXIuY29tL3dpZGdldHMuanMiIGNoYXJzZXQ9InV0Zi04Ij48L3NjcmlwdD4=\"><div class=\"brlbs-cmpnt-cb-preset-a\"> <p class=\"brlbs-cmpnt-cb-description\">Sie sehen gerade einen Platzhalterinhalt von <strong>Standard<\/strong>. Um auf den eigentlichen Inhalt zuzugreifen, klicken Sie auf den Button unten. Bitte beachten Sie, dass dabei Daten an Drittanbieter weitergegeben werden.<\/p> <div class=\"brlbs-cmpnt-cb-buttons\"> <a class=\"brlbs-cmpnt-cb-btn\" href=\"#\" data-borlabs-cookie-unblock role=\"button\">Inhalt entsperren<\/a> <a class=\"brlbs-cmpnt-cb-btn\" href=\"#\" data-borlabs-cookie-accept-service role=\"button\" style=\"display: none\">Erforderlichen Service akzeptieren und Inhalte entsperren<\/a> <\/div> <a class=\"brlbs-cmpnt-cb-provider-toggle\" href=\"#\" data-borlabs-cookie-show-provider-information role=\"button\">Weitere Informationen<\/a> <\/div><\/div>\n<\/div><\/figure>\n\n\n\n<p>***<\/p>\n\n\n\n<p>Die <a href=\"https:\/\/www.polizei.bayern.de\/wir-ueber-uns\/organisation\/dienststellen\/000967\/index.html\" target=\"_blank\" rel=\"noreferrer noopener\"><em>Polizei Mittelfranken<\/em> gibt Tipps<\/a>, wie man den &#8222;toten Winkel&#8220; vermeiden kann. Gut gemeint, schlecht gemacht. Denn abgesehen von direkt hinter dem Lkw, gibt es keinen &#8222;toten Winkel&#8220;. Deshalb wundert mich auch deren Zeichnung:<\/p>\n\n\n<div class=\"wp-block-image\">\n<figure class=\"aligncenter size-large is-resized\"><img loading=\"lazy\" decoding=\"async\" src=\"https:\/\/truckonline.de\/blog\/wp-content\/uploads\/2023\/05\/mittelfrankentoterwinkel-420x525.jpg\" alt=\"falsche abbildung toter winkel\" class=\"wp-image-11928\" width=\"700\" height=\"896\"\/><figcaption class=\"wp-element-caption\">Quelle: Polizei Mittelfranken<\/figcaption><\/figure>\n<\/div>\n\n\n<p>Da haben die das Sichtfeld eingef\u00e4rbt und \u201etoter Winkel\u201c genannt? Versteh ich nicht. Dieses Grafik ist einfach falsch. Und nur weil es dauernd irgendwo so darstellt wird, wird es nicht richtiger. Denn in echt sieht das eher so aus:<\/p>\n\n\n<div class=\"wp-block-image\">\n<figure class=\"aligncenter size-large is-resized\"><img loading=\"lazy\" decoding=\"async\" src=\"https:\/\/truckonline.de\/blog\/wp-content\/uploads\/2023\/05\/eingelenktkl-381x525.jpg\" alt=\"kein seitlicher toter winkel am lkw\" class=\"wp-image-11929\" width=\"458\" height=\"631\" srcset=\"https:\/\/truckonline.de\/blog\/wp-content\/uploads\/2023\/05\/eingelenktkl-381x525.jpg 381w, https:\/\/truckonline.de\/blog\/wp-content\/uploads\/2023\/05\/eingelenktkl.jpg 449w\" sizes=\"auto, (max-width: 458px) 100vw, 458px\" \/><figcaption class=\"wp-element-caption\">Ich suche den &#8222;toten Winkel&#8220;<\/figcaption><\/figure>\n<\/div>\n\n\n<p>Auch hier nach rechts eingelenkt und ja, die komplette rechte Seite ist einsehbar. Was im normalen Spiegel nicht sichtbar ist, sehe ich im Winkelspiegel und was der nicht abdeckt, n\u00e4mlich was genau neben dem F\u00fchrerhaus passiert, daf\u00fcr gibt es den Rampenspiegel. <\/p>\n\n\n\n<p>Ach ja. <a href=\"https:\/\/www.nordbayern.de\/ratgeber\/mobilitaet\/polizei-klart-uber-toten-winkel-auf-so-verhalten-sie-sich-richtig-1.13248974\" target=\"_blank\" rel=\"noreferrer noopener\">Bei den Punkten<\/a>, die Traktor- und Lkw-Fahrer beachten sollten, fehlt auch noch der Hinweis auf Schrittgeschwindigkeit f\u00fcr den kompletten Abbiegevorgang. Aber das mal nur nebenbei.<br>***<\/p>\n\n\n\n<p>Bessere Arbeitsbedingungen f\u00fcr Lkw-Fahrer und klar, auch Fahrerinnen, <a href=\"https:\/\/www.dvz.de\/rubriken\/menschen\/detail\/news\/social-media-star-sie-lebt-ihren-traum-vom-lkw-fahren.html\" target=\"_blank\" rel=\"noreferrer noopener\">beginnen beim kacken<\/a>. Denn irgendwo muss man ja anfangen, was zu verbessern. <br>***<\/p>\n\n\n\n<p><a href=\"https:\/\/oe1.orf.at\/programm\/20230523\/719846\/Trucker-innen-am-Limit\" target=\"_blank\" rel=\"noreferrer noopener\">Apropo Arbeitsbedingungen<\/a>&#8230; <br>***<\/p>\n\n\n\n<p>Es gibt aber auch noch sch\u00f6ne Sachen. Wie den &#8222;Benefiz-Konvoi f\u00fcr Kinder&#8220;, der am 10. Juni <a href=\"https:\/\/www.aachener-zeitung.de\/lokales\/nordkreis\/wo-am-10-juni-100-lkw-durch-die-staedteregion-rollen_aid-90835143\" target=\"_blank\" rel=\"noreferrer noopener\">in der Region Aachen unterwegs<\/a> ist. Wolfgang Schiffers, der Organisator, sammelt dabei Spenden f\u00fcr schwerkranke Kinder.<br>***<\/p>\n\n\n\n<p>Die Stra\u00dfeng\u00fcterverkehrsbranche wird weiter wachsen. Hauptakteure sind unter anderem UPS und Fedex Freight. <a href=\"https:\/\/rock-news.at\/2023\/05\/21\/strassengueterverkehrsbranche-wird-bis-2030-ein-enormes-wachstum-verzeichnen-top-hauptakteure-ups-fedex-freight-jb-hunt-transport-services\/\" target=\"_blank\" rel=\"noreferrer noopener\">So funktioniert eben Logistik<\/a>. Vielleicht wird das auch deshalb nicht mehr hinterfragt. <br>***<\/p>\n\n\n\n<p>Passt dazu: Den <a href=\"https:\/\/www.br.de\/nachrichten\/bayern\/brennernordzulauf-breite-front-gegen-trasse-limone,TeJ1JW8\" target=\"_blank\" rel=\"noreferrer noopener\">Brennernordzulauf bitte \u00fcberal<\/a>l. Nur nicht bei mir. Das ist so uns\u00e4glich peinlich. <br>***<\/p>\n\n\n\n<p>Es kann nicht so weitergehen, dass fast alle in der (Liefer-)Kette viel Geld verdienen, w\u00e4hrend Fahrer wie Sklaven behandelt werden \u2013 <a href=\"https:\/\/www.fr.de\/wirtschaft\/es-ist-menschenhandel-sagt-edwin-atema-zum-lkw-streik-in-graefenhausen-92271596.html\" target=\"_blank\" rel=\"noreferrer noopener\">jedenfalls die Fahrer etwa aus Osteuropa und Asien<\/a>, die unter prek\u00e4ren Bedingungen besch\u00e4ftigt sind. <br>***<\/p>\n","protected":false},"excerpt":{"rendered":"<p>D\u00e4mlicher Tweet. Denn es waren d\u00e4nische Fahrer die auf d\u00e4nischen Gebiet einige Grenz\u00fcberg\u00e4nge blockiert hatten. Soll die Bundeswehr deshalb D\u00e4nemark okkupieren? Ach ja. Und die&#8230;<\/p>\n<div class=\"more-link-wrapper\"><a class=\"more-link\" href=\"https:\/\/truckonline.de\/blog\/2023\/05\/29\/links-und-rechts-der-daten-autobahn-170\/\">Sie haben Ihr Ziel fast erreicht.<span class=\"screen-reader-text\">Links und rechts der Daten- (Autobahn)<\/span><\/a><\/div>\n","protected":false},"author":3,"featured_media":0,"comment_status":"open","ping_status":"open","sticky":false,"template":"","format":"standard","meta":{"iawp_total_views":1,"_metis_text_type":"","_metis_text_length":0,"_post_count":0,"footnotes":""},"categories":[21,20],"tags":[2054,1898],"class_list":["post-11927","post","type-post","status-publish","format-standard","hentry","category-links-world-wide-web","category-world-wide-web","tag-links-2","tag-presse","ratio-2-1","entry"],"yoast_head":"<!-- This site is optimized with the Yoast SEO plugin v27.4 - https:\/\/yoast.com\/product\/yoast-seo-wordpress\/ -->\n<title>Links und rechts der Daten- (Autobahn) | TruckOnline.de<\/title>\n<meta name=\"description\" content=\"D\u00e4mlicher Tweet. Denn es waren d\u00e4nische Fahrer die auf d\u00e4nischen Gebiet einige Grenz\u00fcberg\u00e4nge blockiert hatten. Soll die Bundeswehr deshalb D\u00e4nemark\" \/>\n<meta name=\"robots\" content=\"index, follow, max-snippet:-1, max-image-preview:large, max-video-preview:-1\" \/>\n<link rel=\"canonical\" href=\"https:\/\/truckonline.de\/blog\/2023\/05\/29\/links-und-rechts-der-daten-autobahn-170\/\" \/>\n<meta property=\"og:locale\" content=\"de_DE\" \/>\n<meta property=\"og:type\" content=\"article\" \/>\n<meta property=\"og:title\" content=\"Links und rechts der Daten- (Autobahn) | TruckOnline.de\" \/>\n<meta property=\"og:url\" content=\"https:\/\/truckonline.de\/blog\/2023\/05\/29\/links-und-rechts-der-daten-autobahn-170\/\" \/>\n<meta property=\"og:site_name\" content=\"TruckOnline.de\" \/>\n<meta property=\"article:publisher\" content=\"https:\/\/www.facebook.com\/truckblog\" \/>\n<meta property=\"article:author\" content=\"https:\/\/www.facebook.com\/truckblog\" \/>\n<meta property=\"article:published_time\" content=\"2023-05-29T11:26:31+00:00\" \/>\n<meta property=\"article:modified_time\" content=\"2023-05-29T13:30:41+00:00\" \/>\n<meta property=\"og:image\" content=\"https:\/\/truckonline.de\/blog\/wp-content\/uploads\/2023\/05\/mittelfrankentoterwinkel-420x525.jpg\" \/>\n<meta name=\"author\" content=\"maik\" \/>\n<meta name=\"twitter:card\" content=\"summary_large_image\" \/>\n<meta name=\"twitter:creator\" content=\"@https:\/\/twitter.com\/truckblog\" \/>\n<meta name=\"twitter:site\" content=\"@truckblog\" \/>\n<meta name=\"twitter:label1\" content=\"Verfasst von\" \/>\n\t<meta name=\"twitter:data1\" content=\"maik\" \/>\n\t<meta name=\"twitter:label2\" content=\"Gesch\u00e4tzte Lesezeit\" \/>\n\t<meta name=\"twitter:data2\" content=\"3\u00a0Minuten\" \/>\n<script type=\"application\/ld+json\" class=\"yoast-schema-graph\">{\"@context\":\"https:\\\/\\\/schema.org\",\"@graph\":[{\"@type\":\"Article\",\"@id\":\"https:\\\/\\\/truckonline.de\\\/blog\\\/2023\\\/05\\\/29\\\/links-und-rechts-der-daten-autobahn-170\\\/#article\",\"isPartOf\":{\"@id\":\"https:\\\/\\\/truckonline.de\\\/blog\\\/2023\\\/05\\\/29\\\/links-und-rechts-der-daten-autobahn-170\\\/\"},\"author\":{\"name\":\"maik\",\"@id\":\"https:\\\/\\\/truckonline.de\\\/blog\\\/#\\\/schema\\\/person\\\/4cb59b86ffde81f882f56439688fda19\"},\"headline\":\"Links und rechts der Daten- (Autobahn)\",\"datePublished\":\"2023-05-29T11:26:31+00:00\",\"dateModified\":\"2023-05-29T13:30:41+00:00\",\"mainEntityOfPage\":{\"@id\":\"https:\\\/\\\/truckonline.de\\\/blog\\\/2023\\\/05\\\/29\\\/links-und-rechts-der-daten-autobahn-170\\\/\"},\"wordCount\":350,\"commentCount\":6,\"publisher\":{\"@id\":\"https:\\\/\\\/truckonline.de\\\/blog\\\/#\\\/schema\\\/person\\\/4cb59b86ffde81f882f56439688fda19\"},\"image\":{\"@id\":\"https:\\\/\\\/truckonline.de\\\/blog\\\/2023\\\/05\\\/29\\\/links-und-rechts-der-daten-autobahn-170\\\/#primaryimage\"},\"thumbnailUrl\":\"https:\\\/\\\/truckonline.de\\\/blog\\\/wp-content\\\/uploads\\\/2023\\\/05\\\/mittelfrankentoterwinkel-420x525.jpg\",\"keywords\":[\"Links\",\"Presse\"],\"articleSection\":[\"Links\",\"World Wide Web\"],\"inLanguage\":\"de\",\"potentialAction\":[{\"@type\":\"CommentAction\",\"name\":\"Comment\",\"target\":[\"https:\\\/\\\/truckonline.de\\\/blog\\\/2023\\\/05\\\/29\\\/links-und-rechts-der-daten-autobahn-170\\\/#respond\"]}]},{\"@type\":\"WebPage\",\"@id\":\"https:\\\/\\\/truckonline.de\\\/blog\\\/2023\\\/05\\\/29\\\/links-und-rechts-der-daten-autobahn-170\\\/\",\"url\":\"https:\\\/\\\/truckonline.de\\\/blog\\\/2023\\\/05\\\/29\\\/links-und-rechts-der-daten-autobahn-170\\\/\",\"name\":\"Links und rechts der Daten- (Autobahn) | TruckOnline.de\",\"isPartOf\":{\"@id\":\"https:\\\/\\\/truckonline.de\\\/blog\\\/#website\"},\"primaryImageOfPage\":{\"@id\":\"https:\\\/\\\/truckonline.de\\\/blog\\\/2023\\\/05\\\/29\\\/links-und-rechts-der-daten-autobahn-170\\\/#primaryimage\"},\"image\":{\"@id\":\"https:\\\/\\\/truckonline.de\\\/blog\\\/2023\\\/05\\\/29\\\/links-und-rechts-der-daten-autobahn-170\\\/#primaryimage\"},\"thumbnailUrl\":\"https:\\\/\\\/truckonline.de\\\/blog\\\/wp-content\\\/uploads\\\/2023\\\/05\\\/mittelfrankentoterwinkel-420x525.jpg\",\"datePublished\":\"2023-05-29T11:26:31+00:00\",\"dateModified\":\"2023-05-29T13:30:41+00:00\",\"description\":\"D\u00e4mlicher Tweet. Denn es waren d\u00e4nische Fahrer die auf d\u00e4nischen Gebiet einige Grenz\u00fcberg\u00e4nge blockiert hatten. Soll die Bundeswehr deshalb D\u00e4nemark\",\"breadcrumb\":{\"@id\":\"https:\\\/\\\/truckonline.de\\\/blog\\\/2023\\\/05\\\/29\\\/links-und-rechts-der-daten-autobahn-170\\\/#breadcrumb\"},\"inLanguage\":\"de\",\"potentialAction\":[{\"@type\":\"ReadAction\",\"target\":[\"https:\\\/\\\/truckonline.de\\\/blog\\\/2023\\\/05\\\/29\\\/links-und-rechts-der-daten-autobahn-170\\\/\"]}]},{\"@type\":\"ImageObject\",\"inLanguage\":\"de\",\"@id\":\"https:\\\/\\\/truckonline.de\\\/blog\\\/2023\\\/05\\\/29\\\/links-und-rechts-der-daten-autobahn-170\\\/#primaryimage\",\"url\":\"\",\"contentUrl\":\"\"},{\"@type\":\"BreadcrumbList\",\"@id\":\"https:\\\/\\\/truckonline.de\\\/blog\\\/2023\\\/05\\\/29\\\/links-und-rechts-der-daten-autobahn-170\\\/#breadcrumb\",\"itemListElement\":[{\"@type\":\"ListItem\",\"position\":1,\"name\":\"Startseite\",\"item\":\"https:\\\/\\\/truckonline.de\\\/blog\\\/\"},{\"@type\":\"ListItem\",\"position\":2,\"name\":\"Links und rechts der Daten- (Autobahn)\"}]},{\"@type\":\"WebSite\",\"@id\":\"https:\\\/\\\/truckonline.de\\\/blog\\\/#website\",\"url\":\"https:\\\/\\\/truckonline.de\\\/blog\\\/\",\"name\":\"TruckOnline.de\",\"description\":\"\",\"publisher\":{\"@id\":\"https:\\\/\\\/truckonline.de\\\/blog\\\/#\\\/schema\\\/person\\\/4cb59b86ffde81f882f56439688fda19\"},\"potentialAction\":[{\"@type\":\"SearchAction\",\"target\":{\"@type\":\"EntryPoint\",\"urlTemplate\":\"https:\\\/\\\/truckonline.de\\\/blog\\\/?s={search_term_string}\"},\"query-input\":{\"@type\":\"PropertyValueSpecification\",\"valueRequired\":true,\"valueName\":\"search_term_string\"}}],\"inLanguage\":\"de\"},{\"@type\":[\"Person\",\"Organization\"],\"@id\":\"https:\\\/\\\/truckonline.de\\\/blog\\\/#\\\/schema\\\/person\\\/4cb59b86ffde81f882f56439688fda19\",\"name\":\"maik\",\"image\":{\"@type\":\"ImageObject\",\"inLanguage\":\"de\",\"@id\":\"https:\\\/\\\/truckonline.de\\\/blog\\\/wp-content\\\/uploads\\\/2019\\\/12\\\/logoinnenweiss.png\",\"url\":\"https:\\\/\\\/truckonline.de\\\/blog\\\/wp-content\\\/uploads\\\/2019\\\/12\\\/logoinnenweiss.png\",\"contentUrl\":\"https:\\\/\\\/truckonline.de\\\/blog\\\/wp-content\\\/uploads\\\/2019\\\/12\\\/logoinnenweiss.png\",\"width\":733,\"height\":125,\"caption\":\"maik\"},\"logo\":{\"@id\":\"https:\\\/\\\/truckonline.de\\\/blog\\\/wp-content\\\/uploads\\\/2019\\\/12\\\/logoinnenweiss.png\"},\"sameAs\":[\"https:\\\/\\\/www.facebook.com\\\/truckblog\",\"https:\\\/\\\/www.instagram.com\\\/truck_online\\\/\",\"https:\\\/\\\/x.com\\\/https:\\\/\\\/twitter.com\\\/truckblog\",\"https:\\\/\\\/www.youtube.com\\\/user\\\/truckonline\",\"https:\\\/\\\/www.tumblr.com\\\/truckonline\"]}]}<\/script>\n<!-- \/ Yoast SEO plugin. -->","yoast_head_json":{"title":"Links und rechts der Daten- (Autobahn) | TruckOnline.de","description":"D\u00e4mlicher Tweet. Denn es waren d\u00e4nische Fahrer die auf d\u00e4nischen Gebiet einige Grenz\u00fcberg\u00e4nge blockiert hatten. Soll die Bundeswehr deshalb D\u00e4nemark","robots":{"index":"index","follow":"follow","max-snippet":"max-snippet:-1","max-image-preview":"max-image-preview:large","max-video-preview":"max-video-preview:-1"},"canonical":"https:\/\/truckonline.de\/blog\/2023\/05\/29\/links-und-rechts-der-daten-autobahn-170\/","og_locale":"de_DE","og_type":"article","og_title":"Links und rechts der Daten- (Autobahn) | TruckOnline.de","og_url":"https:\/\/truckonline.de\/blog\/2023\/05\/29\/links-und-rechts-der-daten-autobahn-170\/","og_site_name":"TruckOnline.de","article_publisher":"https:\/\/www.facebook.com\/truckblog","article_author":"https:\/\/www.facebook.com\/truckblog","article_published_time":"2023-05-29T11:26:31+00:00","article_modified_time":"2023-05-29T13:30:41+00:00","og_image":[{"url":"https:\/\/truckonline.de\/blog\/wp-content\/uploads\/2023\/05\/mittelfrankentoterwinkel-420x525.jpg","type":"","width":"","height":""}],"author":"maik","twitter_card":"summary_large_image","twitter_creator":"@https:\/\/twitter.com\/truckblog","twitter_site":"@truckblog","twitter_misc":{"Verfasst von":"maik","Gesch\u00e4tzte Lesezeit":"3\u00a0Minuten"},"schema":{"@context":"https:\/\/schema.org","@graph":[{"@type":"Article","@id":"https:\/\/truckonline.de\/blog\/2023\/05\/29\/links-und-rechts-der-daten-autobahn-170\/#article","isPartOf":{"@id":"https:\/\/truckonline.de\/blog\/2023\/05\/29\/links-und-rechts-der-daten-autobahn-170\/"},"author":{"name":"maik","@id":"https:\/\/truckonline.de\/blog\/#\/schema\/person\/4cb59b86ffde81f882f56439688fda19"},"headline":"Links und rechts der Daten- (Autobahn)","datePublished":"2023-05-29T11:26:31+00:00","dateModified":"2023-05-29T13:30:41+00:00","mainEntityOfPage":{"@id":"https:\/\/truckonline.de\/blog\/2023\/05\/29\/links-und-rechts-der-daten-autobahn-170\/"},"wordCount":350,"commentCount":6,"publisher":{"@id":"https:\/\/truckonline.de\/blog\/#\/schema\/person\/4cb59b86ffde81f882f56439688fda19"},"image":{"@id":"https:\/\/truckonline.de\/blog\/2023\/05\/29\/links-und-rechts-der-daten-autobahn-170\/#primaryimage"},"thumbnailUrl":"https:\/\/truckonline.de\/blog\/wp-content\/uploads\/2023\/05\/mittelfrankentoterwinkel-420x525.jpg","keywords":["Links","Presse"],"articleSection":["Links","World Wide Web"],"inLanguage":"de","potentialAction":[{"@type":"CommentAction","name":"Comment","target":["https:\/\/truckonline.de\/blog\/2023\/05\/29\/links-und-rechts-der-daten-autobahn-170\/#respond"]}]},{"@type":"WebPage","@id":"https:\/\/truckonline.de\/blog\/2023\/05\/29\/links-und-rechts-der-daten-autobahn-170\/","url":"https:\/\/truckonline.de\/blog\/2023\/05\/29\/links-und-rechts-der-daten-autobahn-170\/","name":"Links und rechts der Daten- (Autobahn) | TruckOnline.de","isPartOf":{"@id":"https:\/\/truckonline.de\/blog\/#website"},"primaryImageOfPage":{"@id":"https:\/\/truckonline.de\/blog\/2023\/05\/29\/links-und-rechts-der-daten-autobahn-170\/#primaryimage"},"image":{"@id":"https:\/\/truckonline.de\/blog\/2023\/05\/29\/links-und-rechts-der-daten-autobahn-170\/#primaryimage"},"thumbnailUrl":"https:\/\/truckonline.de\/blog\/wp-content\/uploads\/2023\/05\/mittelfrankentoterwinkel-420x525.jpg","datePublished":"2023-05-29T11:26:31+00:00","dateModified":"2023-05-29T13:30:41+00:00","description":"D\u00e4mlicher Tweet. Denn es waren d\u00e4nische Fahrer die auf d\u00e4nischen Gebiet einige Grenz\u00fcberg\u00e4nge blockiert hatten. Soll die Bundeswehr deshalb D\u00e4nemark","breadcrumb":{"@id":"https:\/\/truckonline.de\/blog\/2023\/05\/29\/links-und-rechts-der-daten-autobahn-170\/#breadcrumb"},"inLanguage":"de","potentialAction":[{"@type":"ReadAction","target":["https:\/\/truckonline.de\/blog\/2023\/05\/29\/links-und-rechts-der-daten-autobahn-170\/"]}]},{"@type":"ImageObject","inLanguage":"de","@id":"https:\/\/truckonline.de\/blog\/2023\/05\/29\/links-und-rechts-der-daten-autobahn-170\/#primaryimage","url":"","contentUrl":""},{"@type":"BreadcrumbList","@id":"https:\/\/truckonline.de\/blog\/2023\/05\/29\/links-und-rechts-der-daten-autobahn-170\/#breadcrumb","itemListElement":[{"@type":"ListItem","position":1,"name":"Startseite","item":"https:\/\/truckonline.de\/blog\/"},{"@type":"ListItem","position":2,"name":"Links und rechts der Daten- (Autobahn)"}]},{"@type":"WebSite","@id":"https:\/\/truckonline.de\/blog\/#website","url":"https:\/\/truckonline.de\/blog\/","name":"TruckOnline.de","description":"","publisher":{"@id":"https:\/\/truckonline.de\/blog\/#\/schema\/person\/4cb59b86ffde81f882f56439688fda19"},"potentialAction":[{"@type":"SearchAction","target":{"@type":"EntryPoint","urlTemplate":"https:\/\/truckonline.de\/blog\/?s={search_term_string}"},"query-input":{"@type":"PropertyValueSpecification","valueRequired":true,"valueName":"search_term_string"}}],"inLanguage":"de"},{"@type":["Person","Organization"],"@id":"https:\/\/truckonline.de\/blog\/#\/schema\/person\/4cb59b86ffde81f882f56439688fda19","name":"maik","image":{"@type":"ImageObject","inLanguage":"de","@id":"https:\/\/truckonline.de\/blog\/wp-content\/uploads\/2019\/12\/logoinnenweiss.png","url":"https:\/\/truckonline.de\/blog\/wp-content\/uploads\/2019\/12\/logoinnenweiss.png","contentUrl":"https:\/\/truckonline.de\/blog\/wp-content\/uploads\/2019\/12\/logoinnenweiss.png","width":733,"height":125,"caption":"maik"},"logo":{"@id":"https:\/\/truckonline.de\/blog\/wp-content\/uploads\/2019\/12\/logoinnenweiss.png"},"sameAs":["https:\/\/www.facebook.com\/truckblog","https:\/\/www.instagram.com\/truck_online\/","https:\/\/x.com\/https:\/\/twitter.com\/truckblog","https:\/\/www.youtube.com\/user\/truckonline","https:\/\/www.tumblr.com\/truckonline"]}]}},"_links":{"self":[{"href":"https:\/\/truckonline.de\/blog\/wp-json\/wp\/v2\/posts\/11927","targetHints":{"allow":["GET"]}}],"collection":[{"href":"https:\/\/truckonline.de\/blog\/wp-json\/wp\/v2\/posts"}],"about":[{"href":"https:\/\/truckonline.de\/blog\/wp-json\/wp\/v2\/types\/post"}],"author":[{"embeddable":true,"href":"https:\/\/truckonline.de\/blog\/wp-json\/wp\/v2\/users\/3"}],"replies":[{"embeddable":true,"href":"https:\/\/truckonline.de\/blog\/wp-json\/wp\/v2\/comments?post=11927"}],"version-history":[{"count":2,"href":"https:\/\/truckonline.de\/blog\/wp-json\/wp\/v2\/posts\/11927\/revisions"}],"predecessor-version":[{"id":11931,"href":"https:\/\/truckonline.de\/blog\/wp-json\/wp\/v2\/posts\/11927\/revisions\/11931"}],"wp:attachment":[{"href":"https:\/\/truckonline.de\/blog\/wp-json\/wp\/v2\/media?parent=11927"}],"wp:term":[{"taxonomy":"category","embeddable":true,"href":"https:\/\/truckonline.de\/blog\/wp-json\/wp\/v2\/categories?post=11927"},{"taxonomy":"post_tag","embeddable":true,"href":"https:\/\/truckonline.de\/blog\/wp-json\/wp\/v2\/tags?post=11927"}],"curies":[{"name":"wp","href":"https:\/\/api.w.org\/{rel}","templated":true}]}}