{"id":11753,"date":"2023-02-28T22:02:28","date_gmt":"2023-02-28T21:02:28","guid":{"rendered":"https:\/\/truckonline.de\/blog\/?p=11753"},"modified":"2023-03-21T22:27:01","modified_gmt":"2023-03-21T21:27:01","slug":"immer-brav-dahinter","status":"publish","type":"post","link":"https:\/\/truckonline.de\/blog\/2023\/02\/28\/immer-brav-dahinter\/","title":{"rendered":"Immer brav dahinter"},"content":{"rendered":"\n<p>Brenner-Autobahn, Italien. Lkw-\u00dcberholverbot auf der gesamten Strecke. <br>\u00dcberholt werden d\u00fcrfen nur \u00fcberbreite, \u00fcberlange, \u00fcberschwere Transporter, an denen ein Blinklicht blinkt. Denn die d\u00fcrfen nur sechzig fahren. Sollte unter den dort fahrenden eigentlich bekannt sein. <br><br>Heute fr\u00fch ganz vorn ein \u00fcberlanger \u201e<em><a href=\"https:\/\/www.gruber-logistics.com\/de\/\" target=\"_blank\" rel=\"noreferrer noopener\">Gruber<\/a><\/em>\u201c, dahinter eine lange Schlange Lkw. Denn wenn der erste hinter dem Schwerlaster nicht \u00fcberholt, d\u00fcrfen auch die hinterherfahrenden nicht vorbei ziehen. <\/p>\n\n\n\n<p>Also. Hinter dem \u201eGruber\u201c ein polnischer Lkw, \u201cHeinzel\u201c oder \u201eHensel\u201c Spedition. Ich wei\u00df nicht mehr genau, was da dran stand. <br>Der fuhr brav hinterher, machte keine Anstalten, vorbeifahren zu wollen. <br>Dann irgendwann fangen nat\u00fcrlich von weiter hinten andere Fahrer an zu \u00fcberholen. Nicht jeder hat viel Zeit. Manchen pressiert es halt. <br><br>Schlie\u00dflich war ich hinter dem Polen, habe dann auch beide \u00fcberholt. Also \u201eHeinzel-Hensel\u201c und den \u201eGruber\u201c. <br>In H\u00f6he von dem Polen schau ich kurz r\u00fcber, sehe ein kleines schm\u00e4chtiges M\u00e4nnchen mit mandelf\u00f6rmigen Augen am Steuer sitzen. <br><br>Keine Ahnung wo der Fahrer herkam. Vorderasien, Hinterasien, Mittelasien? Der arme Kerl verstand die Welt nicht mehr. <br>Ihm wurde bestimmt gesagt, \u00fcberhole blo\u00df nicht auf der Brennerautobahn. Denn das kann teuer, teuer, teuer werden. Und Dein F\u00fchrerschein ist auch weg. <br><br>Dann macht er es eben nicht. Auch wenn er h\u00e4tte \u00fcberholen d\u00fcrfen. N\u00e4mlich den \u201eGruber\u201c. <br><br>Hach. Das arme M\u00e4nnchen aus Vorder,- Mittel,- Hinterasien. <br>Wird von hinten mit Hupe und Lichthupe maltr\u00e4tiert und wei\u00df nicht mal wieso. Was tut man denen blo\u00df an. <\/p>\n","protected":false},"excerpt":{"rendered":"<p>Brenner-Autobahn, Italien. Lkw-\u00dcberholverbot auf der gesamten Strecke. \u00dcberholt werden d\u00fcrfen nur \u00fcberbreite, \u00fcberlange, \u00fcberschwere Transporter, an denen ein Blinklicht blinkt. Denn die d\u00fcrfen nur sechzig&#8230;<\/p>\n<div class=\"more-link-wrapper\"><a class=\"more-link\" href=\"https:\/\/truckonline.de\/blog\/2023\/02\/28\/immer-brav-dahinter\/\">Sie haben Ihr Ziel fast erreicht.<span class=\"screen-reader-text\">Immer brav dahinter<\/span><\/a><\/div>\n","protected":false},"author":3,"featured_media":0,"comment_status":"open","ping_status":"open","sticky":false,"template":"","format":"standard","meta":{"iawp_total_views":2,"_metis_text_type":"","_metis_text_length":0,"_post_count":0,"footnotes":""},"categories":[593,37,24],"tags":[2207,1289],"class_list":["post-11753","post","type-post","status-publish","format-standard","hentry","category-aergerliches","category-strassen","category-unterwegs","tag-asien","tag-kollegen","ratio-2-1","entry"],"yoast_head":"<!-- This site is optimized with the Yoast SEO plugin v27.5 - https:\/\/yoast.com\/product\/yoast-seo-wordpress\/ -->\n<title>Immer brav dahinter | TruckOnline.de<\/title>\n<meta name=\"description\" content=\"Brenner-Autobahn, Italien. Lkw-\u00dcberholverbot auf der gesamten Strecke. \u00dcberholt werden d\u00fcrfen nur \u00fcberbreite, \u00fcberlange, \u00fcberschwere Transporter, an denen\" \/>\n<meta name=\"robots\" content=\"index, follow, max-snippet:-1, max-image-preview:large, max-video-preview:-1\" \/>\n<link rel=\"canonical\" href=\"https:\/\/truckonline.de\/blog\/2023\/02\/28\/immer-brav-dahinter\/\" \/>\n<meta property=\"og:locale\" content=\"de_DE\" \/>\n<meta property=\"og:type\" content=\"article\" \/>\n<meta property=\"og:title\" content=\"Immer brav dahinter | TruckOnline.de\" \/>\n<meta property=\"og:url\" content=\"https:\/\/truckonline.de\/blog\/2023\/02\/28\/immer-brav-dahinter\/\" \/>\n<meta property=\"og:site_name\" content=\"TruckOnline.de\" \/>\n<meta property=\"article:publisher\" content=\"https:\/\/www.facebook.com\/truckblog\" \/>\n<meta property=\"article:author\" content=\"https:\/\/www.facebook.com\/truckblog\" \/>\n<meta property=\"article:published_time\" content=\"2023-02-28T21:02:28+00:00\" \/>\n<meta property=\"article:modified_time\" content=\"2023-03-21T21:27:01+00:00\" \/>\n<meta property=\"og:image\" content=\"https:\/\/truckonline.de\/blog\/wp-content\/uploads\/2019\/12\/IMG_20191229_225424-scaled.jpg\" \/>\n\t<meta property=\"og:image:width\" content=\"2560\" \/>\n\t<meta property=\"og:image:height\" content=\"1920\" \/>\n\t<meta property=\"og:image:type\" content=\"image\/jpeg\" \/>\n<meta name=\"author\" content=\"maik\" \/>\n<meta name=\"twitter:card\" content=\"summary_large_image\" \/>\n<meta name=\"twitter:creator\" content=\"@https:\/\/twitter.com\/truckblog\" \/>\n<meta name=\"twitter:site\" content=\"@truckblog\" \/>\n<meta name=\"twitter:label1\" content=\"Verfasst von\" \/>\n\t<meta name=\"twitter:data1\" content=\"maik\" \/>\n\t<meta name=\"twitter:label2\" content=\"Gesch\u00e4tzte Lesezeit\" \/>\n\t<meta name=\"twitter:data2\" content=\"2\u00a0Minuten\" \/>\n<script type=\"application\/ld+json\" class=\"yoast-schema-graph\">{\"@context\":\"https:\\\/\\\/schema.org\",\"@graph\":[{\"@type\":\"Article\",\"@id\":\"https:\\\/\\\/truckonline.de\\\/blog\\\/2023\\\/02\\\/28\\\/immer-brav-dahinter\\\/#article\",\"isPartOf\":{\"@id\":\"https:\\\/\\\/truckonline.de\\\/blog\\\/2023\\\/02\\\/28\\\/immer-brav-dahinter\\\/\"},\"author\":{\"name\":\"maik\",\"@id\":\"https:\\\/\\\/truckonline.de\\\/blog\\\/#\\\/schema\\\/person\\\/4cb59b86ffde81f882f56439688fda19\"},\"headline\":\"Immer brav dahinter\",\"datePublished\":\"2023-02-28T21:02:28+00:00\",\"dateModified\":\"2023-03-21T21:27:01+00:00\",\"mainEntityOfPage\":{\"@id\":\"https:\\\/\\\/truckonline.de\\\/blog\\\/2023\\\/02\\\/28\\\/immer-brav-dahinter\\\/\"},\"wordCount\":254,\"commentCount\":5,\"publisher\":{\"@id\":\"https:\\\/\\\/truckonline.de\\\/blog\\\/#\\\/schema\\\/person\\\/4cb59b86ffde81f882f56439688fda19\"},\"keywords\":[\"Asien\",\"Kollegen\"],\"articleSection\":[\"\u00c4rgerliches\",\"Strassen\",\"Unterwegs\"],\"inLanguage\":\"de\",\"potentialAction\":[{\"@type\":\"CommentAction\",\"name\":\"Comment\",\"target\":[\"https:\\\/\\\/truckonline.de\\\/blog\\\/2023\\\/02\\\/28\\\/immer-brav-dahinter\\\/#respond\"]}]},{\"@type\":\"WebPage\",\"@id\":\"https:\\\/\\\/truckonline.de\\\/blog\\\/2023\\\/02\\\/28\\\/immer-brav-dahinter\\\/\",\"url\":\"https:\\\/\\\/truckonline.de\\\/blog\\\/2023\\\/02\\\/28\\\/immer-brav-dahinter\\\/\",\"name\":\"Immer brav dahinter | TruckOnline.de\",\"isPartOf\":{\"@id\":\"https:\\\/\\\/truckonline.de\\\/blog\\\/#website\"},\"datePublished\":\"2023-02-28T21:02:28+00:00\",\"dateModified\":\"2023-03-21T21:27:01+00:00\",\"description\":\"Brenner-Autobahn, Italien. Lkw-\u00dcberholverbot auf der gesamten Strecke. \u00dcberholt werden d\u00fcrfen nur \u00fcberbreite, \u00fcberlange, \u00fcberschwere Transporter, an denen\",\"breadcrumb\":{\"@id\":\"https:\\\/\\\/truckonline.de\\\/blog\\\/2023\\\/02\\\/28\\\/immer-brav-dahinter\\\/#breadcrumb\"},\"inLanguage\":\"de\",\"potentialAction\":[{\"@type\":\"ReadAction\",\"target\":[\"https:\\\/\\\/truckonline.de\\\/blog\\\/2023\\\/02\\\/28\\\/immer-brav-dahinter\\\/\"]}]},{\"@type\":\"BreadcrumbList\",\"@id\":\"https:\\\/\\\/truckonline.de\\\/blog\\\/2023\\\/02\\\/28\\\/immer-brav-dahinter\\\/#breadcrumb\",\"itemListElement\":[{\"@type\":\"ListItem\",\"position\":1,\"name\":\"Startseite\",\"item\":\"https:\\\/\\\/truckonline.de\\\/blog\\\/\"},{\"@type\":\"ListItem\",\"position\":2,\"name\":\"Immer brav dahinter\"}]},{\"@type\":\"WebSite\",\"@id\":\"https:\\\/\\\/truckonline.de\\\/blog\\\/#website\",\"url\":\"https:\\\/\\\/truckonline.de\\\/blog\\\/\",\"name\":\"TruckOnline.de\",\"description\":\"\",\"publisher\":{\"@id\":\"https:\\\/\\\/truckonline.de\\\/blog\\\/#\\\/schema\\\/person\\\/4cb59b86ffde81f882f56439688fda19\"},\"potentialAction\":[{\"@type\":\"SearchAction\",\"target\":{\"@type\":\"EntryPoint\",\"urlTemplate\":\"https:\\\/\\\/truckonline.de\\\/blog\\\/?s={search_term_string}\"},\"query-input\":{\"@type\":\"PropertyValueSpecification\",\"valueRequired\":true,\"valueName\":\"search_term_string\"}}],\"inLanguage\":\"de\"},{\"@type\":[\"Person\",\"Organization\"],\"@id\":\"https:\\\/\\\/truckonline.de\\\/blog\\\/#\\\/schema\\\/person\\\/4cb59b86ffde81f882f56439688fda19\",\"name\":\"maik\",\"image\":{\"@type\":\"ImageObject\",\"inLanguage\":\"de\",\"@id\":\"https:\\\/\\\/truckonline.de\\\/blog\\\/wp-content\\\/uploads\\\/2019\\\/12\\\/logoinnenweiss.png\",\"url\":\"https:\\\/\\\/truckonline.de\\\/blog\\\/wp-content\\\/uploads\\\/2019\\\/12\\\/logoinnenweiss.png\",\"contentUrl\":\"https:\\\/\\\/truckonline.de\\\/blog\\\/wp-content\\\/uploads\\\/2019\\\/12\\\/logoinnenweiss.png\",\"width\":733,\"height\":125,\"caption\":\"maik\"},\"logo\":{\"@id\":\"https:\\\/\\\/truckonline.de\\\/blog\\\/wp-content\\\/uploads\\\/2019\\\/12\\\/logoinnenweiss.png\"},\"sameAs\":[\"https:\\\/\\\/www.facebook.com\\\/truckblog\",\"https:\\\/\\\/www.instagram.com\\\/truck_online\\\/\",\"https:\\\/\\\/x.com\\\/https:\\\/\\\/twitter.com\\\/truckblog\",\"https:\\\/\\\/www.youtube.com\\\/user\\\/truckonline\",\"https:\\\/\\\/www.tumblr.com\\\/truckonline\"]}]}<\/script>\n<!-- \/ Yoast SEO plugin. -->","yoast_head_json":{"title":"Immer brav dahinter | TruckOnline.de","description":"Brenner-Autobahn, Italien. Lkw-\u00dcberholverbot auf der gesamten Strecke. \u00dcberholt werden d\u00fcrfen nur \u00fcberbreite, \u00fcberlange, \u00fcberschwere Transporter, an denen","robots":{"index":"index","follow":"follow","max-snippet":"max-snippet:-1","max-image-preview":"max-image-preview:large","max-video-preview":"max-video-preview:-1"},"canonical":"https:\/\/truckonline.de\/blog\/2023\/02\/28\/immer-brav-dahinter\/","og_locale":"de_DE","og_type":"article","og_title":"Immer brav dahinter | TruckOnline.de","og_url":"https:\/\/truckonline.de\/blog\/2023\/02\/28\/immer-brav-dahinter\/","og_site_name":"TruckOnline.de","article_publisher":"https:\/\/www.facebook.com\/truckblog","article_author":"https:\/\/www.facebook.com\/truckblog","article_published_time":"2023-02-28T21:02:28+00:00","article_modified_time":"2023-03-21T21:27:01+00:00","og_image":[{"width":2560,"height":1920,"url":"https:\/\/truckonline.de\/blog\/wp-content\/uploads\/2019\/12\/IMG_20191229_225424-scaled.jpg","type":"image\/jpeg"}],"author":"maik","twitter_card":"summary_large_image","twitter_creator":"@https:\/\/twitter.com\/truckblog","twitter_site":"@truckblog","twitter_misc":{"Verfasst von":"maik","Gesch\u00e4tzte Lesezeit":"2\u00a0Minuten"},"schema":{"@context":"https:\/\/schema.org","@graph":[{"@type":"Article","@id":"https:\/\/truckonline.de\/blog\/2023\/02\/28\/immer-brav-dahinter\/#article","isPartOf":{"@id":"https:\/\/truckonline.de\/blog\/2023\/02\/28\/immer-brav-dahinter\/"},"author":{"name":"maik","@id":"https:\/\/truckonline.de\/blog\/#\/schema\/person\/4cb59b86ffde81f882f56439688fda19"},"headline":"Immer brav dahinter","datePublished":"2023-02-28T21:02:28+00:00","dateModified":"2023-03-21T21:27:01+00:00","mainEntityOfPage":{"@id":"https:\/\/truckonline.de\/blog\/2023\/02\/28\/immer-brav-dahinter\/"},"wordCount":254,"commentCount":5,"publisher":{"@id":"https:\/\/truckonline.de\/blog\/#\/schema\/person\/4cb59b86ffde81f882f56439688fda19"},"keywords":["Asien","Kollegen"],"articleSection":["\u00c4rgerliches","Strassen","Unterwegs"],"inLanguage":"de","potentialAction":[{"@type":"CommentAction","name":"Comment","target":["https:\/\/truckonline.de\/blog\/2023\/02\/28\/immer-brav-dahinter\/#respond"]}]},{"@type":"WebPage","@id":"https:\/\/truckonline.de\/blog\/2023\/02\/28\/immer-brav-dahinter\/","url":"https:\/\/truckonline.de\/blog\/2023\/02\/28\/immer-brav-dahinter\/","name":"Immer brav dahinter | TruckOnline.de","isPartOf":{"@id":"https:\/\/truckonline.de\/blog\/#website"},"datePublished":"2023-02-28T21:02:28+00:00","dateModified":"2023-03-21T21:27:01+00:00","description":"Brenner-Autobahn, Italien. Lkw-\u00dcberholverbot auf der gesamten Strecke. \u00dcberholt werden d\u00fcrfen nur \u00fcberbreite, \u00fcberlange, \u00fcberschwere Transporter, an denen","breadcrumb":{"@id":"https:\/\/truckonline.de\/blog\/2023\/02\/28\/immer-brav-dahinter\/#breadcrumb"},"inLanguage":"de","potentialAction":[{"@type":"ReadAction","target":["https:\/\/truckonline.de\/blog\/2023\/02\/28\/immer-brav-dahinter\/"]}]},{"@type":"BreadcrumbList","@id":"https:\/\/truckonline.de\/blog\/2023\/02\/28\/immer-brav-dahinter\/#breadcrumb","itemListElement":[{"@type":"ListItem","position":1,"name":"Startseite","item":"https:\/\/truckonline.de\/blog\/"},{"@type":"ListItem","position":2,"name":"Immer brav dahinter"}]},{"@type":"WebSite","@id":"https:\/\/truckonline.de\/blog\/#website","url":"https:\/\/truckonline.de\/blog\/","name":"TruckOnline.de","description":"","publisher":{"@id":"https:\/\/truckonline.de\/blog\/#\/schema\/person\/4cb59b86ffde81f882f56439688fda19"},"potentialAction":[{"@type":"SearchAction","target":{"@type":"EntryPoint","urlTemplate":"https:\/\/truckonline.de\/blog\/?s={search_term_string}"},"query-input":{"@type":"PropertyValueSpecification","valueRequired":true,"valueName":"search_term_string"}}],"inLanguage":"de"},{"@type":["Person","Organization"],"@id":"https:\/\/truckonline.de\/blog\/#\/schema\/person\/4cb59b86ffde81f882f56439688fda19","name":"maik","image":{"@type":"ImageObject","inLanguage":"de","@id":"https:\/\/truckonline.de\/blog\/wp-content\/uploads\/2019\/12\/logoinnenweiss.png","url":"https:\/\/truckonline.de\/blog\/wp-content\/uploads\/2019\/12\/logoinnenweiss.png","contentUrl":"https:\/\/truckonline.de\/blog\/wp-content\/uploads\/2019\/12\/logoinnenweiss.png","width":733,"height":125,"caption":"maik"},"logo":{"@id":"https:\/\/truckonline.de\/blog\/wp-content\/uploads\/2019\/12\/logoinnenweiss.png"},"sameAs":["https:\/\/www.facebook.com\/truckblog","https:\/\/www.instagram.com\/truck_online\/","https:\/\/x.com\/https:\/\/twitter.com\/truckblog","https:\/\/www.youtube.com\/user\/truckonline","https:\/\/www.tumblr.com\/truckonline"]}]}},"_links":{"self":[{"href":"https:\/\/truckonline.de\/blog\/wp-json\/wp\/v2\/posts\/11753","targetHints":{"allow":["GET"]}}],"collection":[{"href":"https:\/\/truckonline.de\/blog\/wp-json\/wp\/v2\/posts"}],"about":[{"href":"https:\/\/truckonline.de\/blog\/wp-json\/wp\/v2\/types\/post"}],"author":[{"embeddable":true,"href":"https:\/\/truckonline.de\/blog\/wp-json\/wp\/v2\/users\/3"}],"replies":[{"embeddable":true,"href":"https:\/\/truckonline.de\/blog\/wp-json\/wp\/v2\/comments?post=11753"}],"version-history":[{"count":8,"href":"https:\/\/truckonline.de\/blog\/wp-json\/wp\/v2\/posts\/11753\/revisions"}],"predecessor-version":[{"id":11831,"href":"https:\/\/truckonline.de\/blog\/wp-json\/wp\/v2\/posts\/11753\/revisions\/11831"}],"wp:attachment":[{"href":"https:\/\/truckonline.de\/blog\/wp-json\/wp\/v2\/media?parent=11753"}],"wp:term":[{"taxonomy":"category","embeddable":true,"href":"https:\/\/truckonline.de\/blog\/wp-json\/wp\/v2\/categories?post=11753"},{"taxonomy":"post_tag","embeddable":true,"href":"https:\/\/truckonline.de\/blog\/wp-json\/wp\/v2\/tags?post=11753"}],"curies":[{"name":"wp","href":"https:\/\/api.w.org\/{rel}","templated":true}]}}