{"id":11410,"date":"2022-10-30T15:33:37","date_gmt":"2022-10-30T14:33:37","guid":{"rendered":"https:\/\/truckonline.de\/blog\/?p=11410"},"modified":"2022-10-30T15:34:09","modified_gmt":"2022-10-30T14:34:09","slug":"unermuedliche-fahrer-gesucht","status":"publish","type":"post","link":"https:\/\/truckonline.de\/blog\/2022\/10\/30\/unermuedliche-fahrer-gesucht\/","title":{"rendered":"Unerm\u00fcdlich unerm\u00fcdliche Fahrer gesucht"},"content":{"rendered":"<div class=\"wp-block-image\">\n<figure class=\"aligncenter size-full\"><img loading=\"lazy\" decoding=\"async\" width=\"700\" height=\"96\" src=\"https:\/\/truckonline.de\/blog\/wp-content\/uploads\/2022\/10\/fahrergesuchtrand.jpg\" alt=\"Fahrer fehlen in Europa\" class=\"wp-image-11411\"\/><figcaption><a href=\"https:\/\/www.eurotransport.de\/artikel\/krieg-verschlimmert-die-lage-fast-600-000-fahrer-fehlen-in-europa-11204785.html\" target=\"_blank\" rel=\"noreferrer noopener\">Eurotransport<\/a><\/figcaption><\/figure>\n<\/div>\n\n<div class=\"wp-block-image\">\n<figure class=\"aligncenter size-full\"><img loading=\"lazy\" decoding=\"async\" width=\"650\" height=\"74\" src=\"https:\/\/truckonline.de\/blog\/wp-content\/uploads\/2022\/10\/fahrermdr.jpg\" alt=\"Fahrer fehlen in deutschland\" class=\"wp-image-11412\"\/><figcaption><a href=\"https:\/\/www.mdr.de\/nachrichten\/deutschland\/wirtschaft\/ukraine-deutschland-logistik-lkw-fahrer-spedition-lieferengpass-lieferketten-ausfall-100.html\" target=\"_blank\" rel=\"noreferrer noopener\">MDR.de<\/a><\/figcaption><\/figure>\n<\/div>\n\n<div class=\"wp-block-image\">\n<figure class=\"aligncenter size-full\"><img loading=\"lazy\" decoding=\"async\" width=\"690\" height=\"85\" src=\"https:\/\/truckonline.de\/blog\/wp-content\/uploads\/2022\/10\/fahrerstern.jpg\" alt=\"Fahrer fehlen in deutschland\" class=\"wp-image-11413\"\/><figcaption><a href=\"https:\/\/www.stern.de\/wirtschaft\/speditionen-fehlen-80-000-lkw-fahrer---branche-versucht-gegenzusteuern-31571094.html\" target=\"_blank\" rel=\"noreferrer noopener\">Stern.de<\/a><\/figcaption><\/figure>\n<\/div>\n\n<div class=\"wp-block-image\">\n<figure class=\"aligncenter size-full\"><img loading=\"lazy\" decoding=\"async\" width=\"598\" height=\"82\" src=\"https:\/\/truckonline.de\/blog\/wp-content\/uploads\/2022\/10\/fahrerschwarz.jpg\" alt=\"Fahrer fehlen in deutschland mangelware\" class=\"wp-image-11414\"\/><figcaption><a href=\"https:\/\/www.schwarzwaelder-bote.de\/inhalt.droht-der-versorgungskollaps-warum-lkw-fahrer-mangelware-sind.71fd7490-9567-42b3-b368-ce522b6ba370.html\" target=\"_blank\" rel=\"noreferrer noopener\">Schwarzw\u00e4lder Bote<\/a><\/figcaption><\/figure>\n<\/div>\n\n<div class=\"wp-block-image\">\n<figure class=\"aligncenter size-full\"><img loading=\"lazy\" decoding=\"async\" width=\"700\" height=\"47\" src=\"https:\/\/truckonline.de\/blog\/wp-content\/uploads\/2022\/10\/fahrerbr24.jpg\" alt=\"Fahrer fehlen in deutschland problem\" class=\"wp-image-11415\"\/><figcaption><a href=\"https:\/\/www.br.de\/nachrichten\/bayern\/mangel-an-lkw-fahrern-das-problem-spitzt-sich-zu,Su868Po\" target=\"_blank\" rel=\"noreferrer noopener\">BR24.de<\/a><\/figcaption><\/figure>\n<\/div>\n\n<div class=\"wp-block-image\">\n<figure class=\"aligncenter size-full\"><img loading=\"lazy\" decoding=\"async\" width=\"686\" height=\"70\" src=\"https:\/\/truckonline.de\/blog\/wp-content\/uploads\/2022\/10\/fahrertagesspiegel.jpg\" alt=\"Fahrer fehlen in deutschland engpass\" class=\"wp-image-11416\"\/><figcaption><a href=\"https:\/\/www.tagesspiegel.de\/wirtschaft\/in-deutschland-fehlen-zwischen-80000-und-100000-lkw-fahrer-4347079.html\" target=\"_blank\" rel=\"noreferrer noopener\">Tagesspiegel<\/a><\/figcaption><\/figure>\n<\/div>\n\n<div class=\"wp-block-image\">\n<figure class=\"aligncenter size-full\"><img loading=\"lazy\" decoding=\"async\" width=\"582\" height=\"37\" src=\"https:\/\/truckonline.de\/blog\/wp-content\/uploads\/2022\/10\/fahrerntv.jpg\" alt=\"Fahrer fehlen in deutschland\" class=\"wp-image-11417\"\/><figcaption><a href=\"https:\/\/www.n-tv.de\/wirtschaft\/LKW-Branche-fuerchtet-massiven-Fahrermangel-article23454699.html\" target=\"_blank\" rel=\"noreferrer noopener\">NTV.de<\/a><\/figcaption><\/figure>\n<\/div>\n\n<div class=\"wp-block-image\">\n<figure class=\"aligncenter size-full\"><img loading=\"lazy\" decoding=\"async\" width=\"656\" height=\"78\" src=\"https:\/\/truckonline.de\/blog\/wp-content\/uploads\/2022\/10\/fahrerwelt.jpg\" alt=\"Fahrer fehlen in deutschland\" class=\"wp-image-11418\"\/><figcaption><a href=\"https:\/\/www.welt.de\/wirtschaft\/article241256573\/Arbeitsmarkt-3000-Euro-Kopfpraemie-fuer-Lkw-Fahrer.html\" target=\"_blank\" rel=\"noreferrer noopener\">Welt.de<\/a><\/figcaption><\/figure>\n<\/div>\n\n<div class=\"wp-block-image\">\n<figure class=\"aligncenter size-full\"><img loading=\"lazy\" decoding=\"async\" width=\"501\" height=\"71\" src=\"https:\/\/truckonline.de\/blog\/wp-content\/uploads\/2022\/10\/fahrerbund.jpg\" alt=\"80 000 Fahrer fehlen in deutschland\" class=\"wp-image-11419\"\/><figcaption><a href=\"https:\/\/www.bundestag.de\/dokumente\/textarchiv\/2022\/kw39-pa-verkehr-berufskraftfahrer-909058\" target=\"_blank\" rel=\"noreferrer noopener\">Bundestag<\/a><\/figcaption><\/figure>\n<\/div>\n\n<div class=\"wp-block-image\">\n<figure class=\"aligncenter size-full\"><img loading=\"lazy\" decoding=\"async\" width=\"586\" height=\"42\" src=\"https:\/\/truckonline.de\/blog\/wp-content\/uploads\/2022\/10\/fahrerhaarhaus.jpg\" alt=\"Fahrer fehlen in deutschland\" class=\"wp-image-11420\"\/><figcaption><a href=\"https:\/\/www.haarhaus-logistic.de\/in-deutschland-fehlen-45000-lkw-fahrer\/\" target=\"_blank\" rel=\"noreferrer noopener\">Haarhaus Logistic<\/a><\/figcaption><\/figure>\n<\/div>\n\n<div class=\"wp-block-image\">\n<figure class=\"aligncenter size-full\"><img loading=\"lazy\" decoding=\"async\" width=\"520\" height=\"186\" src=\"https:\/\/truckonline.de\/blog\/wp-content\/uploads\/2022\/10\/fahreronline.jpg\" alt=\"Fahrer fehlen in deutschland\" class=\"wp-image-11421\"\/><figcaption><a href=\"https:\/\/www.t-online.de\/finanzen\/news\/unternehmen-verbraucher\/id_90776930\/fehlende-lkw-fahrer-deutschland-droht-versorgungskollaps-wie-in-england.html\" target=\"_blank\" rel=\"noreferrer noopener\">T-Online<\/a><\/figcaption><\/figure>\n<\/div>\n\n<div class=\"wp-block-image\">\n<figure class=\"aligncenter size-full\"><img loading=\"lazy\" decoding=\"async\" width=\"700\" height=\"85\" src=\"https:\/\/truckonline.de\/blog\/wp-content\/uploads\/2022\/10\/fahrersachsen.jpg\" alt=\"Fahrer fehlen in deutschland\" class=\"wp-image-11422\"\/><figcaption><a href=\"https:\/\/www.saechsische.de\/wirtschaft\/mobilitaet\/zehntausende-lkw-fahrer-fehlen-warnung-vor-leeren-regalen-5721896-plus.html\" target=\"_blank\" rel=\"noreferrer noopener\">S\u00e4chsische.de<\/a><\/figcaption><\/figure>\n<\/div>\n\n<div class=\"wp-block-image\">\n<figure class=\"aligncenter size-full\"><img loading=\"lazy\" decoding=\"async\" width=\"421\" height=\"46\" src=\"https:\/\/truckonline.de\/blog\/wp-content\/uploads\/2022\/10\/fahrerfinanzen.jpg\" alt=\"\" class=\"wp-image-11423\"\/><figcaption><a href=\"https:\/\/www.finanzen100.de\/finanznachrichten\/boerse\/hunderttausende-fahrer-fehlen-lkw-hersteller-bekommen-krise-jetzt-zu-spueren_H1044419376_136583612\/\" target=\"_blank\" rel=\"noreferrer noopener nofollow\">finanzen100.de<\/a><\/figcaption><\/figure>\n<\/div>\n\n<div class=\"wp-block-image\">\n<figure class=\"aligncenter size-full\"><img loading=\"lazy\" decoding=\"async\" width=\"700\" height=\"144\" src=\"https:\/\/truckonline.de\/blog\/wp-content\/uploads\/2022\/10\/fahrerzdf.jpg\" alt=\"Fahrer fehlen in deutschland\" class=\"wp-image-11424\"\/><figcaption><a href=\"https:\/\/www.zdf.de\/nachrichten\/wirtschaft\/lkw-fahrer-engpaesse-100.html\" target=\"_blank\" rel=\"noreferrer noopener\">ZDF<\/a><\/figcaption><\/figure>\n<\/div>\n\n<div class=\"wp-block-image\">\n<figure class=\"aligncenter size-full\"><img loading=\"lazy\" decoding=\"async\" width=\"553\" height=\"85\" src=\"https:\/\/truckonline.de\/blog\/wp-content\/uploads\/2022\/10\/fahrerabendblatt.jpg\" alt=\"Fahrer fehlen in deutschland\" class=\"wp-image-11425\"\/><figcaption><a href=\"https:\/\/www.abendblatt.de\/region\/stormarn\/article214805641\/Lkw-Fahrer-fehlen-Unternehmen-sind-geliefert.html\" target=\"_blank\" rel=\"noreferrer noopener\">Abendblatt<\/a><\/figcaption><\/figure>\n<\/div>\n\n\n<hr>\n\n\n\n<figure class=\"wp-block-image size-full\"><img loading=\"lazy\" decoding=\"async\" width=\"700\" height=\"98\" src=\"https:\/\/truckonline.de\/blog\/wp-content\/uploads\/2022\/10\/fahrerindien.jpg\" alt=\"indische fahrer in deutschland\" class=\"wp-image-11426\"\/><figcaption><a href=\"https:\/\/trans.info\/de\/waberers-indische-fahrer-299953\" target=\"_blank\" rel=\"noreferrer noopener\">Trans.info<\/a><\/figcaption><\/figure>\n\n\n<div class=\"wp-block-image\">\n<figure class=\"aligncenter size-full\"><img loading=\"lazy\" decoding=\"async\" width=\"466\" height=\"84\" src=\"https:\/\/truckonline.de\/blog\/wp-content\/uploads\/2022\/10\/fahrerinder.jpg\" alt=\"waberer stellt indische fahrer ein\" class=\"wp-image-11427\"\/><figcaption><a href=\"https:\/\/www.eurotransport.de\/artikel\/waberer-s-heuert-inder-an-79-indische-fahrer-an-bord-11203522.html\" target=\"_blank\" rel=\"noreferrer noopener\">Eurotransport<\/a><\/figcaption><\/figure>\n<\/div>\n\n<div class=\"wp-block-image\">\n<figure class=\"aligncenter size-full\"><img loading=\"lazy\" decoding=\"async\" width=\"700\" height=\"91\" src=\"https:\/\/truckonline.de\/blog\/wp-content\/uploads\/2022\/10\/fahrerphil.jpg\" alt=\"fahrer von den philippinen in deutschland\" class=\"wp-image-11428\"\/><figcaption><a href=\"https:\/\/www.stern.de\/wirtschaft\/job\/von-den-philippinen-nach-deutschland--wie-trucker-im-elend-hausen-8461628.html\" target=\"_blank\" rel=\"noreferrer noopener\">Stern.de<\/a><\/figcaption><\/figure>\n<\/div>\n\n<div class=\"wp-block-image\">\n<figure class=\"aligncenter size-full\"><img loading=\"lazy\" decoding=\"async\" width=\"690\" height=\"41\" src=\"https:\/\/truckonline.de\/blog\/wp-content\/uploads\/2022\/10\/fahrerosteuropa.jpg\" alt=\"fahrer aus osteuropa das schmutzige gesch\u00e4ft\" class=\"wp-image-11429\"\/><figcaption><a href=\"https:\/\/www.euractiv.de\/section\/binnenmarkt-und-wettbewerb\/news\/das-schmutzige-geschaeft-mit-lkw-fahrern-aus-osteuropa\/\" target=\"_blank\" rel=\"noreferrer noopener\">euractiv.de<\/a><\/figcaption><\/figure>\n<\/div>\n\n\n<hr>\n\n\n<div class=\"wp-block-image\">\n<figure class=\"aligncenter size-large\"><img decoding=\"async\" src=\"https:\/\/truckonline.de\/blog\/wp-content\/uploads\/2022\/10\/achtstunden-525x525.jpg\" alt=\"\" class=\"wp-image-11434\"\/><figcaption>Quelle: NDR Fernsehen<\/figcaption><\/figure>\n<\/div>\n\n\n<p>Acht Stunden Arbeit, acht Stunden Freizeit, acht Stunden Schlaf? Ist doch v\u00f6llig legitim. Keine Ahnung, was daran faul sein soll?<\/p>\n\n\n\n<p>Und ich wage mal zu behaupten: H\u00e4tte es in den letzten zwanzig Jahren neben einer angemessenen Bezahlung und Wertsch\u00e4tzung auch bessere Arbeitszeitmodelle f\u00fcr uns Lkw-Fahrer gegeben, w\u00fcrde es heute nicht diesen krassen Fahrermangel geben.<\/p>\n\n\n\n<p>Ach \u00fcbrigens. Hab mir ja vor genau einem Jahr auch mal Gedanken dar\u00fcber gemacht, wieso nur noch wenige Leute Lkw fahren wollen. Der Text scheint irgendwie zeitlos zu sein: <a href=\"https:\/\/truckonline.de\/blog\/2021\/10\/29\/keiner-will-mehr-lastwagen-bewegen\/\">Kein Bock auf&#8217;n Bock<\/a>.<\/p>\n","protected":false},"excerpt":{"rendered":"<p>Acht Stunden Arbeit, acht Stunden Freizeit, acht Stunden Schlaf? Ist doch v\u00f6llig legitim. Keine Ahnung, was daran faul sein soll? Und ich wage mal zu&#8230;<\/p>\n<div class=\"more-link-wrapper\"><a class=\"more-link\" href=\"https:\/\/truckonline.de\/blog\/2022\/10\/30\/unermuedliche-fahrer-gesucht\/\">Sie haben Ihr Ziel fast erreicht.<span class=\"screen-reader-text\">Unerm\u00fcdlich unerm\u00fcdliche Fahrer gesucht<\/span><\/a><\/div>\n","protected":false},"author":3,"featured_media":0,"comment_status":"open","ping_status":"open","sticky":false,"template":"","format":"standard","meta":{"iawp_total_views":1,"_metis_text_type":"","_metis_text_length":0,"_post_count":0,"footnotes":""},"categories":[55,21,191],"tags":[1019,1898],"class_list":["post-11410","post","type-post","status-publish","format-standard","hentry","category-bilder","category-links-world-wide-web","category-presse","tag-fahrer","tag-presse","ratio-2-1","entry"],"yoast_head":"<!-- This site is optimized with the Yoast SEO plugin v27.4 - https:\/\/yoast.com\/product\/yoast-seo-wordpress\/ -->\n<title>Unerm\u00fcdlich unerm\u00fcdliche Fahrer gesucht | TruckOnline.de<\/title>\n<meta name=\"description\" content=\"Eurotransport MDR.de Stern.de Schwarzw\u00e4lder Bote BR24.de Tagesspiegel NTV.de Welt.de Bundestag Haarhaus Logistic T-Online S\u00e4chsische.de finanzen100.de ZDF\" \/>\n<meta name=\"robots\" content=\"index, follow, max-snippet:-1, max-image-preview:large, max-video-preview:-1\" \/>\n<link rel=\"canonical\" href=\"https:\/\/truckonline.de\/blog\/2022\/10\/30\/unermuedliche-fahrer-gesucht\/\" \/>\n<meta property=\"og:locale\" content=\"de_DE\" \/>\n<meta property=\"og:type\" content=\"article\" \/>\n<meta property=\"og:title\" content=\"Unerm\u00fcdlich unerm\u00fcdliche Fahrer gesucht | TruckOnline.de\" \/>\n<meta property=\"og:url\" content=\"https:\/\/truckonline.de\/blog\/2022\/10\/30\/unermuedliche-fahrer-gesucht\/\" \/>\n<meta property=\"og:site_name\" content=\"TruckOnline.de\" \/>\n<meta property=\"article:publisher\" content=\"https:\/\/www.facebook.com\/truckblog\" \/>\n<meta property=\"article:author\" content=\"https:\/\/www.facebook.com\/truckblog\" \/>\n<meta property=\"article:published_time\" content=\"2022-10-30T14:33:37+00:00\" \/>\n<meta property=\"article:modified_time\" content=\"2022-10-30T14:34:09+00:00\" \/>\n<meta property=\"og:image\" content=\"https:\/\/truckonline.de\/blog\/wp-content\/uploads\/2022\/10\/fahrergesuchtrand.jpg\" \/>\n<meta name=\"author\" content=\"maik\" \/>\n<meta name=\"twitter:card\" content=\"summary_large_image\" \/>\n<meta name=\"twitter:creator\" content=\"@https:\/\/twitter.com\/truckblog\" \/>\n<meta name=\"twitter:site\" content=\"@truckblog\" \/>\n<meta name=\"twitter:label1\" content=\"Verfasst von\" \/>\n\t<meta name=\"twitter:data1\" content=\"maik\" \/>\n\t<meta name=\"twitter:label2\" content=\"Gesch\u00e4tzte Lesezeit\" \/>\n\t<meta name=\"twitter:data2\" content=\"5\u00a0Minuten\" \/>\n<script type=\"application\/ld+json\" class=\"yoast-schema-graph\">{\"@context\":\"https:\\\/\\\/schema.org\",\"@graph\":[{\"@type\":\"Article\",\"@id\":\"https:\\\/\\\/truckonline.de\\\/blog\\\/2022\\\/10\\\/30\\\/unermuedliche-fahrer-gesucht\\\/#article\",\"isPartOf\":{\"@id\":\"https:\\\/\\\/truckonline.de\\\/blog\\\/2022\\\/10\\\/30\\\/unermuedliche-fahrer-gesucht\\\/\"},\"author\":{\"name\":\"maik\",\"@id\":\"https:\\\/\\\/truckonline.de\\\/blog\\\/#\\\/schema\\\/person\\\/4cb59b86ffde81f882f56439688fda19\"},\"headline\":\"Unerm\u00fcdlich unerm\u00fcdliche Fahrer gesucht\",\"datePublished\":\"2022-10-30T14:33:37+00:00\",\"dateModified\":\"2022-10-30T14:34:09+00:00\",\"mainEntityOfPage\":{\"@id\":\"https:\\\/\\\/truckonline.de\\\/blog\\\/2022\\\/10\\\/30\\\/unermuedliche-fahrer-gesucht\\\/\"},\"wordCount\":136,\"commentCount\":5,\"publisher\":{\"@id\":\"https:\\\/\\\/truckonline.de\\\/blog\\\/#\\\/schema\\\/person\\\/4cb59b86ffde81f882f56439688fda19\"},\"image\":{\"@id\":\"https:\\\/\\\/truckonline.de\\\/blog\\\/2022\\\/10\\\/30\\\/unermuedliche-fahrer-gesucht\\\/#primaryimage\"},\"thumbnailUrl\":\"https:\\\/\\\/truckonline.de\\\/blog\\\/wp-content\\\/uploads\\\/2022\\\/10\\\/fahrergesuchtrand.jpg\",\"keywords\":[\"Fahrer\",\"Presse\"],\"articleSection\":[\"Bilder\",\"Links\",\"Presse\"],\"inLanguage\":\"de\",\"potentialAction\":[{\"@type\":\"CommentAction\",\"name\":\"Comment\",\"target\":[\"https:\\\/\\\/truckonline.de\\\/blog\\\/2022\\\/10\\\/30\\\/unermuedliche-fahrer-gesucht\\\/#respond\"]}]},{\"@type\":\"WebPage\",\"@id\":\"https:\\\/\\\/truckonline.de\\\/blog\\\/2022\\\/10\\\/30\\\/unermuedliche-fahrer-gesucht\\\/\",\"url\":\"https:\\\/\\\/truckonline.de\\\/blog\\\/2022\\\/10\\\/30\\\/unermuedliche-fahrer-gesucht\\\/\",\"name\":\"Unerm\u00fcdlich unerm\u00fcdliche Fahrer gesucht | TruckOnline.de\",\"isPartOf\":{\"@id\":\"https:\\\/\\\/truckonline.de\\\/blog\\\/#website\"},\"primaryImageOfPage\":{\"@id\":\"https:\\\/\\\/truckonline.de\\\/blog\\\/2022\\\/10\\\/30\\\/unermuedliche-fahrer-gesucht\\\/#primaryimage\"},\"image\":{\"@id\":\"https:\\\/\\\/truckonline.de\\\/blog\\\/2022\\\/10\\\/30\\\/unermuedliche-fahrer-gesucht\\\/#primaryimage\"},\"thumbnailUrl\":\"https:\\\/\\\/truckonline.de\\\/blog\\\/wp-content\\\/uploads\\\/2022\\\/10\\\/fahrergesuchtrand.jpg\",\"datePublished\":\"2022-10-30T14:33:37+00:00\",\"dateModified\":\"2022-10-30T14:34:09+00:00\",\"description\":\"Eurotransport MDR.de Stern.de Schwarzw\u00e4lder Bote BR24.de Tagesspiegel NTV.de Welt.de Bundestag Haarhaus Logistic T-Online S\u00e4chsische.de finanzen100.de ZDF\",\"breadcrumb\":{\"@id\":\"https:\\\/\\\/truckonline.de\\\/blog\\\/2022\\\/10\\\/30\\\/unermuedliche-fahrer-gesucht\\\/#breadcrumb\"},\"inLanguage\":\"de\",\"potentialAction\":[{\"@type\":\"ReadAction\",\"target\":[\"https:\\\/\\\/truckonline.de\\\/blog\\\/2022\\\/10\\\/30\\\/unermuedliche-fahrer-gesucht\\\/\"]}]},{\"@type\":\"ImageObject\",\"inLanguage\":\"de\",\"@id\":\"https:\\\/\\\/truckonline.de\\\/blog\\\/2022\\\/10\\\/30\\\/unermuedliche-fahrer-gesucht\\\/#primaryimage\",\"url\":\"https:\\\/\\\/truckonline.de\\\/blog\\\/wp-content\\\/uploads\\\/2022\\\/10\\\/fahrergesuchtrand.jpg\",\"contentUrl\":\"https:\\\/\\\/truckonline.de\\\/blog\\\/wp-content\\\/uploads\\\/2022\\\/10\\\/fahrergesuchtrand.jpg\",\"width\":700,\"height\":96},{\"@type\":\"BreadcrumbList\",\"@id\":\"https:\\\/\\\/truckonline.de\\\/blog\\\/2022\\\/10\\\/30\\\/unermuedliche-fahrer-gesucht\\\/#breadcrumb\",\"itemListElement\":[{\"@type\":\"ListItem\",\"position\":1,\"name\":\"Startseite\",\"item\":\"https:\\\/\\\/truckonline.de\\\/blog\\\/\"},{\"@type\":\"ListItem\",\"position\":2,\"name\":\"Unerm\u00fcdlich unerm\u00fcdliche Fahrer gesucht\"}]},{\"@type\":\"WebSite\",\"@id\":\"https:\\\/\\\/truckonline.de\\\/blog\\\/#website\",\"url\":\"https:\\\/\\\/truckonline.de\\\/blog\\\/\",\"name\":\"TruckOnline.de\",\"description\":\"\",\"publisher\":{\"@id\":\"https:\\\/\\\/truckonline.de\\\/blog\\\/#\\\/schema\\\/person\\\/4cb59b86ffde81f882f56439688fda19\"},\"potentialAction\":[{\"@type\":\"SearchAction\",\"target\":{\"@type\":\"EntryPoint\",\"urlTemplate\":\"https:\\\/\\\/truckonline.de\\\/blog\\\/?s={search_term_string}\"},\"query-input\":{\"@type\":\"PropertyValueSpecification\",\"valueRequired\":true,\"valueName\":\"search_term_string\"}}],\"inLanguage\":\"de\"},{\"@type\":[\"Person\",\"Organization\"],\"@id\":\"https:\\\/\\\/truckonline.de\\\/blog\\\/#\\\/schema\\\/person\\\/4cb59b86ffde81f882f56439688fda19\",\"name\":\"maik\",\"image\":{\"@type\":\"ImageObject\",\"inLanguage\":\"de\",\"@id\":\"https:\\\/\\\/truckonline.de\\\/blog\\\/wp-content\\\/uploads\\\/2019\\\/12\\\/logoinnenweiss.png\",\"url\":\"https:\\\/\\\/truckonline.de\\\/blog\\\/wp-content\\\/uploads\\\/2019\\\/12\\\/logoinnenweiss.png\",\"contentUrl\":\"https:\\\/\\\/truckonline.de\\\/blog\\\/wp-content\\\/uploads\\\/2019\\\/12\\\/logoinnenweiss.png\",\"width\":733,\"height\":125,\"caption\":\"maik\"},\"logo\":{\"@id\":\"https:\\\/\\\/truckonline.de\\\/blog\\\/wp-content\\\/uploads\\\/2019\\\/12\\\/logoinnenweiss.png\"},\"sameAs\":[\"https:\\\/\\\/www.facebook.com\\\/truckblog\",\"https:\\\/\\\/www.instagram.com\\\/truck_online\\\/\",\"https:\\\/\\\/x.com\\\/https:\\\/\\\/twitter.com\\\/truckblog\",\"https:\\\/\\\/www.youtube.com\\\/user\\\/truckonline\",\"https:\\\/\\\/www.tumblr.com\\\/truckonline\"]}]}<\/script>\n<!-- \/ Yoast SEO plugin. -->","yoast_head_json":{"title":"Unerm\u00fcdlich unerm\u00fcdliche Fahrer gesucht | TruckOnline.de","description":"Eurotransport MDR.de Stern.de Schwarzw\u00e4lder Bote BR24.de Tagesspiegel NTV.de Welt.de Bundestag Haarhaus Logistic T-Online S\u00e4chsische.de finanzen100.de ZDF","robots":{"index":"index","follow":"follow","max-snippet":"max-snippet:-1","max-image-preview":"max-image-preview:large","max-video-preview":"max-video-preview:-1"},"canonical":"https:\/\/truckonline.de\/blog\/2022\/10\/30\/unermuedliche-fahrer-gesucht\/","og_locale":"de_DE","og_type":"article","og_title":"Unerm\u00fcdlich unerm\u00fcdliche Fahrer gesucht | TruckOnline.de","og_url":"https:\/\/truckonline.de\/blog\/2022\/10\/30\/unermuedliche-fahrer-gesucht\/","og_site_name":"TruckOnline.de","article_publisher":"https:\/\/www.facebook.com\/truckblog","article_author":"https:\/\/www.facebook.com\/truckblog","article_published_time":"2022-10-30T14:33:37+00:00","article_modified_time":"2022-10-30T14:34:09+00:00","og_image":[{"url":"https:\/\/truckonline.de\/blog\/wp-content\/uploads\/2022\/10\/fahrergesuchtrand.jpg","type":"","width":"","height":""}],"author":"maik","twitter_card":"summary_large_image","twitter_creator":"@https:\/\/twitter.com\/truckblog","twitter_site":"@truckblog","twitter_misc":{"Verfasst von":"maik","Gesch\u00e4tzte Lesezeit":"5\u00a0Minuten"},"schema":{"@context":"https:\/\/schema.org","@graph":[{"@type":"Article","@id":"https:\/\/truckonline.de\/blog\/2022\/10\/30\/unermuedliche-fahrer-gesucht\/#article","isPartOf":{"@id":"https:\/\/truckonline.de\/blog\/2022\/10\/30\/unermuedliche-fahrer-gesucht\/"},"author":{"name":"maik","@id":"https:\/\/truckonline.de\/blog\/#\/schema\/person\/4cb59b86ffde81f882f56439688fda19"},"headline":"Unerm\u00fcdlich unerm\u00fcdliche Fahrer gesucht","datePublished":"2022-10-30T14:33:37+00:00","dateModified":"2022-10-30T14:34:09+00:00","mainEntityOfPage":{"@id":"https:\/\/truckonline.de\/blog\/2022\/10\/30\/unermuedliche-fahrer-gesucht\/"},"wordCount":136,"commentCount":5,"publisher":{"@id":"https:\/\/truckonline.de\/blog\/#\/schema\/person\/4cb59b86ffde81f882f56439688fda19"},"image":{"@id":"https:\/\/truckonline.de\/blog\/2022\/10\/30\/unermuedliche-fahrer-gesucht\/#primaryimage"},"thumbnailUrl":"https:\/\/truckonline.de\/blog\/wp-content\/uploads\/2022\/10\/fahrergesuchtrand.jpg","keywords":["Fahrer","Presse"],"articleSection":["Bilder","Links","Presse"],"inLanguage":"de","potentialAction":[{"@type":"CommentAction","name":"Comment","target":["https:\/\/truckonline.de\/blog\/2022\/10\/30\/unermuedliche-fahrer-gesucht\/#respond"]}]},{"@type":"WebPage","@id":"https:\/\/truckonline.de\/blog\/2022\/10\/30\/unermuedliche-fahrer-gesucht\/","url":"https:\/\/truckonline.de\/blog\/2022\/10\/30\/unermuedliche-fahrer-gesucht\/","name":"Unerm\u00fcdlich unerm\u00fcdliche Fahrer gesucht | TruckOnline.de","isPartOf":{"@id":"https:\/\/truckonline.de\/blog\/#website"},"primaryImageOfPage":{"@id":"https:\/\/truckonline.de\/blog\/2022\/10\/30\/unermuedliche-fahrer-gesucht\/#primaryimage"},"image":{"@id":"https:\/\/truckonline.de\/blog\/2022\/10\/30\/unermuedliche-fahrer-gesucht\/#primaryimage"},"thumbnailUrl":"https:\/\/truckonline.de\/blog\/wp-content\/uploads\/2022\/10\/fahrergesuchtrand.jpg","datePublished":"2022-10-30T14:33:37+00:00","dateModified":"2022-10-30T14:34:09+00:00","description":"Eurotransport MDR.de Stern.de Schwarzw\u00e4lder Bote BR24.de Tagesspiegel NTV.de Welt.de Bundestag Haarhaus Logistic T-Online S\u00e4chsische.de finanzen100.de ZDF","breadcrumb":{"@id":"https:\/\/truckonline.de\/blog\/2022\/10\/30\/unermuedliche-fahrer-gesucht\/#breadcrumb"},"inLanguage":"de","potentialAction":[{"@type":"ReadAction","target":["https:\/\/truckonline.de\/blog\/2022\/10\/30\/unermuedliche-fahrer-gesucht\/"]}]},{"@type":"ImageObject","inLanguage":"de","@id":"https:\/\/truckonline.de\/blog\/2022\/10\/30\/unermuedliche-fahrer-gesucht\/#primaryimage","url":"https:\/\/truckonline.de\/blog\/wp-content\/uploads\/2022\/10\/fahrergesuchtrand.jpg","contentUrl":"https:\/\/truckonline.de\/blog\/wp-content\/uploads\/2022\/10\/fahrergesuchtrand.jpg","width":700,"height":96},{"@type":"BreadcrumbList","@id":"https:\/\/truckonline.de\/blog\/2022\/10\/30\/unermuedliche-fahrer-gesucht\/#breadcrumb","itemListElement":[{"@type":"ListItem","position":1,"name":"Startseite","item":"https:\/\/truckonline.de\/blog\/"},{"@type":"ListItem","position":2,"name":"Unerm\u00fcdlich unerm\u00fcdliche Fahrer gesucht"}]},{"@type":"WebSite","@id":"https:\/\/truckonline.de\/blog\/#website","url":"https:\/\/truckonline.de\/blog\/","name":"TruckOnline.de","description":"","publisher":{"@id":"https:\/\/truckonline.de\/blog\/#\/schema\/person\/4cb59b86ffde81f882f56439688fda19"},"potentialAction":[{"@type":"SearchAction","target":{"@type":"EntryPoint","urlTemplate":"https:\/\/truckonline.de\/blog\/?s={search_term_string}"},"query-input":{"@type":"PropertyValueSpecification","valueRequired":true,"valueName":"search_term_string"}}],"inLanguage":"de"},{"@type":["Person","Organization"],"@id":"https:\/\/truckonline.de\/blog\/#\/schema\/person\/4cb59b86ffde81f882f56439688fda19","name":"maik","image":{"@type":"ImageObject","inLanguage":"de","@id":"https:\/\/truckonline.de\/blog\/wp-content\/uploads\/2019\/12\/logoinnenweiss.png","url":"https:\/\/truckonline.de\/blog\/wp-content\/uploads\/2019\/12\/logoinnenweiss.png","contentUrl":"https:\/\/truckonline.de\/blog\/wp-content\/uploads\/2019\/12\/logoinnenweiss.png","width":733,"height":125,"caption":"maik"},"logo":{"@id":"https:\/\/truckonline.de\/blog\/wp-content\/uploads\/2019\/12\/logoinnenweiss.png"},"sameAs":["https:\/\/www.facebook.com\/truckblog","https:\/\/www.instagram.com\/truck_online\/","https:\/\/x.com\/https:\/\/twitter.com\/truckblog","https:\/\/www.youtube.com\/user\/truckonline","https:\/\/www.tumblr.com\/truckonline"]}]}},"_links":{"self":[{"href":"https:\/\/truckonline.de\/blog\/wp-json\/wp\/v2\/posts\/11410","targetHints":{"allow":["GET"]}}],"collection":[{"href":"https:\/\/truckonline.de\/blog\/wp-json\/wp\/v2\/posts"}],"about":[{"href":"https:\/\/truckonline.de\/blog\/wp-json\/wp\/v2\/types\/post"}],"author":[{"embeddable":true,"href":"https:\/\/truckonline.de\/blog\/wp-json\/wp\/v2\/users\/3"}],"replies":[{"embeddable":true,"href":"https:\/\/truckonline.de\/blog\/wp-json\/wp\/v2\/comments?post=11410"}],"version-history":[{"count":4,"href":"https:\/\/truckonline.de\/blog\/wp-json\/wp\/v2\/posts\/11410\/revisions"}],"predecessor-version":[{"id":11436,"href":"https:\/\/truckonline.de\/blog\/wp-json\/wp\/v2\/posts\/11410\/revisions\/11436"}],"wp:attachment":[{"href":"https:\/\/truckonline.de\/blog\/wp-json\/wp\/v2\/media?parent=11410"}],"wp:term":[{"taxonomy":"category","embeddable":true,"href":"https:\/\/truckonline.de\/blog\/wp-json\/wp\/v2\/categories?post=11410"},{"taxonomy":"post_tag","embeddable":true,"href":"https:\/\/truckonline.de\/blog\/wp-json\/wp\/v2\/tags?post=11410"}],"curies":[{"name":"wp","href":"https:\/\/api.w.org\/{rel}","templated":true}]}}