{"id":11394,"date":"2022-10-23T14:47:41","date_gmt":"2022-10-23T12:47:41","guid":{"rendered":"https:\/\/truckonline.de\/blog\/?p=11394"},"modified":"2022-10-24T10:54:25","modified_gmt":"2022-10-24T08:54:25","slug":"nix-los-bei-profi","status":"publish","type":"post","link":"https:\/\/truckonline.de\/blog\/2022\/10\/23\/nix-los-bei-profi\/","title":{"rendered":"Nix los bei Profi?"},"content":{"rendered":"\n<p>Kurz zur Einleitung: Im Mai vor drei Jahren wurde ein Verein, &#8222;Pro Fahrer-Image&#8220;, kurz &#8222;<em>Profi&#8220; <\/em>genannt, gegr\u00fcndet, der <a href=\"https:\/\/www.eurotransport.de\/artikel\/verein-pro-fahrer-image-gegruendet-mehr-wertschaetzung-fuer-fahrer-10799583.html\" target=\"_blank\" rel=\"noreferrer noopener\">zur Unterst\u00fctzung der Image-Verbesserung<\/a> des Kraftfahrers beitragen soll. <br>Gr\u00fcndungsmitglieder waren der Bundesverband <a href=\"https:\/\/www.bgl-ev.de\/www.bgl-ev.de\/web\/home\/index.htm\" target=\"_blank\" rel=\"noreferrer noopener\">G\u00fcterkraftverkehr<\/a> Logistik und Entsorgung (BGL), die Fahrzeugwerke <a href=\"https:\/\/www.krone-trailer.com\/\" target=\"_blank\" rel=\"noreferrer noopener\">Bernard Krone<\/a> GmbH &amp; Co. KG und weitere neunzehn Mitglieder. Dazu geh\u00f6rten Transportfirmen, Industriebetriebe, eine Zentralgenossenschaft und weitere Verb\u00e4nde. Mittlerweile ist die <a href=\"https:\/\/www.pro-fahrer-image.de\/#c38\" target=\"_blank\" rel=\"noreferrer noopener\">Zahl der Unterst\u00fctzer<\/a> weiter gestiegen.<\/p>\n\n\n\n<p>Kurz drauf, im Sp\u00e4tsommer 2019, dachte <a href=\"https:\/\/truckonline.de\/blog\/2020\/09\/05\/der-fisch-stinkt-vom-kopf-her\/\">ich<\/a> mir, <em>bem\u00fch<\/em>e dich doch mal um eine Mitgliedschaft. Geht ja eigentlich ganz simpel \u00fcber ein Kontaktformular und kostet f\u00fcr eine Einzelperson vierzig Euro pro Jahr. Nennt sich dann F\u00f6rdermitgliedschaft. Also mit 3,34 Euro im Monat durchaus machbar. <br>Auch wenn ich finde, dass mein Image am ehesten dadurch verbessert wird, wenn ich selbst meinen Teil dazu beitrage. Denn dazu brauche ich eigentlich normal keinen Verein. <\/p>\n\n\n\n<p>Aber gut, es wurde einer gegr\u00fcndet. Und \u00fcber Vereinsebene versuchen etwas an meinem Ruf zu verbessern? Ok., warum nicht? Versuch macht klug.<br>Nur h\u00f6rte ich dann lange Zeit nix. Nicht mal eine Best\u00e4tigung trudelte bei mir ein, ob meine Anfrage \u00fcberhaupt eingegangen ist. <\/p>\n\n\n\n<p>Anfangsschwierigkeiten? Kann passieren, selbst bei so hochkar\u00e4tigen Gr\u00fcndungsmitgliedern. Und dann kam ja noch eine Pandemie dazwischen. Konnte ja keiner ahnen. <\/p>\n\n\n\n<h2 class=\"wp-block-heading\">Noch ein Versuch<\/h2>\n\n\n\n<p>Ein Jahr sp\u00e4ter, also vor zwei Jahren, startete ich noch einen Versuch und f\u00fcllte den Aufnahmeantrag erneut aus. Aber auch jetzt wieder keine Reaktion. Lag vielleicht noch immer an Corona? Keine Ahnung.<\/p>\n\n\n\n<p>Mitte letzten Jahres, also mehr als zwei Jahre nach der Gr\u00fcndung, bekam ich eine Mail mit einem Einladungslink zu einer virtuellen Mitgliederversammlung oder \u00e4hnlichem. Genau wei\u00df ich das nicht mehr. <br>Dieses Meeting fand aber zu einer Zeit statt, zu der ich noch arbeiten darf. Also nix mit teilnehmen. Habe diese Zusammenkunft also ignoriert. Und die eMail gel\u00f6scht.<\/p>\n\n\n\n<p>Aber dann, im Januar diesen Jahres, das erste greifbare Lebenszeichen von &#8222;<em>Profi<\/em>&#8222;: Die Beitragsrechnung f\u00fcr 2022 lag im Briefkasten. Vierzig Euro habe ich nat\u00fcrlich sofort \u00fcberwiesen, mit der Hoffnung, wow, jetzt passiert etwas im Verein. <br>Endlich wird was daf\u00fcr getan, um mein Ansehen in der Bev\u00f6lkerung zu verbessern. <\/p>\n\n\n\n<p>Und schlie\u00dflich auch die Hoffnung, vielleicht ein wenig mithelfen zu d\u00fcrfen, konstruktive Vorschl\u00e4ge zu machen, was und wo etwas ver\u00e4ndert oder verbessert werden k\u00f6nnte. Auch wenn ich als Fahrer <em>nur<\/em> ein einfaches, kleines F\u00f6rdermitglied bin. <\/p>\n\n\n\n<h2 class=\"wp-block-heading\">Es herrscht Funkstille<\/h2>\n\n\n\n<p>Aber seit dem ich die Rechnung in den H\u00e4nden hatte, ist wieder Funkstille. Vom Verein ist fast nichts zu h\u00f6ren, zu lesen, zu sehen. Keine Ahnung, wom\u00f6glich h\u00e4tte ich mal auf mich aufmerksam machen sollen. Irgendwie.<br>Vielleicht mit ner eMail? Nach dem Motto: &#8222;<em>Hallo, ich bin bei Euch Mitglied. Was geht ab?<\/em>&#8220; Ich wei\u00df es nicht.<\/p>\n\n\n\n<p>Klar, die Zeiten sind schwierig. Auch die Gr\u00fcnder, Partner und Mitgliedsunternehmen des Vereins m\u00fcssen sehen, m\u00f6glichst gut durch diese Phase zu kommen. Verstehe ich schon. <br>Nur wenn <a href=\"https:\/\/www.pro-fahrer-image.de\/#c12\" target=\"_blank\" rel=\"noreferrer noopener\">als einzige News<\/a> in diesem Jahr \u00fcber den vollen Einsatz w\u00e4hrend des &#8222;<em>Truck Grand Prix<\/em>&#8220; berichtet wird, ist das f\u00fcr einen Verein der unter der Schirmherrschaft des <a href=\"https:\/\/bmdv.bund.de\/DE\/Home\/home.html\" target=\"_blank\" rel=\"noreferrer noopener\">Bundesministeriums f\u00fcr Verkehr und digitale Infrastruktur<\/a> steht und &#8222;<em>erste Sahne-Partner<\/em>&#8220; hat, schon ein bissel d\u00fcrftig. <\/p>\n\n\n\n<p>Warum also soll ich Mitglied in einer Gemeinschaft sein, die mir fremd ist? Nee, dass m\u00f6chte ich nicht. Eine K\u00fcndigung ist schlie\u00dflich schnell geschrieben und weg geschickt. <\/p>\n\n\n\n<p>Aber och je. Selbst die kam zur\u00fcck, weil der Empf\u00e4nger unter der angegebenen Anschrift nicht zu ermitteln ist. <\/p>\n\n\n<div class=\"wp-block-image\">\n<figure class=\"aligncenter size-full\"><img loading=\"lazy\" decoding=\"async\" width=\"700\" height=\"933\" src=\"https:\/\/truckonline.de\/blog\/wp-content\/uploads\/2022\/10\/profibriefzurueck700-rotated.jpg\" alt=\"brief empf\u00e4nger adresse unbekannt deutsche post\" class=\"wp-image-11395\" srcset=\"https:\/\/truckonline.de\/blog\/wp-content\/uploads\/2022\/10\/profibriefzurueck700-rotated.jpg 700w, https:\/\/truckonline.de\/blog\/wp-content\/uploads\/2022\/10\/profibriefzurueck700-394x525.jpg 394w\" sizes=\"auto, (max-width: 700px) 100vw, 700px\" \/><figcaption>Schreib mal wieder<\/figcaption><\/figure>\n<\/div>\n\n\n<p>Tja, schon irgendwie schade das ganze. Dabei hatte ich wirklich mal den Gedanken, vielleicht bewirkt dieser Verein ja was. Mit der Schlagkraft der Mitglieder dominanter gegen\u00fcber der Politik auftreten, Wirtschaft und Industrie mit einbinden, um bessere Bedingungen in vielen verschiedenen Punkten zu schaffen. Es g\u00e4be ja schon so einiges zu ver\u00e4ndern und zu verbessern.<\/p>\n\n\n\n<p>Aber vielleicht passiert ja auch was im Hintergrund. Ich wei\u00df es nicht. Woher auch, wenn nichts kommuniziert wird.<br>Jetzt warte ich auf die Best\u00e4tigung meiner K\u00fcndigungs-Mail, hoffe ja, dass sowas kommt. Und dann hat sich das Thema &#8222;<em>Pro Fahrer-Image<\/em>&#8220; f\u00fcr mich <s>leider<\/s> erledigt. <\/p>\n","protected":false},"excerpt":{"rendered":"<p>Kurz zur Einleitung: Im Mai vor drei Jahren wurde ein Verein, &#8222;Pro Fahrer-Image&#8220;, kurz &#8222;Profi&#8220; genannt, gegr\u00fcndet, der zur Unterst\u00fctzung der Image-Verbesserung des Kraftfahrers beitragen&#8230;<\/p>\n<div class=\"more-link-wrapper\"><a class=\"more-link\" href=\"https:\/\/truckonline.de\/blog\/2022\/10\/23\/nix-los-bei-profi\/\">Sie haben Ihr Ziel fast erreicht.<span class=\"screen-reader-text\">Nix los bei Profi?<\/span><\/a><\/div>\n","protected":false},"author":3,"featured_media":0,"comment_status":"open","ping_status":"open","sticky":false,"template":"","format":"standard","meta":{"iawp_total_views":3,"_metis_text_type":"","_metis_text_length":0,"_post_count":0,"footnotes":""},"categories":[593,185,3],"tags":[2195,2194],"class_list":["post-11394","post","type-post","status-publish","format-standard","hentry","category-aergerliches","category-gedanken","category-internes","tag-profi","tag-verein","ratio-2-1","entry"],"yoast_head":"<!-- This site is optimized with the Yoast SEO plugin v27.4 - https:\/\/yoast.com\/product\/yoast-seo-wordpress\/ -->\n<title>Nix los bei Profi? | TruckOnline.de<\/title>\n<meta name=\"description\" content=\"Kurz zur Einleitung: Im Mai vor drei Jahren wurde ein Verein, &quot;Pro Fahrer-Image&quot;, kurz &quot;Profi&quot; genannt, gegr\u00fcndet, der zur Unterst\u00fctzung der\" \/>\n<meta name=\"robots\" content=\"index, follow, max-snippet:-1, max-image-preview:large, max-video-preview:-1\" \/>\n<link rel=\"canonical\" href=\"https:\/\/truckonline.de\/blog\/2022\/10\/23\/nix-los-bei-profi\/\" \/>\n<meta property=\"og:locale\" content=\"de_DE\" \/>\n<meta property=\"og:type\" content=\"article\" \/>\n<meta property=\"og:title\" content=\"Nix los bei Profi? | TruckOnline.de\" \/>\n<meta property=\"og:url\" content=\"https:\/\/truckonline.de\/blog\/2022\/10\/23\/nix-los-bei-profi\/\" \/>\n<meta property=\"og:site_name\" content=\"TruckOnline.de\" \/>\n<meta property=\"article:publisher\" content=\"https:\/\/www.facebook.com\/truckblog\" \/>\n<meta property=\"article:author\" content=\"https:\/\/www.facebook.com\/truckblog\" \/>\n<meta property=\"article:published_time\" content=\"2022-10-23T12:47:41+00:00\" \/>\n<meta property=\"article:modified_time\" content=\"2022-10-24T08:54:25+00:00\" \/>\n<meta property=\"og:image\" content=\"https:\/\/truckonline.de\/blog\/wp-content\/uploads\/2022\/10\/profibriefzurueck700-rotated.jpg\" \/>\n<meta name=\"author\" content=\"maik\" \/>\n<meta name=\"twitter:card\" content=\"summary_large_image\" \/>\n<meta name=\"twitter:creator\" content=\"@https:\/\/twitter.com\/truckblog\" \/>\n<meta name=\"twitter:site\" content=\"@truckblog\" \/>\n<meta name=\"twitter:label1\" content=\"Verfasst von\" \/>\n\t<meta name=\"twitter:data1\" content=\"maik\" \/>\n\t<meta name=\"twitter:label2\" content=\"Gesch\u00e4tzte Lesezeit\" \/>\n\t<meta name=\"twitter:data2\" content=\"4\u00a0Minuten\" \/>\n<script type=\"application\/ld+json\" class=\"yoast-schema-graph\">{\"@context\":\"https:\\\/\\\/schema.org\",\"@graph\":[{\"@type\":\"Article\",\"@id\":\"https:\\\/\\\/truckonline.de\\\/blog\\\/2022\\\/10\\\/23\\\/nix-los-bei-profi\\\/#article\",\"isPartOf\":{\"@id\":\"https:\\\/\\\/truckonline.de\\\/blog\\\/2022\\\/10\\\/23\\\/nix-los-bei-profi\\\/\"},\"author\":{\"name\":\"maik\",\"@id\":\"https:\\\/\\\/truckonline.de\\\/blog\\\/#\\\/schema\\\/person\\\/4cb59b86ffde81f882f56439688fda19\"},\"headline\":\"Nix los bei Profi?\",\"datePublished\":\"2022-10-23T12:47:41+00:00\",\"dateModified\":\"2022-10-24T08:54:25+00:00\",\"mainEntityOfPage\":{\"@id\":\"https:\\\/\\\/truckonline.de\\\/blog\\\/2022\\\/10\\\/23\\\/nix-los-bei-profi\\\/\"},\"wordCount\":699,\"commentCount\":3,\"publisher\":{\"@id\":\"https:\\\/\\\/truckonline.de\\\/blog\\\/#\\\/schema\\\/person\\\/4cb59b86ffde81f882f56439688fda19\"},\"image\":{\"@id\":\"https:\\\/\\\/truckonline.de\\\/blog\\\/2022\\\/10\\\/23\\\/nix-los-bei-profi\\\/#primaryimage\"},\"thumbnailUrl\":\"https:\\\/\\\/truckonline.de\\\/blog\\\/wp-content\\\/uploads\\\/2022\\\/10\\\/profibriefzurueck700-rotated.jpg\",\"keywords\":[\"Profi\",\"Verein\"],\"articleSection\":[\"\u00c4rgerliches\",\"Gedanken\",\"Internes\"],\"inLanguage\":\"de\",\"potentialAction\":[{\"@type\":\"CommentAction\",\"name\":\"Comment\",\"target\":[\"https:\\\/\\\/truckonline.de\\\/blog\\\/2022\\\/10\\\/23\\\/nix-los-bei-profi\\\/#respond\"]}]},{\"@type\":\"WebPage\",\"@id\":\"https:\\\/\\\/truckonline.de\\\/blog\\\/2022\\\/10\\\/23\\\/nix-los-bei-profi\\\/\",\"url\":\"https:\\\/\\\/truckonline.de\\\/blog\\\/2022\\\/10\\\/23\\\/nix-los-bei-profi\\\/\",\"name\":\"Nix los bei Profi? | TruckOnline.de\",\"isPartOf\":{\"@id\":\"https:\\\/\\\/truckonline.de\\\/blog\\\/#website\"},\"primaryImageOfPage\":{\"@id\":\"https:\\\/\\\/truckonline.de\\\/blog\\\/2022\\\/10\\\/23\\\/nix-los-bei-profi\\\/#primaryimage\"},\"image\":{\"@id\":\"https:\\\/\\\/truckonline.de\\\/blog\\\/2022\\\/10\\\/23\\\/nix-los-bei-profi\\\/#primaryimage\"},\"thumbnailUrl\":\"https:\\\/\\\/truckonline.de\\\/blog\\\/wp-content\\\/uploads\\\/2022\\\/10\\\/profibriefzurueck700-rotated.jpg\",\"datePublished\":\"2022-10-23T12:47:41+00:00\",\"dateModified\":\"2022-10-24T08:54:25+00:00\",\"description\":\"Kurz zur Einleitung: Im Mai vor drei Jahren wurde ein Verein, \\\"Pro Fahrer-Image\\\", kurz \\\"Profi\\\" genannt, gegr\u00fcndet, der zur Unterst\u00fctzung der\",\"breadcrumb\":{\"@id\":\"https:\\\/\\\/truckonline.de\\\/blog\\\/2022\\\/10\\\/23\\\/nix-los-bei-profi\\\/#breadcrumb\"},\"inLanguage\":\"de\",\"potentialAction\":[{\"@type\":\"ReadAction\",\"target\":[\"https:\\\/\\\/truckonline.de\\\/blog\\\/2022\\\/10\\\/23\\\/nix-los-bei-profi\\\/\"]}]},{\"@type\":\"ImageObject\",\"inLanguage\":\"de\",\"@id\":\"https:\\\/\\\/truckonline.de\\\/blog\\\/2022\\\/10\\\/23\\\/nix-los-bei-profi\\\/#primaryimage\",\"url\":\"https:\\\/\\\/truckonline.de\\\/blog\\\/wp-content\\\/uploads\\\/2022\\\/10\\\/profibriefzurueck700-rotated.jpg\",\"contentUrl\":\"https:\\\/\\\/truckonline.de\\\/blog\\\/wp-content\\\/uploads\\\/2022\\\/10\\\/profibriefzurueck700-rotated.jpg\",\"width\":700,\"height\":933},{\"@type\":\"BreadcrumbList\",\"@id\":\"https:\\\/\\\/truckonline.de\\\/blog\\\/2022\\\/10\\\/23\\\/nix-los-bei-profi\\\/#breadcrumb\",\"itemListElement\":[{\"@type\":\"ListItem\",\"position\":1,\"name\":\"Startseite\",\"item\":\"https:\\\/\\\/truckonline.de\\\/blog\\\/\"},{\"@type\":\"ListItem\",\"position\":2,\"name\":\"Nix los bei Profi?\"}]},{\"@type\":\"WebSite\",\"@id\":\"https:\\\/\\\/truckonline.de\\\/blog\\\/#website\",\"url\":\"https:\\\/\\\/truckonline.de\\\/blog\\\/\",\"name\":\"TruckOnline.de\",\"description\":\"\",\"publisher\":{\"@id\":\"https:\\\/\\\/truckonline.de\\\/blog\\\/#\\\/schema\\\/person\\\/4cb59b86ffde81f882f56439688fda19\"},\"potentialAction\":[{\"@type\":\"SearchAction\",\"target\":{\"@type\":\"EntryPoint\",\"urlTemplate\":\"https:\\\/\\\/truckonline.de\\\/blog\\\/?s={search_term_string}\"},\"query-input\":{\"@type\":\"PropertyValueSpecification\",\"valueRequired\":true,\"valueName\":\"search_term_string\"}}],\"inLanguage\":\"de\"},{\"@type\":[\"Person\",\"Organization\"],\"@id\":\"https:\\\/\\\/truckonline.de\\\/blog\\\/#\\\/schema\\\/person\\\/4cb59b86ffde81f882f56439688fda19\",\"name\":\"maik\",\"image\":{\"@type\":\"ImageObject\",\"inLanguage\":\"de\",\"@id\":\"https:\\\/\\\/truckonline.de\\\/blog\\\/wp-content\\\/uploads\\\/2019\\\/12\\\/logoinnenweiss.png\",\"url\":\"https:\\\/\\\/truckonline.de\\\/blog\\\/wp-content\\\/uploads\\\/2019\\\/12\\\/logoinnenweiss.png\",\"contentUrl\":\"https:\\\/\\\/truckonline.de\\\/blog\\\/wp-content\\\/uploads\\\/2019\\\/12\\\/logoinnenweiss.png\",\"width\":733,\"height\":125,\"caption\":\"maik\"},\"logo\":{\"@id\":\"https:\\\/\\\/truckonline.de\\\/blog\\\/wp-content\\\/uploads\\\/2019\\\/12\\\/logoinnenweiss.png\"},\"sameAs\":[\"https:\\\/\\\/www.facebook.com\\\/truckblog\",\"https:\\\/\\\/www.instagram.com\\\/truck_online\\\/\",\"https:\\\/\\\/x.com\\\/https:\\\/\\\/twitter.com\\\/truckblog\",\"https:\\\/\\\/www.youtube.com\\\/user\\\/truckonline\",\"https:\\\/\\\/www.tumblr.com\\\/truckonline\"]}]}<\/script>\n<!-- \/ Yoast SEO plugin. -->","yoast_head_json":{"title":"Nix los bei Profi? | TruckOnline.de","description":"Kurz zur Einleitung: Im Mai vor drei Jahren wurde ein Verein, \"Pro Fahrer-Image\", kurz \"Profi\" genannt, gegr\u00fcndet, der zur Unterst\u00fctzung der","robots":{"index":"index","follow":"follow","max-snippet":"max-snippet:-1","max-image-preview":"max-image-preview:large","max-video-preview":"max-video-preview:-1"},"canonical":"https:\/\/truckonline.de\/blog\/2022\/10\/23\/nix-los-bei-profi\/","og_locale":"de_DE","og_type":"article","og_title":"Nix los bei Profi? | TruckOnline.de","og_url":"https:\/\/truckonline.de\/blog\/2022\/10\/23\/nix-los-bei-profi\/","og_site_name":"TruckOnline.de","article_publisher":"https:\/\/www.facebook.com\/truckblog","article_author":"https:\/\/www.facebook.com\/truckblog","article_published_time":"2022-10-23T12:47:41+00:00","article_modified_time":"2022-10-24T08:54:25+00:00","og_image":[{"url":"https:\/\/truckonline.de\/blog\/wp-content\/uploads\/2022\/10\/profibriefzurueck700-rotated.jpg","type":"","width":"","height":""}],"author":"maik","twitter_card":"summary_large_image","twitter_creator":"@https:\/\/twitter.com\/truckblog","twitter_site":"@truckblog","twitter_misc":{"Verfasst von":"maik","Gesch\u00e4tzte Lesezeit":"4\u00a0Minuten"},"schema":{"@context":"https:\/\/schema.org","@graph":[{"@type":"Article","@id":"https:\/\/truckonline.de\/blog\/2022\/10\/23\/nix-los-bei-profi\/#article","isPartOf":{"@id":"https:\/\/truckonline.de\/blog\/2022\/10\/23\/nix-los-bei-profi\/"},"author":{"name":"maik","@id":"https:\/\/truckonline.de\/blog\/#\/schema\/person\/4cb59b86ffde81f882f56439688fda19"},"headline":"Nix los bei Profi?","datePublished":"2022-10-23T12:47:41+00:00","dateModified":"2022-10-24T08:54:25+00:00","mainEntityOfPage":{"@id":"https:\/\/truckonline.de\/blog\/2022\/10\/23\/nix-los-bei-profi\/"},"wordCount":699,"commentCount":3,"publisher":{"@id":"https:\/\/truckonline.de\/blog\/#\/schema\/person\/4cb59b86ffde81f882f56439688fda19"},"image":{"@id":"https:\/\/truckonline.de\/blog\/2022\/10\/23\/nix-los-bei-profi\/#primaryimage"},"thumbnailUrl":"https:\/\/truckonline.de\/blog\/wp-content\/uploads\/2022\/10\/profibriefzurueck700-rotated.jpg","keywords":["Profi","Verein"],"articleSection":["\u00c4rgerliches","Gedanken","Internes"],"inLanguage":"de","potentialAction":[{"@type":"CommentAction","name":"Comment","target":["https:\/\/truckonline.de\/blog\/2022\/10\/23\/nix-los-bei-profi\/#respond"]}]},{"@type":"WebPage","@id":"https:\/\/truckonline.de\/blog\/2022\/10\/23\/nix-los-bei-profi\/","url":"https:\/\/truckonline.de\/blog\/2022\/10\/23\/nix-los-bei-profi\/","name":"Nix los bei Profi? | TruckOnline.de","isPartOf":{"@id":"https:\/\/truckonline.de\/blog\/#website"},"primaryImageOfPage":{"@id":"https:\/\/truckonline.de\/blog\/2022\/10\/23\/nix-los-bei-profi\/#primaryimage"},"image":{"@id":"https:\/\/truckonline.de\/blog\/2022\/10\/23\/nix-los-bei-profi\/#primaryimage"},"thumbnailUrl":"https:\/\/truckonline.de\/blog\/wp-content\/uploads\/2022\/10\/profibriefzurueck700-rotated.jpg","datePublished":"2022-10-23T12:47:41+00:00","dateModified":"2022-10-24T08:54:25+00:00","description":"Kurz zur Einleitung: Im Mai vor drei Jahren wurde ein Verein, \"Pro Fahrer-Image\", kurz \"Profi\" genannt, gegr\u00fcndet, der zur Unterst\u00fctzung der","breadcrumb":{"@id":"https:\/\/truckonline.de\/blog\/2022\/10\/23\/nix-los-bei-profi\/#breadcrumb"},"inLanguage":"de","potentialAction":[{"@type":"ReadAction","target":["https:\/\/truckonline.de\/blog\/2022\/10\/23\/nix-los-bei-profi\/"]}]},{"@type":"ImageObject","inLanguage":"de","@id":"https:\/\/truckonline.de\/blog\/2022\/10\/23\/nix-los-bei-profi\/#primaryimage","url":"https:\/\/truckonline.de\/blog\/wp-content\/uploads\/2022\/10\/profibriefzurueck700-rotated.jpg","contentUrl":"https:\/\/truckonline.de\/blog\/wp-content\/uploads\/2022\/10\/profibriefzurueck700-rotated.jpg","width":700,"height":933},{"@type":"BreadcrumbList","@id":"https:\/\/truckonline.de\/blog\/2022\/10\/23\/nix-los-bei-profi\/#breadcrumb","itemListElement":[{"@type":"ListItem","position":1,"name":"Startseite","item":"https:\/\/truckonline.de\/blog\/"},{"@type":"ListItem","position":2,"name":"Nix los bei Profi?"}]},{"@type":"WebSite","@id":"https:\/\/truckonline.de\/blog\/#website","url":"https:\/\/truckonline.de\/blog\/","name":"TruckOnline.de","description":"","publisher":{"@id":"https:\/\/truckonline.de\/blog\/#\/schema\/person\/4cb59b86ffde81f882f56439688fda19"},"potentialAction":[{"@type":"SearchAction","target":{"@type":"EntryPoint","urlTemplate":"https:\/\/truckonline.de\/blog\/?s={search_term_string}"},"query-input":{"@type":"PropertyValueSpecification","valueRequired":true,"valueName":"search_term_string"}}],"inLanguage":"de"},{"@type":["Person","Organization"],"@id":"https:\/\/truckonline.de\/blog\/#\/schema\/person\/4cb59b86ffde81f882f56439688fda19","name":"maik","image":{"@type":"ImageObject","inLanguage":"de","@id":"https:\/\/truckonline.de\/blog\/wp-content\/uploads\/2019\/12\/logoinnenweiss.png","url":"https:\/\/truckonline.de\/blog\/wp-content\/uploads\/2019\/12\/logoinnenweiss.png","contentUrl":"https:\/\/truckonline.de\/blog\/wp-content\/uploads\/2019\/12\/logoinnenweiss.png","width":733,"height":125,"caption":"maik"},"logo":{"@id":"https:\/\/truckonline.de\/blog\/wp-content\/uploads\/2019\/12\/logoinnenweiss.png"},"sameAs":["https:\/\/www.facebook.com\/truckblog","https:\/\/www.instagram.com\/truck_online\/","https:\/\/x.com\/https:\/\/twitter.com\/truckblog","https:\/\/www.youtube.com\/user\/truckonline","https:\/\/www.tumblr.com\/truckonline"]}]}},"_links":{"self":[{"href":"https:\/\/truckonline.de\/blog\/wp-json\/wp\/v2\/posts\/11394","targetHints":{"allow":["GET"]}}],"collection":[{"href":"https:\/\/truckonline.de\/blog\/wp-json\/wp\/v2\/posts"}],"about":[{"href":"https:\/\/truckonline.de\/blog\/wp-json\/wp\/v2\/types\/post"}],"author":[{"embeddable":true,"href":"https:\/\/truckonline.de\/blog\/wp-json\/wp\/v2\/users\/3"}],"replies":[{"embeddable":true,"href":"https:\/\/truckonline.de\/blog\/wp-json\/wp\/v2\/comments?post=11394"}],"version-history":[{"count":8,"href":"https:\/\/truckonline.de\/blog\/wp-json\/wp\/v2\/posts\/11394\/revisions"}],"predecessor-version":[{"id":11406,"href":"https:\/\/truckonline.de\/blog\/wp-json\/wp\/v2\/posts\/11394\/revisions\/11406"}],"wp:attachment":[{"href":"https:\/\/truckonline.de\/blog\/wp-json\/wp\/v2\/media?parent=11394"}],"wp:term":[{"taxonomy":"category","embeddable":true,"href":"https:\/\/truckonline.de\/blog\/wp-json\/wp\/v2\/categories?post=11394"},{"taxonomy":"post_tag","embeddable":true,"href":"https:\/\/truckonline.de\/blog\/wp-json\/wp\/v2\/tags?post=11394"}],"curies":[{"name":"wp","href":"https:\/\/api.w.org\/{rel}","templated":true}]}}