{"id":1138,"date":"2010-01-14T18:57:27","date_gmt":"2010-01-14T17:57:27","guid":{"rendered":"https:\/\/truckonline.de\/blog\/?p=1138"},"modified":"2010-01-14T18:57:27","modified_gmt":"2010-01-14T17:57:27","slug":"ungewollte-ladung","status":"publish","type":"post","link":"https:\/\/truckonline.de\/blog\/2010\/01\/14\/ungewollte-ladung\/","title":{"rendered":"Ungewollte Ladung"},"content":{"rendered":"<p>Gelesen bei &#8222;<a href=\"https:\/\/www.my-nrw.de\/sauerland.php?id=23823&#038;utm_source=twitterfeed&#038;utm_medium=twitter\">my-nrw.de<\/a>&#8222;:<\/p>\n<blockquote><p>Der Landesbetrieb Stra\u00dfenbau Nordrhein-Westfalen appelliert an alle LKW-Fahrer, die Planen und Verdecke ihrer Fahrzeuge vor jeder Fahrt von Eis und Schnee zu befreien. Denn die Dachlasten k\u00f6nnen Unf\u00e4lle verursachen, wenn sie beim Bremsen, Beschleunigen oder in Kurven vom LKW rutschen. <\/p><\/blockquote>\n<p>Ja lieber Landesbetrieb Stra\u00dfenbau Nordrhein-Westfalen, dass ist ja alles sch\u00f6n und richtig was Ihr da fordert. Nur erkl\u00e4rt mir doch mal, wie ich den Schnee und das Eis von der Plane entfernen soll.<br \/>\nGer\u00fcste oder Gestelle auf die ich krabbeln kann, um die Plane zu reinigen, gibt es leider nur auf den wenigsten Rast- oder Autoh\u00f6fen.<\/p>\n<p>Mir ist auch nicht wohl dabei, wenn sich Brocken selbstst\u00e4ndig machen und hinter dem Lkw auf die Strasse purzeln. Nur l\u00e4sst sich das &#8211; auch wenn es hilflos klingt &#8211; im Winter nicht vermeiden.<\/p>\n","protected":false},"excerpt":{"rendered":"<p>Gelesen bei &#8222;my-nrw.de&#8222;: Der Landesbetrieb Stra\u00dfenbau Nordrhein-Westfalen appelliert an alle LKW-Fahrer, die Planen und Verdecke ihrer Fahrzeuge vor jeder Fahrt von Eis und Schnee zu&#8230;<\/p>\n<div class=\"more-link-wrapper\"><a class=\"more-link\" href=\"https:\/\/truckonline.de\/blog\/2010\/01\/14\/ungewollte-ladung\/\">Sie haben Ihr Ziel fast erreicht.<span class=\"screen-reader-text\">Ungewollte Ladung<\/span><\/a><\/div>\n","protected":false},"author":3,"featured_media":0,"comment_status":"open","ping_status":"open","sticky":false,"template":"","format":"standard","meta":{"iawp_total_views":1,"_metis_text_type":"","_metis_text_length":0,"_post_count":0,"footnotes":""},"categories":[11,191],"tags":[1261,127,583],"class_list":["post-1138","post","type-post","status-publish","format-standard","hentry","category-lkw","category-presse","tag-eisbrocken","tag-schnee","tag-winter","ratio-2-1","entry"],"yoast_head":"<!-- This site is optimized with the Yoast SEO plugin v27.5 - https:\/\/yoast.com\/product\/yoast-seo-wordpress\/ -->\n<title>Ungewollte Ladung | TruckOnline.de<\/title>\n<meta name=\"description\" content=\"Gelesen bei &quot;my-nrw.de&quot;: Der Landesbetrieb Stra\u00dfenbau Nordrhein-Westfalen appelliert an alle LKW-Fahrer, die Planen und Verdecke ihrer Fahrzeuge vor jeder\" \/>\n<meta name=\"robots\" content=\"index, follow, max-snippet:-1, max-image-preview:large, max-video-preview:-1\" \/>\n<link rel=\"canonical\" href=\"https:\/\/truckonline.de\/blog\/2010\/01\/14\/ungewollte-ladung\/\" \/>\n<meta property=\"og:locale\" content=\"de_DE\" \/>\n<meta property=\"og:type\" content=\"article\" \/>\n<meta property=\"og:title\" content=\"Ungewollte Ladung | TruckOnline.de\" \/>\n<meta property=\"og:url\" content=\"https:\/\/truckonline.de\/blog\/2010\/01\/14\/ungewollte-ladung\/\" \/>\n<meta property=\"og:site_name\" content=\"TruckOnline.de\" \/>\n<meta property=\"article:publisher\" content=\"https:\/\/www.facebook.com\/truckblog\" \/>\n<meta property=\"article:author\" content=\"https:\/\/www.facebook.com\/truckblog\" \/>\n<meta property=\"article:published_time\" content=\"2010-01-14T17:57:27+00:00\" \/>\n<meta property=\"og:image\" content=\"https:\/\/truckonline.de\/blog\/wp-content\/uploads\/2019\/12\/IMG_20191229_225424-scaled.jpg\" \/>\n\t<meta property=\"og:image:width\" content=\"2560\" \/>\n\t<meta property=\"og:image:height\" content=\"1920\" \/>\n\t<meta property=\"og:image:type\" content=\"image\/jpeg\" \/>\n<meta name=\"author\" content=\"maik\" \/>\n<meta name=\"twitter:card\" content=\"summary_large_image\" \/>\n<meta name=\"twitter:creator\" content=\"@https:\/\/twitter.com\/truckblog\" \/>\n<meta name=\"twitter:site\" content=\"@truckblog\" \/>\n<meta name=\"twitter:label1\" content=\"Verfasst von\" \/>\n\t<meta name=\"twitter:data1\" content=\"maik\" \/>\n\t<meta name=\"twitter:label2\" content=\"Gesch\u00e4tzte Lesezeit\" \/>\n\t<meta name=\"twitter:data2\" content=\"1\u00a0Minute\" \/>\n<script type=\"application\/ld+json\" class=\"yoast-schema-graph\">{\"@context\":\"https:\\\/\\\/schema.org\",\"@graph\":[{\"@type\":\"Article\",\"@id\":\"https:\\\/\\\/truckonline.de\\\/blog\\\/2010\\\/01\\\/14\\\/ungewollte-ladung\\\/#article\",\"isPartOf\":{\"@id\":\"https:\\\/\\\/truckonline.de\\\/blog\\\/2010\\\/01\\\/14\\\/ungewollte-ladung\\\/\"},\"author\":{\"name\":\"maik\",\"@id\":\"https:\\\/\\\/truckonline.de\\\/blog\\\/#\\\/schema\\\/person\\\/4cb59b86ffde81f882f56439688fda19\"},\"headline\":\"Ungewollte Ladung\",\"datePublished\":\"2010-01-14T17:57:27+00:00\",\"mainEntityOfPage\":{\"@id\":\"https:\\\/\\\/truckonline.de\\\/blog\\\/2010\\\/01\\\/14\\\/ungewollte-ladung\\\/\"},\"wordCount\":146,\"commentCount\":10,\"publisher\":{\"@id\":\"https:\\\/\\\/truckonline.de\\\/blog\\\/#\\\/schema\\\/person\\\/4cb59b86ffde81f882f56439688fda19\"},\"keywords\":[\"Eisbrocken\",\"Schnee\",\"Winter\"],\"articleSection\":[\"Lkw\",\"Presse\"],\"inLanguage\":\"de\",\"potentialAction\":[{\"@type\":\"CommentAction\",\"name\":\"Comment\",\"target\":[\"https:\\\/\\\/truckonline.de\\\/blog\\\/2010\\\/01\\\/14\\\/ungewollte-ladung\\\/#respond\"]}]},{\"@type\":\"WebPage\",\"@id\":\"https:\\\/\\\/truckonline.de\\\/blog\\\/2010\\\/01\\\/14\\\/ungewollte-ladung\\\/\",\"url\":\"https:\\\/\\\/truckonline.de\\\/blog\\\/2010\\\/01\\\/14\\\/ungewollte-ladung\\\/\",\"name\":\"Ungewollte Ladung | TruckOnline.de\",\"isPartOf\":{\"@id\":\"https:\\\/\\\/truckonline.de\\\/blog\\\/#website\"},\"datePublished\":\"2010-01-14T17:57:27+00:00\",\"description\":\"Gelesen bei \\\"my-nrw.de\\\": Der Landesbetrieb Stra\u00dfenbau Nordrhein-Westfalen appelliert an alle LKW-Fahrer, die Planen und Verdecke ihrer Fahrzeuge vor jeder\",\"breadcrumb\":{\"@id\":\"https:\\\/\\\/truckonline.de\\\/blog\\\/2010\\\/01\\\/14\\\/ungewollte-ladung\\\/#breadcrumb\"},\"inLanguage\":\"de\",\"potentialAction\":[{\"@type\":\"ReadAction\",\"target\":[\"https:\\\/\\\/truckonline.de\\\/blog\\\/2010\\\/01\\\/14\\\/ungewollte-ladung\\\/\"]}]},{\"@type\":\"BreadcrumbList\",\"@id\":\"https:\\\/\\\/truckonline.de\\\/blog\\\/2010\\\/01\\\/14\\\/ungewollte-ladung\\\/#breadcrumb\",\"itemListElement\":[{\"@type\":\"ListItem\",\"position\":1,\"name\":\"Startseite\",\"item\":\"https:\\\/\\\/truckonline.de\\\/blog\\\/\"},{\"@type\":\"ListItem\",\"position\":2,\"name\":\"Ungewollte Ladung\"}]},{\"@type\":\"WebSite\",\"@id\":\"https:\\\/\\\/truckonline.de\\\/blog\\\/#website\",\"url\":\"https:\\\/\\\/truckonline.de\\\/blog\\\/\",\"name\":\"TruckOnline.de\",\"description\":\"\",\"publisher\":{\"@id\":\"https:\\\/\\\/truckonline.de\\\/blog\\\/#\\\/schema\\\/person\\\/4cb59b86ffde81f882f56439688fda19\"},\"potentialAction\":[{\"@type\":\"SearchAction\",\"target\":{\"@type\":\"EntryPoint\",\"urlTemplate\":\"https:\\\/\\\/truckonline.de\\\/blog\\\/?s={search_term_string}\"},\"query-input\":{\"@type\":\"PropertyValueSpecification\",\"valueRequired\":true,\"valueName\":\"search_term_string\"}}],\"inLanguage\":\"de\"},{\"@type\":[\"Person\",\"Organization\"],\"@id\":\"https:\\\/\\\/truckonline.de\\\/blog\\\/#\\\/schema\\\/person\\\/4cb59b86ffde81f882f56439688fda19\",\"name\":\"maik\",\"image\":{\"@type\":\"ImageObject\",\"inLanguage\":\"de\",\"@id\":\"https:\\\/\\\/truckonline.de\\\/blog\\\/wp-content\\\/uploads\\\/2019\\\/12\\\/logoinnenweiss.png\",\"url\":\"https:\\\/\\\/truckonline.de\\\/blog\\\/wp-content\\\/uploads\\\/2019\\\/12\\\/logoinnenweiss.png\",\"contentUrl\":\"https:\\\/\\\/truckonline.de\\\/blog\\\/wp-content\\\/uploads\\\/2019\\\/12\\\/logoinnenweiss.png\",\"width\":733,\"height\":125,\"caption\":\"maik\"},\"logo\":{\"@id\":\"https:\\\/\\\/truckonline.de\\\/blog\\\/wp-content\\\/uploads\\\/2019\\\/12\\\/logoinnenweiss.png\"},\"sameAs\":[\"https:\\\/\\\/www.facebook.com\\\/truckblog\",\"https:\\\/\\\/www.instagram.com\\\/truck_online\\\/\",\"https:\\\/\\\/x.com\\\/https:\\\/\\\/twitter.com\\\/truckblog\",\"https:\\\/\\\/www.youtube.com\\\/user\\\/truckonline\",\"https:\\\/\\\/www.tumblr.com\\\/truckonline\"]}]}<\/script>\n<!-- \/ Yoast SEO plugin. -->","yoast_head_json":{"title":"Ungewollte Ladung | TruckOnline.de","description":"Gelesen bei \"my-nrw.de\": Der Landesbetrieb Stra\u00dfenbau Nordrhein-Westfalen appelliert an alle LKW-Fahrer, die Planen und Verdecke ihrer Fahrzeuge vor jeder","robots":{"index":"index","follow":"follow","max-snippet":"max-snippet:-1","max-image-preview":"max-image-preview:large","max-video-preview":"max-video-preview:-1"},"canonical":"https:\/\/truckonline.de\/blog\/2010\/01\/14\/ungewollte-ladung\/","og_locale":"de_DE","og_type":"article","og_title":"Ungewollte Ladung | TruckOnline.de","og_url":"https:\/\/truckonline.de\/blog\/2010\/01\/14\/ungewollte-ladung\/","og_site_name":"TruckOnline.de","article_publisher":"https:\/\/www.facebook.com\/truckblog","article_author":"https:\/\/www.facebook.com\/truckblog","article_published_time":"2010-01-14T17:57:27+00:00","og_image":[{"width":2560,"height":1920,"url":"https:\/\/truckonline.de\/blog\/wp-content\/uploads\/2019\/12\/IMG_20191229_225424-scaled.jpg","type":"image\/jpeg"}],"author":"maik","twitter_card":"summary_large_image","twitter_creator":"@https:\/\/twitter.com\/truckblog","twitter_site":"@truckblog","twitter_misc":{"Verfasst von":"maik","Gesch\u00e4tzte Lesezeit":"1\u00a0Minute"},"schema":{"@context":"https:\/\/schema.org","@graph":[{"@type":"Article","@id":"https:\/\/truckonline.de\/blog\/2010\/01\/14\/ungewollte-ladung\/#article","isPartOf":{"@id":"https:\/\/truckonline.de\/blog\/2010\/01\/14\/ungewollte-ladung\/"},"author":{"name":"maik","@id":"https:\/\/truckonline.de\/blog\/#\/schema\/person\/4cb59b86ffde81f882f56439688fda19"},"headline":"Ungewollte Ladung","datePublished":"2010-01-14T17:57:27+00:00","mainEntityOfPage":{"@id":"https:\/\/truckonline.de\/blog\/2010\/01\/14\/ungewollte-ladung\/"},"wordCount":146,"commentCount":10,"publisher":{"@id":"https:\/\/truckonline.de\/blog\/#\/schema\/person\/4cb59b86ffde81f882f56439688fda19"},"keywords":["Eisbrocken","Schnee","Winter"],"articleSection":["Lkw","Presse"],"inLanguage":"de","potentialAction":[{"@type":"CommentAction","name":"Comment","target":["https:\/\/truckonline.de\/blog\/2010\/01\/14\/ungewollte-ladung\/#respond"]}]},{"@type":"WebPage","@id":"https:\/\/truckonline.de\/blog\/2010\/01\/14\/ungewollte-ladung\/","url":"https:\/\/truckonline.de\/blog\/2010\/01\/14\/ungewollte-ladung\/","name":"Ungewollte Ladung | TruckOnline.de","isPartOf":{"@id":"https:\/\/truckonline.de\/blog\/#website"},"datePublished":"2010-01-14T17:57:27+00:00","description":"Gelesen bei \"my-nrw.de\": Der Landesbetrieb Stra\u00dfenbau Nordrhein-Westfalen appelliert an alle LKW-Fahrer, die Planen und Verdecke ihrer Fahrzeuge vor jeder","breadcrumb":{"@id":"https:\/\/truckonline.de\/blog\/2010\/01\/14\/ungewollte-ladung\/#breadcrumb"},"inLanguage":"de","potentialAction":[{"@type":"ReadAction","target":["https:\/\/truckonline.de\/blog\/2010\/01\/14\/ungewollte-ladung\/"]}]},{"@type":"BreadcrumbList","@id":"https:\/\/truckonline.de\/blog\/2010\/01\/14\/ungewollte-ladung\/#breadcrumb","itemListElement":[{"@type":"ListItem","position":1,"name":"Startseite","item":"https:\/\/truckonline.de\/blog\/"},{"@type":"ListItem","position":2,"name":"Ungewollte Ladung"}]},{"@type":"WebSite","@id":"https:\/\/truckonline.de\/blog\/#website","url":"https:\/\/truckonline.de\/blog\/","name":"TruckOnline.de","description":"","publisher":{"@id":"https:\/\/truckonline.de\/blog\/#\/schema\/person\/4cb59b86ffde81f882f56439688fda19"},"potentialAction":[{"@type":"SearchAction","target":{"@type":"EntryPoint","urlTemplate":"https:\/\/truckonline.de\/blog\/?s={search_term_string}"},"query-input":{"@type":"PropertyValueSpecification","valueRequired":true,"valueName":"search_term_string"}}],"inLanguage":"de"},{"@type":["Person","Organization"],"@id":"https:\/\/truckonline.de\/blog\/#\/schema\/person\/4cb59b86ffde81f882f56439688fda19","name":"maik","image":{"@type":"ImageObject","inLanguage":"de","@id":"https:\/\/truckonline.de\/blog\/wp-content\/uploads\/2019\/12\/logoinnenweiss.png","url":"https:\/\/truckonline.de\/blog\/wp-content\/uploads\/2019\/12\/logoinnenweiss.png","contentUrl":"https:\/\/truckonline.de\/blog\/wp-content\/uploads\/2019\/12\/logoinnenweiss.png","width":733,"height":125,"caption":"maik"},"logo":{"@id":"https:\/\/truckonline.de\/blog\/wp-content\/uploads\/2019\/12\/logoinnenweiss.png"},"sameAs":["https:\/\/www.facebook.com\/truckblog","https:\/\/www.instagram.com\/truck_online\/","https:\/\/x.com\/https:\/\/twitter.com\/truckblog","https:\/\/www.youtube.com\/user\/truckonline","https:\/\/www.tumblr.com\/truckonline"]}]}},"_links":{"self":[{"href":"https:\/\/truckonline.de\/blog\/wp-json\/wp\/v2\/posts\/1138","targetHints":{"allow":["GET"]}}],"collection":[{"href":"https:\/\/truckonline.de\/blog\/wp-json\/wp\/v2\/posts"}],"about":[{"href":"https:\/\/truckonline.de\/blog\/wp-json\/wp\/v2\/types\/post"}],"author":[{"embeddable":true,"href":"https:\/\/truckonline.de\/blog\/wp-json\/wp\/v2\/users\/3"}],"replies":[{"embeddable":true,"href":"https:\/\/truckonline.de\/blog\/wp-json\/wp\/v2\/comments?post=1138"}],"version-history":[{"count":0,"href":"https:\/\/truckonline.de\/blog\/wp-json\/wp\/v2\/posts\/1138\/revisions"}],"wp:attachment":[{"href":"https:\/\/truckonline.de\/blog\/wp-json\/wp\/v2\/media?parent=1138"}],"wp:term":[{"taxonomy":"category","embeddable":true,"href":"https:\/\/truckonline.de\/blog\/wp-json\/wp\/v2\/categories?post=1138"},{"taxonomy":"post_tag","embeddable":true,"href":"https:\/\/truckonline.de\/blog\/wp-json\/wp\/v2\/tags?post=1138"}],"curies":[{"name":"wp","href":"https:\/\/api.w.org\/{rel}","templated":true}]}}