{"id":11279,"date":"2022-08-07T15:56:02","date_gmt":"2022-08-07T13:56:02","guid":{"rendered":"https:\/\/truckonline.de\/blog\/?p=11279"},"modified":"2022-08-07T15:56:03","modified_gmt":"2022-08-07T13:56:03","slug":"links-und-rechts-der-daten-autobahn-164","status":"publish","type":"post","link":"https:\/\/truckonline.de\/blog\/2022\/08\/07\/links-und-rechts-der-daten-autobahn-164\/","title":{"rendered":"Links und rechts der (Daten-) autobahn"},"content":{"rendered":"\n<p>Ein sch\u00f6nes Portrait \u00fcber <a href=\"https:\/\/www.trucker.de\/reportagen\/portraet-christina-scheib-mehr-als-prinzessin-3207441\" target=\"_blank\" rel=\"noreferrer noopener\">&#8222;Truckerprinzessin&#8220; Christina Scheib<\/a>. Nur beim Namen &#8222;Trucker Babe&#8220; bekommt sie einen Brechreiz.<br>***<\/p>\n\n\n\n<p>Ich bin ja mittlerweile in einem Alter wo man glaubt, schon vieles gesehen, geh\u00f6rt und gelesen zu haben. Aber dann kommt eine Mitteilung bei der ich mir denke, hui, <a href=\"https:\/\/www.presseportal.de\/blaulicht\/pm\/70116\/5289984\" target=\"_blank\" rel=\"noreferrer noopener\">der Kamerad steht in der Liste der Merkw\u00fcrdigkeiten<\/a> ziemlich weit oben.<br>***<\/p>\n\n\n\n<p>Die erste Autobahn Deutschland ist 90 Jahre geworden, und zum Jubil\u00e4um <a href=\"https:\/\/www.deutschlandfunkkultur.de\/90-jahre-autobahn-in-deutschland-alltag-und-sorgen-eines-fernfahrers-dlf-kultur-fdd6f1cc-100.html\" target=\"_blank\" rel=\"noreferrer noopener\">durfte Lkw-Fahrer Udo Skoppeck ein wenig<\/a> \u00fcber seinen Alltag erz\u00e4hlen.<br>***<\/p>\n\n\n\n<p>\u00d6sterreich hat das gleiche Problem <a href=\"https:\/\/www.profil.at\/meinung\/franz-schellhorn-wohin-sind-all-die-arbeitskraefte-verschwunden\/402091873\" target=\"_blank\" rel=\"noreferrer noopener\">mit Fachkr\u00e4ftemangel wie Deutschland<\/a>. Allerdings ist dort das Renteneintrittsalter noch kein Thema. &#8222;<em>W\u00e4hrend die Gewerkschafter noch etwas von den schlechten Arbeitsbedingungen und niedrigen L\u00f6hnen murmeln, hat sich der Arbeitskr\u00e4ftemangel l\u00e4ngst zum fl\u00e4chendeckenden Problem ausgewachsen. Vom B\u00e4cker \u00fcber den Handwerker bis hin zum bestens zahlenden Industriebetrieb gibt es kaum noch ein Unternehmen, das nicht h\u00e4nderingend nach Mitarbeitern sucht.<\/em>&#8222;<br>***<\/p>\n\n\n\n<p>Rente mit 73. Mehr \u00dcberstunden gegen Fachkr\u00e4ftemangel. L\u00e4ngere Wochenarbeitszeit. <\/p>\n\n\n\n<p>Solch ein Unsinn kommt in regelm\u00e4\u00dfigen Abst\u00e4nden immer wieder. <a href=\"https:\/\/www.spiegel.de\/politik\/deutschland\/spd-sigmar-gabriel-spricht-sich-fuer-eine-laengere-wochenarbeitszeit-aus-a-ebda6d0c-abb8-49f0-ab11-85dbdefcb2fb\" target=\"_blank\" rel=\"noreferrer noopener\">Wie hier von Sigmar Gabriel. \u00dcbrigens ein Sozialdemokrat<\/a>. Diesen Quark kann man auch nur im hohen Alter vertreten. Nur wer will mit Ende sechzig noch ein Dach decken? Oder einen Lkw sicher lenken? Oder ne neunzig Kilo schwere Person in eine Badewanne hieven?<\/p>\n\n\n\n<p>Schon heute arbeitet laut Statistischem Bundesamt gerade einmal noch die H\u00e4lfte der Menschen im Alter zwischen 60 und 65 Jahren. Ein gro\u00dfer Teil von Ihnen ist krank, weil der Stress zugenommen hat,  andere findeen einfach keinen Job mehr. Trotz Mangel an Fachkr\u00e4ften.<\/p>\n\n\n\n<p>Die Riester-Rente ist ein Flop, von dem <a href=\"https:\/\/www.manager-magazin.de\/finanzen\/artikel\/riester-rente-ein-flop-verbraucherschuetzer-dringen-auf-alternativen-a-1302978.html\" target=\"_blank\" rel=\"noreferrer noopener\">nur die Versicherungskonzerne<\/a> profitieren. Um den Vormarsch der Altersarmut, der l\u00e4ngst schon im Gange ist, zu stoppen, muss das Rentenniveau erh\u00f6ht werden. Das geht nur mit einer gro\u00dfen Reform: Unternehmen sind wieder so heranzuziehen, wie ihre Besch\u00e4ftigten. <\/p>\n\n\n\n<p>Alle Menschen mit Erwerbseinkommen &#8211; auch Selbstst\u00e4ndige, Beamte sowie Politiker &#8211; m\u00fcssen in die Rentenversicherung einzahlen. Dann br\u00e4uchten wir \u00fcber Altersarmut nicht mehr reden. <br>***<\/p>\n","protected":false},"excerpt":{"rendered":"<p>Ein sch\u00f6nes Portrait \u00fcber &#8222;Truckerprinzessin&#8220; Christina Scheib. Nur beim Namen &#8222;Trucker Babe&#8220; bekommt sie einen Brechreiz.*** Ich bin ja mittlerweile in einem Alter wo man&#8230;<\/p>\n<div class=\"more-link-wrapper\"><a class=\"more-link\" href=\"https:\/\/truckonline.de\/blog\/2022\/08\/07\/links-und-rechts-der-daten-autobahn-164\/\">Sie haben Ihr Ziel fast erreicht.<span class=\"screen-reader-text\">Links und rechts der (Daten-) autobahn<\/span><\/a><\/div>\n","protected":false},"author":3,"featured_media":0,"comment_status":"open","ping_status":"open","sticky":false,"template":"","format":"standard","meta":{"iawp_total_views":1,"_metis_text_type":"","_metis_text_length":0,"_post_count":0,"footnotes":""},"categories":[21,191],"tags":[2068,1898],"class_list":["post-11279","post","type-post","status-publish","format-standard","hentry","category-links-world-wide-web","category-presse","tag-limks","tag-presse","ratio-2-1","entry"],"yoast_head":"<!-- This site is optimized with the Yoast SEO plugin v27.4 - https:\/\/yoast.com\/product\/yoast-seo-wordpress\/ -->\n<title>Links und rechts der (Daten-) autobahn | TruckOnline.de<\/title>\n<meta name=\"description\" content=\"Ein sch\u00f6nes Portrait \u00fcber &quot;Truckerprinzessin&quot; Christina Scheib. Nur beim Namen &quot;Trucker Babe&quot; bekommt sie einen Brechreiz.*** Ich bin ja mittlerweile in\" \/>\n<meta name=\"robots\" content=\"index, follow, max-snippet:-1, max-image-preview:large, max-video-preview:-1\" \/>\n<link rel=\"canonical\" href=\"https:\/\/truckonline.de\/blog\/2022\/08\/07\/links-und-rechts-der-daten-autobahn-164\/\" \/>\n<meta property=\"og:locale\" content=\"de_DE\" \/>\n<meta property=\"og:type\" content=\"article\" \/>\n<meta property=\"og:title\" content=\"Links und rechts der (Daten-) autobahn | TruckOnline.de\" \/>\n<meta property=\"og:url\" content=\"https:\/\/truckonline.de\/blog\/2022\/08\/07\/links-und-rechts-der-daten-autobahn-164\/\" \/>\n<meta property=\"og:site_name\" content=\"TruckOnline.de\" \/>\n<meta property=\"article:publisher\" content=\"https:\/\/www.facebook.com\/truckblog\" \/>\n<meta property=\"article:author\" content=\"https:\/\/www.facebook.com\/truckblog\" \/>\n<meta property=\"article:published_time\" content=\"2022-08-07T13:56:02+00:00\" \/>\n<meta property=\"article:modified_time\" content=\"2022-08-07T13:56:03+00:00\" \/>\n<meta property=\"og:image\" content=\"https:\/\/truckonline.de\/blog\/wp-content\/uploads\/2019\/12\/IMG_20191229_225424-scaled.jpg\" \/>\n\t<meta property=\"og:image:width\" content=\"2560\" \/>\n\t<meta property=\"og:image:height\" content=\"1920\" \/>\n\t<meta property=\"og:image:type\" content=\"image\/jpeg\" \/>\n<meta name=\"author\" content=\"maik\" \/>\n<meta name=\"twitter:card\" content=\"summary_large_image\" \/>\n<meta name=\"twitter:creator\" content=\"@https:\/\/twitter.com\/truckblog\" \/>\n<meta name=\"twitter:site\" content=\"@truckblog\" \/>\n<meta name=\"twitter:label1\" content=\"Verfasst von\" \/>\n\t<meta name=\"twitter:data1\" content=\"maik\" \/>\n\t<meta name=\"twitter:label2\" content=\"Gesch\u00e4tzte Lesezeit\" \/>\n\t<meta name=\"twitter:data2\" content=\"2\u00a0Minuten\" \/>\n<script type=\"application\/ld+json\" class=\"yoast-schema-graph\">{\"@context\":\"https:\\\/\\\/schema.org\",\"@graph\":[{\"@type\":\"Article\",\"@id\":\"https:\\\/\\\/truckonline.de\\\/blog\\\/2022\\\/08\\\/07\\\/links-und-rechts-der-daten-autobahn-164\\\/#article\",\"isPartOf\":{\"@id\":\"https:\\\/\\\/truckonline.de\\\/blog\\\/2022\\\/08\\\/07\\\/links-und-rechts-der-daten-autobahn-164\\\/\"},\"author\":{\"name\":\"maik\",\"@id\":\"https:\\\/\\\/truckonline.de\\\/blog\\\/#\\\/schema\\\/person\\\/4cb59b86ffde81f882f56439688fda19\"},\"headline\":\"Links und rechts der (Daten-) autobahn\",\"datePublished\":\"2022-08-07T13:56:02+00:00\",\"dateModified\":\"2022-08-07T13:56:03+00:00\",\"mainEntityOfPage\":{\"@id\":\"https:\\\/\\\/truckonline.de\\\/blog\\\/2022\\\/08\\\/07\\\/links-und-rechts-der-daten-autobahn-164\\\/\"},\"wordCount\":339,\"commentCount\":3,\"publisher\":{\"@id\":\"https:\\\/\\\/truckonline.de\\\/blog\\\/#\\\/schema\\\/person\\\/4cb59b86ffde81f882f56439688fda19\"},\"keywords\":[\"Limks\",\"Presse\"],\"articleSection\":[\"Links\",\"Presse\"],\"inLanguage\":\"de\",\"potentialAction\":[{\"@type\":\"CommentAction\",\"name\":\"Comment\",\"target\":[\"https:\\\/\\\/truckonline.de\\\/blog\\\/2022\\\/08\\\/07\\\/links-und-rechts-der-daten-autobahn-164\\\/#respond\"]}]},{\"@type\":\"WebPage\",\"@id\":\"https:\\\/\\\/truckonline.de\\\/blog\\\/2022\\\/08\\\/07\\\/links-und-rechts-der-daten-autobahn-164\\\/\",\"url\":\"https:\\\/\\\/truckonline.de\\\/blog\\\/2022\\\/08\\\/07\\\/links-und-rechts-der-daten-autobahn-164\\\/\",\"name\":\"Links und rechts der (Daten-) autobahn | TruckOnline.de\",\"isPartOf\":{\"@id\":\"https:\\\/\\\/truckonline.de\\\/blog\\\/#website\"},\"datePublished\":\"2022-08-07T13:56:02+00:00\",\"dateModified\":\"2022-08-07T13:56:03+00:00\",\"description\":\"Ein sch\u00f6nes Portrait \u00fcber \\\"Truckerprinzessin\\\" Christina Scheib. Nur beim Namen \\\"Trucker Babe\\\" bekommt sie einen Brechreiz.*** Ich bin ja mittlerweile in\",\"breadcrumb\":{\"@id\":\"https:\\\/\\\/truckonline.de\\\/blog\\\/2022\\\/08\\\/07\\\/links-und-rechts-der-daten-autobahn-164\\\/#breadcrumb\"},\"inLanguage\":\"de\",\"potentialAction\":[{\"@type\":\"ReadAction\",\"target\":[\"https:\\\/\\\/truckonline.de\\\/blog\\\/2022\\\/08\\\/07\\\/links-und-rechts-der-daten-autobahn-164\\\/\"]}]},{\"@type\":\"BreadcrumbList\",\"@id\":\"https:\\\/\\\/truckonline.de\\\/blog\\\/2022\\\/08\\\/07\\\/links-und-rechts-der-daten-autobahn-164\\\/#breadcrumb\",\"itemListElement\":[{\"@type\":\"ListItem\",\"position\":1,\"name\":\"Startseite\",\"item\":\"https:\\\/\\\/truckonline.de\\\/blog\\\/\"},{\"@type\":\"ListItem\",\"position\":2,\"name\":\"Links und rechts der (Daten-) autobahn\"}]},{\"@type\":\"WebSite\",\"@id\":\"https:\\\/\\\/truckonline.de\\\/blog\\\/#website\",\"url\":\"https:\\\/\\\/truckonline.de\\\/blog\\\/\",\"name\":\"TruckOnline.de\",\"description\":\"\",\"publisher\":{\"@id\":\"https:\\\/\\\/truckonline.de\\\/blog\\\/#\\\/schema\\\/person\\\/4cb59b86ffde81f882f56439688fda19\"},\"potentialAction\":[{\"@type\":\"SearchAction\",\"target\":{\"@type\":\"EntryPoint\",\"urlTemplate\":\"https:\\\/\\\/truckonline.de\\\/blog\\\/?s={search_term_string}\"},\"query-input\":{\"@type\":\"PropertyValueSpecification\",\"valueRequired\":true,\"valueName\":\"search_term_string\"}}],\"inLanguage\":\"de\"},{\"@type\":[\"Person\",\"Organization\"],\"@id\":\"https:\\\/\\\/truckonline.de\\\/blog\\\/#\\\/schema\\\/person\\\/4cb59b86ffde81f882f56439688fda19\",\"name\":\"maik\",\"image\":{\"@type\":\"ImageObject\",\"inLanguage\":\"de\",\"@id\":\"https:\\\/\\\/truckonline.de\\\/blog\\\/wp-content\\\/uploads\\\/2019\\\/12\\\/logoinnenweiss.png\",\"url\":\"https:\\\/\\\/truckonline.de\\\/blog\\\/wp-content\\\/uploads\\\/2019\\\/12\\\/logoinnenweiss.png\",\"contentUrl\":\"https:\\\/\\\/truckonline.de\\\/blog\\\/wp-content\\\/uploads\\\/2019\\\/12\\\/logoinnenweiss.png\",\"width\":733,\"height\":125,\"caption\":\"maik\"},\"logo\":{\"@id\":\"https:\\\/\\\/truckonline.de\\\/blog\\\/wp-content\\\/uploads\\\/2019\\\/12\\\/logoinnenweiss.png\"},\"sameAs\":[\"https:\\\/\\\/www.facebook.com\\\/truckblog\",\"https:\\\/\\\/www.instagram.com\\\/truck_online\\\/\",\"https:\\\/\\\/x.com\\\/https:\\\/\\\/twitter.com\\\/truckblog\",\"https:\\\/\\\/www.youtube.com\\\/user\\\/truckonline\",\"https:\\\/\\\/www.tumblr.com\\\/truckonline\"]}]}<\/script>\n<!-- \/ Yoast SEO plugin. -->","yoast_head_json":{"title":"Links und rechts der (Daten-) autobahn | TruckOnline.de","description":"Ein sch\u00f6nes Portrait \u00fcber \"Truckerprinzessin\" Christina Scheib. Nur beim Namen \"Trucker Babe\" bekommt sie einen Brechreiz.*** Ich bin ja mittlerweile in","robots":{"index":"index","follow":"follow","max-snippet":"max-snippet:-1","max-image-preview":"max-image-preview:large","max-video-preview":"max-video-preview:-1"},"canonical":"https:\/\/truckonline.de\/blog\/2022\/08\/07\/links-und-rechts-der-daten-autobahn-164\/","og_locale":"de_DE","og_type":"article","og_title":"Links und rechts der (Daten-) autobahn | TruckOnline.de","og_url":"https:\/\/truckonline.de\/blog\/2022\/08\/07\/links-und-rechts-der-daten-autobahn-164\/","og_site_name":"TruckOnline.de","article_publisher":"https:\/\/www.facebook.com\/truckblog","article_author":"https:\/\/www.facebook.com\/truckblog","article_published_time":"2022-08-07T13:56:02+00:00","article_modified_time":"2022-08-07T13:56:03+00:00","og_image":[{"width":2560,"height":1920,"url":"https:\/\/truckonline.de\/blog\/wp-content\/uploads\/2019\/12\/IMG_20191229_225424-scaled.jpg","type":"image\/jpeg"}],"author":"maik","twitter_card":"summary_large_image","twitter_creator":"@https:\/\/twitter.com\/truckblog","twitter_site":"@truckblog","twitter_misc":{"Verfasst von":"maik","Gesch\u00e4tzte Lesezeit":"2\u00a0Minuten"},"schema":{"@context":"https:\/\/schema.org","@graph":[{"@type":"Article","@id":"https:\/\/truckonline.de\/blog\/2022\/08\/07\/links-und-rechts-der-daten-autobahn-164\/#article","isPartOf":{"@id":"https:\/\/truckonline.de\/blog\/2022\/08\/07\/links-und-rechts-der-daten-autobahn-164\/"},"author":{"name":"maik","@id":"https:\/\/truckonline.de\/blog\/#\/schema\/person\/4cb59b86ffde81f882f56439688fda19"},"headline":"Links und rechts der (Daten-) autobahn","datePublished":"2022-08-07T13:56:02+00:00","dateModified":"2022-08-07T13:56:03+00:00","mainEntityOfPage":{"@id":"https:\/\/truckonline.de\/blog\/2022\/08\/07\/links-und-rechts-der-daten-autobahn-164\/"},"wordCount":339,"commentCount":3,"publisher":{"@id":"https:\/\/truckonline.de\/blog\/#\/schema\/person\/4cb59b86ffde81f882f56439688fda19"},"keywords":["Limks","Presse"],"articleSection":["Links","Presse"],"inLanguage":"de","potentialAction":[{"@type":"CommentAction","name":"Comment","target":["https:\/\/truckonline.de\/blog\/2022\/08\/07\/links-und-rechts-der-daten-autobahn-164\/#respond"]}]},{"@type":"WebPage","@id":"https:\/\/truckonline.de\/blog\/2022\/08\/07\/links-und-rechts-der-daten-autobahn-164\/","url":"https:\/\/truckonline.de\/blog\/2022\/08\/07\/links-und-rechts-der-daten-autobahn-164\/","name":"Links und rechts der (Daten-) autobahn | TruckOnline.de","isPartOf":{"@id":"https:\/\/truckonline.de\/blog\/#website"},"datePublished":"2022-08-07T13:56:02+00:00","dateModified":"2022-08-07T13:56:03+00:00","description":"Ein sch\u00f6nes Portrait \u00fcber \"Truckerprinzessin\" Christina Scheib. Nur beim Namen \"Trucker Babe\" bekommt sie einen Brechreiz.*** Ich bin ja mittlerweile in","breadcrumb":{"@id":"https:\/\/truckonline.de\/blog\/2022\/08\/07\/links-und-rechts-der-daten-autobahn-164\/#breadcrumb"},"inLanguage":"de","potentialAction":[{"@type":"ReadAction","target":["https:\/\/truckonline.de\/blog\/2022\/08\/07\/links-und-rechts-der-daten-autobahn-164\/"]}]},{"@type":"BreadcrumbList","@id":"https:\/\/truckonline.de\/blog\/2022\/08\/07\/links-und-rechts-der-daten-autobahn-164\/#breadcrumb","itemListElement":[{"@type":"ListItem","position":1,"name":"Startseite","item":"https:\/\/truckonline.de\/blog\/"},{"@type":"ListItem","position":2,"name":"Links und rechts der (Daten-) autobahn"}]},{"@type":"WebSite","@id":"https:\/\/truckonline.de\/blog\/#website","url":"https:\/\/truckonline.de\/blog\/","name":"TruckOnline.de","description":"","publisher":{"@id":"https:\/\/truckonline.de\/blog\/#\/schema\/person\/4cb59b86ffde81f882f56439688fda19"},"potentialAction":[{"@type":"SearchAction","target":{"@type":"EntryPoint","urlTemplate":"https:\/\/truckonline.de\/blog\/?s={search_term_string}"},"query-input":{"@type":"PropertyValueSpecification","valueRequired":true,"valueName":"search_term_string"}}],"inLanguage":"de"},{"@type":["Person","Organization"],"@id":"https:\/\/truckonline.de\/blog\/#\/schema\/person\/4cb59b86ffde81f882f56439688fda19","name":"maik","image":{"@type":"ImageObject","inLanguage":"de","@id":"https:\/\/truckonline.de\/blog\/wp-content\/uploads\/2019\/12\/logoinnenweiss.png","url":"https:\/\/truckonline.de\/blog\/wp-content\/uploads\/2019\/12\/logoinnenweiss.png","contentUrl":"https:\/\/truckonline.de\/blog\/wp-content\/uploads\/2019\/12\/logoinnenweiss.png","width":733,"height":125,"caption":"maik"},"logo":{"@id":"https:\/\/truckonline.de\/blog\/wp-content\/uploads\/2019\/12\/logoinnenweiss.png"},"sameAs":["https:\/\/www.facebook.com\/truckblog","https:\/\/www.instagram.com\/truck_online\/","https:\/\/x.com\/https:\/\/twitter.com\/truckblog","https:\/\/www.youtube.com\/user\/truckonline","https:\/\/www.tumblr.com\/truckonline"]}]}},"_links":{"self":[{"href":"https:\/\/truckonline.de\/blog\/wp-json\/wp\/v2\/posts\/11279","targetHints":{"allow":["GET"]}}],"collection":[{"href":"https:\/\/truckonline.de\/blog\/wp-json\/wp\/v2\/posts"}],"about":[{"href":"https:\/\/truckonline.de\/blog\/wp-json\/wp\/v2\/types\/post"}],"author":[{"embeddable":true,"href":"https:\/\/truckonline.de\/blog\/wp-json\/wp\/v2\/users\/3"}],"replies":[{"embeddable":true,"href":"https:\/\/truckonline.de\/blog\/wp-json\/wp\/v2\/comments?post=11279"}],"version-history":[{"count":1,"href":"https:\/\/truckonline.de\/blog\/wp-json\/wp\/v2\/posts\/11279\/revisions"}],"predecessor-version":[{"id":11280,"href":"https:\/\/truckonline.de\/blog\/wp-json\/wp\/v2\/posts\/11279\/revisions\/11280"}],"wp:attachment":[{"href":"https:\/\/truckonline.de\/blog\/wp-json\/wp\/v2\/media?parent=11279"}],"wp:term":[{"taxonomy":"category","embeddable":true,"href":"https:\/\/truckonline.de\/blog\/wp-json\/wp\/v2\/categories?post=11279"},{"taxonomy":"post_tag","embeddable":true,"href":"https:\/\/truckonline.de\/blog\/wp-json\/wp\/v2\/tags?post=11279"}],"curies":[{"name":"wp","href":"https:\/\/api.w.org\/{rel}","templated":true}]}}