{"id":1127,"date":"2010-01-03T03:31:47","date_gmt":"2010-01-03T02:31:47","guid":{"rendered":"https:\/\/truckonline.de\/blog\/?p=1127"},"modified":"2010-01-03T03:47:45","modified_gmt":"2010-01-03T02:47:45","slug":"heute-ist-ein-toller-tag-oder-byebye-du-erste-lebenshaelfte","status":"publish","type":"post","link":"https:\/\/truckonline.de\/blog\/2010\/01\/03\/heute-ist-ein-toller-tag-oder-byebye-du-erste-lebenshaelfte\/","title":{"rendered":"Heute ist ein toller Tag oder Byebye, Du erste Lebensh\u00e4lfte"},"content":{"rendered":"<p>Ich werde nachher in den Spiegel schauen und feststellen, dass sich nichts ver\u00e4ndert hat. Was auch? <\/p>\n<p>Der 40igste Geburtstag ist ein eigenartiger Tag. Man hat viele Gedanken im Kopf, Erinnerungen von fr\u00fcher werden wach.<br \/>\nTja fr\u00fcher. Da war ich der Meinung, mit 40 ist man alt, sehr alt. Aber ist man das wirklich? Ich habe nochmal 40 Jahre, bis ich 80 bin &#8211;  ob ich <strong>dann<\/strong> wirklich alt bin, entscheide ich selbst.<\/p>\n<p>Feiern werde ich heute nicht gro\u00dfartig, dass hole ich Ende M\u00e4rz zusammen mit einem guten Freund nach. Erstens ist es da w\u00e4rmer und zweitens hoffe ich, bis dahin meine &#8222;Gedankenkrise&#8220; \u00fcberwunden zu haben. Party machen bis in den Morgen geht eh nicht mehr, denn dann bin ich reif f\u00fcr eine Reha. Hmm, dass alles kratzt schon am eigenen Ego.<\/p>\n<p>Anderseits: Will ich nochmal 17 sein? Wieder ganz von vorn anfangen? Mich vor irgendwelchen M\u00e4dels zum Deppen machen und alle Erkenntnisse, die mir das Leben brachte, noch einmal durchleben? Nein, wohl kaum!<br \/>\nWarum mache ich mir eigentlich Gedanken &#8211; etwa deshalb, dass mein Leben heute anders verl\u00e4uft, wie ich es mir mal vorgestellt habe?<br \/>\nEs gab mal eine Werbung, in der hie\u00df es: &#8222;Meine Villa, mein Auto, mein Pferd&#8220;. Gut, auf den Gaul k\u00f6nnte ich verzichten, aber trotzdem klingt es besser als &#8222;meine Mietwohnung, mein zehn Jahre alter Opel, (m)ein Job&#8220;! Ich sollte vielleicht meine W\u00fcnsche oder von mir aus auch meine Tr\u00e4ume \u00e4ndern. Wie w\u00e4re es mit &#8222;Zufriedenheit&#8220;, &#8222;Gelassenheit&#8220; und &#8222;den Moment geniessen&#8220;?<\/p>\n<p>Na ja, ich gehe jetzt Richtung Bett und werde w\u00e4hrend ich einschlafe, vor mich hinmurmeln: &#8222;Ich werde 40 und freue mich darauf, ich werde 40 und freue mich darauf\u2026&#8220;<\/p>\n<p>Hmm, schon bin ich etwas gelassener!<\/p>\n","protected":false},"excerpt":{"rendered":"<p>Ich werde nachher in den Spiegel schauen und feststellen, dass sich nichts ver\u00e4ndert hat. Was auch? Der 40igste Geburtstag ist ein eigenartiger Tag. Man hat&#8230;<\/p>\n<div class=\"more-link-wrapper\"><a class=\"more-link\" href=\"https:\/\/truckonline.de\/blog\/2010\/01\/03\/heute-ist-ein-toller-tag-oder-byebye-du-erste-lebenshaelfte\/\">Sie haben Ihr Ziel fast erreicht.<span class=\"screen-reader-text\">Heute ist ein toller Tag oder Byebye, Du erste Lebensh\u00e4lfte<\/span><\/a><\/div>\n","protected":false},"author":3,"featured_media":0,"comment_status":"open","ping_status":"open","sticky":false,"template":"","format":"standard","meta":{"iawp_total_views":0,"_metis_text_type":"","_metis_text_length":0,"_post_count":0,"footnotes":""},"categories":[185,3],"tags":[326,1897],"class_list":["post-1127","post","type-post","status-publish","format-standard","hentry","category-gedanken","category-internes","tag-geburtstag","tag-gedanken","ratio-2-1","entry"],"yoast_head":"<!-- This site is optimized with the Yoast SEO plugin v27.5 - https:\/\/yoast.com\/product\/yoast-seo-wordpress\/ -->\n<title>Heute ist ein toller Tag oder Byebye, Du erste Lebensh\u00e4lfte | TruckOnline.de<\/title>\n<meta name=\"description\" content=\"Ich werde nachher in den Spiegel schauen und feststellen, dass sich nichts ver\u00e4ndert hat. Was auch? Der 40igste Geburtstag ist ein eigenartiger Tag. Man\" \/>\n<meta name=\"robots\" content=\"index, follow, max-snippet:-1, max-image-preview:large, max-video-preview:-1\" \/>\n<link rel=\"canonical\" href=\"https:\/\/truckonline.de\/blog\/2010\/01\/03\/heute-ist-ein-toller-tag-oder-byebye-du-erste-lebenshaelfte\/\" \/>\n<meta property=\"og:locale\" content=\"de_DE\" \/>\n<meta property=\"og:type\" content=\"article\" \/>\n<meta property=\"og:title\" content=\"Heute ist ein toller Tag oder Byebye, Du erste Lebensh\u00e4lfte | TruckOnline.de\" \/>\n<meta property=\"og:url\" content=\"https:\/\/truckonline.de\/blog\/2010\/01\/03\/heute-ist-ein-toller-tag-oder-byebye-du-erste-lebenshaelfte\/\" \/>\n<meta property=\"og:site_name\" content=\"TruckOnline.de\" \/>\n<meta property=\"article:publisher\" content=\"https:\/\/www.facebook.com\/truckblog\" \/>\n<meta property=\"article:author\" content=\"https:\/\/www.facebook.com\/truckblog\" \/>\n<meta property=\"article:published_time\" content=\"2010-01-03T02:31:47+00:00\" \/>\n<meta property=\"article:modified_time\" content=\"2010-01-03T02:47:45+00:00\" \/>\n<meta property=\"og:image\" content=\"https:\/\/truckonline.de\/blog\/wp-content\/uploads\/2019\/12\/IMG_20191229_225424-scaled.jpg\" \/>\n\t<meta property=\"og:image:width\" content=\"2560\" \/>\n\t<meta property=\"og:image:height\" content=\"1920\" \/>\n\t<meta property=\"og:image:type\" content=\"image\/jpeg\" \/>\n<meta name=\"author\" content=\"maik\" \/>\n<meta name=\"twitter:card\" content=\"summary_large_image\" \/>\n<meta name=\"twitter:creator\" content=\"@https:\/\/twitter.com\/truckblog\" \/>\n<meta name=\"twitter:site\" content=\"@truckblog\" \/>\n<meta name=\"twitter:label1\" content=\"Verfasst von\" \/>\n\t<meta name=\"twitter:data1\" content=\"maik\" \/>\n\t<meta name=\"twitter:label2\" content=\"Gesch\u00e4tzte Lesezeit\" \/>\n\t<meta name=\"twitter:data2\" content=\"1\u00a0Minute\" \/>\n<script type=\"application\/ld+json\" class=\"yoast-schema-graph\">{\"@context\":\"https:\\\/\\\/schema.org\",\"@graph\":[{\"@type\":\"Article\",\"@id\":\"https:\\\/\\\/truckonline.de\\\/blog\\\/2010\\\/01\\\/03\\\/heute-ist-ein-toller-tag-oder-byebye-du-erste-lebenshaelfte\\\/#article\",\"isPartOf\":{\"@id\":\"https:\\\/\\\/truckonline.de\\\/blog\\\/2010\\\/01\\\/03\\\/heute-ist-ein-toller-tag-oder-byebye-du-erste-lebenshaelfte\\\/\"},\"author\":{\"name\":\"maik\",\"@id\":\"https:\\\/\\\/truckonline.de\\\/blog\\\/#\\\/schema\\\/person\\\/4cb59b86ffde81f882f56439688fda19\"},\"headline\":\"Heute ist ein toller Tag oder Byebye, Du erste Lebensh\u00e4lfte\",\"datePublished\":\"2010-01-03T02:31:47+00:00\",\"dateModified\":\"2010-01-03T02:47:45+00:00\",\"mainEntityOfPage\":{\"@id\":\"https:\\\/\\\/truckonline.de\\\/blog\\\/2010\\\/01\\\/03\\\/heute-ist-ein-toller-tag-oder-byebye-du-erste-lebenshaelfte\\\/\"},\"wordCount\":300,\"commentCount\":30,\"publisher\":{\"@id\":\"https:\\\/\\\/truckonline.de\\\/blog\\\/#\\\/schema\\\/person\\\/4cb59b86ffde81f882f56439688fda19\"},\"keywords\":[\"Geburtstag\",\"Gedanken\"],\"articleSection\":[\"Gedanken\",\"Internes\"],\"inLanguage\":\"de\",\"potentialAction\":[{\"@type\":\"CommentAction\",\"name\":\"Comment\",\"target\":[\"https:\\\/\\\/truckonline.de\\\/blog\\\/2010\\\/01\\\/03\\\/heute-ist-ein-toller-tag-oder-byebye-du-erste-lebenshaelfte\\\/#respond\"]}]},{\"@type\":\"WebPage\",\"@id\":\"https:\\\/\\\/truckonline.de\\\/blog\\\/2010\\\/01\\\/03\\\/heute-ist-ein-toller-tag-oder-byebye-du-erste-lebenshaelfte\\\/\",\"url\":\"https:\\\/\\\/truckonline.de\\\/blog\\\/2010\\\/01\\\/03\\\/heute-ist-ein-toller-tag-oder-byebye-du-erste-lebenshaelfte\\\/\",\"name\":\"Heute ist ein toller Tag oder Byebye, Du erste Lebensh\u00e4lfte | TruckOnline.de\",\"isPartOf\":{\"@id\":\"https:\\\/\\\/truckonline.de\\\/blog\\\/#website\"},\"datePublished\":\"2010-01-03T02:31:47+00:00\",\"dateModified\":\"2010-01-03T02:47:45+00:00\",\"description\":\"Ich werde nachher in den Spiegel schauen und feststellen, dass sich nichts ver\u00e4ndert hat. Was auch? Der 40igste Geburtstag ist ein eigenartiger Tag. Man\",\"breadcrumb\":{\"@id\":\"https:\\\/\\\/truckonline.de\\\/blog\\\/2010\\\/01\\\/03\\\/heute-ist-ein-toller-tag-oder-byebye-du-erste-lebenshaelfte\\\/#breadcrumb\"},\"inLanguage\":\"de\",\"potentialAction\":[{\"@type\":\"ReadAction\",\"target\":[\"https:\\\/\\\/truckonline.de\\\/blog\\\/2010\\\/01\\\/03\\\/heute-ist-ein-toller-tag-oder-byebye-du-erste-lebenshaelfte\\\/\"]}]},{\"@type\":\"BreadcrumbList\",\"@id\":\"https:\\\/\\\/truckonline.de\\\/blog\\\/2010\\\/01\\\/03\\\/heute-ist-ein-toller-tag-oder-byebye-du-erste-lebenshaelfte\\\/#breadcrumb\",\"itemListElement\":[{\"@type\":\"ListItem\",\"position\":1,\"name\":\"Startseite\",\"item\":\"https:\\\/\\\/truckonline.de\\\/blog\\\/\"},{\"@type\":\"ListItem\",\"position\":2,\"name\":\"Heute ist ein toller Tag oder Byebye, Du erste Lebensh\u00e4lfte\"}]},{\"@type\":\"WebSite\",\"@id\":\"https:\\\/\\\/truckonline.de\\\/blog\\\/#website\",\"url\":\"https:\\\/\\\/truckonline.de\\\/blog\\\/\",\"name\":\"TruckOnline.de\",\"description\":\"\",\"publisher\":{\"@id\":\"https:\\\/\\\/truckonline.de\\\/blog\\\/#\\\/schema\\\/person\\\/4cb59b86ffde81f882f56439688fda19\"},\"potentialAction\":[{\"@type\":\"SearchAction\",\"target\":{\"@type\":\"EntryPoint\",\"urlTemplate\":\"https:\\\/\\\/truckonline.de\\\/blog\\\/?s={search_term_string}\"},\"query-input\":{\"@type\":\"PropertyValueSpecification\",\"valueRequired\":true,\"valueName\":\"search_term_string\"}}],\"inLanguage\":\"de\"},{\"@type\":[\"Person\",\"Organization\"],\"@id\":\"https:\\\/\\\/truckonline.de\\\/blog\\\/#\\\/schema\\\/person\\\/4cb59b86ffde81f882f56439688fda19\",\"name\":\"maik\",\"image\":{\"@type\":\"ImageObject\",\"inLanguage\":\"de\",\"@id\":\"https:\\\/\\\/truckonline.de\\\/blog\\\/wp-content\\\/uploads\\\/2019\\\/12\\\/logoinnenweiss.png\",\"url\":\"https:\\\/\\\/truckonline.de\\\/blog\\\/wp-content\\\/uploads\\\/2019\\\/12\\\/logoinnenweiss.png\",\"contentUrl\":\"https:\\\/\\\/truckonline.de\\\/blog\\\/wp-content\\\/uploads\\\/2019\\\/12\\\/logoinnenweiss.png\",\"width\":733,\"height\":125,\"caption\":\"maik\"},\"logo\":{\"@id\":\"https:\\\/\\\/truckonline.de\\\/blog\\\/wp-content\\\/uploads\\\/2019\\\/12\\\/logoinnenweiss.png\"},\"sameAs\":[\"https:\\\/\\\/www.facebook.com\\\/truckblog\",\"https:\\\/\\\/www.instagram.com\\\/truck_online\\\/\",\"https:\\\/\\\/x.com\\\/https:\\\/\\\/twitter.com\\\/truckblog\",\"https:\\\/\\\/www.youtube.com\\\/user\\\/truckonline\",\"https:\\\/\\\/www.tumblr.com\\\/truckonline\"]}]}<\/script>\n<!-- \/ Yoast SEO plugin. -->","yoast_head_json":{"title":"Heute ist ein toller Tag oder Byebye, Du erste Lebensh\u00e4lfte | TruckOnline.de","description":"Ich werde nachher in den Spiegel schauen und feststellen, dass sich nichts ver\u00e4ndert hat. Was auch? Der 40igste Geburtstag ist ein eigenartiger Tag. Man","robots":{"index":"index","follow":"follow","max-snippet":"max-snippet:-1","max-image-preview":"max-image-preview:large","max-video-preview":"max-video-preview:-1"},"canonical":"https:\/\/truckonline.de\/blog\/2010\/01\/03\/heute-ist-ein-toller-tag-oder-byebye-du-erste-lebenshaelfte\/","og_locale":"de_DE","og_type":"article","og_title":"Heute ist ein toller Tag oder Byebye, Du erste Lebensh\u00e4lfte | TruckOnline.de","og_url":"https:\/\/truckonline.de\/blog\/2010\/01\/03\/heute-ist-ein-toller-tag-oder-byebye-du-erste-lebenshaelfte\/","og_site_name":"TruckOnline.de","article_publisher":"https:\/\/www.facebook.com\/truckblog","article_author":"https:\/\/www.facebook.com\/truckblog","article_published_time":"2010-01-03T02:31:47+00:00","article_modified_time":"2010-01-03T02:47:45+00:00","og_image":[{"width":2560,"height":1920,"url":"https:\/\/truckonline.de\/blog\/wp-content\/uploads\/2019\/12\/IMG_20191229_225424-scaled.jpg","type":"image\/jpeg"}],"author":"maik","twitter_card":"summary_large_image","twitter_creator":"@https:\/\/twitter.com\/truckblog","twitter_site":"@truckblog","twitter_misc":{"Verfasst von":"maik","Gesch\u00e4tzte Lesezeit":"1\u00a0Minute"},"schema":{"@context":"https:\/\/schema.org","@graph":[{"@type":"Article","@id":"https:\/\/truckonline.de\/blog\/2010\/01\/03\/heute-ist-ein-toller-tag-oder-byebye-du-erste-lebenshaelfte\/#article","isPartOf":{"@id":"https:\/\/truckonline.de\/blog\/2010\/01\/03\/heute-ist-ein-toller-tag-oder-byebye-du-erste-lebenshaelfte\/"},"author":{"name":"maik","@id":"https:\/\/truckonline.de\/blog\/#\/schema\/person\/4cb59b86ffde81f882f56439688fda19"},"headline":"Heute ist ein toller Tag oder Byebye, Du erste Lebensh\u00e4lfte","datePublished":"2010-01-03T02:31:47+00:00","dateModified":"2010-01-03T02:47:45+00:00","mainEntityOfPage":{"@id":"https:\/\/truckonline.de\/blog\/2010\/01\/03\/heute-ist-ein-toller-tag-oder-byebye-du-erste-lebenshaelfte\/"},"wordCount":300,"commentCount":30,"publisher":{"@id":"https:\/\/truckonline.de\/blog\/#\/schema\/person\/4cb59b86ffde81f882f56439688fda19"},"keywords":["Geburtstag","Gedanken"],"articleSection":["Gedanken","Internes"],"inLanguage":"de","potentialAction":[{"@type":"CommentAction","name":"Comment","target":["https:\/\/truckonline.de\/blog\/2010\/01\/03\/heute-ist-ein-toller-tag-oder-byebye-du-erste-lebenshaelfte\/#respond"]}]},{"@type":"WebPage","@id":"https:\/\/truckonline.de\/blog\/2010\/01\/03\/heute-ist-ein-toller-tag-oder-byebye-du-erste-lebenshaelfte\/","url":"https:\/\/truckonline.de\/blog\/2010\/01\/03\/heute-ist-ein-toller-tag-oder-byebye-du-erste-lebenshaelfte\/","name":"Heute ist ein toller Tag oder Byebye, Du erste Lebensh\u00e4lfte | TruckOnline.de","isPartOf":{"@id":"https:\/\/truckonline.de\/blog\/#website"},"datePublished":"2010-01-03T02:31:47+00:00","dateModified":"2010-01-03T02:47:45+00:00","description":"Ich werde nachher in den Spiegel schauen und feststellen, dass sich nichts ver\u00e4ndert hat. Was auch? Der 40igste Geburtstag ist ein eigenartiger Tag. Man","breadcrumb":{"@id":"https:\/\/truckonline.de\/blog\/2010\/01\/03\/heute-ist-ein-toller-tag-oder-byebye-du-erste-lebenshaelfte\/#breadcrumb"},"inLanguage":"de","potentialAction":[{"@type":"ReadAction","target":["https:\/\/truckonline.de\/blog\/2010\/01\/03\/heute-ist-ein-toller-tag-oder-byebye-du-erste-lebenshaelfte\/"]}]},{"@type":"BreadcrumbList","@id":"https:\/\/truckonline.de\/blog\/2010\/01\/03\/heute-ist-ein-toller-tag-oder-byebye-du-erste-lebenshaelfte\/#breadcrumb","itemListElement":[{"@type":"ListItem","position":1,"name":"Startseite","item":"https:\/\/truckonline.de\/blog\/"},{"@type":"ListItem","position":2,"name":"Heute ist ein toller Tag oder Byebye, Du erste Lebensh\u00e4lfte"}]},{"@type":"WebSite","@id":"https:\/\/truckonline.de\/blog\/#website","url":"https:\/\/truckonline.de\/blog\/","name":"TruckOnline.de","description":"","publisher":{"@id":"https:\/\/truckonline.de\/blog\/#\/schema\/person\/4cb59b86ffde81f882f56439688fda19"},"potentialAction":[{"@type":"SearchAction","target":{"@type":"EntryPoint","urlTemplate":"https:\/\/truckonline.de\/blog\/?s={search_term_string}"},"query-input":{"@type":"PropertyValueSpecification","valueRequired":true,"valueName":"search_term_string"}}],"inLanguage":"de"},{"@type":["Person","Organization"],"@id":"https:\/\/truckonline.de\/blog\/#\/schema\/person\/4cb59b86ffde81f882f56439688fda19","name":"maik","image":{"@type":"ImageObject","inLanguage":"de","@id":"https:\/\/truckonline.de\/blog\/wp-content\/uploads\/2019\/12\/logoinnenweiss.png","url":"https:\/\/truckonline.de\/blog\/wp-content\/uploads\/2019\/12\/logoinnenweiss.png","contentUrl":"https:\/\/truckonline.de\/blog\/wp-content\/uploads\/2019\/12\/logoinnenweiss.png","width":733,"height":125,"caption":"maik"},"logo":{"@id":"https:\/\/truckonline.de\/blog\/wp-content\/uploads\/2019\/12\/logoinnenweiss.png"},"sameAs":["https:\/\/www.facebook.com\/truckblog","https:\/\/www.instagram.com\/truck_online\/","https:\/\/x.com\/https:\/\/twitter.com\/truckblog","https:\/\/www.youtube.com\/user\/truckonline","https:\/\/www.tumblr.com\/truckonline"]}]}},"_links":{"self":[{"href":"https:\/\/truckonline.de\/blog\/wp-json\/wp\/v2\/posts\/1127","targetHints":{"allow":["GET"]}}],"collection":[{"href":"https:\/\/truckonline.de\/blog\/wp-json\/wp\/v2\/posts"}],"about":[{"href":"https:\/\/truckonline.de\/blog\/wp-json\/wp\/v2\/types\/post"}],"author":[{"embeddable":true,"href":"https:\/\/truckonline.de\/blog\/wp-json\/wp\/v2\/users\/3"}],"replies":[{"embeddable":true,"href":"https:\/\/truckonline.de\/blog\/wp-json\/wp\/v2\/comments?post=1127"}],"version-history":[{"count":0,"href":"https:\/\/truckonline.de\/blog\/wp-json\/wp\/v2\/posts\/1127\/revisions"}],"wp:attachment":[{"href":"https:\/\/truckonline.de\/blog\/wp-json\/wp\/v2\/media?parent=1127"}],"wp:term":[{"taxonomy":"category","embeddable":true,"href":"https:\/\/truckonline.de\/blog\/wp-json\/wp\/v2\/categories?post=1127"},{"taxonomy":"post_tag","embeddable":true,"href":"https:\/\/truckonline.de\/blog\/wp-json\/wp\/v2\/tags?post=1127"}],"curies":[{"name":"wp","href":"https:\/\/api.w.org\/{rel}","templated":true}]}}