{"id":11208,"date":"2022-05-28T17:20:00","date_gmt":"2022-05-28T15:20:00","guid":{"rendered":"https:\/\/truckonline.de\/blog\/?p=11208"},"modified":"2022-05-29T17:47:42","modified_gmt":"2022-05-29T15:47:42","slug":"sie-haben-post-142","status":"publish","type":"post","link":"https:\/\/truckonline.de\/blog\/2022\/05\/28\/sie-haben-post-142\/","title":{"rendered":"Sie haben Post"},"content":{"rendered":"\n<blockquote class=\"wp-block-quote is-layout-flow wp-block-quote-is-layout-flow\"><p>Hallo Freunde und Bekannte und alle anderen, <\/p><p>wir machen am 18.6.22 ab 10 Uhr einen Benefizkonvoi, bei dem vom Leben gezeichnete Kinder mit dem Lkw im Konvoi durch Aldenhoven, Siesdorf, Alsdorf, Baesweiler, Eschweiler und Brand ( ich hoffe ich habe nichts vergessen) gefahren werden.<\/p><p>Desweiteren machen wir einen Tag mit ganz vielen Attraktionen f\u00fcr gross und klein und abends Livemusik und diverse andere Attraktionen f\u00fcr die Gro\u00dfen. Alle Einnahmen hieraus werden an das Kinderhospitz Aachen und noch zwei weitere Institutionen gespendet, die sich f\u00fcr kranke Kinder einsetzen. Also bitte &#8222;Save the Date&#8220;.<\/p><p>Gefeiert wird im <a href=\"https:\/\/www.google.de\/maps\/place\/Industriepark+Emil+Mayrisch,+52457+Aldenhoven\/@50.9064431,6.2242226,15z\/data=!4m5!3m4!1s0x47c0a0956ad93f71:0xf69834edfaa45139!8m2!3d50.9076!4d6.2322692\" target=\"_blank\" rel=\"noreferrer noopener\">Industriepark Emil Mayrisch in Aldenhoven<\/a> auf der Filmautobahn von Cobra 11.<\/p><p>Und kommt alle zahlreich, damit dieser Tag f\u00fcr die Kinder unvergesslich wird. Und bitte teilen was das Zeug h\u00e4lt. Daaaaannnnkkkke&#8230;&#8230;.<\/p><cite>Eine kleine Ank\u00fcndigung<\/cite><\/blockquote>\n","protected":false},"excerpt":{"rendered":"<p>Hallo Freunde und Bekannte und alle anderen, wir machen am 18.6.22 ab 10 Uhr einen Benefizkonvoi, bei dem vom Leben gezeichnete Kinder mit dem Lkw&#8230;<\/p>\n<div class=\"more-link-wrapper\"><a class=\"more-link\" href=\"https:\/\/truckonline.de\/blog\/2022\/05\/28\/sie-haben-post-142\/\">Sie haben Ihr Ziel fast erreicht.<span class=\"screen-reader-text\">Sie haben Post<\/span><\/a><\/div>\n","protected":false},"author":3,"featured_media":0,"comment_status":"open","ping_status":"open","sticky":false,"template":"","format":"standard","meta":{"iawp_total_views":0,"_metis_text_type":"","_metis_text_length":0,"_post_count":0,"footnotes":""},"categories":[1],"tags":[445,1527],"class_list":["post-11208","post","type-post","status-publish","format-standard","hentry","category-allgemeines","tag-post","tag-veranstaltung","ratio-2-1","entry"],"yoast_head":"<!-- This site is optimized with the Yoast SEO plugin v27.4 - https:\/\/yoast.com\/product\/yoast-seo-wordpress\/ -->\n<title>Sie haben Post | TruckOnline.de<\/title>\n<meta name=\"description\" content=\"Hallo Freunde und Bekannte und alle anderen, wir machen am 18.6.22 ab 10 Uhr einen Benefizkonvoi, bei dem vom Leben gezeichnete Kinder mit dem Lkw im\" \/>\n<meta name=\"robots\" content=\"index, follow, max-snippet:-1, max-image-preview:large, max-video-preview:-1\" \/>\n<link rel=\"canonical\" href=\"https:\/\/truckonline.de\/blog\/2022\/05\/28\/sie-haben-post-142\/\" \/>\n<meta property=\"og:locale\" content=\"de_DE\" \/>\n<meta property=\"og:type\" content=\"article\" \/>\n<meta property=\"og:title\" content=\"Sie haben Post | TruckOnline.de\" \/>\n<meta property=\"og:url\" content=\"https:\/\/truckonline.de\/blog\/2022\/05\/28\/sie-haben-post-142\/\" \/>\n<meta property=\"og:site_name\" content=\"TruckOnline.de\" \/>\n<meta property=\"article:publisher\" content=\"https:\/\/www.facebook.com\/truckblog\" \/>\n<meta property=\"article:author\" content=\"https:\/\/www.facebook.com\/truckblog\" \/>\n<meta property=\"article:published_time\" content=\"2022-05-28T15:20:00+00:00\" \/>\n<meta property=\"article:modified_time\" content=\"2022-05-29T15:47:42+00:00\" \/>\n<meta property=\"og:image\" content=\"https:\/\/truckonline.de\/blog\/wp-content\/uploads\/2019\/12\/IMG_20191229_225424-scaled.jpg\" \/>\n\t<meta property=\"og:image:width\" content=\"2560\" \/>\n\t<meta property=\"og:image:height\" content=\"1920\" \/>\n\t<meta property=\"og:image:type\" content=\"image\/jpeg\" \/>\n<meta name=\"author\" content=\"maik\" \/>\n<meta name=\"twitter:card\" content=\"summary_large_image\" \/>\n<meta name=\"twitter:creator\" content=\"@https:\/\/twitter.com\/truckblog\" \/>\n<meta name=\"twitter:site\" content=\"@truckblog\" \/>\n<meta name=\"twitter:label1\" content=\"Verfasst von\" \/>\n\t<meta name=\"twitter:data1\" content=\"maik\" \/>\n\t<meta name=\"twitter:label2\" content=\"Gesch\u00e4tzte Lesezeit\" \/>\n\t<meta name=\"twitter:data2\" content=\"1\u00a0Minute\" \/>\n<script type=\"application\/ld+json\" class=\"yoast-schema-graph\">{\"@context\":\"https:\\\/\\\/schema.org\",\"@graph\":[{\"@type\":\"Article\",\"@id\":\"https:\\\/\\\/truckonline.de\\\/blog\\\/2022\\\/05\\\/28\\\/sie-haben-post-142\\\/#article\",\"isPartOf\":{\"@id\":\"https:\\\/\\\/truckonline.de\\\/blog\\\/2022\\\/05\\\/28\\\/sie-haben-post-142\\\/\"},\"author\":{\"name\":\"maik\",\"@id\":\"https:\\\/\\\/truckonline.de\\\/blog\\\/#\\\/schema\\\/person\\\/4cb59b86ffde81f882f56439688fda19\"},\"headline\":\"Sie haben Post\",\"datePublished\":\"2022-05-28T15:20:00+00:00\",\"dateModified\":\"2022-05-29T15:47:42+00:00\",\"mainEntityOfPage\":{\"@id\":\"https:\\\/\\\/truckonline.de\\\/blog\\\/2022\\\/05\\\/28\\\/sie-haben-post-142\\\/\"},\"wordCount\":135,\"commentCount\":0,\"publisher\":{\"@id\":\"https:\\\/\\\/truckonline.de\\\/blog\\\/#\\\/schema\\\/person\\\/4cb59b86ffde81f882f56439688fda19\"},\"keywords\":[\"Post\",\"Veranstaltung\"],\"articleSection\":[\"Allgemeines\"],\"inLanguage\":\"de\",\"potentialAction\":[{\"@type\":\"CommentAction\",\"name\":\"Comment\",\"target\":[\"https:\\\/\\\/truckonline.de\\\/blog\\\/2022\\\/05\\\/28\\\/sie-haben-post-142\\\/#respond\"]}]},{\"@type\":\"WebPage\",\"@id\":\"https:\\\/\\\/truckonline.de\\\/blog\\\/2022\\\/05\\\/28\\\/sie-haben-post-142\\\/\",\"url\":\"https:\\\/\\\/truckonline.de\\\/blog\\\/2022\\\/05\\\/28\\\/sie-haben-post-142\\\/\",\"name\":\"Sie haben Post | TruckOnline.de\",\"isPartOf\":{\"@id\":\"https:\\\/\\\/truckonline.de\\\/blog\\\/#website\"},\"datePublished\":\"2022-05-28T15:20:00+00:00\",\"dateModified\":\"2022-05-29T15:47:42+00:00\",\"description\":\"Hallo Freunde und Bekannte und alle anderen, wir machen am 18.6.22 ab 10 Uhr einen Benefizkonvoi, bei dem vom Leben gezeichnete Kinder mit dem Lkw im\",\"breadcrumb\":{\"@id\":\"https:\\\/\\\/truckonline.de\\\/blog\\\/2022\\\/05\\\/28\\\/sie-haben-post-142\\\/#breadcrumb\"},\"inLanguage\":\"de\",\"potentialAction\":[{\"@type\":\"ReadAction\",\"target\":[\"https:\\\/\\\/truckonline.de\\\/blog\\\/2022\\\/05\\\/28\\\/sie-haben-post-142\\\/\"]}]},{\"@type\":\"BreadcrumbList\",\"@id\":\"https:\\\/\\\/truckonline.de\\\/blog\\\/2022\\\/05\\\/28\\\/sie-haben-post-142\\\/#breadcrumb\",\"itemListElement\":[{\"@type\":\"ListItem\",\"position\":1,\"name\":\"Startseite\",\"item\":\"https:\\\/\\\/truckonline.de\\\/blog\\\/\"},{\"@type\":\"ListItem\",\"position\":2,\"name\":\"Sie haben Post\"}]},{\"@type\":\"WebSite\",\"@id\":\"https:\\\/\\\/truckonline.de\\\/blog\\\/#website\",\"url\":\"https:\\\/\\\/truckonline.de\\\/blog\\\/\",\"name\":\"TruckOnline.de\",\"description\":\"\",\"publisher\":{\"@id\":\"https:\\\/\\\/truckonline.de\\\/blog\\\/#\\\/schema\\\/person\\\/4cb59b86ffde81f882f56439688fda19\"},\"potentialAction\":[{\"@type\":\"SearchAction\",\"target\":{\"@type\":\"EntryPoint\",\"urlTemplate\":\"https:\\\/\\\/truckonline.de\\\/blog\\\/?s={search_term_string}\"},\"query-input\":{\"@type\":\"PropertyValueSpecification\",\"valueRequired\":true,\"valueName\":\"search_term_string\"}}],\"inLanguage\":\"de\"},{\"@type\":[\"Person\",\"Organization\"],\"@id\":\"https:\\\/\\\/truckonline.de\\\/blog\\\/#\\\/schema\\\/person\\\/4cb59b86ffde81f882f56439688fda19\",\"name\":\"maik\",\"image\":{\"@type\":\"ImageObject\",\"inLanguage\":\"de\",\"@id\":\"https:\\\/\\\/truckonline.de\\\/blog\\\/wp-content\\\/uploads\\\/2019\\\/12\\\/logoinnenweiss.png\",\"url\":\"https:\\\/\\\/truckonline.de\\\/blog\\\/wp-content\\\/uploads\\\/2019\\\/12\\\/logoinnenweiss.png\",\"contentUrl\":\"https:\\\/\\\/truckonline.de\\\/blog\\\/wp-content\\\/uploads\\\/2019\\\/12\\\/logoinnenweiss.png\",\"width\":733,\"height\":125,\"caption\":\"maik\"},\"logo\":{\"@id\":\"https:\\\/\\\/truckonline.de\\\/blog\\\/wp-content\\\/uploads\\\/2019\\\/12\\\/logoinnenweiss.png\"},\"sameAs\":[\"https:\\\/\\\/www.facebook.com\\\/truckblog\",\"https:\\\/\\\/www.instagram.com\\\/truck_online\\\/\",\"https:\\\/\\\/x.com\\\/https:\\\/\\\/twitter.com\\\/truckblog\",\"https:\\\/\\\/www.youtube.com\\\/user\\\/truckonline\",\"https:\\\/\\\/www.tumblr.com\\\/truckonline\"]}]}<\/script>\n<!-- \/ Yoast SEO plugin. -->","yoast_head_json":{"title":"Sie haben Post | TruckOnline.de","description":"Hallo Freunde und Bekannte und alle anderen, wir machen am 18.6.22 ab 10 Uhr einen Benefizkonvoi, bei dem vom Leben gezeichnete Kinder mit dem Lkw im","robots":{"index":"index","follow":"follow","max-snippet":"max-snippet:-1","max-image-preview":"max-image-preview:large","max-video-preview":"max-video-preview:-1"},"canonical":"https:\/\/truckonline.de\/blog\/2022\/05\/28\/sie-haben-post-142\/","og_locale":"de_DE","og_type":"article","og_title":"Sie haben Post | TruckOnline.de","og_url":"https:\/\/truckonline.de\/blog\/2022\/05\/28\/sie-haben-post-142\/","og_site_name":"TruckOnline.de","article_publisher":"https:\/\/www.facebook.com\/truckblog","article_author":"https:\/\/www.facebook.com\/truckblog","article_published_time":"2022-05-28T15:20:00+00:00","article_modified_time":"2022-05-29T15:47:42+00:00","og_image":[{"width":2560,"height":1920,"url":"https:\/\/truckonline.de\/blog\/wp-content\/uploads\/2019\/12\/IMG_20191229_225424-scaled.jpg","type":"image\/jpeg"}],"author":"maik","twitter_card":"summary_large_image","twitter_creator":"@https:\/\/twitter.com\/truckblog","twitter_site":"@truckblog","twitter_misc":{"Verfasst von":"maik","Gesch\u00e4tzte Lesezeit":"1\u00a0Minute"},"schema":{"@context":"https:\/\/schema.org","@graph":[{"@type":"Article","@id":"https:\/\/truckonline.de\/blog\/2022\/05\/28\/sie-haben-post-142\/#article","isPartOf":{"@id":"https:\/\/truckonline.de\/blog\/2022\/05\/28\/sie-haben-post-142\/"},"author":{"name":"maik","@id":"https:\/\/truckonline.de\/blog\/#\/schema\/person\/4cb59b86ffde81f882f56439688fda19"},"headline":"Sie haben Post","datePublished":"2022-05-28T15:20:00+00:00","dateModified":"2022-05-29T15:47:42+00:00","mainEntityOfPage":{"@id":"https:\/\/truckonline.de\/blog\/2022\/05\/28\/sie-haben-post-142\/"},"wordCount":135,"commentCount":0,"publisher":{"@id":"https:\/\/truckonline.de\/blog\/#\/schema\/person\/4cb59b86ffde81f882f56439688fda19"},"keywords":["Post","Veranstaltung"],"articleSection":["Allgemeines"],"inLanguage":"de","potentialAction":[{"@type":"CommentAction","name":"Comment","target":["https:\/\/truckonline.de\/blog\/2022\/05\/28\/sie-haben-post-142\/#respond"]}]},{"@type":"WebPage","@id":"https:\/\/truckonline.de\/blog\/2022\/05\/28\/sie-haben-post-142\/","url":"https:\/\/truckonline.de\/blog\/2022\/05\/28\/sie-haben-post-142\/","name":"Sie haben Post | TruckOnline.de","isPartOf":{"@id":"https:\/\/truckonline.de\/blog\/#website"},"datePublished":"2022-05-28T15:20:00+00:00","dateModified":"2022-05-29T15:47:42+00:00","description":"Hallo Freunde und Bekannte und alle anderen, wir machen am 18.6.22 ab 10 Uhr einen Benefizkonvoi, bei dem vom Leben gezeichnete Kinder mit dem Lkw im","breadcrumb":{"@id":"https:\/\/truckonline.de\/blog\/2022\/05\/28\/sie-haben-post-142\/#breadcrumb"},"inLanguage":"de","potentialAction":[{"@type":"ReadAction","target":["https:\/\/truckonline.de\/blog\/2022\/05\/28\/sie-haben-post-142\/"]}]},{"@type":"BreadcrumbList","@id":"https:\/\/truckonline.de\/blog\/2022\/05\/28\/sie-haben-post-142\/#breadcrumb","itemListElement":[{"@type":"ListItem","position":1,"name":"Startseite","item":"https:\/\/truckonline.de\/blog\/"},{"@type":"ListItem","position":2,"name":"Sie haben Post"}]},{"@type":"WebSite","@id":"https:\/\/truckonline.de\/blog\/#website","url":"https:\/\/truckonline.de\/blog\/","name":"TruckOnline.de","description":"","publisher":{"@id":"https:\/\/truckonline.de\/blog\/#\/schema\/person\/4cb59b86ffde81f882f56439688fda19"},"potentialAction":[{"@type":"SearchAction","target":{"@type":"EntryPoint","urlTemplate":"https:\/\/truckonline.de\/blog\/?s={search_term_string}"},"query-input":{"@type":"PropertyValueSpecification","valueRequired":true,"valueName":"search_term_string"}}],"inLanguage":"de"},{"@type":["Person","Organization"],"@id":"https:\/\/truckonline.de\/blog\/#\/schema\/person\/4cb59b86ffde81f882f56439688fda19","name":"maik","image":{"@type":"ImageObject","inLanguage":"de","@id":"https:\/\/truckonline.de\/blog\/wp-content\/uploads\/2019\/12\/logoinnenweiss.png","url":"https:\/\/truckonline.de\/blog\/wp-content\/uploads\/2019\/12\/logoinnenweiss.png","contentUrl":"https:\/\/truckonline.de\/blog\/wp-content\/uploads\/2019\/12\/logoinnenweiss.png","width":733,"height":125,"caption":"maik"},"logo":{"@id":"https:\/\/truckonline.de\/blog\/wp-content\/uploads\/2019\/12\/logoinnenweiss.png"},"sameAs":["https:\/\/www.facebook.com\/truckblog","https:\/\/www.instagram.com\/truck_online\/","https:\/\/x.com\/https:\/\/twitter.com\/truckblog","https:\/\/www.youtube.com\/user\/truckonline","https:\/\/www.tumblr.com\/truckonline"]}]}},"_links":{"self":[{"href":"https:\/\/truckonline.de\/blog\/wp-json\/wp\/v2\/posts\/11208","targetHints":{"allow":["GET"]}}],"collection":[{"href":"https:\/\/truckonline.de\/blog\/wp-json\/wp\/v2\/posts"}],"about":[{"href":"https:\/\/truckonline.de\/blog\/wp-json\/wp\/v2\/types\/post"}],"author":[{"embeddable":true,"href":"https:\/\/truckonline.de\/blog\/wp-json\/wp\/v2\/users\/3"}],"replies":[{"embeddable":true,"href":"https:\/\/truckonline.de\/blog\/wp-json\/wp\/v2\/comments?post=11208"}],"version-history":[{"count":1,"href":"https:\/\/truckonline.de\/blog\/wp-json\/wp\/v2\/posts\/11208\/revisions"}],"predecessor-version":[{"id":11209,"href":"https:\/\/truckonline.de\/blog\/wp-json\/wp\/v2\/posts\/11208\/revisions\/11209"}],"wp:attachment":[{"href":"https:\/\/truckonline.de\/blog\/wp-json\/wp\/v2\/media?parent=11208"}],"wp:term":[{"taxonomy":"category","embeddable":true,"href":"https:\/\/truckonline.de\/blog\/wp-json\/wp\/v2\/categories?post=11208"},{"taxonomy":"post_tag","embeddable":true,"href":"https:\/\/truckonline.de\/blog\/wp-json\/wp\/v2\/tags?post=11208"}],"curies":[{"name":"wp","href":"https:\/\/api.w.org\/{rel}","templated":true}]}}