{"id":10568,"date":"1999-06-22T18:10:00","date_gmt":"1999-06-22T16:10:00","guid":{"rendered":"https:\/\/truckonline.de\/blog\/?p=10568"},"modified":"2021-08-07T22:12:47","modified_gmt":"2021-08-07T20:12:47","slug":"die-guten-alten-zeiten","status":"publish","type":"post","link":"https:\/\/truckonline.de\/blog\/1999\/06\/22\/die-guten-alten-zeiten\/","title":{"rendered":"Die guten alten Zeiten"},"content":{"rendered":"\n<p>An der Ladestelle hatte ich mich wieder einmal aufgeregt. Was bilden sich diese Lageraffen eigentlich ein. Die sind doch auch nichts besseres als ich. Aber die sitzen nun mal am l\u00e4ngeren Hebel. Um was es eigentlich ging, weiss ich auch nicht mehr. Mir ist es eigentlich egal, zumahl ich in dieser Firma eh nur selten lade.<br><br>Mein \u00c4rger verflog so langsam. Ich war schon l\u00e4ngst auf der Autobahn. Im Radio spielten sie mal wieder die Top Ten rauf und runter, einen anderen Sender zu suchen hat auch keinen Sinn. Manchmal glaube ich, dass sich s\u00e4mtliche Radiostationen absprechen. Die senden alle das Gleiche, schon nehmen sie sich nicht gegenseitig die H\u00f6rer weg.<br><br>Aber mir war das in diesem Augenblick v\u00f6llig egal. Der Verkehrsfunk meldete freie Fahrt, der Verkehr auf der rechten Spur lief trotz \u00dcberholverbot mit guten 85 km\/h und auf der linken Spur war auch wenig Verkehr. Es war Donnerstagnachmittag und ich freute mich auf das Wochenende. Ich erwartete Besuch von einem alten Freund, den ich schon gut zehn Jahre nicht mehr gesehen hatte. Das der Kontakt in all dieser Zeit nicht abriss, lag wohl an unserer Hartn\u00e4ckigkeit. Wir hatten schon lange vorgenommen uns einmal gegenseitig zu besuchen, aber immer wieder kam etwas dazwischen. So blieb uns halt nichts weiter \u00fcbrig, als miteinander zu telefonieren oder Briefe zu schreiben.<br><br>Ich dachte gerade an die &#8222;guten alten Zeiten&#8220;, als ich pl\u00f6tzlich vor mir Warnblinker aufleuchten sah. Ich fluchte wieder einmal auf den Verkehrsfunk uns schaltete mein Funkger\u00e4t an. Ein Kollege erz\u00e4hlte irgendetwas von einem Unfall und das es nicht gut aussehe. Dieser Unfall mu\u00dfte gerade erst passiert sein, denn keine zweihundert Meter vor mir bildete sich eine Menschentraube. Ich stieg ebenfalls aus um zu sehen ob ich helfen konnte.<br><br>An der linken Leitplanke sah ich einen Pkw stehen, der sich um 180 Grad gedreht hatte. Als ich an der Unfallstelle angelangt war, sah ich einen weiteren Pkw, der im Strassengraben lag. Die Menschentraube wurde immer gr\u00f6\u00dfer, aber ausser einem weiteren Lkw &#8211; Fahrer machte keiner Anstalten zu helfen. Dieser Fahrer fragte in diese Menschentraube, ob denn bereits einer den Rettungsdienst verst\u00e4ndigt h\u00e4tte. Er bekam nur ungl\u00e4ubiges Kopfsch\u00fctteln zur Antwort. Schlie\u00dflich rief doch ein dabeistehender Pkw &#8211; Fahrer mit seinem Handy den Rettungsdienst.<br><br>Mit Werkzeug und Eisenstangen versuchten wir zwei den Fahrer des im Strassengraben liegenden Fahrzeuges zu befreien. Uns kamen schlieslich noch weitere Leute zu Hilfe. Wir hatten ihn gerade befreit, als die Feuerwehr eintraff. Ich hinterlies meine Personalien der Polizei. Nach einer Weile wurde der Verkehr an der Unfallstelle vorbeigef\u00fchrt und der Verkehr lief weiter.<br>Einige Wochen sp\u00e4ter kam ich Samstagvormittag mit dem Lkw in meine Spedition. An den Unfall dachte ich schon lange nicht mehr. Auf dem Gel\u00e4nde standen mehrere Fahrzeuge, doch das war nichts ungew\u00f6hnliches. Ich stieg aus und trabte zur Disposition. Im B\u00fcro sah ich erst einmal einen gro\u00dfen Blumenstrauss und dahinter einen etwas schm\u00e4chtigen Mann. Er kam auf mich zu und dr\u00fcckte mir mit einem Dank den Strauss in die Hand und bedankte sich ganz herzlich f\u00fcr die erste Hilfe am Unfallort. Es war der Fahrer des im Graben liegenden Pkw.<br><br>Ich, der noch nicht einmal seiner Frau zum Geburtstag Blumen schenkt, bekam nun selber einen Strauss. Unser Disponent und mehrere Fahrer konnten sich ein Grinsen nicht verkneifen. Aber das war mir in diesem Augenblick v\u00f6llig egal.<br>Ach so, dass Wochenende mit meinem alten Freund war traumhaft. Wir haben uns zwar vorgenommen uns \u00f6fters zu sehen, aber ob wir das wirklich schaffen&#8230;?<\/p>\n","protected":false},"excerpt":{"rendered":"<p>An der Ladestelle hatte ich mich wieder einmal aufgeregt. Was bilden sich diese Lageraffen eigentlich ein. Die sind doch auch nichts besseres als ich. Aber&#8230;<\/p>\n<div class=\"more-link-wrapper\"><a class=\"more-link\" href=\"https:\/\/truckonline.de\/blog\/1999\/06\/22\/die-guten-alten-zeiten\/\">Sie haben Ihr Ziel fast erreicht.<span class=\"screen-reader-text\">Die guten alten Zeiten<\/span><\/a><\/div>\n","protected":false},"author":3,"featured_media":0,"comment_status":"open","ping_status":"open","sticky":false,"template":"","format":"standard","meta":{"iawp_total_views":1,"_metis_text_type":"","_metis_text_length":0,"_post_count":0,"footnotes":""},"categories":[52],"tags":[2157,1890],"class_list":["post-10568","post","type-post","status-publish","format-standard","hentry","category-unfall","tag-damals","tag-unfall","ratio-2-1","entry"],"yoast_head":"<!-- This site is optimized with the Yoast SEO plugin v27.4 - https:\/\/yoast.com\/product\/yoast-seo-wordpress\/ -->\n<title>Die guten alten Zeiten | TruckOnline.de<\/title>\n<meta name=\"description\" content=\"An der Ladestelle hatte ich mich wieder einmal aufgeregt. Was bilden sich diese Lageraffen eigentlich ein. Die sind doch auch nichts besseres als ich.\" \/>\n<meta name=\"robots\" content=\"index, follow, max-snippet:-1, max-image-preview:large, max-video-preview:-1\" \/>\n<link rel=\"canonical\" href=\"https:\/\/truckonline.de\/blog\/1999\/06\/22\/die-guten-alten-zeiten\/\" \/>\n<meta property=\"og:locale\" content=\"de_DE\" \/>\n<meta property=\"og:type\" content=\"article\" \/>\n<meta property=\"og:title\" content=\"Die guten alten Zeiten | TruckOnline.de\" \/>\n<meta property=\"og:url\" content=\"https:\/\/truckonline.de\/blog\/1999\/06\/22\/die-guten-alten-zeiten\/\" \/>\n<meta property=\"og:site_name\" content=\"TruckOnline.de\" \/>\n<meta property=\"article:publisher\" content=\"https:\/\/www.facebook.com\/truckblog\" \/>\n<meta property=\"article:author\" content=\"https:\/\/www.facebook.com\/truckblog\" \/>\n<meta property=\"article:published_time\" content=\"1999-06-22T16:10:00+00:00\" \/>\n<meta property=\"article:modified_time\" content=\"2021-08-07T20:12:47+00:00\" \/>\n<meta property=\"og:image\" content=\"https:\/\/truckonline.de\/blog\/wp-content\/uploads\/2019\/12\/IMG_20191229_225424-scaled.jpg\" \/>\n\t<meta property=\"og:image:width\" content=\"2560\" \/>\n\t<meta property=\"og:image:height\" content=\"1920\" \/>\n\t<meta property=\"og:image:type\" content=\"image\/jpeg\" \/>\n<meta name=\"author\" content=\"maik\" \/>\n<meta name=\"twitter:card\" content=\"summary_large_image\" \/>\n<meta name=\"twitter:creator\" content=\"@https:\/\/twitter.com\/truckblog\" \/>\n<meta name=\"twitter:site\" content=\"@truckblog\" \/>\n<meta name=\"twitter:label1\" content=\"Verfasst von\" \/>\n\t<meta name=\"twitter:data1\" content=\"maik\" \/>\n\t<meta name=\"twitter:label2\" content=\"Gesch\u00e4tzte Lesezeit\" \/>\n\t<meta name=\"twitter:data2\" content=\"3\u00a0Minuten\" \/>\n<script type=\"application\/ld+json\" class=\"yoast-schema-graph\">{\"@context\":\"https:\\\/\\\/schema.org\",\"@graph\":[{\"@type\":\"Article\",\"@id\":\"https:\\\/\\\/truckonline.de\\\/blog\\\/1999\\\/06\\\/22\\\/die-guten-alten-zeiten\\\/#article\",\"isPartOf\":{\"@id\":\"https:\\\/\\\/truckonline.de\\\/blog\\\/1999\\\/06\\\/22\\\/die-guten-alten-zeiten\\\/\"},\"author\":{\"name\":\"maik\",\"@id\":\"https:\\\/\\\/truckonline.de\\\/blog\\\/#\\\/schema\\\/person\\\/4cb59b86ffde81f882f56439688fda19\"},\"headline\":\"Die guten alten Zeiten\",\"datePublished\":\"1999-06-22T16:10:00+00:00\",\"dateModified\":\"2021-08-07T20:12:47+00:00\",\"mainEntityOfPage\":{\"@id\":\"https:\\\/\\\/truckonline.de\\\/blog\\\/1999\\\/06\\\/22\\\/die-guten-alten-zeiten\\\/\"},\"wordCount\":605,\"commentCount\":0,\"publisher\":{\"@id\":\"https:\\\/\\\/truckonline.de\\\/blog\\\/#\\\/schema\\\/person\\\/4cb59b86ffde81f882f56439688fda19\"},\"keywords\":[\"Damals\",\"Unfall\"],\"articleSection\":[\"Unfall\"],\"inLanguage\":\"de\",\"potentialAction\":[{\"@type\":\"CommentAction\",\"name\":\"Comment\",\"target\":[\"https:\\\/\\\/truckonline.de\\\/blog\\\/1999\\\/06\\\/22\\\/die-guten-alten-zeiten\\\/#respond\"]}]},{\"@type\":\"WebPage\",\"@id\":\"https:\\\/\\\/truckonline.de\\\/blog\\\/1999\\\/06\\\/22\\\/die-guten-alten-zeiten\\\/\",\"url\":\"https:\\\/\\\/truckonline.de\\\/blog\\\/1999\\\/06\\\/22\\\/die-guten-alten-zeiten\\\/\",\"name\":\"Die guten alten Zeiten | TruckOnline.de\",\"isPartOf\":{\"@id\":\"https:\\\/\\\/truckonline.de\\\/blog\\\/#website\"},\"datePublished\":\"1999-06-22T16:10:00+00:00\",\"dateModified\":\"2021-08-07T20:12:47+00:00\",\"description\":\"An der Ladestelle hatte ich mich wieder einmal aufgeregt. Was bilden sich diese Lageraffen eigentlich ein. Die sind doch auch nichts besseres als ich.\",\"breadcrumb\":{\"@id\":\"https:\\\/\\\/truckonline.de\\\/blog\\\/1999\\\/06\\\/22\\\/die-guten-alten-zeiten\\\/#breadcrumb\"},\"inLanguage\":\"de\",\"potentialAction\":[{\"@type\":\"ReadAction\",\"target\":[\"https:\\\/\\\/truckonline.de\\\/blog\\\/1999\\\/06\\\/22\\\/die-guten-alten-zeiten\\\/\"]}]},{\"@type\":\"BreadcrumbList\",\"@id\":\"https:\\\/\\\/truckonline.de\\\/blog\\\/1999\\\/06\\\/22\\\/die-guten-alten-zeiten\\\/#breadcrumb\",\"itemListElement\":[{\"@type\":\"ListItem\",\"position\":1,\"name\":\"Startseite\",\"item\":\"https:\\\/\\\/truckonline.de\\\/blog\\\/\"},{\"@type\":\"ListItem\",\"position\":2,\"name\":\"Die guten alten Zeiten\"}]},{\"@type\":\"WebSite\",\"@id\":\"https:\\\/\\\/truckonline.de\\\/blog\\\/#website\",\"url\":\"https:\\\/\\\/truckonline.de\\\/blog\\\/\",\"name\":\"TruckOnline.de\",\"description\":\"\",\"publisher\":{\"@id\":\"https:\\\/\\\/truckonline.de\\\/blog\\\/#\\\/schema\\\/person\\\/4cb59b86ffde81f882f56439688fda19\"},\"potentialAction\":[{\"@type\":\"SearchAction\",\"target\":{\"@type\":\"EntryPoint\",\"urlTemplate\":\"https:\\\/\\\/truckonline.de\\\/blog\\\/?s={search_term_string}\"},\"query-input\":{\"@type\":\"PropertyValueSpecification\",\"valueRequired\":true,\"valueName\":\"search_term_string\"}}],\"inLanguage\":\"de\"},{\"@type\":[\"Person\",\"Organization\"],\"@id\":\"https:\\\/\\\/truckonline.de\\\/blog\\\/#\\\/schema\\\/person\\\/4cb59b86ffde81f882f56439688fda19\",\"name\":\"maik\",\"image\":{\"@type\":\"ImageObject\",\"inLanguage\":\"de\",\"@id\":\"https:\\\/\\\/truckonline.de\\\/blog\\\/wp-content\\\/uploads\\\/2019\\\/12\\\/logoinnenweiss.png\",\"url\":\"https:\\\/\\\/truckonline.de\\\/blog\\\/wp-content\\\/uploads\\\/2019\\\/12\\\/logoinnenweiss.png\",\"contentUrl\":\"https:\\\/\\\/truckonline.de\\\/blog\\\/wp-content\\\/uploads\\\/2019\\\/12\\\/logoinnenweiss.png\",\"width\":733,\"height\":125,\"caption\":\"maik\"},\"logo\":{\"@id\":\"https:\\\/\\\/truckonline.de\\\/blog\\\/wp-content\\\/uploads\\\/2019\\\/12\\\/logoinnenweiss.png\"},\"sameAs\":[\"https:\\\/\\\/www.facebook.com\\\/truckblog\",\"https:\\\/\\\/www.instagram.com\\\/truck_online\\\/\",\"https:\\\/\\\/x.com\\\/https:\\\/\\\/twitter.com\\\/truckblog\",\"https:\\\/\\\/www.youtube.com\\\/user\\\/truckonline\",\"https:\\\/\\\/www.tumblr.com\\\/truckonline\"]}]}<\/script>\n<!-- \/ Yoast SEO plugin. -->","yoast_head_json":{"title":"Die guten alten Zeiten | TruckOnline.de","description":"An der Ladestelle hatte ich mich wieder einmal aufgeregt. Was bilden sich diese Lageraffen eigentlich ein. Die sind doch auch nichts besseres als ich.","robots":{"index":"index","follow":"follow","max-snippet":"max-snippet:-1","max-image-preview":"max-image-preview:large","max-video-preview":"max-video-preview:-1"},"canonical":"https:\/\/truckonline.de\/blog\/1999\/06\/22\/die-guten-alten-zeiten\/","og_locale":"de_DE","og_type":"article","og_title":"Die guten alten Zeiten | TruckOnline.de","og_url":"https:\/\/truckonline.de\/blog\/1999\/06\/22\/die-guten-alten-zeiten\/","og_site_name":"TruckOnline.de","article_publisher":"https:\/\/www.facebook.com\/truckblog","article_author":"https:\/\/www.facebook.com\/truckblog","article_published_time":"1999-06-22T16:10:00+00:00","article_modified_time":"2021-08-07T20:12:47+00:00","og_image":[{"width":2560,"height":1920,"url":"https:\/\/truckonline.de\/blog\/wp-content\/uploads\/2019\/12\/IMG_20191229_225424-scaled.jpg","type":"image\/jpeg"}],"author":"maik","twitter_card":"summary_large_image","twitter_creator":"@https:\/\/twitter.com\/truckblog","twitter_site":"@truckblog","twitter_misc":{"Verfasst von":"maik","Gesch\u00e4tzte Lesezeit":"3\u00a0Minuten"},"schema":{"@context":"https:\/\/schema.org","@graph":[{"@type":"Article","@id":"https:\/\/truckonline.de\/blog\/1999\/06\/22\/die-guten-alten-zeiten\/#article","isPartOf":{"@id":"https:\/\/truckonline.de\/blog\/1999\/06\/22\/die-guten-alten-zeiten\/"},"author":{"name":"maik","@id":"https:\/\/truckonline.de\/blog\/#\/schema\/person\/4cb59b86ffde81f882f56439688fda19"},"headline":"Die guten alten Zeiten","datePublished":"1999-06-22T16:10:00+00:00","dateModified":"2021-08-07T20:12:47+00:00","mainEntityOfPage":{"@id":"https:\/\/truckonline.de\/blog\/1999\/06\/22\/die-guten-alten-zeiten\/"},"wordCount":605,"commentCount":0,"publisher":{"@id":"https:\/\/truckonline.de\/blog\/#\/schema\/person\/4cb59b86ffde81f882f56439688fda19"},"keywords":["Damals","Unfall"],"articleSection":["Unfall"],"inLanguage":"de","potentialAction":[{"@type":"CommentAction","name":"Comment","target":["https:\/\/truckonline.de\/blog\/1999\/06\/22\/die-guten-alten-zeiten\/#respond"]}]},{"@type":"WebPage","@id":"https:\/\/truckonline.de\/blog\/1999\/06\/22\/die-guten-alten-zeiten\/","url":"https:\/\/truckonline.de\/blog\/1999\/06\/22\/die-guten-alten-zeiten\/","name":"Die guten alten Zeiten | TruckOnline.de","isPartOf":{"@id":"https:\/\/truckonline.de\/blog\/#website"},"datePublished":"1999-06-22T16:10:00+00:00","dateModified":"2021-08-07T20:12:47+00:00","description":"An der Ladestelle hatte ich mich wieder einmal aufgeregt. Was bilden sich diese Lageraffen eigentlich ein. Die sind doch auch nichts besseres als ich.","breadcrumb":{"@id":"https:\/\/truckonline.de\/blog\/1999\/06\/22\/die-guten-alten-zeiten\/#breadcrumb"},"inLanguage":"de","potentialAction":[{"@type":"ReadAction","target":["https:\/\/truckonline.de\/blog\/1999\/06\/22\/die-guten-alten-zeiten\/"]}]},{"@type":"BreadcrumbList","@id":"https:\/\/truckonline.de\/blog\/1999\/06\/22\/die-guten-alten-zeiten\/#breadcrumb","itemListElement":[{"@type":"ListItem","position":1,"name":"Startseite","item":"https:\/\/truckonline.de\/blog\/"},{"@type":"ListItem","position":2,"name":"Die guten alten Zeiten"}]},{"@type":"WebSite","@id":"https:\/\/truckonline.de\/blog\/#website","url":"https:\/\/truckonline.de\/blog\/","name":"TruckOnline.de","description":"","publisher":{"@id":"https:\/\/truckonline.de\/blog\/#\/schema\/person\/4cb59b86ffde81f882f56439688fda19"},"potentialAction":[{"@type":"SearchAction","target":{"@type":"EntryPoint","urlTemplate":"https:\/\/truckonline.de\/blog\/?s={search_term_string}"},"query-input":{"@type":"PropertyValueSpecification","valueRequired":true,"valueName":"search_term_string"}}],"inLanguage":"de"},{"@type":["Person","Organization"],"@id":"https:\/\/truckonline.de\/blog\/#\/schema\/person\/4cb59b86ffde81f882f56439688fda19","name":"maik","image":{"@type":"ImageObject","inLanguage":"de","@id":"https:\/\/truckonline.de\/blog\/wp-content\/uploads\/2019\/12\/logoinnenweiss.png","url":"https:\/\/truckonline.de\/blog\/wp-content\/uploads\/2019\/12\/logoinnenweiss.png","contentUrl":"https:\/\/truckonline.de\/blog\/wp-content\/uploads\/2019\/12\/logoinnenweiss.png","width":733,"height":125,"caption":"maik"},"logo":{"@id":"https:\/\/truckonline.de\/blog\/wp-content\/uploads\/2019\/12\/logoinnenweiss.png"},"sameAs":["https:\/\/www.facebook.com\/truckblog","https:\/\/www.instagram.com\/truck_online\/","https:\/\/x.com\/https:\/\/twitter.com\/truckblog","https:\/\/www.youtube.com\/user\/truckonline","https:\/\/www.tumblr.com\/truckonline"]}]}},"_links":{"self":[{"href":"https:\/\/truckonline.de\/blog\/wp-json\/wp\/v2\/posts\/10568","targetHints":{"allow":["GET"]}}],"collection":[{"href":"https:\/\/truckonline.de\/blog\/wp-json\/wp\/v2\/posts"}],"about":[{"href":"https:\/\/truckonline.de\/blog\/wp-json\/wp\/v2\/types\/post"}],"author":[{"embeddable":true,"href":"https:\/\/truckonline.de\/blog\/wp-json\/wp\/v2\/users\/3"}],"replies":[{"embeddable":true,"href":"https:\/\/truckonline.de\/blog\/wp-json\/wp\/v2\/comments?post=10568"}],"version-history":[{"count":1,"href":"https:\/\/truckonline.de\/blog\/wp-json\/wp\/v2\/posts\/10568\/revisions"}],"predecessor-version":[{"id":10569,"href":"https:\/\/truckonline.de\/blog\/wp-json\/wp\/v2\/posts\/10568\/revisions\/10569"}],"wp:attachment":[{"href":"https:\/\/truckonline.de\/blog\/wp-json\/wp\/v2\/media?parent=10568"}],"wp:term":[{"taxonomy":"category","embeddable":true,"href":"https:\/\/truckonline.de\/blog\/wp-json\/wp\/v2\/categories?post=10568"},{"taxonomy":"post_tag","embeddable":true,"href":"https:\/\/truckonline.de\/blog\/wp-json\/wp\/v2\/tags?post=10568"}],"curies":[{"name":"wp","href":"https:\/\/api.w.org\/{rel}","templated":true}]}}