{"id":1049,"date":"2009-11-15T10:00:28","date_gmt":"2009-11-15T09:00:28","guid":{"rendered":"https:\/\/truckonline.de\/blog\/?p=1049"},"modified":"2009-11-15T10:00:28","modified_gmt":"2009-11-15T09:00:28","slug":"ein-aussergewoehnliches-projekt","status":"publish","type":"post","link":"https:\/\/truckonline.de\/blog\/2009\/11\/15\/ein-aussergewoehnliches-projekt\/","title":{"rendered":"Ein au\u00dfergew\u00f6hnliches Projekt"},"content":{"rendered":"<p>Bei <a href=\"https:\/\/de.wikipedia.org\/\">Wikipedia<\/a> liest man folgendes \u00fcber <a href=\"https:\/\/de.wikipedia.org\/wiki\/E%C5%9Fref_Arma%C4%9Fan\">Esref Armagan<\/a>:<\/p>\n<blockquote><p>Der K\u00fcnstler, der zusammen mit einem Bruder in kleinb\u00fcrgerlichen Verh\u00e4ltnissen aufwuchs, ist von Geburt an blind, malt Objekte und Lebewesen aber wie ein Sehender. Bereits im Alter von sechs Jahren fertigte er die ersten Zeichnungen mit Bleistift an und ritzte mit N\u00e4geln Figuren in Karton.<br \/>\nSein Vater, der die Begabung seines Sohnes fr\u00fch erkannte, kaufte ihm Spielzeugminiaturen von Menschen, Fahrzeugen und H\u00e4usern, die E\u015fref Arma\u011fan ertastete und anschlie\u00dfend zeichnete. Diese Technik des Tastens wendet er noch heute an.<\/p><\/blockquote>\n<p>Esref Armagan gilt als wissenschaftliches Ph\u00e4nomen und wichtige Figur in der modernen Geschichte der Malerei. Um die Formen seiner gemalten Objekte zu erfassen, nutzt Armagan den Tastsinn seiner H\u00e4nde und weitere Sinneswahrnehmungen. So hat er bereits die verschiedensten Motive gemalt \u2013 von historischen Geb\u00e4uden \u00fcber maritime Objekte und Blumen bis zum Portr\u00e4t des ehemaligen US-Pr\u00e4sidenten Bill Clinton.<br \/>\nJetzt hat er den neuen S60, laut Volvo das aufregenste Auto der Firmengeschichte, mit seinen H\u00e4nden ertastet und gezeichnet. <\/p>\n<p>Bisher hat den neuen S60 niemand erblickt. Er bleibt bis zur Premiere im n\u00e4chstes Jahr unter absoluten Verschlu\u00df.<br \/>\nDiesen Herbst jedoch wurde dem blinden K\u00fcnstler erlaubt, den neuen Volvo zu erleben. Dazu wurde Esref Armagan nach G\u00f6teburg, in den Hauptsitz Volvos, eingeladen.<br \/>\nDort traf Armagan auch mit Volvo Design Director Peter Horbury zusammen. <em>\u201eIch bin stolz auf den neuen Volvo S60. Kein anderer Volvo zuvor hatte eine so dynamische, skulpturartige Form, die zudem noch sehr emotional ist. Auch deshalb war es f\u00fcr uns so faszinierend, dieses neue Fahrzeug einem blinden K\u00fcnstler vorzustellen\u201d<\/em>, sagt Horbury.<\/p>\n<p>Im Oktober hat Volvo ein Video ver\u00f6ffentlicht, welches die k\u00fcnstlerische Arbeit von Esref Armagan zeigt. Zus\u00e4tzlich hat man die M\u00f6glichkeit, auf der <a href=\"https:\/\/www.facebook.com\/volvo\">Facebook &#8211; Seite<\/a> von Volvo Vorschl\u00e4ge zu machen, welche Teile der K\u00fcnstler zeichnen soll.<\/p>\n<p><center><!-- EMBED CODE START --><br \/>\n<script type=\"text\/javascript\" src=\"https:\/\/www.diffusion-tracker.com\/includes\/js\/swfobject.js\"><\/script><br \/>\n<script type=\"text\/javascript\" src=\"https:\/\/www.diffusion-tracker.com\/embed\/embed.js?a=qam&#038;t=qjm&#038;p=a\"><\/script><br \/>\n<!-- EMBED CODE END --><\/center><\/p>\n","protected":false},"excerpt":{"rendered":"<p>Bei Wikipedia liest man folgendes \u00fcber Esref Armagan: Der K\u00fcnstler, der zusammen mit einem Bruder in kleinb\u00fcrgerlichen Verh\u00e4ltnissen aufwuchs, ist von Geburt an blind, malt&#8230;<\/p>\n<div class=\"more-link-wrapper\"><a class=\"more-link\" href=\"https:\/\/truckonline.de\/blog\/2009\/11\/15\/ein-aussergewoehnliches-projekt\/\">Sie haben Ihr Ziel fast erreicht.<span class=\"screen-reader-text\">Ein au\u00dfergew\u00f6hnliches Projekt<\/span><\/a><\/div>\n","protected":false},"author":3,"featured_media":0,"comment_status":"open","ping_status":"open","sticky":false,"template":"","format":"standard","meta":{"iawp_total_views":0,"_metis_text_type":"","_metis_text_length":0,"_post_count":0,"footnotes":""},"categories":[1,55],"tags":[1211,163],"class_list":["post-1049","post","type-post","status-publish","format-standard","hentry","category-allgemeines","category-bilder","tag-kuenstler","tag-volvo","ratio-2-1","entry"],"yoast_head":"<!-- This site is optimized with the Yoast SEO plugin v27.4 - https:\/\/yoast.com\/product\/yoast-seo-wordpress\/ -->\n<title>Ein au\u00dfergew\u00f6hnliches Projekt | TruckOnline.de<\/title>\n<meta name=\"description\" content=\"Bei Wikipedia liest man folgendes \u00fcber Esref Armagan: Der K\u00fcnstler, der zusammen mit einem Bruder in kleinb\u00fcrgerlichen Verh\u00e4ltnissen aufwuchs, ist von\" \/>\n<meta name=\"robots\" content=\"index, follow, max-snippet:-1, max-image-preview:large, max-video-preview:-1\" \/>\n<link rel=\"canonical\" href=\"https:\/\/truckonline.de\/blog\/2009\/11\/15\/ein-aussergewoehnliches-projekt\/\" \/>\n<meta property=\"og:locale\" content=\"de_DE\" \/>\n<meta property=\"og:type\" content=\"article\" \/>\n<meta property=\"og:title\" content=\"Ein au\u00dfergew\u00f6hnliches Projekt | TruckOnline.de\" \/>\n<meta property=\"og:url\" content=\"https:\/\/truckonline.de\/blog\/2009\/11\/15\/ein-aussergewoehnliches-projekt\/\" \/>\n<meta property=\"og:site_name\" content=\"TruckOnline.de\" \/>\n<meta property=\"article:publisher\" content=\"https:\/\/www.facebook.com\/truckblog\" \/>\n<meta property=\"article:author\" content=\"https:\/\/www.facebook.com\/truckblog\" \/>\n<meta property=\"article:published_time\" content=\"2009-11-15T09:00:28+00:00\" \/>\n<meta property=\"og:image\" content=\"https:\/\/truckonline.de\/blog\/wp-content\/uploads\/2019\/12\/IMG_20191229_225424-scaled.jpg\" \/>\n\t<meta property=\"og:image:width\" content=\"2560\" \/>\n\t<meta property=\"og:image:height\" content=\"1920\" \/>\n\t<meta property=\"og:image:type\" content=\"image\/jpeg\" \/>\n<meta name=\"author\" content=\"maik\" \/>\n<meta name=\"twitter:card\" content=\"summary_large_image\" \/>\n<meta name=\"twitter:creator\" content=\"@https:\/\/twitter.com\/truckblog\" \/>\n<meta name=\"twitter:site\" content=\"@truckblog\" \/>\n<meta name=\"twitter:label1\" content=\"Verfasst von\" \/>\n\t<meta name=\"twitter:data1\" content=\"maik\" \/>\n\t<meta name=\"twitter:label2\" content=\"Gesch\u00e4tzte Lesezeit\" \/>\n\t<meta name=\"twitter:data2\" content=\"2\u00a0Minuten\" \/>\n<script type=\"application\/ld+json\" class=\"yoast-schema-graph\">{\"@context\":\"https:\\\/\\\/schema.org\",\"@graph\":[{\"@type\":\"Article\",\"@id\":\"https:\\\/\\\/truckonline.de\\\/blog\\\/2009\\\/11\\\/15\\\/ein-aussergewoehnliches-projekt\\\/#article\",\"isPartOf\":{\"@id\":\"https:\\\/\\\/truckonline.de\\\/blog\\\/2009\\\/11\\\/15\\\/ein-aussergewoehnliches-projekt\\\/\"},\"author\":{\"name\":\"maik\",\"@id\":\"https:\\\/\\\/truckonline.de\\\/blog\\\/#\\\/schema\\\/person\\\/4cb59b86ffde81f882f56439688fda19\"},\"headline\":\"Ein au\u00dfergew\u00f6hnliches Projekt\",\"datePublished\":\"2009-11-15T09:00:28+00:00\",\"mainEntityOfPage\":{\"@id\":\"https:\\\/\\\/truckonline.de\\\/blog\\\/2009\\\/11\\\/15\\\/ein-aussergewoehnliches-projekt\\\/\"},\"wordCount\":322,\"commentCount\":0,\"publisher\":{\"@id\":\"https:\\\/\\\/truckonline.de\\\/blog\\\/#\\\/schema\\\/person\\\/4cb59b86ffde81f882f56439688fda19\"},\"keywords\":[\"K\u00fcnstler\",\"Volvo\"],\"articleSection\":[\"Allgemeines\",\"Bilder\"],\"inLanguage\":\"de\",\"potentialAction\":[{\"@type\":\"CommentAction\",\"name\":\"Comment\",\"target\":[\"https:\\\/\\\/truckonline.de\\\/blog\\\/2009\\\/11\\\/15\\\/ein-aussergewoehnliches-projekt\\\/#respond\"]}]},{\"@type\":\"WebPage\",\"@id\":\"https:\\\/\\\/truckonline.de\\\/blog\\\/2009\\\/11\\\/15\\\/ein-aussergewoehnliches-projekt\\\/\",\"url\":\"https:\\\/\\\/truckonline.de\\\/blog\\\/2009\\\/11\\\/15\\\/ein-aussergewoehnliches-projekt\\\/\",\"name\":\"Ein au\u00dfergew\u00f6hnliches Projekt | TruckOnline.de\",\"isPartOf\":{\"@id\":\"https:\\\/\\\/truckonline.de\\\/blog\\\/#website\"},\"datePublished\":\"2009-11-15T09:00:28+00:00\",\"description\":\"Bei Wikipedia liest man folgendes \u00fcber Esref Armagan: Der K\u00fcnstler, der zusammen mit einem Bruder in kleinb\u00fcrgerlichen Verh\u00e4ltnissen aufwuchs, ist von\",\"breadcrumb\":{\"@id\":\"https:\\\/\\\/truckonline.de\\\/blog\\\/2009\\\/11\\\/15\\\/ein-aussergewoehnliches-projekt\\\/#breadcrumb\"},\"inLanguage\":\"de\",\"potentialAction\":[{\"@type\":\"ReadAction\",\"target\":[\"https:\\\/\\\/truckonline.de\\\/blog\\\/2009\\\/11\\\/15\\\/ein-aussergewoehnliches-projekt\\\/\"]}]},{\"@type\":\"BreadcrumbList\",\"@id\":\"https:\\\/\\\/truckonline.de\\\/blog\\\/2009\\\/11\\\/15\\\/ein-aussergewoehnliches-projekt\\\/#breadcrumb\",\"itemListElement\":[{\"@type\":\"ListItem\",\"position\":1,\"name\":\"Startseite\",\"item\":\"https:\\\/\\\/truckonline.de\\\/blog\\\/\"},{\"@type\":\"ListItem\",\"position\":2,\"name\":\"Ein au\u00dfergew\u00f6hnliches Projekt\"}]},{\"@type\":\"WebSite\",\"@id\":\"https:\\\/\\\/truckonline.de\\\/blog\\\/#website\",\"url\":\"https:\\\/\\\/truckonline.de\\\/blog\\\/\",\"name\":\"TruckOnline.de\",\"description\":\"\",\"publisher\":{\"@id\":\"https:\\\/\\\/truckonline.de\\\/blog\\\/#\\\/schema\\\/person\\\/4cb59b86ffde81f882f56439688fda19\"},\"potentialAction\":[{\"@type\":\"SearchAction\",\"target\":{\"@type\":\"EntryPoint\",\"urlTemplate\":\"https:\\\/\\\/truckonline.de\\\/blog\\\/?s={search_term_string}\"},\"query-input\":{\"@type\":\"PropertyValueSpecification\",\"valueRequired\":true,\"valueName\":\"search_term_string\"}}],\"inLanguage\":\"de\"},{\"@type\":[\"Person\",\"Organization\"],\"@id\":\"https:\\\/\\\/truckonline.de\\\/blog\\\/#\\\/schema\\\/person\\\/4cb59b86ffde81f882f56439688fda19\",\"name\":\"maik\",\"image\":{\"@type\":\"ImageObject\",\"inLanguage\":\"de\",\"@id\":\"https:\\\/\\\/truckonline.de\\\/blog\\\/wp-content\\\/uploads\\\/2019\\\/12\\\/logoinnenweiss.png\",\"url\":\"https:\\\/\\\/truckonline.de\\\/blog\\\/wp-content\\\/uploads\\\/2019\\\/12\\\/logoinnenweiss.png\",\"contentUrl\":\"https:\\\/\\\/truckonline.de\\\/blog\\\/wp-content\\\/uploads\\\/2019\\\/12\\\/logoinnenweiss.png\",\"width\":733,\"height\":125,\"caption\":\"maik\"},\"logo\":{\"@id\":\"https:\\\/\\\/truckonline.de\\\/blog\\\/wp-content\\\/uploads\\\/2019\\\/12\\\/logoinnenweiss.png\"},\"sameAs\":[\"https:\\\/\\\/www.facebook.com\\\/truckblog\",\"https:\\\/\\\/www.instagram.com\\\/truck_online\\\/\",\"https:\\\/\\\/x.com\\\/https:\\\/\\\/twitter.com\\\/truckblog\",\"https:\\\/\\\/www.youtube.com\\\/user\\\/truckonline\",\"https:\\\/\\\/www.tumblr.com\\\/truckonline\"]}]}<\/script>\n<!-- \/ Yoast SEO plugin. -->","yoast_head_json":{"title":"Ein au\u00dfergew\u00f6hnliches Projekt | TruckOnline.de","description":"Bei Wikipedia liest man folgendes \u00fcber Esref Armagan: Der K\u00fcnstler, der zusammen mit einem Bruder in kleinb\u00fcrgerlichen Verh\u00e4ltnissen aufwuchs, ist von","robots":{"index":"index","follow":"follow","max-snippet":"max-snippet:-1","max-image-preview":"max-image-preview:large","max-video-preview":"max-video-preview:-1"},"canonical":"https:\/\/truckonline.de\/blog\/2009\/11\/15\/ein-aussergewoehnliches-projekt\/","og_locale":"de_DE","og_type":"article","og_title":"Ein au\u00dfergew\u00f6hnliches Projekt | TruckOnline.de","og_url":"https:\/\/truckonline.de\/blog\/2009\/11\/15\/ein-aussergewoehnliches-projekt\/","og_site_name":"TruckOnline.de","article_publisher":"https:\/\/www.facebook.com\/truckblog","article_author":"https:\/\/www.facebook.com\/truckblog","article_published_time":"2009-11-15T09:00:28+00:00","og_image":[{"width":2560,"height":1920,"url":"https:\/\/truckonline.de\/blog\/wp-content\/uploads\/2019\/12\/IMG_20191229_225424-scaled.jpg","type":"image\/jpeg"}],"author":"maik","twitter_card":"summary_large_image","twitter_creator":"@https:\/\/twitter.com\/truckblog","twitter_site":"@truckblog","twitter_misc":{"Verfasst von":"maik","Gesch\u00e4tzte Lesezeit":"2\u00a0Minuten"},"schema":{"@context":"https:\/\/schema.org","@graph":[{"@type":"Article","@id":"https:\/\/truckonline.de\/blog\/2009\/11\/15\/ein-aussergewoehnliches-projekt\/#article","isPartOf":{"@id":"https:\/\/truckonline.de\/blog\/2009\/11\/15\/ein-aussergewoehnliches-projekt\/"},"author":{"name":"maik","@id":"https:\/\/truckonline.de\/blog\/#\/schema\/person\/4cb59b86ffde81f882f56439688fda19"},"headline":"Ein au\u00dfergew\u00f6hnliches Projekt","datePublished":"2009-11-15T09:00:28+00:00","mainEntityOfPage":{"@id":"https:\/\/truckonline.de\/blog\/2009\/11\/15\/ein-aussergewoehnliches-projekt\/"},"wordCount":322,"commentCount":0,"publisher":{"@id":"https:\/\/truckonline.de\/blog\/#\/schema\/person\/4cb59b86ffde81f882f56439688fda19"},"keywords":["K\u00fcnstler","Volvo"],"articleSection":["Allgemeines","Bilder"],"inLanguage":"de","potentialAction":[{"@type":"CommentAction","name":"Comment","target":["https:\/\/truckonline.de\/blog\/2009\/11\/15\/ein-aussergewoehnliches-projekt\/#respond"]}]},{"@type":"WebPage","@id":"https:\/\/truckonline.de\/blog\/2009\/11\/15\/ein-aussergewoehnliches-projekt\/","url":"https:\/\/truckonline.de\/blog\/2009\/11\/15\/ein-aussergewoehnliches-projekt\/","name":"Ein au\u00dfergew\u00f6hnliches Projekt | TruckOnline.de","isPartOf":{"@id":"https:\/\/truckonline.de\/blog\/#website"},"datePublished":"2009-11-15T09:00:28+00:00","description":"Bei Wikipedia liest man folgendes \u00fcber Esref Armagan: Der K\u00fcnstler, der zusammen mit einem Bruder in kleinb\u00fcrgerlichen Verh\u00e4ltnissen aufwuchs, ist von","breadcrumb":{"@id":"https:\/\/truckonline.de\/blog\/2009\/11\/15\/ein-aussergewoehnliches-projekt\/#breadcrumb"},"inLanguage":"de","potentialAction":[{"@type":"ReadAction","target":["https:\/\/truckonline.de\/blog\/2009\/11\/15\/ein-aussergewoehnliches-projekt\/"]}]},{"@type":"BreadcrumbList","@id":"https:\/\/truckonline.de\/blog\/2009\/11\/15\/ein-aussergewoehnliches-projekt\/#breadcrumb","itemListElement":[{"@type":"ListItem","position":1,"name":"Startseite","item":"https:\/\/truckonline.de\/blog\/"},{"@type":"ListItem","position":2,"name":"Ein au\u00dfergew\u00f6hnliches Projekt"}]},{"@type":"WebSite","@id":"https:\/\/truckonline.de\/blog\/#website","url":"https:\/\/truckonline.de\/blog\/","name":"TruckOnline.de","description":"","publisher":{"@id":"https:\/\/truckonline.de\/blog\/#\/schema\/person\/4cb59b86ffde81f882f56439688fda19"},"potentialAction":[{"@type":"SearchAction","target":{"@type":"EntryPoint","urlTemplate":"https:\/\/truckonline.de\/blog\/?s={search_term_string}"},"query-input":{"@type":"PropertyValueSpecification","valueRequired":true,"valueName":"search_term_string"}}],"inLanguage":"de"},{"@type":["Person","Organization"],"@id":"https:\/\/truckonline.de\/blog\/#\/schema\/person\/4cb59b86ffde81f882f56439688fda19","name":"maik","image":{"@type":"ImageObject","inLanguage":"de","@id":"https:\/\/truckonline.de\/blog\/wp-content\/uploads\/2019\/12\/logoinnenweiss.png","url":"https:\/\/truckonline.de\/blog\/wp-content\/uploads\/2019\/12\/logoinnenweiss.png","contentUrl":"https:\/\/truckonline.de\/blog\/wp-content\/uploads\/2019\/12\/logoinnenweiss.png","width":733,"height":125,"caption":"maik"},"logo":{"@id":"https:\/\/truckonline.de\/blog\/wp-content\/uploads\/2019\/12\/logoinnenweiss.png"},"sameAs":["https:\/\/www.facebook.com\/truckblog","https:\/\/www.instagram.com\/truck_online\/","https:\/\/x.com\/https:\/\/twitter.com\/truckblog","https:\/\/www.youtube.com\/user\/truckonline","https:\/\/www.tumblr.com\/truckonline"]}]}},"_links":{"self":[{"href":"https:\/\/truckonline.de\/blog\/wp-json\/wp\/v2\/posts\/1049","targetHints":{"allow":["GET"]}}],"collection":[{"href":"https:\/\/truckonline.de\/blog\/wp-json\/wp\/v2\/posts"}],"about":[{"href":"https:\/\/truckonline.de\/blog\/wp-json\/wp\/v2\/types\/post"}],"author":[{"embeddable":true,"href":"https:\/\/truckonline.de\/blog\/wp-json\/wp\/v2\/users\/3"}],"replies":[{"embeddable":true,"href":"https:\/\/truckonline.de\/blog\/wp-json\/wp\/v2\/comments?post=1049"}],"version-history":[{"count":0,"href":"https:\/\/truckonline.de\/blog\/wp-json\/wp\/v2\/posts\/1049\/revisions"}],"wp:attachment":[{"href":"https:\/\/truckonline.de\/blog\/wp-json\/wp\/v2\/media?parent=1049"}],"wp:term":[{"taxonomy":"category","embeddable":true,"href":"https:\/\/truckonline.de\/blog\/wp-json\/wp\/v2\/categories?post=1049"},{"taxonomy":"post_tag","embeddable":true,"href":"https:\/\/truckonline.de\/blog\/wp-json\/wp\/v2\/tags?post=1049"}],"curies":[{"name":"wp","href":"https:\/\/api.w.org\/{rel}","templated":true}]}}