{"id":10454,"date":"2021-06-23T21:57:39","date_gmt":"2021-06-23T19:57:39","guid":{"rendered":"https:\/\/truckonline.de\/blog\/?p=10454"},"modified":"2021-06-23T22:30:06","modified_gmt":"2021-06-23T20:30:06","slug":"unter-polizeischutz","status":"publish","type":"post","link":"https:\/\/truckonline.de\/blog\/2021\/06\/23\/unter-polizeischutz\/","title":{"rendered":"Unter Polizeischutz"},"content":{"rendered":"\n<p>Ich hab den \u00dcberblick verloren, seit wann die Bundespolizei am \u00dcbergang zwischen \u00d6sterreich und Deutschland bei Kiefersfelden und auch anderswo  wieder Grenzkontrollen durchf\u00fchrt. Denn irgendwie ist das mittlerweile zu einer Art Gewohnheit geworden. <br>Sollten die irgendwann nicht mehr hier stehen, w\u00fcrden die mir <em>fast<\/em> fehlen. <\/p>\n\n\n\n<p>Auch weil ich, wenn ich wie heute hier n\u00e4chtige, meine Ruhepause quasi unter Polizeischutz verbringe. Keine drei\u00dfig Meter entfernt kontrollieren die ab und an ein Auto und noch seltener einen Reisebus. Also wenn denn mal einer kommt. <\/p>\n\n\n\n<figure class=\"wp-block-image size-large\"><img loading=\"lazy\" decoding=\"async\" width=\"700\" height=\"525\" src=\"https:\/\/truckonline.de\/blog\/wp-content\/uploads\/2021\/06\/IMG_20210623_211626-700x525.jpg\" alt=\"die Bundespolizei kontrolliert am \u00dcbergang Kiefersfelden\" class=\"wp-image-10455\"\/><figcaption>Die Bundespolizei wartet <\/figcaption><\/figure>\n\n\n\n<p>Also diese Nacht keine Gedanken um Dieselklau, verschwundene R\u00fccklichtschalen oder eine zerschnittene Plane. Ich w\u00e4re sogar so mutig, mit offenen Fenster zu pennen. Hat doch auch was. <\/p>\n","protected":false},"excerpt":{"rendered":"<p>Ich hab den \u00dcberblick verloren, seit wann die Bundespolizei am \u00dcbergang zwischen \u00d6sterreich und Deutschland bei Kiefersfelden und auch anderswo wieder Grenzkontrollen durchf\u00fchrt. Denn irgendwie&#8230;<\/p>\n<div class=\"more-link-wrapper\"><a class=\"more-link\" href=\"https:\/\/truckonline.de\/blog\/2021\/06\/23\/unter-polizeischutz\/\">Sie haben Ihr Ziel fast erreicht.<span class=\"screen-reader-text\">Unter Polizeischutz<\/span><\/a><\/div>\n","protected":false},"author":3,"featured_media":0,"comment_status":"open","ping_status":"open","sticky":false,"template":"","format":"standard","meta":{"iawp_total_views":0,"_metis_text_type":"","_metis_text_length":0,"_post_count":0,"footnotes":""},"categories":[17,24],"tags":[961,190],"class_list":["post-10454","post","type-post","status-publish","format-standard","hentry","category-raststatten","category-unterwegs","tag-pause","tag-polizei","ratio-2-1","entry"],"yoast_head":"<!-- This site is optimized with the Yoast SEO plugin v27.4 - https:\/\/yoast.com\/product\/yoast-seo-wordpress\/ -->\n<title>Unter Polizeischutz | TruckOnline.de<\/title>\n<meta name=\"description\" content=\"Ich hab den \u00dcberblick verloren, seit wann die Bundespolizei am \u00dcbergang zwischen \u00d6sterreich und Deutschland bei Kiefersfelden und auch anderswo wieder\" \/>\n<meta name=\"robots\" content=\"index, follow, max-snippet:-1, max-image-preview:large, max-video-preview:-1\" \/>\n<link rel=\"canonical\" href=\"https:\/\/truckonline.de\/blog\/2021\/06\/23\/unter-polizeischutz\/\" \/>\n<meta property=\"og:locale\" content=\"de_DE\" \/>\n<meta property=\"og:type\" content=\"article\" \/>\n<meta property=\"og:title\" content=\"Unter Polizeischutz | TruckOnline.de\" \/>\n<meta property=\"og:url\" content=\"https:\/\/truckonline.de\/blog\/2021\/06\/23\/unter-polizeischutz\/\" \/>\n<meta property=\"og:site_name\" content=\"TruckOnline.de\" \/>\n<meta property=\"article:publisher\" content=\"https:\/\/www.facebook.com\/truckblog\" \/>\n<meta property=\"article:author\" content=\"https:\/\/www.facebook.com\/truckblog\" \/>\n<meta property=\"article:published_time\" content=\"2021-06-23T19:57:39+00:00\" \/>\n<meta property=\"article:modified_time\" content=\"2021-06-23T20:30:06+00:00\" \/>\n<meta property=\"og:image\" content=\"https:\/\/truckonline.de\/blog\/wp-content\/uploads\/2021\/06\/IMG_20210623_211626-700x525.jpg\" \/>\n<meta name=\"author\" content=\"maik\" \/>\n<meta name=\"twitter:card\" content=\"summary_large_image\" \/>\n<meta name=\"twitter:creator\" content=\"@https:\/\/twitter.com\/truckblog\" \/>\n<meta name=\"twitter:site\" content=\"@truckblog\" \/>\n<meta name=\"twitter:label1\" content=\"Verfasst von\" \/>\n\t<meta name=\"twitter:data1\" content=\"maik\" \/>\n\t<meta name=\"twitter:label2\" content=\"Gesch\u00e4tzte Lesezeit\" \/>\n\t<meta name=\"twitter:data2\" content=\"1\u00a0Minute\" \/>\n<script type=\"application\/ld+json\" class=\"yoast-schema-graph\">{\"@context\":\"https:\\\/\\\/schema.org\",\"@graph\":[{\"@type\":\"Article\",\"@id\":\"https:\\\/\\\/truckonline.de\\\/blog\\\/2021\\\/06\\\/23\\\/unter-polizeischutz\\\/#article\",\"isPartOf\":{\"@id\":\"https:\\\/\\\/truckonline.de\\\/blog\\\/2021\\\/06\\\/23\\\/unter-polizeischutz\\\/\"},\"author\":{\"name\":\"maik\",\"@id\":\"https:\\\/\\\/truckonline.de\\\/blog\\\/#\\\/schema\\\/person\\\/4cb59b86ffde81f882f56439688fda19\"},\"headline\":\"Unter Polizeischutz\",\"datePublished\":\"2021-06-23T19:57:39+00:00\",\"dateModified\":\"2021-06-23T20:30:06+00:00\",\"mainEntityOfPage\":{\"@id\":\"https:\\\/\\\/truckonline.de\\\/blog\\\/2021\\\/06\\\/23\\\/unter-polizeischutz\\\/\"},\"wordCount\":120,\"commentCount\":0,\"publisher\":{\"@id\":\"https:\\\/\\\/truckonline.de\\\/blog\\\/#\\\/schema\\\/person\\\/4cb59b86ffde81f882f56439688fda19\"},\"image\":{\"@id\":\"https:\\\/\\\/truckonline.de\\\/blog\\\/2021\\\/06\\\/23\\\/unter-polizeischutz\\\/#primaryimage\"},\"thumbnailUrl\":\"https:\\\/\\\/truckonline.de\\\/blog\\\/wp-content\\\/uploads\\\/2021\\\/06\\\/IMG_20210623_211626-700x525.jpg\",\"keywords\":[\"Pause\",\"Polizei\"],\"articleSection\":[\"Rastst\u00e4tten\",\"Unterwegs\"],\"inLanguage\":\"de\",\"potentialAction\":[{\"@type\":\"CommentAction\",\"name\":\"Comment\",\"target\":[\"https:\\\/\\\/truckonline.de\\\/blog\\\/2021\\\/06\\\/23\\\/unter-polizeischutz\\\/#respond\"]}]},{\"@type\":\"WebPage\",\"@id\":\"https:\\\/\\\/truckonline.de\\\/blog\\\/2021\\\/06\\\/23\\\/unter-polizeischutz\\\/\",\"url\":\"https:\\\/\\\/truckonline.de\\\/blog\\\/2021\\\/06\\\/23\\\/unter-polizeischutz\\\/\",\"name\":\"Unter Polizeischutz | TruckOnline.de\",\"isPartOf\":{\"@id\":\"https:\\\/\\\/truckonline.de\\\/blog\\\/#website\"},\"primaryImageOfPage\":{\"@id\":\"https:\\\/\\\/truckonline.de\\\/blog\\\/2021\\\/06\\\/23\\\/unter-polizeischutz\\\/#primaryimage\"},\"image\":{\"@id\":\"https:\\\/\\\/truckonline.de\\\/blog\\\/2021\\\/06\\\/23\\\/unter-polizeischutz\\\/#primaryimage\"},\"thumbnailUrl\":\"https:\\\/\\\/truckonline.de\\\/blog\\\/wp-content\\\/uploads\\\/2021\\\/06\\\/IMG_20210623_211626-700x525.jpg\",\"datePublished\":\"2021-06-23T19:57:39+00:00\",\"dateModified\":\"2021-06-23T20:30:06+00:00\",\"description\":\"Ich hab den \u00dcberblick verloren, seit wann die Bundespolizei am \u00dcbergang zwischen \u00d6sterreich und Deutschland bei Kiefersfelden und auch anderswo wieder\",\"breadcrumb\":{\"@id\":\"https:\\\/\\\/truckonline.de\\\/blog\\\/2021\\\/06\\\/23\\\/unter-polizeischutz\\\/#breadcrumb\"},\"inLanguage\":\"de\",\"potentialAction\":[{\"@type\":\"ReadAction\",\"target\":[\"https:\\\/\\\/truckonline.de\\\/blog\\\/2021\\\/06\\\/23\\\/unter-polizeischutz\\\/\"]}]},{\"@type\":\"ImageObject\",\"inLanguage\":\"de\",\"@id\":\"https:\\\/\\\/truckonline.de\\\/blog\\\/2021\\\/06\\\/23\\\/unter-polizeischutz\\\/#primaryimage\",\"url\":\"https:\\\/\\\/truckonline.de\\\/blog\\\/wp-content\\\/uploads\\\/2021\\\/06\\\/IMG_20210623_211626.jpg\",\"contentUrl\":\"https:\\\/\\\/truckonline.de\\\/blog\\\/wp-content\\\/uploads\\\/2021\\\/06\\\/IMG_20210623_211626.jpg\",\"width\":700,\"height\":525},{\"@type\":\"BreadcrumbList\",\"@id\":\"https:\\\/\\\/truckonline.de\\\/blog\\\/2021\\\/06\\\/23\\\/unter-polizeischutz\\\/#breadcrumb\",\"itemListElement\":[{\"@type\":\"ListItem\",\"position\":1,\"name\":\"Startseite\",\"item\":\"https:\\\/\\\/truckonline.de\\\/blog\\\/\"},{\"@type\":\"ListItem\",\"position\":2,\"name\":\"Unter Polizeischutz\"}]},{\"@type\":\"WebSite\",\"@id\":\"https:\\\/\\\/truckonline.de\\\/blog\\\/#website\",\"url\":\"https:\\\/\\\/truckonline.de\\\/blog\\\/\",\"name\":\"TruckOnline.de\",\"description\":\"\",\"publisher\":{\"@id\":\"https:\\\/\\\/truckonline.de\\\/blog\\\/#\\\/schema\\\/person\\\/4cb59b86ffde81f882f56439688fda19\"},\"potentialAction\":[{\"@type\":\"SearchAction\",\"target\":{\"@type\":\"EntryPoint\",\"urlTemplate\":\"https:\\\/\\\/truckonline.de\\\/blog\\\/?s={search_term_string}\"},\"query-input\":{\"@type\":\"PropertyValueSpecification\",\"valueRequired\":true,\"valueName\":\"search_term_string\"}}],\"inLanguage\":\"de\"},{\"@type\":[\"Person\",\"Organization\"],\"@id\":\"https:\\\/\\\/truckonline.de\\\/blog\\\/#\\\/schema\\\/person\\\/4cb59b86ffde81f882f56439688fda19\",\"name\":\"maik\",\"image\":{\"@type\":\"ImageObject\",\"inLanguage\":\"de\",\"@id\":\"https:\\\/\\\/truckonline.de\\\/blog\\\/wp-content\\\/uploads\\\/2019\\\/12\\\/logoinnenweiss.png\",\"url\":\"https:\\\/\\\/truckonline.de\\\/blog\\\/wp-content\\\/uploads\\\/2019\\\/12\\\/logoinnenweiss.png\",\"contentUrl\":\"https:\\\/\\\/truckonline.de\\\/blog\\\/wp-content\\\/uploads\\\/2019\\\/12\\\/logoinnenweiss.png\",\"width\":733,\"height\":125,\"caption\":\"maik\"},\"logo\":{\"@id\":\"https:\\\/\\\/truckonline.de\\\/blog\\\/wp-content\\\/uploads\\\/2019\\\/12\\\/logoinnenweiss.png\"},\"sameAs\":[\"https:\\\/\\\/www.facebook.com\\\/truckblog\",\"https:\\\/\\\/www.instagram.com\\\/truck_online\\\/\",\"https:\\\/\\\/x.com\\\/https:\\\/\\\/twitter.com\\\/truckblog\",\"https:\\\/\\\/www.youtube.com\\\/user\\\/truckonline\",\"https:\\\/\\\/www.tumblr.com\\\/truckonline\"]}]}<\/script>\n<!-- \/ Yoast SEO plugin. -->","yoast_head_json":{"title":"Unter Polizeischutz | TruckOnline.de","description":"Ich hab den \u00dcberblick verloren, seit wann die Bundespolizei am \u00dcbergang zwischen \u00d6sterreich und Deutschland bei Kiefersfelden und auch anderswo wieder","robots":{"index":"index","follow":"follow","max-snippet":"max-snippet:-1","max-image-preview":"max-image-preview:large","max-video-preview":"max-video-preview:-1"},"canonical":"https:\/\/truckonline.de\/blog\/2021\/06\/23\/unter-polizeischutz\/","og_locale":"de_DE","og_type":"article","og_title":"Unter Polizeischutz | TruckOnline.de","og_url":"https:\/\/truckonline.de\/blog\/2021\/06\/23\/unter-polizeischutz\/","og_site_name":"TruckOnline.de","article_publisher":"https:\/\/www.facebook.com\/truckblog","article_author":"https:\/\/www.facebook.com\/truckblog","article_published_time":"2021-06-23T19:57:39+00:00","article_modified_time":"2021-06-23T20:30:06+00:00","og_image":[{"url":"https:\/\/truckonline.de\/blog\/wp-content\/uploads\/2021\/06\/IMG_20210623_211626-700x525.jpg","type":"","width":"","height":""}],"author":"maik","twitter_card":"summary_large_image","twitter_creator":"@https:\/\/twitter.com\/truckblog","twitter_site":"@truckblog","twitter_misc":{"Verfasst von":"maik","Gesch\u00e4tzte Lesezeit":"1\u00a0Minute"},"schema":{"@context":"https:\/\/schema.org","@graph":[{"@type":"Article","@id":"https:\/\/truckonline.de\/blog\/2021\/06\/23\/unter-polizeischutz\/#article","isPartOf":{"@id":"https:\/\/truckonline.de\/blog\/2021\/06\/23\/unter-polizeischutz\/"},"author":{"name":"maik","@id":"https:\/\/truckonline.de\/blog\/#\/schema\/person\/4cb59b86ffde81f882f56439688fda19"},"headline":"Unter Polizeischutz","datePublished":"2021-06-23T19:57:39+00:00","dateModified":"2021-06-23T20:30:06+00:00","mainEntityOfPage":{"@id":"https:\/\/truckonline.de\/blog\/2021\/06\/23\/unter-polizeischutz\/"},"wordCount":120,"commentCount":0,"publisher":{"@id":"https:\/\/truckonline.de\/blog\/#\/schema\/person\/4cb59b86ffde81f882f56439688fda19"},"image":{"@id":"https:\/\/truckonline.de\/blog\/2021\/06\/23\/unter-polizeischutz\/#primaryimage"},"thumbnailUrl":"https:\/\/truckonline.de\/blog\/wp-content\/uploads\/2021\/06\/IMG_20210623_211626-700x525.jpg","keywords":["Pause","Polizei"],"articleSection":["Rastst\u00e4tten","Unterwegs"],"inLanguage":"de","potentialAction":[{"@type":"CommentAction","name":"Comment","target":["https:\/\/truckonline.de\/blog\/2021\/06\/23\/unter-polizeischutz\/#respond"]}]},{"@type":"WebPage","@id":"https:\/\/truckonline.de\/blog\/2021\/06\/23\/unter-polizeischutz\/","url":"https:\/\/truckonline.de\/blog\/2021\/06\/23\/unter-polizeischutz\/","name":"Unter Polizeischutz | TruckOnline.de","isPartOf":{"@id":"https:\/\/truckonline.de\/blog\/#website"},"primaryImageOfPage":{"@id":"https:\/\/truckonline.de\/blog\/2021\/06\/23\/unter-polizeischutz\/#primaryimage"},"image":{"@id":"https:\/\/truckonline.de\/blog\/2021\/06\/23\/unter-polizeischutz\/#primaryimage"},"thumbnailUrl":"https:\/\/truckonline.de\/blog\/wp-content\/uploads\/2021\/06\/IMG_20210623_211626-700x525.jpg","datePublished":"2021-06-23T19:57:39+00:00","dateModified":"2021-06-23T20:30:06+00:00","description":"Ich hab den \u00dcberblick verloren, seit wann die Bundespolizei am \u00dcbergang zwischen \u00d6sterreich und Deutschland bei Kiefersfelden und auch anderswo wieder","breadcrumb":{"@id":"https:\/\/truckonline.de\/blog\/2021\/06\/23\/unter-polizeischutz\/#breadcrumb"},"inLanguage":"de","potentialAction":[{"@type":"ReadAction","target":["https:\/\/truckonline.de\/blog\/2021\/06\/23\/unter-polizeischutz\/"]}]},{"@type":"ImageObject","inLanguage":"de","@id":"https:\/\/truckonline.de\/blog\/2021\/06\/23\/unter-polizeischutz\/#primaryimage","url":"https:\/\/truckonline.de\/blog\/wp-content\/uploads\/2021\/06\/IMG_20210623_211626.jpg","contentUrl":"https:\/\/truckonline.de\/blog\/wp-content\/uploads\/2021\/06\/IMG_20210623_211626.jpg","width":700,"height":525},{"@type":"BreadcrumbList","@id":"https:\/\/truckonline.de\/blog\/2021\/06\/23\/unter-polizeischutz\/#breadcrumb","itemListElement":[{"@type":"ListItem","position":1,"name":"Startseite","item":"https:\/\/truckonline.de\/blog\/"},{"@type":"ListItem","position":2,"name":"Unter Polizeischutz"}]},{"@type":"WebSite","@id":"https:\/\/truckonline.de\/blog\/#website","url":"https:\/\/truckonline.de\/blog\/","name":"TruckOnline.de","description":"","publisher":{"@id":"https:\/\/truckonline.de\/blog\/#\/schema\/person\/4cb59b86ffde81f882f56439688fda19"},"potentialAction":[{"@type":"SearchAction","target":{"@type":"EntryPoint","urlTemplate":"https:\/\/truckonline.de\/blog\/?s={search_term_string}"},"query-input":{"@type":"PropertyValueSpecification","valueRequired":true,"valueName":"search_term_string"}}],"inLanguage":"de"},{"@type":["Person","Organization"],"@id":"https:\/\/truckonline.de\/blog\/#\/schema\/person\/4cb59b86ffde81f882f56439688fda19","name":"maik","image":{"@type":"ImageObject","inLanguage":"de","@id":"https:\/\/truckonline.de\/blog\/wp-content\/uploads\/2019\/12\/logoinnenweiss.png","url":"https:\/\/truckonline.de\/blog\/wp-content\/uploads\/2019\/12\/logoinnenweiss.png","contentUrl":"https:\/\/truckonline.de\/blog\/wp-content\/uploads\/2019\/12\/logoinnenweiss.png","width":733,"height":125,"caption":"maik"},"logo":{"@id":"https:\/\/truckonline.de\/blog\/wp-content\/uploads\/2019\/12\/logoinnenweiss.png"},"sameAs":["https:\/\/www.facebook.com\/truckblog","https:\/\/www.instagram.com\/truck_online\/","https:\/\/x.com\/https:\/\/twitter.com\/truckblog","https:\/\/www.youtube.com\/user\/truckonline","https:\/\/www.tumblr.com\/truckonline"]}]}},"_links":{"self":[{"href":"https:\/\/truckonline.de\/blog\/wp-json\/wp\/v2\/posts\/10454","targetHints":{"allow":["GET"]}}],"collection":[{"href":"https:\/\/truckonline.de\/blog\/wp-json\/wp\/v2\/posts"}],"about":[{"href":"https:\/\/truckonline.de\/blog\/wp-json\/wp\/v2\/types\/post"}],"author":[{"embeddable":true,"href":"https:\/\/truckonline.de\/blog\/wp-json\/wp\/v2\/users\/3"}],"replies":[{"embeddable":true,"href":"https:\/\/truckonline.de\/blog\/wp-json\/wp\/v2\/comments?post=10454"}],"version-history":[{"count":2,"href":"https:\/\/truckonline.de\/blog\/wp-json\/wp\/v2\/posts\/10454\/revisions"}],"predecessor-version":[{"id":10458,"href":"https:\/\/truckonline.de\/blog\/wp-json\/wp\/v2\/posts\/10454\/revisions\/10458"}],"wp:attachment":[{"href":"https:\/\/truckonline.de\/blog\/wp-json\/wp\/v2\/media?parent=10454"}],"wp:term":[{"taxonomy":"category","embeddable":true,"href":"https:\/\/truckonline.de\/blog\/wp-json\/wp\/v2\/categories?post=10454"},{"taxonomy":"post_tag","embeddable":true,"href":"https:\/\/truckonline.de\/blog\/wp-json\/wp\/v2\/tags?post=10454"}],"curies":[{"name":"wp","href":"https:\/\/api.w.org\/{rel}","templated":true}]}}