{"id":1030,"date":"2009-10-31T00:20:46","date_gmt":"2009-10-30T23:20:46","guid":{"rendered":"https:\/\/truckonline.de\/blog\/?p=1030"},"modified":"2009-10-31T00:20:46","modified_gmt":"2009-10-30T23:20:46","slug":"neues-blut-im-bmvbs","status":"publish","type":"post","link":"https:\/\/truckonline.de\/blog\/2009\/10\/31\/neues-blut-im-bmvbs\/","title":{"rendered":"Neues Blut im BMVBS"},"content":{"rendered":"<p>Der Regierungswechsel in Berlin sorgt f\u00fcr neue K\u00f6pfe im <a href=\"https:\/\/www.bmvbs.de\/\">Ministerium f\u00fcr Bauen, Wohnen, Verkehr, Stadtentwicklung und Aufbau Ost:<\/a> Chef des Mammutressorts wird Dr. Peter Ramsauer, der bisherige Leiter der Landesgruppe der CSU im Deutschen Bundestag.<br \/>\nRamsauer ist in der Vergangenheit als Verkehrsexperte nicht besonders in Erscheinung getreten. Doch war er als CSU-Landesgruppenchef in die wichtigen Entscheidungen der gro\u00dfen Koalition eingebunden.<\/p>\n<p>Als Parlamentarische Staatssekret\u00e4re stehen ihm die Abgeordneten <a href=\"https:\/\/www.enak-ferlemann.de\/\">Enak Ferlemann<\/a> (CDU), <a href=\"https:\/\/www.andreas-scheuer.de\/\">Dr. Andreas Scheuer<\/a> (CSU) und <a href=\"https:\/\/www.jan-muecke.de\/\">Jan M\u00fccke<\/a> (FDP) zur Seite.<br \/>\nSie alle geh\u00f6rten in der vergangenen Wahlperiode dem Verkehrsauschuss an.   <\/p>\n<p>In Berlin wird derzeit au\u00dferdem spekuliert, da\u00df der bisherige verkehrspolitische Sprecher der CDU\/CSUBundestagsfraktion, <a href=\"https:\/\/www.dirkfischermdb.de\/\">Dirk Fischer<\/a>, neuer Vorsitzender des einflussreichen Verkehrsausschusses werden k\u00f6nnte.<\/p>\n","protected":false},"excerpt":{"rendered":"<p>Der Regierungswechsel in Berlin sorgt f\u00fcr neue K\u00f6pfe im Ministerium f\u00fcr Bauen, Wohnen, Verkehr, Stadtentwicklung und Aufbau Ost: Chef des Mammutressorts wird Dr. Peter Ramsauer,&#8230;<\/p>\n<div class=\"more-link-wrapper\"><a class=\"more-link\" href=\"https:\/\/truckonline.de\/blog\/2009\/10\/31\/neues-blut-im-bmvbs\/\">Sie haben Ihr Ziel fast erreicht.<span class=\"screen-reader-text\">Neues Blut im BMVBS<\/span><\/a><\/div>\n","protected":false},"author":3,"featured_media":0,"comment_status":"open","ping_status":"open","sticky":false,"template":"","format":"standard","meta":{"iawp_total_views":1,"_metis_text_type":"","_metis_text_length":0,"_post_count":0,"footnotes":""},"categories":[1],"tags":[1194,39,568],"class_list":["post-1030","post","type-post","status-publish","format-standard","hentry","category-allgemeines","tag-minister","tag-politik","tag-verkehr","ratio-2-1","entry"],"yoast_head":"<!-- This site is optimized with the Yoast SEO plugin v27.5 - https:\/\/yoast.com\/product\/yoast-seo-wordpress\/ -->\n<title>Neues Blut im BMVBS | TruckOnline.de<\/title>\n<meta name=\"description\" content=\"Der Regierungswechsel in Berlin sorgt f\u00fcr neue K\u00f6pfe im Ministerium f\u00fcr Bauen, Wohnen, Verkehr, Stadtentwicklung und Aufbau Ost: Chef des Mammutressorts\" \/>\n<meta name=\"robots\" content=\"index, follow, max-snippet:-1, max-image-preview:large, max-video-preview:-1\" \/>\n<link rel=\"canonical\" href=\"https:\/\/truckonline.de\/blog\/2009\/10\/31\/neues-blut-im-bmvbs\/\" \/>\n<meta property=\"og:locale\" content=\"de_DE\" \/>\n<meta property=\"og:type\" content=\"article\" \/>\n<meta property=\"og:title\" content=\"Neues Blut im BMVBS | TruckOnline.de\" \/>\n<meta property=\"og:url\" content=\"https:\/\/truckonline.de\/blog\/2009\/10\/31\/neues-blut-im-bmvbs\/\" \/>\n<meta property=\"og:site_name\" content=\"TruckOnline.de\" \/>\n<meta property=\"article:publisher\" content=\"https:\/\/www.facebook.com\/truckblog\" \/>\n<meta property=\"article:author\" content=\"https:\/\/www.facebook.com\/truckblog\" \/>\n<meta property=\"article:published_time\" content=\"2009-10-30T23:20:46+00:00\" \/>\n<meta property=\"og:image\" content=\"https:\/\/truckonline.de\/blog\/wp-content\/uploads\/2019\/12\/IMG_20191229_225424-scaled.jpg\" \/>\n\t<meta property=\"og:image:width\" content=\"2560\" \/>\n\t<meta property=\"og:image:height\" content=\"1920\" \/>\n\t<meta property=\"og:image:type\" content=\"image\/jpeg\" \/>\n<meta name=\"author\" content=\"maik\" \/>\n<meta name=\"twitter:card\" content=\"summary_large_image\" \/>\n<meta name=\"twitter:creator\" content=\"@https:\/\/twitter.com\/truckblog\" \/>\n<meta name=\"twitter:site\" content=\"@truckblog\" \/>\n<meta name=\"twitter:label1\" content=\"Verfasst von\" \/>\n\t<meta name=\"twitter:data1\" content=\"maik\" \/>\n\t<meta name=\"twitter:label2\" content=\"Gesch\u00e4tzte Lesezeit\" \/>\n\t<meta name=\"twitter:data2\" content=\"1\u00a0Minute\" \/>\n<script type=\"application\/ld+json\" class=\"yoast-schema-graph\">{\"@context\":\"https:\\\/\\\/schema.org\",\"@graph\":[{\"@type\":\"Article\",\"@id\":\"https:\\\/\\\/truckonline.de\\\/blog\\\/2009\\\/10\\\/31\\\/neues-blut-im-bmvbs\\\/#article\",\"isPartOf\":{\"@id\":\"https:\\\/\\\/truckonline.de\\\/blog\\\/2009\\\/10\\\/31\\\/neues-blut-im-bmvbs\\\/\"},\"author\":{\"name\":\"maik\",\"@id\":\"https:\\\/\\\/truckonline.de\\\/blog\\\/#\\\/schema\\\/person\\\/4cb59b86ffde81f882f56439688fda19\"},\"headline\":\"Neues Blut im BMVBS\",\"datePublished\":\"2009-10-30T23:20:46+00:00\",\"mainEntityOfPage\":{\"@id\":\"https:\\\/\\\/truckonline.de\\\/blog\\\/2009\\\/10\\\/31\\\/neues-blut-im-bmvbs\\\/\"},\"wordCount\":126,\"commentCount\":0,\"publisher\":{\"@id\":\"https:\\\/\\\/truckonline.de\\\/blog\\\/#\\\/schema\\\/person\\\/4cb59b86ffde81f882f56439688fda19\"},\"keywords\":[\"Minister\",\"Politik\",\"Verkehr\"],\"articleSection\":[\"Allgemeines\"],\"inLanguage\":\"de\",\"potentialAction\":[{\"@type\":\"CommentAction\",\"name\":\"Comment\",\"target\":[\"https:\\\/\\\/truckonline.de\\\/blog\\\/2009\\\/10\\\/31\\\/neues-blut-im-bmvbs\\\/#respond\"]}]},{\"@type\":\"WebPage\",\"@id\":\"https:\\\/\\\/truckonline.de\\\/blog\\\/2009\\\/10\\\/31\\\/neues-blut-im-bmvbs\\\/\",\"url\":\"https:\\\/\\\/truckonline.de\\\/blog\\\/2009\\\/10\\\/31\\\/neues-blut-im-bmvbs\\\/\",\"name\":\"Neues Blut im BMVBS | TruckOnline.de\",\"isPartOf\":{\"@id\":\"https:\\\/\\\/truckonline.de\\\/blog\\\/#website\"},\"datePublished\":\"2009-10-30T23:20:46+00:00\",\"description\":\"Der Regierungswechsel in Berlin sorgt f\u00fcr neue K\u00f6pfe im Ministerium f\u00fcr Bauen, Wohnen, Verkehr, Stadtentwicklung und Aufbau Ost: Chef des Mammutressorts\",\"breadcrumb\":{\"@id\":\"https:\\\/\\\/truckonline.de\\\/blog\\\/2009\\\/10\\\/31\\\/neues-blut-im-bmvbs\\\/#breadcrumb\"},\"inLanguage\":\"de\",\"potentialAction\":[{\"@type\":\"ReadAction\",\"target\":[\"https:\\\/\\\/truckonline.de\\\/blog\\\/2009\\\/10\\\/31\\\/neues-blut-im-bmvbs\\\/\"]}]},{\"@type\":\"BreadcrumbList\",\"@id\":\"https:\\\/\\\/truckonline.de\\\/blog\\\/2009\\\/10\\\/31\\\/neues-blut-im-bmvbs\\\/#breadcrumb\",\"itemListElement\":[{\"@type\":\"ListItem\",\"position\":1,\"name\":\"Startseite\",\"item\":\"https:\\\/\\\/truckonline.de\\\/blog\\\/\"},{\"@type\":\"ListItem\",\"position\":2,\"name\":\"Neues Blut im BMVBS\"}]},{\"@type\":\"WebSite\",\"@id\":\"https:\\\/\\\/truckonline.de\\\/blog\\\/#website\",\"url\":\"https:\\\/\\\/truckonline.de\\\/blog\\\/\",\"name\":\"TruckOnline.de\",\"description\":\"\",\"publisher\":{\"@id\":\"https:\\\/\\\/truckonline.de\\\/blog\\\/#\\\/schema\\\/person\\\/4cb59b86ffde81f882f56439688fda19\"},\"potentialAction\":[{\"@type\":\"SearchAction\",\"target\":{\"@type\":\"EntryPoint\",\"urlTemplate\":\"https:\\\/\\\/truckonline.de\\\/blog\\\/?s={search_term_string}\"},\"query-input\":{\"@type\":\"PropertyValueSpecification\",\"valueRequired\":true,\"valueName\":\"search_term_string\"}}],\"inLanguage\":\"de\"},{\"@type\":[\"Person\",\"Organization\"],\"@id\":\"https:\\\/\\\/truckonline.de\\\/blog\\\/#\\\/schema\\\/person\\\/4cb59b86ffde81f882f56439688fda19\",\"name\":\"maik\",\"image\":{\"@type\":\"ImageObject\",\"inLanguage\":\"de\",\"@id\":\"https:\\\/\\\/truckonline.de\\\/blog\\\/wp-content\\\/uploads\\\/2019\\\/12\\\/logoinnenweiss.png\",\"url\":\"https:\\\/\\\/truckonline.de\\\/blog\\\/wp-content\\\/uploads\\\/2019\\\/12\\\/logoinnenweiss.png\",\"contentUrl\":\"https:\\\/\\\/truckonline.de\\\/blog\\\/wp-content\\\/uploads\\\/2019\\\/12\\\/logoinnenweiss.png\",\"width\":733,\"height\":125,\"caption\":\"maik\"},\"logo\":{\"@id\":\"https:\\\/\\\/truckonline.de\\\/blog\\\/wp-content\\\/uploads\\\/2019\\\/12\\\/logoinnenweiss.png\"},\"sameAs\":[\"https:\\\/\\\/www.facebook.com\\\/truckblog\",\"https:\\\/\\\/www.instagram.com\\\/truck_online\\\/\",\"https:\\\/\\\/x.com\\\/https:\\\/\\\/twitter.com\\\/truckblog\",\"https:\\\/\\\/www.youtube.com\\\/user\\\/truckonline\",\"https:\\\/\\\/www.tumblr.com\\\/truckonline\"]}]}<\/script>\n<!-- \/ Yoast SEO plugin. -->","yoast_head_json":{"title":"Neues Blut im BMVBS | TruckOnline.de","description":"Der Regierungswechsel in Berlin sorgt f\u00fcr neue K\u00f6pfe im Ministerium f\u00fcr Bauen, Wohnen, Verkehr, Stadtentwicklung und Aufbau Ost: Chef des Mammutressorts","robots":{"index":"index","follow":"follow","max-snippet":"max-snippet:-1","max-image-preview":"max-image-preview:large","max-video-preview":"max-video-preview:-1"},"canonical":"https:\/\/truckonline.de\/blog\/2009\/10\/31\/neues-blut-im-bmvbs\/","og_locale":"de_DE","og_type":"article","og_title":"Neues Blut im BMVBS | TruckOnline.de","og_url":"https:\/\/truckonline.de\/blog\/2009\/10\/31\/neues-blut-im-bmvbs\/","og_site_name":"TruckOnline.de","article_publisher":"https:\/\/www.facebook.com\/truckblog","article_author":"https:\/\/www.facebook.com\/truckblog","article_published_time":"2009-10-30T23:20:46+00:00","og_image":[{"width":2560,"height":1920,"url":"https:\/\/truckonline.de\/blog\/wp-content\/uploads\/2019\/12\/IMG_20191229_225424-scaled.jpg","type":"image\/jpeg"}],"author":"maik","twitter_card":"summary_large_image","twitter_creator":"@https:\/\/twitter.com\/truckblog","twitter_site":"@truckblog","twitter_misc":{"Verfasst von":"maik","Gesch\u00e4tzte Lesezeit":"1\u00a0Minute"},"schema":{"@context":"https:\/\/schema.org","@graph":[{"@type":"Article","@id":"https:\/\/truckonline.de\/blog\/2009\/10\/31\/neues-blut-im-bmvbs\/#article","isPartOf":{"@id":"https:\/\/truckonline.de\/blog\/2009\/10\/31\/neues-blut-im-bmvbs\/"},"author":{"name":"maik","@id":"https:\/\/truckonline.de\/blog\/#\/schema\/person\/4cb59b86ffde81f882f56439688fda19"},"headline":"Neues Blut im BMVBS","datePublished":"2009-10-30T23:20:46+00:00","mainEntityOfPage":{"@id":"https:\/\/truckonline.de\/blog\/2009\/10\/31\/neues-blut-im-bmvbs\/"},"wordCount":126,"commentCount":0,"publisher":{"@id":"https:\/\/truckonline.de\/blog\/#\/schema\/person\/4cb59b86ffde81f882f56439688fda19"},"keywords":["Minister","Politik","Verkehr"],"articleSection":["Allgemeines"],"inLanguage":"de","potentialAction":[{"@type":"CommentAction","name":"Comment","target":["https:\/\/truckonline.de\/blog\/2009\/10\/31\/neues-blut-im-bmvbs\/#respond"]}]},{"@type":"WebPage","@id":"https:\/\/truckonline.de\/blog\/2009\/10\/31\/neues-blut-im-bmvbs\/","url":"https:\/\/truckonline.de\/blog\/2009\/10\/31\/neues-blut-im-bmvbs\/","name":"Neues Blut im BMVBS | TruckOnline.de","isPartOf":{"@id":"https:\/\/truckonline.de\/blog\/#website"},"datePublished":"2009-10-30T23:20:46+00:00","description":"Der Regierungswechsel in Berlin sorgt f\u00fcr neue K\u00f6pfe im Ministerium f\u00fcr Bauen, Wohnen, Verkehr, Stadtentwicklung und Aufbau Ost: Chef des Mammutressorts","breadcrumb":{"@id":"https:\/\/truckonline.de\/blog\/2009\/10\/31\/neues-blut-im-bmvbs\/#breadcrumb"},"inLanguage":"de","potentialAction":[{"@type":"ReadAction","target":["https:\/\/truckonline.de\/blog\/2009\/10\/31\/neues-blut-im-bmvbs\/"]}]},{"@type":"BreadcrumbList","@id":"https:\/\/truckonline.de\/blog\/2009\/10\/31\/neues-blut-im-bmvbs\/#breadcrumb","itemListElement":[{"@type":"ListItem","position":1,"name":"Startseite","item":"https:\/\/truckonline.de\/blog\/"},{"@type":"ListItem","position":2,"name":"Neues Blut im BMVBS"}]},{"@type":"WebSite","@id":"https:\/\/truckonline.de\/blog\/#website","url":"https:\/\/truckonline.de\/blog\/","name":"TruckOnline.de","description":"","publisher":{"@id":"https:\/\/truckonline.de\/blog\/#\/schema\/person\/4cb59b86ffde81f882f56439688fda19"},"potentialAction":[{"@type":"SearchAction","target":{"@type":"EntryPoint","urlTemplate":"https:\/\/truckonline.de\/blog\/?s={search_term_string}"},"query-input":{"@type":"PropertyValueSpecification","valueRequired":true,"valueName":"search_term_string"}}],"inLanguage":"de"},{"@type":["Person","Organization"],"@id":"https:\/\/truckonline.de\/blog\/#\/schema\/person\/4cb59b86ffde81f882f56439688fda19","name":"maik","image":{"@type":"ImageObject","inLanguage":"de","@id":"https:\/\/truckonline.de\/blog\/wp-content\/uploads\/2019\/12\/logoinnenweiss.png","url":"https:\/\/truckonline.de\/blog\/wp-content\/uploads\/2019\/12\/logoinnenweiss.png","contentUrl":"https:\/\/truckonline.de\/blog\/wp-content\/uploads\/2019\/12\/logoinnenweiss.png","width":733,"height":125,"caption":"maik"},"logo":{"@id":"https:\/\/truckonline.de\/blog\/wp-content\/uploads\/2019\/12\/logoinnenweiss.png"},"sameAs":["https:\/\/www.facebook.com\/truckblog","https:\/\/www.instagram.com\/truck_online\/","https:\/\/x.com\/https:\/\/twitter.com\/truckblog","https:\/\/www.youtube.com\/user\/truckonline","https:\/\/www.tumblr.com\/truckonline"]}]}},"_links":{"self":[{"href":"https:\/\/truckonline.de\/blog\/wp-json\/wp\/v2\/posts\/1030","targetHints":{"allow":["GET"]}}],"collection":[{"href":"https:\/\/truckonline.de\/blog\/wp-json\/wp\/v2\/posts"}],"about":[{"href":"https:\/\/truckonline.de\/blog\/wp-json\/wp\/v2\/types\/post"}],"author":[{"embeddable":true,"href":"https:\/\/truckonline.de\/blog\/wp-json\/wp\/v2\/users\/3"}],"replies":[{"embeddable":true,"href":"https:\/\/truckonline.de\/blog\/wp-json\/wp\/v2\/comments?post=1030"}],"version-history":[{"count":0,"href":"https:\/\/truckonline.de\/blog\/wp-json\/wp\/v2\/posts\/1030\/revisions"}],"wp:attachment":[{"href":"https:\/\/truckonline.de\/blog\/wp-json\/wp\/v2\/media?parent=1030"}],"wp:term":[{"taxonomy":"category","embeddable":true,"href":"https:\/\/truckonline.de\/blog\/wp-json\/wp\/v2\/categories?post=1030"},{"taxonomy":"post_tag","embeddable":true,"href":"https:\/\/truckonline.de\/blog\/wp-json\/wp\/v2\/tags?post=1030"}],"curies":[{"name":"wp","href":"https:\/\/api.w.org\/{rel}","templated":true}]}}