{"id":1028,"date":"2009-10-30T11:57:35","date_gmt":"2009-10-30T10:57:35","guid":{"rendered":"https:\/\/truckonline.de\/blog\/?p=1028"},"modified":"2009-10-30T12:11:07","modified_gmt":"2009-10-30T11:11:07","slug":"das-14-opfer","status":"publish","type":"post","link":"https:\/\/truckonline.de\/blog\/2009\/10\/30\/das-14-opfer\/","title":{"rendered":"Das 14. Opfer?"},"content":{"rendered":"<p>Neun Monate Haft auf Bew\u00e4hrung. So steht es in rechtskr\u00e4ftig in den Akten. Das Landgericht Magdeburg befand den 48-j\u00e4hrigen Lastwagenfahrer aus Ostfriesland, der im Juni 2007 auf der A 14 einen schweren Unfall verursachte, am gestrigen Donnerstag der fahrl\u00e4ssigen T\u00f6tung und fahrl\u00e4ssigen K\u00f6rperverletzung f\u00fcr schuldig.<\/p>\n<p>Ob das Urteil gerecht ist, kann und will ich nicht beurteilen. Aber ein Mensch, der unabsichtlich 13 Menschen get\u00f6tet hat, wird f\u00fcr den Rest seines Lebens so zu k\u00e4mpfen haben, dass die juristische Strafe wohl keine Rolle spielt. Denn eigentlich ist er das 14. Opfer.<br \/>\nNach dem Unfall hat er die Angeh\u00f6rigen aufgesucht, mit Ihnen gesprochen. Er hat sich sowohl seiner Schuld, als auch seiner Verantwortung gestellt. Das verdient in meinen Augen Respekt.<\/p>\n","protected":false},"excerpt":{"rendered":"<p>Neun Monate Haft auf Bew\u00e4hrung. So steht es in rechtskr\u00e4ftig in den Akten. Das Landgericht Magdeburg befand den 48-j\u00e4hrigen Lastwagenfahrer aus Ostfriesland, der im Juni&#8230;<\/p>\n<div class=\"more-link-wrapper\"><a class=\"more-link\" href=\"https:\/\/truckonline.de\/blog\/2009\/10\/30\/das-14-opfer\/\">Sie haben Ihr Ziel fast erreicht.<span class=\"screen-reader-text\">Das 14. Opfer?<\/span><\/a><\/div>\n","protected":false},"author":3,"featured_media":0,"comment_status":"open","ping_status":"open","sticky":false,"template":"","format":"standard","meta":{"iawp_total_views":2,"_metis_text_type":"","_metis_text_length":0,"_post_count":0,"footnotes":""},"categories":[1,52],"tags":[1191,1192,1890],"class_list":["post-1028","post","type-post","status-publish","format-standard","hentry","category-allgemeines","category-unfall","tag-leid","tag-schicksal","tag-unfall","ratio-2-1","entry"],"yoast_head":"<!-- This site is optimized with the Yoast SEO plugin v27.5 - https:\/\/yoast.com\/product\/yoast-seo-wordpress\/ -->\n<title>Das 14. Opfer? | TruckOnline.de<\/title>\n<meta name=\"description\" content=\"Neun Monate Haft auf Bew\u00e4hrung. So steht es in rechtskr\u00e4ftig in den Akten. Das Landgericht Magdeburg befand den 48-j\u00e4hrigen Lastwagenfahrer aus\" \/>\n<meta name=\"robots\" content=\"index, follow, max-snippet:-1, max-image-preview:large, max-video-preview:-1\" \/>\n<link rel=\"canonical\" href=\"https:\/\/truckonline.de\/blog\/2009\/10\/30\/das-14-opfer\/\" \/>\n<meta property=\"og:locale\" content=\"de_DE\" \/>\n<meta property=\"og:type\" content=\"article\" \/>\n<meta property=\"og:title\" content=\"Das 14. Opfer? | TruckOnline.de\" \/>\n<meta property=\"og:url\" content=\"https:\/\/truckonline.de\/blog\/2009\/10\/30\/das-14-opfer\/\" \/>\n<meta property=\"og:site_name\" content=\"TruckOnline.de\" \/>\n<meta property=\"article:publisher\" content=\"https:\/\/www.facebook.com\/truckblog\" \/>\n<meta property=\"article:author\" content=\"https:\/\/www.facebook.com\/truckblog\" \/>\n<meta property=\"article:published_time\" content=\"2009-10-30T10:57:35+00:00\" \/>\n<meta property=\"article:modified_time\" content=\"2009-10-30T11:11:07+00:00\" \/>\n<meta property=\"og:image\" content=\"https:\/\/truckonline.de\/blog\/wp-content\/uploads\/2019\/12\/IMG_20191229_225424-scaled.jpg\" \/>\n\t<meta property=\"og:image:width\" content=\"2560\" \/>\n\t<meta property=\"og:image:height\" content=\"1920\" \/>\n\t<meta property=\"og:image:type\" content=\"image\/jpeg\" \/>\n<meta name=\"author\" content=\"maik\" \/>\n<meta name=\"twitter:card\" content=\"summary_large_image\" \/>\n<meta name=\"twitter:creator\" content=\"@https:\/\/twitter.com\/truckblog\" \/>\n<meta name=\"twitter:site\" content=\"@truckblog\" \/>\n<meta name=\"twitter:label1\" content=\"Verfasst von\" \/>\n\t<meta name=\"twitter:data1\" content=\"maik\" \/>\n\t<meta name=\"twitter:label2\" content=\"Gesch\u00e4tzte Lesezeit\" \/>\n\t<meta name=\"twitter:data2\" content=\"1\u00a0Minute\" \/>\n<script type=\"application\/ld+json\" class=\"yoast-schema-graph\">{\"@context\":\"https:\\\/\\\/schema.org\",\"@graph\":[{\"@type\":\"Article\",\"@id\":\"https:\\\/\\\/truckonline.de\\\/blog\\\/2009\\\/10\\\/30\\\/das-14-opfer\\\/#article\",\"isPartOf\":{\"@id\":\"https:\\\/\\\/truckonline.de\\\/blog\\\/2009\\\/10\\\/30\\\/das-14-opfer\\\/\"},\"author\":{\"name\":\"maik\",\"@id\":\"https:\\\/\\\/truckonline.de\\\/blog\\\/#\\\/schema\\\/person\\\/4cb59b86ffde81f882f56439688fda19\"},\"headline\":\"Das 14. Opfer?\",\"datePublished\":\"2009-10-30T10:57:35+00:00\",\"dateModified\":\"2009-10-30T11:11:07+00:00\",\"mainEntityOfPage\":{\"@id\":\"https:\\\/\\\/truckonline.de\\\/blog\\\/2009\\\/10\\\/30\\\/das-14-opfer\\\/\"},\"wordCount\":128,\"commentCount\":2,\"publisher\":{\"@id\":\"https:\\\/\\\/truckonline.de\\\/blog\\\/#\\\/schema\\\/person\\\/4cb59b86ffde81f882f56439688fda19\"},\"keywords\":[\"Leid\",\"Schicksal\",\"Unfall\"],\"articleSection\":[\"Allgemeines\",\"Unfall\"],\"inLanguage\":\"de\",\"potentialAction\":[{\"@type\":\"CommentAction\",\"name\":\"Comment\",\"target\":[\"https:\\\/\\\/truckonline.de\\\/blog\\\/2009\\\/10\\\/30\\\/das-14-opfer\\\/#respond\"]}]},{\"@type\":\"WebPage\",\"@id\":\"https:\\\/\\\/truckonline.de\\\/blog\\\/2009\\\/10\\\/30\\\/das-14-opfer\\\/\",\"url\":\"https:\\\/\\\/truckonline.de\\\/blog\\\/2009\\\/10\\\/30\\\/das-14-opfer\\\/\",\"name\":\"Das 14. Opfer? | TruckOnline.de\",\"isPartOf\":{\"@id\":\"https:\\\/\\\/truckonline.de\\\/blog\\\/#website\"},\"datePublished\":\"2009-10-30T10:57:35+00:00\",\"dateModified\":\"2009-10-30T11:11:07+00:00\",\"description\":\"Neun Monate Haft auf Bew\u00e4hrung. So steht es in rechtskr\u00e4ftig in den Akten. Das Landgericht Magdeburg befand den 48-j\u00e4hrigen Lastwagenfahrer aus\",\"breadcrumb\":{\"@id\":\"https:\\\/\\\/truckonline.de\\\/blog\\\/2009\\\/10\\\/30\\\/das-14-opfer\\\/#breadcrumb\"},\"inLanguage\":\"de\",\"potentialAction\":[{\"@type\":\"ReadAction\",\"target\":[\"https:\\\/\\\/truckonline.de\\\/blog\\\/2009\\\/10\\\/30\\\/das-14-opfer\\\/\"]}]},{\"@type\":\"BreadcrumbList\",\"@id\":\"https:\\\/\\\/truckonline.de\\\/blog\\\/2009\\\/10\\\/30\\\/das-14-opfer\\\/#breadcrumb\",\"itemListElement\":[{\"@type\":\"ListItem\",\"position\":1,\"name\":\"Startseite\",\"item\":\"https:\\\/\\\/truckonline.de\\\/blog\\\/\"},{\"@type\":\"ListItem\",\"position\":2,\"name\":\"Das 14. Opfer?\"}]},{\"@type\":\"WebSite\",\"@id\":\"https:\\\/\\\/truckonline.de\\\/blog\\\/#website\",\"url\":\"https:\\\/\\\/truckonline.de\\\/blog\\\/\",\"name\":\"TruckOnline.de\",\"description\":\"\",\"publisher\":{\"@id\":\"https:\\\/\\\/truckonline.de\\\/blog\\\/#\\\/schema\\\/person\\\/4cb59b86ffde81f882f56439688fda19\"},\"potentialAction\":[{\"@type\":\"SearchAction\",\"target\":{\"@type\":\"EntryPoint\",\"urlTemplate\":\"https:\\\/\\\/truckonline.de\\\/blog\\\/?s={search_term_string}\"},\"query-input\":{\"@type\":\"PropertyValueSpecification\",\"valueRequired\":true,\"valueName\":\"search_term_string\"}}],\"inLanguage\":\"de\"},{\"@type\":[\"Person\",\"Organization\"],\"@id\":\"https:\\\/\\\/truckonline.de\\\/blog\\\/#\\\/schema\\\/person\\\/4cb59b86ffde81f882f56439688fda19\",\"name\":\"maik\",\"image\":{\"@type\":\"ImageObject\",\"inLanguage\":\"de\",\"@id\":\"https:\\\/\\\/truckonline.de\\\/blog\\\/wp-content\\\/uploads\\\/2019\\\/12\\\/logoinnenweiss.png\",\"url\":\"https:\\\/\\\/truckonline.de\\\/blog\\\/wp-content\\\/uploads\\\/2019\\\/12\\\/logoinnenweiss.png\",\"contentUrl\":\"https:\\\/\\\/truckonline.de\\\/blog\\\/wp-content\\\/uploads\\\/2019\\\/12\\\/logoinnenweiss.png\",\"width\":733,\"height\":125,\"caption\":\"maik\"},\"logo\":{\"@id\":\"https:\\\/\\\/truckonline.de\\\/blog\\\/wp-content\\\/uploads\\\/2019\\\/12\\\/logoinnenweiss.png\"},\"sameAs\":[\"https:\\\/\\\/www.facebook.com\\\/truckblog\",\"https:\\\/\\\/www.instagram.com\\\/truck_online\\\/\",\"https:\\\/\\\/x.com\\\/https:\\\/\\\/twitter.com\\\/truckblog\",\"https:\\\/\\\/www.youtube.com\\\/user\\\/truckonline\",\"https:\\\/\\\/www.tumblr.com\\\/truckonline\"]}]}<\/script>\n<!-- \/ Yoast SEO plugin. -->","yoast_head_json":{"title":"Das 14. Opfer? | TruckOnline.de","description":"Neun Monate Haft auf Bew\u00e4hrung. So steht es in rechtskr\u00e4ftig in den Akten. Das Landgericht Magdeburg befand den 48-j\u00e4hrigen Lastwagenfahrer aus","robots":{"index":"index","follow":"follow","max-snippet":"max-snippet:-1","max-image-preview":"max-image-preview:large","max-video-preview":"max-video-preview:-1"},"canonical":"https:\/\/truckonline.de\/blog\/2009\/10\/30\/das-14-opfer\/","og_locale":"de_DE","og_type":"article","og_title":"Das 14. Opfer? | TruckOnline.de","og_url":"https:\/\/truckonline.de\/blog\/2009\/10\/30\/das-14-opfer\/","og_site_name":"TruckOnline.de","article_publisher":"https:\/\/www.facebook.com\/truckblog","article_author":"https:\/\/www.facebook.com\/truckblog","article_published_time":"2009-10-30T10:57:35+00:00","article_modified_time":"2009-10-30T11:11:07+00:00","og_image":[{"width":2560,"height":1920,"url":"https:\/\/truckonline.de\/blog\/wp-content\/uploads\/2019\/12\/IMG_20191229_225424-scaled.jpg","type":"image\/jpeg"}],"author":"maik","twitter_card":"summary_large_image","twitter_creator":"@https:\/\/twitter.com\/truckblog","twitter_site":"@truckblog","twitter_misc":{"Verfasst von":"maik","Gesch\u00e4tzte Lesezeit":"1\u00a0Minute"},"schema":{"@context":"https:\/\/schema.org","@graph":[{"@type":"Article","@id":"https:\/\/truckonline.de\/blog\/2009\/10\/30\/das-14-opfer\/#article","isPartOf":{"@id":"https:\/\/truckonline.de\/blog\/2009\/10\/30\/das-14-opfer\/"},"author":{"name":"maik","@id":"https:\/\/truckonline.de\/blog\/#\/schema\/person\/4cb59b86ffde81f882f56439688fda19"},"headline":"Das 14. Opfer?","datePublished":"2009-10-30T10:57:35+00:00","dateModified":"2009-10-30T11:11:07+00:00","mainEntityOfPage":{"@id":"https:\/\/truckonline.de\/blog\/2009\/10\/30\/das-14-opfer\/"},"wordCount":128,"commentCount":2,"publisher":{"@id":"https:\/\/truckonline.de\/blog\/#\/schema\/person\/4cb59b86ffde81f882f56439688fda19"},"keywords":["Leid","Schicksal","Unfall"],"articleSection":["Allgemeines","Unfall"],"inLanguage":"de","potentialAction":[{"@type":"CommentAction","name":"Comment","target":["https:\/\/truckonline.de\/blog\/2009\/10\/30\/das-14-opfer\/#respond"]}]},{"@type":"WebPage","@id":"https:\/\/truckonline.de\/blog\/2009\/10\/30\/das-14-opfer\/","url":"https:\/\/truckonline.de\/blog\/2009\/10\/30\/das-14-opfer\/","name":"Das 14. Opfer? | TruckOnline.de","isPartOf":{"@id":"https:\/\/truckonline.de\/blog\/#website"},"datePublished":"2009-10-30T10:57:35+00:00","dateModified":"2009-10-30T11:11:07+00:00","description":"Neun Monate Haft auf Bew\u00e4hrung. So steht es in rechtskr\u00e4ftig in den Akten. Das Landgericht Magdeburg befand den 48-j\u00e4hrigen Lastwagenfahrer aus","breadcrumb":{"@id":"https:\/\/truckonline.de\/blog\/2009\/10\/30\/das-14-opfer\/#breadcrumb"},"inLanguage":"de","potentialAction":[{"@type":"ReadAction","target":["https:\/\/truckonline.de\/blog\/2009\/10\/30\/das-14-opfer\/"]}]},{"@type":"BreadcrumbList","@id":"https:\/\/truckonline.de\/blog\/2009\/10\/30\/das-14-opfer\/#breadcrumb","itemListElement":[{"@type":"ListItem","position":1,"name":"Startseite","item":"https:\/\/truckonline.de\/blog\/"},{"@type":"ListItem","position":2,"name":"Das 14. Opfer?"}]},{"@type":"WebSite","@id":"https:\/\/truckonline.de\/blog\/#website","url":"https:\/\/truckonline.de\/blog\/","name":"TruckOnline.de","description":"","publisher":{"@id":"https:\/\/truckonline.de\/blog\/#\/schema\/person\/4cb59b86ffde81f882f56439688fda19"},"potentialAction":[{"@type":"SearchAction","target":{"@type":"EntryPoint","urlTemplate":"https:\/\/truckonline.de\/blog\/?s={search_term_string}"},"query-input":{"@type":"PropertyValueSpecification","valueRequired":true,"valueName":"search_term_string"}}],"inLanguage":"de"},{"@type":["Person","Organization"],"@id":"https:\/\/truckonline.de\/blog\/#\/schema\/person\/4cb59b86ffde81f882f56439688fda19","name":"maik","image":{"@type":"ImageObject","inLanguage":"de","@id":"https:\/\/truckonline.de\/blog\/wp-content\/uploads\/2019\/12\/logoinnenweiss.png","url":"https:\/\/truckonline.de\/blog\/wp-content\/uploads\/2019\/12\/logoinnenweiss.png","contentUrl":"https:\/\/truckonline.de\/blog\/wp-content\/uploads\/2019\/12\/logoinnenweiss.png","width":733,"height":125,"caption":"maik"},"logo":{"@id":"https:\/\/truckonline.de\/blog\/wp-content\/uploads\/2019\/12\/logoinnenweiss.png"},"sameAs":["https:\/\/www.facebook.com\/truckblog","https:\/\/www.instagram.com\/truck_online\/","https:\/\/x.com\/https:\/\/twitter.com\/truckblog","https:\/\/www.youtube.com\/user\/truckonline","https:\/\/www.tumblr.com\/truckonline"]}]}},"_links":{"self":[{"href":"https:\/\/truckonline.de\/blog\/wp-json\/wp\/v2\/posts\/1028","targetHints":{"allow":["GET"]}}],"collection":[{"href":"https:\/\/truckonline.de\/blog\/wp-json\/wp\/v2\/posts"}],"about":[{"href":"https:\/\/truckonline.de\/blog\/wp-json\/wp\/v2\/types\/post"}],"author":[{"embeddable":true,"href":"https:\/\/truckonline.de\/blog\/wp-json\/wp\/v2\/users\/3"}],"replies":[{"embeddable":true,"href":"https:\/\/truckonline.de\/blog\/wp-json\/wp\/v2\/comments?post=1028"}],"version-history":[{"count":0,"href":"https:\/\/truckonline.de\/blog\/wp-json\/wp\/v2\/posts\/1028\/revisions"}],"wp:attachment":[{"href":"https:\/\/truckonline.de\/blog\/wp-json\/wp\/v2\/media?parent=1028"}],"wp:term":[{"taxonomy":"category","embeddable":true,"href":"https:\/\/truckonline.de\/blog\/wp-json\/wp\/v2\/categories?post=1028"},{"taxonomy":"post_tag","embeddable":true,"href":"https:\/\/truckonline.de\/blog\/wp-json\/wp\/v2\/tags?post=1028"}],"curies":[{"name":"wp","href":"https:\/\/api.w.org\/{rel}","templated":true}]}}