{"id":10219,"date":"2021-02-14T15:20:51","date_gmt":"2021-02-14T14:20:51","guid":{"rendered":"https:\/\/truckonline.de\/blog\/?p=10219"},"modified":"2021-02-14T15:29:35","modified_gmt":"2021-02-14T14:29:35","slug":"links-und-rechts-der-daten-autobahn-156","status":"publish","type":"post","link":"https:\/\/truckonline.de\/blog\/2021\/02\/14\/links-und-rechts-der-daten-autobahn-156\/","title":{"rendered":"Links und rechts der (Daten-) autobahn"},"content":{"rendered":"\n<p>Verkehrsminister Scheuer fordert Konsequenzen. Nein. Nicht f\u00fcr sich. Sondern <a href=\"https:\/\/www.bild.de\/politik\/inland\/politik-inland\/nach-winter-chaos-scheuer-fordert-konsequenzen-fuer-lkw-fahrer-75355010.bild.html\" target=\"_blank\" rel=\"noreferrer noopener\">f\u00fcr Lkw-Fahrer nach dem Wetterchaos auf Autobahnen<\/a> Anfang der Woche. N\u00e4mlich die, die trotz des immer wieder verl\u00e4ngerten Fahrverbotes gefahren sind.<\/p>\n\n\n\n<p>Im &#8222;Bild&#8220; &#8211; Bericht wird die A 4 in Osthessen thematisiert. Da gab es \u00fcberhaupt kein Fahrverbot. Sondern nur in OWL und S\u00fcdwestniedersachsen. Ob das dort alle Fahrer mitbekommen haben, darf ich bezweifeln. <br>Aber davon abgesehen. Vielleicht erinnert mich in einem halben Jahr jemand daran, ob irgendwo erw\u00e4hnt wurde, wie viele Euro als Folge der Missachtung der verh\u00e4ngten Fahrverbote eingenommen wurden? Auch oder besonders von osteurop\u00e4ischen Firmen?<br>***<\/p>\n\n\n\n<p>Auf Grund <a rel=\"noreferrer noopener\" href=\"https:\/\/www.pnp.de\/lokales\/regensburg-oberpfalz\/Grenzkontrollen-zu-Tschechien-und-Tirol-Das-gilt-ab-Sonntag-3913092.html\" target=\"_blank\">der neuen deutschen Einreiseregeln<\/a> will Tirol den Durchgangsverkehr nach Deutschland bereits am Brenner stoppen. Denn Tirol soll nicht der Parkplatz Europas werden. Sagt <a href=\"https:\/\/www.tirol.gv.at\/regierung\/guenther-platter\/\" target=\"_blank\" rel=\"noreferrer noopener\">deren Landeshauptmann<\/a> Blatter. <\/p>\n\n\n\n<p>Ich denke, der meint das eher ironisch. Denn seit Jahren stehen Lkw regelm\u00e4\u00dfig auf bayerischen Autobahnen herum. <a rel=\"noreferrer noopener\" href=\"https:\/\/www.pnp.de\/nachrichten\/bayern\/Verkehrskollaps-droht-Tirol-will-Lkw-Verkehr-aus-Italien-drosseln-3913536.html\" target=\"_blank\">N\u00e4mlich dann, wenn Tirol wieder nur eine begrenzte Anzahl Laster ins Land l\u00e4sst. Nennt sich Blockabfertigung<\/a>. Stau zur\u00fcck bis zum Inntaldreieck ist da nicht selten.<br>Aber es ist und es bleibt. Der am Ende diese verfehlte Politik ausbaden muss, ist doret vor Ort der Lkw-Fahrer.<br>***<\/p>\n\n\n\n<p>Wer kontrolliert eigentlich das Bundesamt f\u00fcr G\u00fcterverkehr?<\/p>\n\n\n\n<figure class=\"wp-block-embed aligncenter is-type-video is-provider-youtube wp-block-embed-youtube wp-embed-aspect-16-9 wp-has-aspect-ratio\"><div class=\"wp-block-embed__wrapper\">\n <div class=\"brlbs-cmpnt-container brlbs-cmpnt-content-blocker brlbs-cmpnt-with-individual-styles\" data-borlabs-cookie-content-blocker-id=\"default\" data-borlabs-cookie-content=\"PGlmcmFtZSB0aXRsZT0iV2llIGtvbnRyb2xsaWVydCBlaWdlbnRsaWNoIGRhcyBCQUc\/IEZFUk5GQUhSRVIgTElWRSAjMDUyICNSRUxJVkUiIHdpZHRoPSI1MDAiIGhlaWdodD0iMjgxIiBzcmM9Imh0dHBzOi8vd3d3LnlvdXR1YmUuY29tL2VtYmVkL0Q4WlVZTjBCVUJZP2ZlYXR1cmU9b2VtYmVkIiBmcmFtZWJvcmRlcj0iMCIgYWxsb3c9ImFjY2VsZXJvbWV0ZXI7IGF1dG9wbGF5OyBjbGlwYm9hcmQtd3JpdGU7IGVuY3J5cHRlZC1tZWRpYTsgZ3lyb3Njb3BlOyBwaWN0dXJlLWluLXBpY3R1cmU7IHdlYi1zaGFyZSIgcmVmZXJyZXJwb2xpY3k9InN0cmljdC1vcmlnaW4td2hlbi1jcm9zcy1vcmlnaW4iIGFsbG93ZnVsbHNjcmVlbj48L2lmcmFtZT4=\"><div class=\"brlbs-cmpnt-cb-preset-a\"> <p class=\"brlbs-cmpnt-cb-description\">Sie sehen gerade einen Platzhalterinhalt von <strong>Standard<\/strong>. Um auf den eigentlichen Inhalt zuzugreifen, klicken Sie auf den Button unten. Bitte beachten Sie, dass dabei Daten an Drittanbieter weitergegeben werden.<\/p> <div class=\"brlbs-cmpnt-cb-buttons\"> <a class=\"brlbs-cmpnt-cb-btn\" href=\"#\" data-borlabs-cookie-unblock role=\"button\">Inhalt entsperren<\/a> <a class=\"brlbs-cmpnt-cb-btn\" href=\"#\" data-borlabs-cookie-accept-service role=\"button\" style=\"display: none\">Erforderlichen Service akzeptieren und Inhalte entsperren<\/a> <\/div> <a class=\"brlbs-cmpnt-cb-provider-toggle\" href=\"#\" data-borlabs-cookie-show-provider-information role=\"button\">Weitere Informationen<\/a> <\/div><\/div>\n<\/div><\/figure>\n\n\n\n<p>***<\/p>\n\n\n\n<p>Ein Redakteur vom &#8222;Spiegel&#8220; telefoniert mit einem Lkw-Fahrer, der sich Anfang der Woche durch Schnee und Eis k\u00e4mpfen musste. <a rel=\"noreferrer noopener\" href=\"https:\/\/www.spiegel.de\/panorama\/gesellschaft\/lkw-fahrer-ueber-den-a2-schnee-stau-wir-haben-ja-kunden-die-wir-beliefern-muessen-a-4127bdf9-7466-48e2-b0af-9f9246830b66\" target=\"_blank\">Heraus kam ein wahres journalistisches Meisterst\u00fcck<\/a>. Bei der &#8222;BILD&#8220; h\u00e4tte man es nicht schlimmer hinbekommen. <br>***. <\/p>\n\n\n\n<p>Schlappe f\u00fcr den <a rel=\"noreferrer noopener\" href=\"https:\/\/www.tirol.gv.at\/regierung\/guenther-platter\/\" target=\"_blank\">Landeshauptmann<\/a>. Denn <a rel=\"noreferrer noopener\" href=\"https:\/\/www.dvz.de\/rubriken\/politik\/detail\/news\/gutachten-lkw-fahrverbot-in-tirol-ist-rechtswidrig.html?fbclid=IwAR3Z4fMfAIbgY0vORSseQcjnWXMcTa086Af6QuFI1e1jRuqQrWBEXrkTT4o\" target=\"_blank\">ein Gutachten belegt, dass das sektorale Fahrverbot in Tirol rechtswidrig ist<\/a>. <br>***<\/p>\n\n\n\n<p>Drei Tage Schnee und Eis, Lkw blieben stecken oder durften nicht fahren. <a href=\"https:\/\/www.onvista.de\/news\/corona-grenzkontrollen-loesen-sorgen-ueber-lieferengpaesse-aus-433970261?\" target=\"_blank\" rel=\"noreferrer noopener\">Zack, viele Regale in Superm\u00e4rkten blieben leer<\/a>. Mir pers\u00f6nlich sind Lieferengp\u00e4sse eigentlich ziemlich egal. Trotzdem bin ich gegen Grenz-Kontrollen des fahrenden Lkw-Personals. Ja, auch weil ich selber davon betroffen w\u00e4re. <\/p>\n\n\n\n<p>Denn wie das funktioniert, sorry, nicht funktioniert, habe ich letzten M\u00e4rz am Brenner erlebt. Tiroler richteten Kontrollen auch f\u00fcr Lkw-Fahrer ein, der Stau ging \u00fcber vierzig, f\u00fcnfzig Kilometer bis hinter Klausen. Wartezeit fast anderthalb Tage. Nur, denn dann wurden die Kontrollen sang und klanglos beendet. <\/p>\n\n\n\n<figure class=\"wp-block-image size-large\"><img loading=\"lazy\" decoding=\"async\" width=\"700\" height=\"525\" src=\"https:\/\/truckonline.de\/blog\/wp-content\/uploads\/2021\/02\/englandstautunnel-700x525.jpg\" alt=\"lkw stau vor dem kanal tunnel folkestone in england\" class=\"wp-image-10223\"\/><figcaption>Warten in England<\/figcaption><\/figure>\n\n\n\n<p>Oder <a href=\"https:\/\/truckonline.de\/blog\/2020\/12\/23\/europa-ausser-kontrolle\/\">viele haben noch die Bilder der Weihnachtswoche<\/a> vor Augen. Franzosen machten die Einreise aus England dicht, Chaos war da. Und die Engl\u00e4nder hatten noch Gl\u00fcck im Ungl\u00fcck, zauberten ein verlassenes Flugfeld aus dem \u00c4rmel. Das haben weder die Tschechen, noch die Tiroler. An Mega-Staus und vollgekackte Randstreifen sollten wir uns also wieder gew\u00f6hnen.<br>***<\/p>\n\n\n\n<p>Kurze Durchsage von Verdi: \u201e<a rel=\"noreferrer noopener\" href=\"https:\/\/www.berliner-zeitung.de\/news\/nicht-zum-vergnuegen-unterwegs-verdi-verteidigt-lkw-fahrer-im-schnee-li.138603\" target=\"_blank\">Lkw-Fahrer sind nicht zum Vergn\u00fcgen unterwegs<\/a>\u201c.<br>***<\/p>\n","protected":false},"excerpt":{"rendered":"<p>Verkehrsminister Scheuer fordert Konsequenzen. Nein. Nicht f\u00fcr sich. Sondern f\u00fcr Lkw-Fahrer nach dem Wetterchaos auf Autobahnen Anfang der Woche. N\u00e4mlich die, die trotz des immer&#8230;<\/p>\n<div class=\"more-link-wrapper\"><a class=\"more-link\" href=\"https:\/\/truckonline.de\/blog\/2021\/02\/14\/links-und-rechts-der-daten-autobahn-156\/\">Sie haben Ihr Ziel fast erreicht.<span class=\"screen-reader-text\">Links und rechts der (Daten-) autobahn<\/span><\/a><\/div>\n","protected":false},"author":3,"featured_media":0,"comment_status":"open","ping_status":"open","sticky":false,"template":"","format":"standard","meta":{"iawp_total_views":0,"_metis_text_type":"","_metis_text_length":0,"_post_count":0,"footnotes":""},"categories":[21,20],"tags":[36,2054],"class_list":["post-10219","post","type-post","status-publish","format-standard","hentry","category-links-world-wide-web","category-world-wide-web","tag-internet","tag-links-2","ratio-2-1","entry"],"yoast_head":"<!-- This site is optimized with the Yoast SEO plugin v27.5 - https:\/\/yoast.com\/product\/yoast-seo-wordpress\/ -->\n<title>Scheuer fordert Konsequenzen. Leider nicht f\u00fcr Tirol. | TruckOnline.de<\/title>\n<meta name=\"description\" content=\"Verkehrsminister Scheuer fordert Konsequenzen. Nein. Nicht f\u00fcr sich. Sondern f\u00fcr Lkw-Fahrer nach dem Wetterchaos auf Autobahnen Anfang der Woche. N\u00e4mlich\" \/>\n<meta name=\"robots\" content=\"index, follow, max-snippet:-1, max-image-preview:large, max-video-preview:-1\" \/>\n<link rel=\"canonical\" href=\"https:\/\/truckonline.de\/blog\/2021\/02\/14\/links-und-rechts-der-daten-autobahn-156\/\" \/>\n<meta property=\"og:locale\" content=\"de_DE\" \/>\n<meta property=\"og:type\" content=\"article\" \/>\n<meta property=\"og:title\" content=\"Scheuer fordert Konsequenzen. Leider nicht f\u00fcr Tirol. | TruckOnline.de\" \/>\n<meta property=\"og:url\" content=\"https:\/\/truckonline.de\/blog\/2021\/02\/14\/links-und-rechts-der-daten-autobahn-156\/\" \/>\n<meta property=\"og:site_name\" content=\"TruckOnline.de\" \/>\n<meta property=\"article:publisher\" content=\"https:\/\/www.facebook.com\/truckblog\" \/>\n<meta property=\"article:author\" content=\"https:\/\/www.facebook.com\/truckblog\" \/>\n<meta property=\"article:published_time\" content=\"2021-02-14T14:20:51+00:00\" \/>\n<meta property=\"article:modified_time\" content=\"2021-02-14T14:29:35+00:00\" \/>\n<meta property=\"og:image\" content=\"https:\/\/truckonline.de\/blog\/wp-content\/uploads\/2021\/02\/englandstautunnel-700x525.jpg\" \/>\n<meta name=\"author\" content=\"maik\" \/>\n<meta name=\"twitter:card\" content=\"summary_large_image\" \/>\n<meta name=\"twitter:creator\" content=\"@https:\/\/twitter.com\/truckblog\" \/>\n<meta name=\"twitter:site\" content=\"@truckblog\" \/>\n<meta name=\"twitter:label1\" content=\"Verfasst von\" \/>\n\t<meta name=\"twitter:data1\" content=\"maik\" \/>\n\t<meta name=\"twitter:label2\" content=\"Gesch\u00e4tzte Lesezeit\" \/>\n\t<meta name=\"twitter:data2\" content=\"2\u00a0Minuten\" \/>\n<script type=\"application\/ld+json\" class=\"yoast-schema-graph\">{\"@context\":\"https:\\\/\\\/schema.org\",\"@graph\":[{\"@type\":\"Article\",\"@id\":\"https:\\\/\\\/truckonline.de\\\/blog\\\/2021\\\/02\\\/14\\\/links-und-rechts-der-daten-autobahn-156\\\/#article\",\"isPartOf\":{\"@id\":\"https:\\\/\\\/truckonline.de\\\/blog\\\/2021\\\/02\\\/14\\\/links-und-rechts-der-daten-autobahn-156\\\/\"},\"author\":{\"name\":\"maik\",\"@id\":\"https:\\\/\\\/truckonline.de\\\/blog\\\/#\\\/schema\\\/person\\\/4cb59b86ffde81f882f56439688fda19\"},\"headline\":\"Links und rechts der (Daten-) autobahn\",\"datePublished\":\"2021-02-14T14:20:51+00:00\",\"dateModified\":\"2021-02-14T14:29:35+00:00\",\"mainEntityOfPage\":{\"@id\":\"https:\\\/\\\/truckonline.de\\\/blog\\\/2021\\\/02\\\/14\\\/links-und-rechts-der-daten-autobahn-156\\\/\"},\"wordCount\":439,\"commentCount\":0,\"publisher\":{\"@id\":\"https:\\\/\\\/truckonline.de\\\/blog\\\/#\\\/schema\\\/person\\\/4cb59b86ffde81f882f56439688fda19\"},\"image\":{\"@id\":\"https:\\\/\\\/truckonline.de\\\/blog\\\/2021\\\/02\\\/14\\\/links-und-rechts-der-daten-autobahn-156\\\/#primaryimage\"},\"thumbnailUrl\":\"https:\\\/\\\/truckonline.de\\\/blog\\\/wp-content\\\/uploads\\\/2021\\\/02\\\/englandstautunnel-700x525.jpg\",\"keywords\":[\"Internet\",\"Links\"],\"articleSection\":[\"Links\",\"World Wide Web\"],\"inLanguage\":\"de\",\"potentialAction\":[{\"@type\":\"CommentAction\",\"name\":\"Comment\",\"target\":[\"https:\\\/\\\/truckonline.de\\\/blog\\\/2021\\\/02\\\/14\\\/links-und-rechts-der-daten-autobahn-156\\\/#respond\"]}]},{\"@type\":\"WebPage\",\"@id\":\"https:\\\/\\\/truckonline.de\\\/blog\\\/2021\\\/02\\\/14\\\/links-und-rechts-der-daten-autobahn-156\\\/\",\"url\":\"https:\\\/\\\/truckonline.de\\\/blog\\\/2021\\\/02\\\/14\\\/links-und-rechts-der-daten-autobahn-156\\\/\",\"name\":\"Scheuer fordert Konsequenzen. Leider nicht f\u00fcr Tirol. | TruckOnline.de\",\"isPartOf\":{\"@id\":\"https:\\\/\\\/truckonline.de\\\/blog\\\/#website\"},\"primaryImageOfPage\":{\"@id\":\"https:\\\/\\\/truckonline.de\\\/blog\\\/2021\\\/02\\\/14\\\/links-und-rechts-der-daten-autobahn-156\\\/#primaryimage\"},\"image\":{\"@id\":\"https:\\\/\\\/truckonline.de\\\/blog\\\/2021\\\/02\\\/14\\\/links-und-rechts-der-daten-autobahn-156\\\/#primaryimage\"},\"thumbnailUrl\":\"https:\\\/\\\/truckonline.de\\\/blog\\\/wp-content\\\/uploads\\\/2021\\\/02\\\/englandstautunnel-700x525.jpg\",\"datePublished\":\"2021-02-14T14:20:51+00:00\",\"dateModified\":\"2021-02-14T14:29:35+00:00\",\"description\":\"Verkehrsminister Scheuer fordert Konsequenzen. Nein. Nicht f\u00fcr sich. Sondern f\u00fcr Lkw-Fahrer nach dem Wetterchaos auf Autobahnen Anfang der Woche. N\u00e4mlich\",\"breadcrumb\":{\"@id\":\"https:\\\/\\\/truckonline.de\\\/blog\\\/2021\\\/02\\\/14\\\/links-und-rechts-der-daten-autobahn-156\\\/#breadcrumb\"},\"inLanguage\":\"de\",\"potentialAction\":[{\"@type\":\"ReadAction\",\"target\":[\"https:\\\/\\\/truckonline.de\\\/blog\\\/2021\\\/02\\\/14\\\/links-und-rechts-der-daten-autobahn-156\\\/\"]}]},{\"@type\":\"ImageObject\",\"inLanguage\":\"de\",\"@id\":\"https:\\\/\\\/truckonline.de\\\/blog\\\/2021\\\/02\\\/14\\\/links-und-rechts-der-daten-autobahn-156\\\/#primaryimage\",\"url\":\"https:\\\/\\\/truckonline.de\\\/blog\\\/wp-content\\\/uploads\\\/2021\\\/02\\\/englandstautunnel.jpg\",\"contentUrl\":\"https:\\\/\\\/truckonline.de\\\/blog\\\/wp-content\\\/uploads\\\/2021\\\/02\\\/englandstautunnel.jpg\",\"width\":700,\"height\":525},{\"@type\":\"BreadcrumbList\",\"@id\":\"https:\\\/\\\/truckonline.de\\\/blog\\\/2021\\\/02\\\/14\\\/links-und-rechts-der-daten-autobahn-156\\\/#breadcrumb\",\"itemListElement\":[{\"@type\":\"ListItem\",\"position\":1,\"name\":\"Startseite\",\"item\":\"https:\\\/\\\/truckonline.de\\\/blog\\\/\"},{\"@type\":\"ListItem\",\"position\":2,\"name\":\"Links und rechts der (Daten-) autobahn\"}]},{\"@type\":\"WebSite\",\"@id\":\"https:\\\/\\\/truckonline.de\\\/blog\\\/#website\",\"url\":\"https:\\\/\\\/truckonline.de\\\/blog\\\/\",\"name\":\"TruckOnline.de\",\"description\":\"\",\"publisher\":{\"@id\":\"https:\\\/\\\/truckonline.de\\\/blog\\\/#\\\/schema\\\/person\\\/4cb59b86ffde81f882f56439688fda19\"},\"potentialAction\":[{\"@type\":\"SearchAction\",\"target\":{\"@type\":\"EntryPoint\",\"urlTemplate\":\"https:\\\/\\\/truckonline.de\\\/blog\\\/?s={search_term_string}\"},\"query-input\":{\"@type\":\"PropertyValueSpecification\",\"valueRequired\":true,\"valueName\":\"search_term_string\"}}],\"inLanguage\":\"de\"},{\"@type\":[\"Person\",\"Organization\"],\"@id\":\"https:\\\/\\\/truckonline.de\\\/blog\\\/#\\\/schema\\\/person\\\/4cb59b86ffde81f882f56439688fda19\",\"name\":\"maik\",\"image\":{\"@type\":\"ImageObject\",\"inLanguage\":\"de\",\"@id\":\"https:\\\/\\\/truckonline.de\\\/blog\\\/wp-content\\\/uploads\\\/2019\\\/12\\\/logoinnenweiss.png\",\"url\":\"https:\\\/\\\/truckonline.de\\\/blog\\\/wp-content\\\/uploads\\\/2019\\\/12\\\/logoinnenweiss.png\",\"contentUrl\":\"https:\\\/\\\/truckonline.de\\\/blog\\\/wp-content\\\/uploads\\\/2019\\\/12\\\/logoinnenweiss.png\",\"width\":733,\"height\":125,\"caption\":\"maik\"},\"logo\":{\"@id\":\"https:\\\/\\\/truckonline.de\\\/blog\\\/wp-content\\\/uploads\\\/2019\\\/12\\\/logoinnenweiss.png\"},\"sameAs\":[\"https:\\\/\\\/www.facebook.com\\\/truckblog\",\"https:\\\/\\\/www.instagram.com\\\/truck_online\\\/\",\"https:\\\/\\\/x.com\\\/https:\\\/\\\/twitter.com\\\/truckblog\",\"https:\\\/\\\/www.youtube.com\\\/user\\\/truckonline\",\"https:\\\/\\\/www.tumblr.com\\\/truckonline\"]}]}<\/script>\n<!-- \/ Yoast SEO plugin. -->","yoast_head_json":{"title":"Scheuer fordert Konsequenzen. Leider nicht f\u00fcr Tirol. | TruckOnline.de","description":"Verkehrsminister Scheuer fordert Konsequenzen. Nein. Nicht f\u00fcr sich. Sondern f\u00fcr Lkw-Fahrer nach dem Wetterchaos auf Autobahnen Anfang der Woche. N\u00e4mlich","robots":{"index":"index","follow":"follow","max-snippet":"max-snippet:-1","max-image-preview":"max-image-preview:large","max-video-preview":"max-video-preview:-1"},"canonical":"https:\/\/truckonline.de\/blog\/2021\/02\/14\/links-und-rechts-der-daten-autobahn-156\/","og_locale":"de_DE","og_type":"article","og_title":"Scheuer fordert Konsequenzen. Leider nicht f\u00fcr Tirol. | TruckOnline.de","og_url":"https:\/\/truckonline.de\/blog\/2021\/02\/14\/links-und-rechts-der-daten-autobahn-156\/","og_site_name":"TruckOnline.de","article_publisher":"https:\/\/www.facebook.com\/truckblog","article_author":"https:\/\/www.facebook.com\/truckblog","article_published_time":"2021-02-14T14:20:51+00:00","article_modified_time":"2021-02-14T14:29:35+00:00","og_image":[{"url":"https:\/\/truckonline.de\/blog\/wp-content\/uploads\/2021\/02\/englandstautunnel-700x525.jpg","type":"","width":"","height":""}],"author":"maik","twitter_card":"summary_large_image","twitter_creator":"@https:\/\/twitter.com\/truckblog","twitter_site":"@truckblog","twitter_misc":{"Verfasst von":"maik","Gesch\u00e4tzte Lesezeit":"2\u00a0Minuten"},"schema":{"@context":"https:\/\/schema.org","@graph":[{"@type":"Article","@id":"https:\/\/truckonline.de\/blog\/2021\/02\/14\/links-und-rechts-der-daten-autobahn-156\/#article","isPartOf":{"@id":"https:\/\/truckonline.de\/blog\/2021\/02\/14\/links-und-rechts-der-daten-autobahn-156\/"},"author":{"name":"maik","@id":"https:\/\/truckonline.de\/blog\/#\/schema\/person\/4cb59b86ffde81f882f56439688fda19"},"headline":"Links und rechts der (Daten-) autobahn","datePublished":"2021-02-14T14:20:51+00:00","dateModified":"2021-02-14T14:29:35+00:00","mainEntityOfPage":{"@id":"https:\/\/truckonline.de\/blog\/2021\/02\/14\/links-und-rechts-der-daten-autobahn-156\/"},"wordCount":439,"commentCount":0,"publisher":{"@id":"https:\/\/truckonline.de\/blog\/#\/schema\/person\/4cb59b86ffde81f882f56439688fda19"},"image":{"@id":"https:\/\/truckonline.de\/blog\/2021\/02\/14\/links-und-rechts-der-daten-autobahn-156\/#primaryimage"},"thumbnailUrl":"https:\/\/truckonline.de\/blog\/wp-content\/uploads\/2021\/02\/englandstautunnel-700x525.jpg","keywords":["Internet","Links"],"articleSection":["Links","World Wide Web"],"inLanguage":"de","potentialAction":[{"@type":"CommentAction","name":"Comment","target":["https:\/\/truckonline.de\/blog\/2021\/02\/14\/links-und-rechts-der-daten-autobahn-156\/#respond"]}]},{"@type":"WebPage","@id":"https:\/\/truckonline.de\/blog\/2021\/02\/14\/links-und-rechts-der-daten-autobahn-156\/","url":"https:\/\/truckonline.de\/blog\/2021\/02\/14\/links-und-rechts-der-daten-autobahn-156\/","name":"Scheuer fordert Konsequenzen. Leider nicht f\u00fcr Tirol. | TruckOnline.de","isPartOf":{"@id":"https:\/\/truckonline.de\/blog\/#website"},"primaryImageOfPage":{"@id":"https:\/\/truckonline.de\/blog\/2021\/02\/14\/links-und-rechts-der-daten-autobahn-156\/#primaryimage"},"image":{"@id":"https:\/\/truckonline.de\/blog\/2021\/02\/14\/links-und-rechts-der-daten-autobahn-156\/#primaryimage"},"thumbnailUrl":"https:\/\/truckonline.de\/blog\/wp-content\/uploads\/2021\/02\/englandstautunnel-700x525.jpg","datePublished":"2021-02-14T14:20:51+00:00","dateModified":"2021-02-14T14:29:35+00:00","description":"Verkehrsminister Scheuer fordert Konsequenzen. Nein. Nicht f\u00fcr sich. Sondern f\u00fcr Lkw-Fahrer nach dem Wetterchaos auf Autobahnen Anfang der Woche. N\u00e4mlich","breadcrumb":{"@id":"https:\/\/truckonline.de\/blog\/2021\/02\/14\/links-und-rechts-der-daten-autobahn-156\/#breadcrumb"},"inLanguage":"de","potentialAction":[{"@type":"ReadAction","target":["https:\/\/truckonline.de\/blog\/2021\/02\/14\/links-und-rechts-der-daten-autobahn-156\/"]}]},{"@type":"ImageObject","inLanguage":"de","@id":"https:\/\/truckonline.de\/blog\/2021\/02\/14\/links-und-rechts-der-daten-autobahn-156\/#primaryimage","url":"https:\/\/truckonline.de\/blog\/wp-content\/uploads\/2021\/02\/englandstautunnel.jpg","contentUrl":"https:\/\/truckonline.de\/blog\/wp-content\/uploads\/2021\/02\/englandstautunnel.jpg","width":700,"height":525},{"@type":"BreadcrumbList","@id":"https:\/\/truckonline.de\/blog\/2021\/02\/14\/links-und-rechts-der-daten-autobahn-156\/#breadcrumb","itemListElement":[{"@type":"ListItem","position":1,"name":"Startseite","item":"https:\/\/truckonline.de\/blog\/"},{"@type":"ListItem","position":2,"name":"Links und rechts der (Daten-) autobahn"}]},{"@type":"WebSite","@id":"https:\/\/truckonline.de\/blog\/#website","url":"https:\/\/truckonline.de\/blog\/","name":"TruckOnline.de","description":"","publisher":{"@id":"https:\/\/truckonline.de\/blog\/#\/schema\/person\/4cb59b86ffde81f882f56439688fda19"},"potentialAction":[{"@type":"SearchAction","target":{"@type":"EntryPoint","urlTemplate":"https:\/\/truckonline.de\/blog\/?s={search_term_string}"},"query-input":{"@type":"PropertyValueSpecification","valueRequired":true,"valueName":"search_term_string"}}],"inLanguage":"de"},{"@type":["Person","Organization"],"@id":"https:\/\/truckonline.de\/blog\/#\/schema\/person\/4cb59b86ffde81f882f56439688fda19","name":"maik","image":{"@type":"ImageObject","inLanguage":"de","@id":"https:\/\/truckonline.de\/blog\/wp-content\/uploads\/2019\/12\/logoinnenweiss.png","url":"https:\/\/truckonline.de\/blog\/wp-content\/uploads\/2019\/12\/logoinnenweiss.png","contentUrl":"https:\/\/truckonline.de\/blog\/wp-content\/uploads\/2019\/12\/logoinnenweiss.png","width":733,"height":125,"caption":"maik"},"logo":{"@id":"https:\/\/truckonline.de\/blog\/wp-content\/uploads\/2019\/12\/logoinnenweiss.png"},"sameAs":["https:\/\/www.facebook.com\/truckblog","https:\/\/www.instagram.com\/truck_online\/","https:\/\/x.com\/https:\/\/twitter.com\/truckblog","https:\/\/www.youtube.com\/user\/truckonline","https:\/\/www.tumblr.com\/truckonline"]}]}},"_links":{"self":[{"href":"https:\/\/truckonline.de\/blog\/wp-json\/wp\/v2\/posts\/10219","targetHints":{"allow":["GET"]}}],"collection":[{"href":"https:\/\/truckonline.de\/blog\/wp-json\/wp\/v2\/posts"}],"about":[{"href":"https:\/\/truckonline.de\/blog\/wp-json\/wp\/v2\/types\/post"}],"author":[{"embeddable":true,"href":"https:\/\/truckonline.de\/blog\/wp-json\/wp\/v2\/users\/3"}],"replies":[{"embeddable":true,"href":"https:\/\/truckonline.de\/blog\/wp-json\/wp\/v2\/comments?post=10219"}],"version-history":[{"count":2,"href":"https:\/\/truckonline.de\/blog\/wp-json\/wp\/v2\/posts\/10219\/revisions"}],"predecessor-version":[{"id":10224,"href":"https:\/\/truckonline.de\/blog\/wp-json\/wp\/v2\/posts\/10219\/revisions\/10224"}],"wp:attachment":[{"href":"https:\/\/truckonline.de\/blog\/wp-json\/wp\/v2\/media?parent=10219"}],"wp:term":[{"taxonomy":"category","embeddable":true,"href":"https:\/\/truckonline.de\/blog\/wp-json\/wp\/v2\/categories?post=10219"},{"taxonomy":"post_tag","embeddable":true,"href":"https:\/\/truckonline.de\/blog\/wp-json\/wp\/v2\/tags?post=10219"}],"curies":[{"name":"wp","href":"https:\/\/api.w.org\/{rel}","templated":true}]}}